{"id":12682,"date":"2026-09-05T09:00:00","date_gmt":"2026-09-05T15:00:00","guid":{"rendered":"https:\/\/www.alasmedios.com\/?p=12682"},"modified":"2026-09-04T17:42:12","modified_gmt":"2026-09-04T23:42:12","slug":"mujeres-y-ninas-indigenas-entre-la-desigualdad-y-la-defensa-de-sus-comunidades","status":"publish","type":"post","link":"https:\/\/www.alasmedios.com\/index.php\/2026\/09\/05\/mujeres-y-ninas-indigenas-entre-la-desigualdad-y-la-defensa-de-sus-comunidades\/","title":{"rendered":"Mujeres y ni\u00f1as ind\u00edgenas: entre la desigualdad y la defensa de sus comunidades"},"content":{"rendered":"\n<p class=\"wp-block-paragraph\">El <strong>5 de septiembre <\/strong>se conmemora por primera vez el <strong>D\u00eda Internacional de las Mujeres y las Ni\u00f1as Ind\u00edgenas del Mundo<\/strong>; la OPS llam\u00f3 a fortalecer su acceso a la salud y reconocer sus conocimientos y liderazgo.<\/p>\n\n\n\n<p class=\"wp-block-paragraph\">Las <strong>mujeres y ni\u00f1as ind\u00edgenas<\/strong> sostienen buena parte de la vida de sus comunidades a trav\u00e9s de sus conocimientos, lenguas, cuidados y formas de organizaci\u00f3n, pero tambi\u00e9n enfrentan obst\u00e1culos que afectan directamente su salud y bienestar.<\/p>\n\n\n\n<p class=\"wp-block-paragraph\">Este <strong>5 de septiembre se conmemora por primera vez el D\u00eda Internacional de las Mujeres y las Ni\u00f1as Ind\u00edgenas del Mundo<\/strong>, una fecha establecida por la <strong>Asamblea General de las Naciones Unidas <\/strong>en noviembre de 2025 para visibilizar sus derechos, aportes y las desigualdades que todav\u00eda enfrentan.<\/p>\n\n\n\n<p class=\"wp-block-paragraph\">LEE: <a href=\"https:\/\/www.alasmedios.com\/index.php\/2026\/09\/04\/el-dinero-tambien-pesa-42-de-las-mujeres-en-mexico-vive-con-alto-estres-financiero\/\">El dinero tambi\u00e9n pesa: 42% de las mujeres en M\u00e9xico vive con alto estr\u00e9s financiero<\/a><\/p>\n\n\n\n<p class=\"wp-block-paragraph\">En las Am\u00e9ricas, la <strong>Organizaci\u00f3n Panamericana de la Salud<\/strong> ha se\u00f1alado que <strong>los pueblos ind\u00edgenas contin\u00faan enfrentando discriminaci\u00f3n, exclusi\u00f3n y desigualdades <\/strong>que dificultan el acceso a servicios de salud, y estas condiciones afectan de manera particular a mujeres y ni\u00f1as.<\/p>\n\n\n\n<h3 class=\"wp-block-heading\">Cuando el origen tambi\u00e9n se convierte en una barrera<\/h3>\n\n\n\n<p class=\"wp-block-paragraph\">La falta de acceso adecuado a los servicios de salud no ocurre de la misma manera para todas las personas. <strong>Las mujeres ind\u00edgenas pueden encontrarse con barreras relacionadas con la distancia, las condiciones econ\u00f3micas, la discriminaci\u00f3n y la falta de servicios<\/strong> que tomen en cuenta sus lenguas y pr\u00e1cticas culturales.<\/p>\n\n\n\n<p class=\"wp-block-paragraph\">La OPS ha dicho que una atenci\u00f3n m\u00e1s equitativa requiere un <strong>enfoque intercultural<\/strong>, capaz de<strong> considerar las necesidades, prioridades y contextos<\/strong> de los pueblos ind\u00edgenas.<\/p>\n\n\n\n<p class=\"wp-block-paragraph\">Asimismo se\u00f1ala como l\u00edneas de trabajo la generaci\u00f3n de informaci\u00f3n sobre estas desigualdades,<strong> la participaci\u00f3n de las comunidades<\/strong>, el reconocimiento de los conocimientos ancestrales y la formaci\u00f3n de capacidades en los sistemas de salud.<\/p>\n\n\n\n<p class=\"wp-block-paragraph\">TE PUEDE INTERESAR: <a href=\"https:\/\/www.alasmedios.com\/index.php\/2026\/09\/02\/3-9-millones-de-ninas-y-mujeres-en-centroamerica-se-casaron-antes-de-los-15-anos\/\">3.9 millones de ni\u00f1as y mujeres en Centroam\u00e9rica se casaron antes de los 15 a\u00f1os<\/a><\/p>\n\n\n\n<h3 class=\"wp-block-heading\">Mujeres que mantienen vivos los saberes<\/h3>\n\n\n\n<p class=\"wp-block-paragraph\">Cuando hablemos de mujeres ind\u00edgenas \u00fanicamente desde las carencias deja fuera una parte importante de su realidad. Tambi\u00e9n son <strong>guardianas de conocimientos, lenguas, territorios y tradiciones<\/strong>, adem\u00e1s de participar en la vida comunitaria y en la defensa de sus pueblos.<\/p>\n\n\n\n<p class=\"wp-block-paragraph\">La <strong>ONU<\/strong> destaca que su papel resulta fundamental para<strong> transmitir conocimientos entre generaciones<\/strong>, proteger las tierras y la biodiversidad y mantener vivas las culturas ind\u00edgenas.<\/p>\n\n\n\n<p class=\"wp-block-paragraph\">Reconocer estas aportaciones tambi\u00e9n significa escuchar sus voces cuando se dise\u00f1an pol\u00edticas que afectan su salud, educaci\u00f3n, seguridad y participaci\u00f3n en sus comunidades.<\/p>\n\n\n\n<h3 class=\"wp-block-heading\">Salud con respeto a la cultura<\/h3>\n\n\n\n<p class=\"wp-block-paragraph\">Para la OPS, <strong>mejorar la salud de los pueblos ind\u00edgenas requiere eliminar las barreras que dificultan su atenci\u00f3n<\/strong> y tomar en cuenta sus propias formas de entender y cuidar la salud.<\/p>\n\n\n\n<p class=\"wp-block-paragraph\">SIGUE LEYENDO: <a href=\"https:\/\/www.alasmedios.com\/index.php\/2026\/09\/02\/43-mil-mujeres-y-ninas-necesitan-ayuda-tras-las-inundaciones-en-nepal\/\">43 mil mujeres y ni\u00f1as necesitan ayuda tras las inundaciones en Nepal<\/a><\/p>\n\n\n\n<p class=\"wp-block-paragraph\">Su importancia est\u00e1 frente a situaciones como la <strong>violencia contra mujeres y ni\u00f1as ind\u00edgenas. <\/strong>OPS ha se\u00f1alado que existen mayores obst\u00e1culos para que algunos grupos accedan a atenci\u00f3n y apoyo, por lo que contar con informaci\u00f3n desagregada por pertenencia \u00e9tnica es importante para conocer mejor estas desigualdades.<\/p>\n\n\n\n<p class=\"wp-block-paragraph\">Este primer D\u00eda Internacional de las Mujeres y las Ni\u00f1as Ind\u00edgenas del Mundo recordemos que <strong>no basta con reconocer su existencia; sus voces tambi\u00e9n tienen que estar presentes en las decisiones que afectan sus vidas y sus comunidades.<\/strong><\/p>\n\n\n<ul class=\"wp-block-latest-posts__list wp-block-latest-posts is-layout-flow wp-block-latest-posts-is-layout-flow\"><li><div class=\"wp-block-latest-posts__featured-image\"><img loading=\"lazy\" decoding=\"async\" width=\"150\" height=\"150\" src=\"https:\/\/www.alasmedios.com\/wp-content\/uploads\/2026\/09\/TREN-MEXICO-PACHUCA-150x150.jpeg\" class=\"attachment-thumbnail size-thumbnail wp-post-image\" alt=\"\" style=\"\" \/><\/div><a class=\"wp-block-latest-posts__post-title\" href=\"https:\/\/www.alasmedios.com\/index.php\/2026\/09\/05\/tren-mexico-pachuca-abre-la-puerta-a-una-nueva-forma-de-crecer-en-hidalgo\/\">Tren M\u00e9xico-Pachuca abre la puerta a una nueva forma de crecer en Hidalgo<\/a><\/li>\n<li><div class=\"wp-block-latest-posts__featured-image\"><img loading=\"lazy\" decoding=\"async\" width=\"150\" height=\"150\" src=\"https:\/\/www.alasmedios.com\/wp-content\/uploads\/2026\/09\/Dia-Mundial-de-las-Mujeres-y-Ninas-Indigenas-150x150.jpg\" class=\"attachment-thumbnail size-thumbnail wp-post-image\" alt=\"\" style=\"\" \/><\/div><a class=\"wp-block-latest-posts__post-title\" href=\"https:\/\/www.alasmedios.com\/index.php\/2026\/09\/05\/mujeres-y-ninas-indigenas-entre-la-desigualdad-y-la-defensa-de-sus-comunidades\/\">Mujeres y ni\u00f1as ind\u00edgenas: entre la desigualdad y la defensa de sus comunidades<\/a><\/li>\n<li><div class=\"wp-block-latest-posts__featured-image\"><img loading=\"lazy\" decoding=\"async\" width=\"150\" height=\"150\" src=\"https:\/\/www.alasmedios.com\/wp-content\/uploads\/2026\/09\/Lindsay-Clancy-150x150.jpg\" class=\"attachment-thumbnail size-thumbnail wp-post-image\" alt=\"\" style=\"\" \/><\/div><a class=\"wp-block-latest-posts__post-title\" href=\"https:\/\/www.alasmedios.com\/index.php\/2026\/09\/04\/declaran-juicio-nulo-al-caso-de-lindsay-clancy\/\">Declaran juicio nulo al caso de Lindsay Clancy<\/a><\/li>\n<li><div class=\"wp-block-latest-posts__featured-image\"><img loading=\"lazy\" decoding=\"async\" width=\"150\" height=\"150\" src=\"https:\/\/www.alasmedios.com\/wp-content\/uploads\/2026\/09\/Hidalgo-Julio-Menchaca-4\u00b0-Informe-de-Gobierno-150x150.jpeg\" class=\"attachment-thumbnail size-thumbnail wp-post-image\" alt=\"\" style=\"\" \/><\/div><a class=\"wp-block-latest-posts__post-title\" href=\"https:\/\/www.alasmedios.com\/index.php\/2026\/09\/04\/cuatro-anos-en-hidalgo-menchaca-rinde-informe-de-gobierno\/\">Cuatro a\u00f1os en Hidalgo: Menchaca rinde informe de gobierno<\/a><\/li>\n<li><div class=\"wp-block-latest-posts__featured-image\"><img loading=\"lazy\" decoding=\"async\" width=\"150\" height=\"150\" src=\"https:\/\/www.alasmedios.com\/wp-content\/uploads\/2026\/09\/FUL-2026-de-la-UAEH-150x150.jpeg\" class=\"attachment-thumbnail size-thumbnail wp-post-image\" alt=\"\" style=\"\" \/><\/div><a class=\"wp-block-latest-posts__post-title\" href=\"https:\/\/www.alasmedios.com\/index.php\/2026\/09\/04\/ya-tienes-plan-la-ful-2026-te-espera-con-libros-cultura-y-551-actividades\/\">\u00bfYa tienes plan? La FUL 2026 te espera con libros, cultura y 551 actividades<\/a><\/li>\n<\/ul>","protected":false},"excerpt":{"rendered":"<p>El 5 de septiembre se conmemora por primera vez el D\u00eda Internacional de las Mujeres y las Ni\u00f1as Ind\u00edgenas del<\/p>\n","protected":false},"author":18,"featured_media":12683,"comment_status":"open","ping_status":"open","sticky":false,"template":"","format":"standard","meta":{"colormag_page_container_layout":"default_layout","colormag_page_sidebar_layout":"default_layout","rop_custom_images_group":[],"rop_custom_messages_group":[],"rop_publish_now":"yes","rop_publish_now_accounts":[],"rop_publish_now_history":[],"rop_publish_now_status":"pending","iawp_total_views":1,"footnotes":""},"categories":[39],"tags":[4888,694],"class_list":["post-12682","post","type-post","status-publish","format-standard","has-post-thumbnail","hentry","category-inicio","tag-mujeres-y-ninas-indigenas","tag-ops"],"magazineBlocksPostFeaturedMedia":{"thumbnail":"https:\/\/www.alasmedios.com\/wp-content\/uploads\/2026\/09\/Dia-Mundial-de-las-Mujeres-y-Ninas-Indigenas-150x150.jpg","medium":"https:\/\/www.alasmedios.com\/wp-content\/uploads\/2026\/09\/Dia-Mundial-de-las-Mujeres-y-Ninas-Indigenas-300x201.jpg","medium_large":"https:\/\/www.alasmedios.com\/wp-content\/uploads\/2026\/09\/Dia-Mundial-de-las-Mujeres-y-Ninas-Indigenas-768x514.jpg","large":"https:\/\/www.alasmedios.com\/wp-content\/uploads\/2026\/09\/Dia-Mundial-de-las-Mujeres-y-Ninas-Indigenas-1024x686.jpg","1536x1536":"https:\/\/www.alasmedios.com\/wp-content\/uploads\/2026\/09\/Dia-Mundial-de-las-Mujeres-y-Ninas-Indigenas-1536x1028.jpg","2048x2048":"https:\/\/www.alasmedios.com\/wp-content\/uploads\/2026\/09\/Dia-Mundial-de-las-Mujeres-y-Ninas-Indigenas-2048x1371.jpg","colormag-highlighted-post":"https:\/\/www.alasmedios.com\/wp-content\/uploads\/2026\/09\/Dia-Mundial-de-las-Mujeres-y-Ninas-Indigenas-392x272.jpg","colormag-featured-post-medium":"https:\/\/www.alasmedios.com\/wp-content\/uploads\/2026\/09\/Dia-Mundial-de-las-Mujeres-y-Ninas-Indigenas-390x205.jpg","colormag-featured-post-small":"https:\/\/www.alasmedios.com\/wp-content\/uploads\/2026\/09\/Dia-Mundial-de-las-Mujeres-y-Ninas-Indigenas-130x90.jpg","colormag-featured-image":"https:\/\/www.alasmedios.com\/wp-content\/uploads\/2026\/09\/Dia-Mundial-de-las-Mujeres-y-Ninas-Indigenas-800x445.jpg","colormag-default-news":"https:\/\/www.alasmedios.com\/wp-content\/uploads\/2026\/09\/Dia-Mundial-de-las-Mujeres-y-Ninas-Indigenas-150x150.jpg","colormag-featured-image-large":"https:\/\/www.alasmedios.com\/wp-content\/uploads\/2026\/09\/Dia-Mundial-de-las-Mujeres-y-Ninas-Indigenas-1400x600.jpg"},"magazineBlocksPostAuthor":{"name":"Yissel Padilla","avatar":"https:\/\/secure.gravatar.com\/avatar\/98842131f4e7c39771d95c321b4e271e6d6b9aefdb1d69d099b18469d859168e?s=96&d=mm&r=g"},"magazineBlocksPostCommentsNumber":"0","magazineBlocksPostExcerpt":"El 5 de septiembre se conmemora por primera vez el D\u00eda Internacional de las Mujeres y las Ni\u00f1as Ind\u00edgenas del","magazineBlocksPostCategories":["Inicio"],"magazineBlocksPostViewCount":21,"magazineBlocksPostReadTime":3,"magazine_blocks_featured_image_url":{"full":["https:\/\/www.alasmedios.com\/wp-content\/uploads\/2026\/09\/Dia-Mundial-de-las-Mujeres-y-Ninas-Indigenas.jpg",2560,1714,false],"medium":["https:\/\/www.alasmedios.com\/wp-content\/uploads\/2026\/09\/Dia-Mundial-de-las-Mujeres-y-Ninas-Indigenas-300x201.jpg",300,201,true],"thumbnail":["https:\/\/www.alasmedios.com\/wp-content\/uploads\/2026\/09\/Dia-Mundial-de-las-Mujeres-y-Ninas-Indigenas-150x150.jpg",150,150,true]},"magazine_blocks_author":{"display_name":"Yissel Padilla","author_link":"https:\/\/www.alasmedios.com\/index.php\/author\/yissel-padilla\/"},"magazine_blocks_comment":0,"magazine_blocks_author_image":"https:\/\/secure.gravatar.com\/avatar\/98842131f4e7c39771d95c321b4e271e6d6b9aefdb1d69d099b18469d859168e?s=96&d=mm&r=g","magazine_blocks_category":"<a href=\"#\" class=\"category-link category-link-39\">Inicio<\/a>","videoUrl":"","yoast_head":"<!-- This site is optimized with the Yoast SEO plugin v28.4 - https:\/\/yoast.com\/product\/yoast-seo-wordpress\/ -->\r\n<title>Mujeres y ni\u00f1as ind\u00edgenas: entre la desigualdad y la defensa de sus comunidades - Alas Medios<\/title>\r\n<meta name=\"description\" content=\"El 5 de septiembre se conmemora por primera vez el D\u00eda Internacional de las Mujeres y las Ni\u00f1as Ind\u00edgenas del Mundo; la OPS llam\u00f3 a fortalecer su acceso a la salud y reconocer sus conocimientos y liderazgo.\" \/>\r\n<meta name=\"robots\" content=\"index, follow, max-snippet:-1, max-image-preview:large, max-video-preview:-1\" \/>\r\n<link rel=\"canonical\" href=\"https:\/\/www.alasmedios.com\/index.php\/2026\/09\/05\/mujeres-y-ninas-indigenas-entre-la-desigualdad-y-la-defensa-de-sus-comunidades\/\" \/>\r\n<meta property=\"og:locale\" content=\"es_MX\" \/>\r\n<meta property=\"og:type\" content=\"article\" \/>\r\n<meta property=\"og:title\" content=\"Mujeres y ni\u00f1as ind\u00edgenas: entre la desigualdad y la defensa de sus comunidades - Alas Medios\" \/>\r\n<meta property=\"og:description\" content=\"El 5 de septiembre se conmemora por primera vez el D\u00eda Internacional de las Mujeres y las Ni\u00f1as Ind\u00edgenas del Mundo; la OPS llam\u00f3 a fortalecer su acceso a la salud y reconocer sus conocimientos y liderazgo.\" \/>\r\n<meta property=\"og:url\" content=\"https:\/\/www.alasmedios.com\/index.php\/2026\/09\/05\/mujeres-y-ninas-indigenas-entre-la-desigualdad-y-la-defensa-de-sus-comunidades\/\" \/>\r\n<meta property=\"og:site_name\" content=\"Alas Medios\" \/>\r\n<meta property=\"article:published_time\" content=\"2026-09-05T15:00:00+00:00\" \/>\r\n<meta property=\"og:image\" content=\"https:\/\/www.alasmedios.com\/wp-content\/uploads\/2026\/09\/Dia-Mundial-de-las-Mujeres-y-Ninas-Indigenas.jpg\" \/>\r\n\t<meta property=\"og:image:width\" content=\"2560\" \/>\r\n\t<meta property=\"og:image:height\" content=\"1714\" \/>\r\n\t<meta property=\"og:image:type\" content=\"image\/jpeg\" \/>\r\n<meta name=\"author\" content=\"Yissel Padilla\" \/>\r\n<meta name=\"twitter:card\" content=\"summary_large_image\" \/>\r\n<meta name=\"twitter:label1\" content=\"Escrito por\" \/>\n\t<meta name=\"twitter:data1\" content=\"Yissel Padilla\" \/>\n\t<meta name=\"twitter:label2\" content=\"Tiempo de lectura\" \/>\n\t<meta name=\"twitter:data2\" content=\"3 minutos\" \/>\r\n<script type=\"application\/ld+json\" class=\"yoast-schema-graph\">{\"@context\":\"https:\\\/\\\/schema.org\",\"@graph\":[{\"@type\":\"Article\",\"@id\":\"https:\\\/\\\/www.alasmedios.com\\\/index.php\\\/2026\\\/09\\\/05\\\/mujeres-y-ninas-indigenas-entre-la-desigualdad-y-la-defensa-de-sus-comunidades\\\/#article\",\"isPartOf\":{\"@id\":\"https:\\\/\\\/www.alasmedios.com\\\/index.php\\\/2026\\\/09\\\/05\\\/mujeres-y-ninas-indigenas-entre-la-desigualdad-y-la-defensa-de-sus-comunidades\\\/\"},\"author\":{\"name\":\"Yissel Padilla\",\"@id\":\"https:\\\/\\\/www.alasmedios.com\\\/#\\\/schema\\\/person\\\/4a77b9da264b9fd30e9b7bf44efa7ada\"},\"headline\":\"Mujeres y ni\u00f1as ind\u00edgenas: entre la desigualdad y la defensa de sus comunidades\",\"datePublished\":\"2026-09-05T15:00:00+00:00\",\"mainEntityOfPage\":{\"@id\":\"https:\\\/\\\/www.alasmedios.com\\\/index.php\\\/2026\\\/09\\\/05\\\/mujeres-y-ninas-indigenas-entre-la-desigualdad-y-la-defensa-de-sus-comunidades\\\/\"},\"wordCount\":613,\"commentCount\":0,\"publisher\":{\"@id\":\"https:\\\/\\\/www.alasmedios.com\\\/#organization\"},\"image\":{\"@id\":\"https:\\\/\\\/www.alasmedios.com\\\/index.php\\\/2026\\\/09\\\/05\\\/mujeres-y-ninas-indigenas-entre-la-desigualdad-y-la-defensa-de-sus-comunidades\\\/#primaryimage\"},\"thumbnailUrl\":\"https:\\\/\\\/www.alasmedios.com\\\/wp-content\\\/uploads\\\/2026\\\/09\\\/Dia-Mundial-de-las-Mujeres-y-Ninas-Indigenas.jpg\",\"keywords\":[\"Mujeres y Ni\u00f1as Indigenas\",\"OPS\"],\"articleSection\":[\"Inicio\"],\"inLanguage\":\"es\",\"potentialAction\":[{\"@type\":\"CommentAction\",\"name\":\"Comment\",\"target\":[\"https:\\\/\\\/www.alasmedios.com\\\/index.php\\\/2026\\\/09\\\/05\\\/mujeres-y-ninas-indigenas-entre-la-desigualdad-y-la-defensa-de-sus-comunidades\\\/#respond\"]}]},{\"@type\":\"WebPage\",\"@id\":\"https:\\\/\\\/www.alasmedios.com\\\/index.php\\\/2026\\\/09\\\/05\\\/mujeres-y-ninas-indigenas-entre-la-desigualdad-y-la-defensa-de-sus-comunidades\\\/\",\"url\":\"https:\\\/\\\/www.alasmedios.com\\\/index.php\\\/2026\\\/09\\\/05\\\/mujeres-y-ninas-indigenas-entre-la-desigualdad-y-la-defensa-de-sus-comunidades\\\/\",\"name\":\"Mujeres y ni\u00f1as ind\u00edgenas: entre la desigualdad y la defensa de sus comunidades - Alas Medios\",\"isPartOf\":{\"@id\":\"https:\\\/\\\/www.alasmedios.com\\\/#website\"},\"primaryImageOfPage\":{\"@id\":\"https:\\\/\\\/www.alasmedios.com\\\/index.php\\\/2026\\\/09\\\/05\\\/mujeres-y-ninas-indigenas-entre-la-desigualdad-y-la-defensa-de-sus-comunidades\\\/#primaryimage\"},\"image\":{\"@id\":\"https:\\\/\\\/www.alasmedios.com\\\/index.php\\\/2026\\\/09\\\/05\\\/mujeres-y-ninas-indigenas-entre-la-desigualdad-y-la-defensa-de-sus-comunidades\\\/#primaryimage\"},\"thumbnailUrl\":\"https:\\\/\\\/www.alasmedios.com\\\/wp-content\\\/uploads\\\/2026\\\/09\\\/Dia-Mundial-de-las-Mujeres-y-Ninas-Indigenas.jpg\",\"datePublished\":\"2026-09-05T15:00:00+00:00\",\"description\":\"El 5 de septiembre se conmemora por primera vez el D\u00eda Internacional de las Mujeres y las Ni\u00f1as Ind\u00edgenas del Mundo; la OPS llam\u00f3 a fortalecer su acceso a la salud y reconocer sus conocimientos y liderazgo.\",\"breadcrumb\":{\"@id\":\"https:\\\/\\\/www.alasmedios.com\\\/index.php\\\/2026\\\/09\\\/05\\\/mujeres-y-ninas-indigenas-entre-la-desigualdad-y-la-defensa-de-sus-comunidades\\\/#breadcrumb\"},\"inLanguage\":\"es\",\"potentialAction\":[{\"@type\":\"ReadAction\",\"target\":[\"https:\\\/\\\/www.alasmedios.com\\\/index.php\\\/2026\\\/09\\\/05\\\/mujeres-y-ninas-indigenas-entre-la-desigualdad-y-la-defensa-de-sus-comunidades\\\/\"]}]},{\"@type\":\"ImageObject\",\"inLanguage\":\"es\",\"@id\":\"https:\\\/\\\/www.alasmedios.com\\\/index.php\\\/2026\\\/09\\\/05\\\/mujeres-y-ninas-indigenas-entre-la-desigualdad-y-la-defensa-de-sus-comunidades\\\/#primaryimage\",\"url\":\"https:\\\/\\\/www.alasmedios.com\\\/wp-content\\\/uploads\\\/2026\\\/09\\\/Dia-Mundial-de-las-Mujeres-y-Ninas-Indigenas.jpg\",\"contentUrl\":\"https:\\\/\\\/www.alasmedios.com\\\/wp-content\\\/uploads\\\/2026\\\/09\\\/Dia-Mundial-de-las-Mujeres-y-Ninas-Indigenas.jpg\",\"width\":2560,\"height\":1714,\"caption\":\"Foto : Sergio Amaral\\\/OTCA\"},{\"@type\":\"BreadcrumbList\",\"@id\":\"https:\\\/\\\/www.alasmedios.com\\\/index.php\\\/2026\\\/09\\\/05\\\/mujeres-y-ninas-indigenas-entre-la-desigualdad-y-la-defensa-de-sus-comunidades\\\/#breadcrumb\",\"itemListElement\":[{\"@type\":\"ListItem\",\"position\":1,\"name\":\"Inicio\",\"item\":\"https:\\\/\\\/www.alasmedios.com\\\/\"},{\"@type\":\"ListItem\",\"position\":2,\"name\":\"Mujeres y ni\u00f1as ind\u00edgenas: entre la desigualdad y la defensa de sus comunidades\"}]},{\"@type\":\"WebSite\",\"@id\":\"https:\\\/\\\/www.alasmedios.com\\\/#website\",\"url\":\"https:\\\/\\\/www.alasmedios.com\\\/\",\"name\":\"Alas Medios\",\"description\":\"Alas para pensar, Alas para volar, Alas de libertad\",\"publisher\":{\"@id\":\"https:\\\/\\\/www.alasmedios.com\\\/#organization\"},\"potentialAction\":[{\"@type\":\"SearchAction\",\"target\":{\"@type\":\"EntryPoint\",\"urlTemplate\":\"https:\\\/\\\/www.alasmedios.com\\\/?s={search_term_string}\"},\"query-input\":{\"@type\":\"PropertyValueSpecification\",\"valueRequired\":true,\"valueName\":\"search_term_string\"}}],\"inLanguage\":\"es\"},{\"@type\":\"Organization\",\"@id\":\"https:\\\/\\\/www.alasmedios.com\\\/#organization\",\"name\":\"Alas Medios\",\"url\":\"https:\\\/\\\/www.alasmedios.com\\\/\",\"logo\":{\"@type\":\"ImageObject\",\"inLanguage\":\"es\",\"@id\":\"https:\\\/\\\/www.alasmedios.com\\\/#\\\/schema\\\/logo\\\/image\\\/\",\"url\":\"https:\\\/\\\/www.alasmedios.com\\\/wp-content\\\/uploads\\\/2026\\\/01\\\/cropped-cropped-GAM-1.png\",\"contentUrl\":\"https:\\\/\\\/www.alasmedios.com\\\/wp-content\\\/uploads\\\/2026\\\/01\\\/cropped-cropped-GAM-1.png\",\"width\":467,\"height\":235,\"caption\":\"Alas Medios\"},\"image\":{\"@id\":\"https:\\\/\\\/www.alasmedios.com\\\/#\\\/schema\\\/logo\\\/image\\\/\"}},{\"@type\":\"Person\",\"@id\":\"https:\\\/\\\/www.alasmedios.com\\\/#\\\/schema\\\/person\\\/4a77b9da264b9fd30e9b7bf44efa7ada\",\"name\":\"Yissel Padilla\",\"image\":{\"@type\":\"ImageObject\",\"inLanguage\":\"es\",\"@id\":\"https:\\\/\\\/secure.gravatar.com\\\/avatar\\\/98842131f4e7c39771d95c321b4e271e6d6b9aefdb1d69d099b18469d859168e?s=96&d=mm&r=g\",\"url\":\"https:\\\/\\\/secure.gravatar.com\\\/avatar\\\/98842131f4e7c39771d95c321b4e271e6d6b9aefdb1d69d099b18469d859168e?s=96&d=mm&r=g\",\"contentUrl\":\"https:\\\/\\\/secure.gravatar.com\\\/avatar\\\/98842131f4e7c39771d95c321b4e271e6d6b9aefdb1d69d099b18469d859168e?s=96&d=mm&r=g\",\"caption\":\"Yissel Padilla\"},\"url\":\"https:\\\/\\\/www.alasmedios.com\\\/index.php\\\/author\\\/yissel-padilla\\\/\"}]}<\/script>\r\n<!-- \/ Yoast SEO plugin. -->","yoast_head_json":{"title":"Mujeres y ni\u00f1as ind\u00edgenas: entre la desigualdad y la defensa de sus comunidades - Alas Medios","description":"El 5 de septiembre se conmemora por primera vez el D\u00eda Internacional de las Mujeres y las Ni\u00f1as Ind\u00edgenas del Mundo; la OPS llam\u00f3 a fortalecer su acceso a la salud y reconocer sus conocimientos y liderazgo.","robots":{"index":"index","follow":"follow","max-snippet":"max-snippet:-1","max-image-preview":"max-image-preview:large","max-video-preview":"max-video-preview:-1"},"canonical":"https:\/\/www.alasmedios.com\/index.php\/2026\/09\/05\/mujeres-y-ninas-indigenas-entre-la-desigualdad-y-la-defensa-de-sus-comunidades\/","og_locale":"es_MX","og_type":"article","og_title":"Mujeres y ni\u00f1as ind\u00edgenas: entre la desigualdad y la defensa de sus comunidades - Alas Medios","og_description":"El 5 de septiembre se conmemora por primera vez el D\u00eda Internacional de las Mujeres y las Ni\u00f1as Ind\u00edgenas del Mundo; la OPS llam\u00f3 a fortalecer su acceso a la salud y reconocer sus conocimientos y liderazgo.","og_url":"https:\/\/www.alasmedios.com\/index.php\/2026\/09\/05\/mujeres-y-ninas-indigenas-entre-la-desigualdad-y-la-defensa-de-sus-comunidades\/","og_site_name":"Alas Medios","article_published_time":"2026-09-05T15:00:00+00:00","og_image":[{"width":2560,"height":1714,"url":"https:\/\/www.alasmedios.com\/wp-content\/uploads\/2026\/09\/Dia-Mundial-de-las-Mujeres-y-Ninas-Indigenas.jpg","type":"image\/jpeg"}],"author":"Yissel Padilla","twitter_card":"summary_large_image","twitter_misc":{"Escrito por":"Yissel Padilla","Tiempo de lectura":"3 minutos"},"schema":{"@context":"https:\/\/schema.org","@graph":[{"@type":"Article","@id":"https:\/\/www.alasmedios.com\/index.php\/2026\/09\/05\/mujeres-y-ninas-indigenas-entre-la-desigualdad-y-la-defensa-de-sus-comunidades\/#article","isPartOf":{"@id":"https:\/\/www.alasmedios.com\/index.php\/2026\/09\/05\/mujeres-y-ninas-indigenas-entre-la-desigualdad-y-la-defensa-de-sus-comunidades\/"},"author":{"name":"Yissel Padilla","@id":"https:\/\/www.alasmedios.com\/#\/schema\/person\/4a77b9da264b9fd30e9b7bf44efa7ada"},"headline":"Mujeres y ni\u00f1as ind\u00edgenas: entre la desigualdad y la defensa de sus comunidades","datePublished":"2026-09-05T15:00:00+00:00","mainEntityOfPage":{"@id":"https:\/\/www.alasmedios.com\/index.php\/2026\/09\/05\/mujeres-y-ninas-indigenas-entre-la-desigualdad-y-la-defensa-de-sus-comunidades\/"},"wordCount":613,"commentCount":0,"publisher":{"@id":"https:\/\/www.alasmedios.com\/#organization"},"image":{"@id":"https:\/\/www.alasmedios.com\/index.php\/2026\/09\/05\/mujeres-y-ninas-indigenas-entre-la-desigualdad-y-la-defensa-de-sus-comunidades\/#primaryimage"},"thumbnailUrl":"https:\/\/www.alasmedios.com\/wp-content\/uploads\/2026\/09\/Dia-Mundial-de-las-Mujeres-y-Ninas-Indigenas.jpg","keywords":["Mujeres y Ni\u00f1as Indigenas","OPS"],"articleSection":["Inicio"],"inLanguage":"es","potentialAction":[{"@type":"CommentAction","name":"Comment","target":["https:\/\/www.alasmedios.com\/index.php\/2026\/09\/05\/mujeres-y-ninas-indigenas-entre-la-desigualdad-y-la-defensa-de-sus-comunidades\/#respond"]}]},{"@type":"WebPage","@id":"https:\/\/www.alasmedios.com\/index.php\/2026\/09\/05\/mujeres-y-ninas-indigenas-entre-la-desigualdad-y-la-defensa-de-sus-comunidades\/","url":"https:\/\/www.alasmedios.com\/index.php\/2026\/09\/05\/mujeres-y-ninas-indigenas-entre-la-desigualdad-y-la-defensa-de-sus-comunidades\/","name":"Mujeres y ni\u00f1as ind\u00edgenas: entre la desigualdad y la defensa de sus comunidades - Alas Medios","isPartOf":{"@id":"https:\/\/www.alasmedios.com\/#website"},"primaryImageOfPage":{"@id":"https:\/\/www.alasmedios.com\/index.php\/2026\/09\/05\/mujeres-y-ninas-indigenas-entre-la-desigualdad-y-la-defensa-de-sus-comunidades\/#primaryimage"},"image":{"@id":"https:\/\/www.alasmedios.com\/index.php\/2026\/09\/05\/mujeres-y-ninas-indigenas-entre-la-desigualdad-y-la-defensa-de-sus-comunidades\/#primaryimage"},"thumbnailUrl":"https:\/\/www.alasmedios.com\/wp-content\/uploads\/2026\/09\/Dia-Mundial-de-las-Mujeres-y-Ninas-Indigenas.jpg","datePublished":"2026-09-05T15:00:00+00:00","description":"El 5 de septiembre se conmemora por primera vez el D\u00eda Internacional de las Mujeres y las Ni\u00f1as Ind\u00edgenas del Mundo; la OPS llam\u00f3 a fortalecer su acceso a la salud y reconocer sus conocimientos y liderazgo.","breadcrumb":{"@id":"https:\/\/www.alasmedios.com\/index.php\/2026\/09\/05\/mujeres-y-ninas-indigenas-entre-la-desigualdad-y-la-defensa-de-sus-comunidades\/#breadcrumb"},"inLanguage":"es","potentialAction":[{"@type":"ReadAction","target":["https:\/\/www.alasmedios.com\/index.php\/2026\/09\/05\/mujeres-y-ninas-indigenas-entre-la-desigualdad-y-la-defensa-de-sus-comunidades\/"]}]},{"@type":"ImageObject","inLanguage":"es","@id":"https:\/\/www.alasmedios.com\/index.php\/2026\/09\/05\/mujeres-y-ninas-indigenas-entre-la-desigualdad-y-la-defensa-de-sus-comunidades\/#primaryimage","url":"https:\/\/www.alasmedios.com\/wp-content\/uploads\/2026\/09\/Dia-Mundial-de-las-Mujeres-y-Ninas-Indigenas.jpg","contentUrl":"https:\/\/www.alasmedios.com\/wp-content\/uploads\/2026\/09\/Dia-Mundial-de-las-Mujeres-y-Ninas-Indigenas.jpg","width":2560,"height":1714,"caption":"Foto : Sergio Amaral\/OTCA"},{"@type":"BreadcrumbList","@id":"https:\/\/www.alasmedios.com\/index.php\/2026\/09\/05\/mujeres-y-ninas-indigenas-entre-la-desigualdad-y-la-defensa-de-sus-comunidades\/#breadcrumb","itemListElement":[{"@type":"ListItem","position":1,"name":"Inicio","item":"https:\/\/www.alasmedios.com\/"},{"@type":"ListItem","position":2,"name":"Mujeres y ni\u00f1as ind\u00edgenas: entre la desigualdad y la defensa de sus comunidades"}]},{"@type":"WebSite","@id":"https:\/\/www.alasmedios.com\/#website","url":"https:\/\/www.alasmedios.com\/","name":"Alas Medios","description":"Alas para pensar, Alas para volar, Alas de libertad","publisher":{"@id":"https:\/\/www.alasmedios.com\/#organization"},"potentialAction":[{"@type":"SearchAction","target":{"@type":"EntryPoint","urlTemplate":"https:\/\/www.alasmedios.com\/?s={search_term_string}"},"query-input":{"@type":"PropertyValueSpecification","valueRequired":true,"valueName":"search_term_string"}}],"inLanguage":"es"},{"@type":"Organization","@id":"https:\/\/www.alasmedios.com\/#organization","name":"Alas Medios","url":"https:\/\/www.alasmedios.com\/","logo":{"@type":"ImageObject","inLanguage":"es","@id":"https:\/\/www.alasmedios.com\/#\/schema\/logo\/image\/","url":"https:\/\/www.alasmedios.com\/wp-content\/uploads\/2026\/01\/cropped-cropped-GAM-1.png","contentUrl":"https:\/\/www.alasmedios.com\/wp-content\/uploads\/2026\/01\/cropped-cropped-GAM-1.png","width":467,"height":235,"caption":"Alas Medios"},"image":{"@id":"https:\/\/www.alasmedios.com\/#\/schema\/logo\/image\/"}},{"@type":"Person","@id":"https:\/\/www.alasmedios.com\/#\/schema\/person\/4a77b9da264b9fd30e9b7bf44efa7ada","name":"Yissel Padilla","image":{"@type":"ImageObject","inLanguage":"es","@id":"https:\/\/secure.gravatar.com\/avatar\/98842131f4e7c39771d95c321b4e271e6d6b9aefdb1d69d099b18469d859168e?s=96&d=mm&r=g","url":"https:\/\/secure.gravatar.com\/avatar\/98842131f4e7c39771d95c321b4e271e6d6b9aefdb1d69d099b18469d859168e?s=96&d=mm&r=g","contentUrl":"https:\/\/secure.gravatar.com\/avatar\/98842131f4e7c39771d95c321b4e271e6d6b9aefdb1d69d099b18469d859168e?s=96&d=mm&r=g","caption":"Yissel Padilla"},"url":"https:\/\/www.alasmedios.com\/index.php\/author\/yissel-padilla\/"}]}},"_links":{"self":[{"href":"https:\/\/www.alasmedios.com\/index.php\/wp-json\/wp\/v2\/posts\/12682","targetHints":{"allow":["GET"]}}],"collection":[{"href":"https:\/\/www.alasmedios.com\/index.php\/wp-json\/wp\/v2\/posts"}],"about":[{"href":"https:\/\/www.alasmedios.com\/index.php\/wp-json\/wp\/v2\/types\/post"}],"author":[{"embeddable":true,"href":"https:\/\/www.alasmedios.com\/index.php\/wp-json\/wp\/v2\/users\/18"}],"replies":[{"embeddable":true,"href":"https:\/\/www.alasmedios.com\/index.php\/wp-json\/wp\/v2\/comments?post=12682"}],"version-history":[{"count":1,"href":"https:\/\/www.alasmedios.com\/index.php\/wp-json\/wp\/v2\/posts\/12682\/revisions"}],"predecessor-version":[{"id":12684,"href":"https:\/\/www.alasmedios.com\/index.php\/wp-json\/wp\/v2\/posts\/12682\/revisions\/12684"}],"wp:featuredmedia":[{"embeddable":true,"href":"https:\/\/www.alasmedios.com\/index.php\/wp-json\/wp\/v2\/media\/12683"}],"wp:attachment":[{"href":"https:\/\/www.alasmedios.com\/index.php\/wp-json\/wp\/v2\/media?parent=12682"}],"wp:term":[{"taxonomy":"category","embeddable":true,"href":"https:\/\/www.alasmedios.com\/index.php\/wp-json\/wp\/v2\/categories?post=12682"},{"taxonomy":"post_tag","embeddable":true,"href":"https:\/\/www.alasmedios.com\/index.php\/wp-json\/wp\/v2\/tags?post=12682"}],"curies":[{"name":"wp","href":"https:\/\/api.w.org\/{rel}","templated":true}]}}