{"id":12671,"date":"2026-09-04T16:52:33","date_gmt":"2026-09-04T22:52:33","guid":{"rendered":"https:\/\/www.alasmedios.com\/?p=12671"},"modified":"2026-09-04T16:52:37","modified_gmt":"2026-09-04T22:52:37","slug":"declaran-juicio-nulo-al-caso-de-lindsay-clancy","status":"publish","type":"post","link":"https:\/\/www.alasmedios.com\/index.php\/2026\/09\/04\/declaran-juicio-nulo-al-caso-de-lindsay-clancy\/","title":{"rendered":"Declaran juicio nulo al caso de Lindsay Clancy"},"content":{"rendered":"\n<p class=\"wp-block-paragraph\">Luego de que el jurado no pudiese llegar a un veredicto un\u00e1nime sobre el caso de <strong>Lindsay Clancy<\/strong>, acusada de matar a sus tres hijos, el <strong>juicio <\/strong>fue declarado <strong>nulo<\/strong>.<\/p>\n\n\n\n<p class=\"wp-block-paragraph\"><strong>El juicio contra Lindsay Clancy<\/strong>, la mujer estadunidense acusada de matar a sus tres hijos peque\u00f1os, termin\u00f3 este viernes sin un veredicto un\u00e1nime, luego de siete d\u00edas de deliberaciones que dejaron al jurado dividido sobre uno de los puntos centrales del caso: <strong>el estado de salud mental de la acusada al momento de los hechos<\/strong>.<\/p>\n\n\n\n<p class=\"wp-block-paragraph\">El juez <strong>William Sullivan<\/strong> declar\u00f3 <strong>nulo el juicio<\/strong> despu\u00e9s de determinar que los 12 integrantes del jurado no lograron alcanzar la unanimidad requerida en este tipo de procesos en Estados Unidos.<\/p>\n\n\n\n<p class=\"wp-block-paragraph\">CONTIN\u00daA LEYENDO: <a href=\"https:\/\/www.alasmedios.com\/index.php\/2026\/09\/04\/cuatro-anos-en-hidalgo-menchaca-rinde-informe-de-gobierno\/\" data-type=\"post\" data-id=\"12665\">Cuatro a\u00f1os en Hidalgo: Menchaca rinde informe de gobierno<\/a><\/p>\n\n\n\n<p class=\"wp-block-paragraph\">Clancy, de <strong>36 a\u00f1os<\/strong>, reconoci\u00f3 haber estrangulado a sus hijos <strong>Cora, de cinco a\u00f1os; Dawson, de tres; y Callan, de ocho meses<\/strong>, pero se declar\u00f3 <strong>no culpable por raz\u00f3n de locura<\/strong> y sostuvo que atravesaba un episodio de <strong>sicosis posparto<\/strong> cuando ocurrieron los asesinatos.<\/p>\n\n\n\n<figure class=\"wp-block-image size-full\"><img loading=\"lazy\" decoding=\"async\" width=\"524\" height=\"585\" src=\"https:\/\/www.alasmedios.com\/wp-content\/uploads\/2026\/09\/Lindsay-Clancy-2.jpg\" alt=\"\" class=\"wp-image-12675\" srcset=\"https:\/\/www.alasmedios.com\/wp-content\/uploads\/2026\/09\/Lindsay-Clancy-2.jpg 524w, https:\/\/www.alasmedios.com\/wp-content\/uploads\/2026\/09\/Lindsay-Clancy-2-269x300.jpg 269w\" sizes=\"auto, (max-width: 524px) 100vw, 524px\" \/><\/figure>\n\n\n\n<blockquote class=\"wp-block-quote is-layout-flow wp-block-quote-is-layout-flow\">\n<p class=\"wp-block-paragraph\"><strong>\u201cEn este momento, voy a declarar que el jurado est\u00e1 en punto muerto y voy a declarar nulo el juicio\u201d<\/strong>, se\u00f1al\u00f3 el juez durante la audiencia.<\/p>\n<\/blockquote>\n\n\n\n<p class=\"wp-block-paragraph\">La fiscal\u00eda deber\u00e1 determinar ahora si busca llevar nuevamente a Clancy ante los tribunales con <strong>un nuevo jurado<\/strong>. Mientras tanto, la mujer permanecer\u00e1 encarcelada.<\/p>\n\n\n\n<h3 class=\"wp-block-heading\"><strong>Un caso que dividi\u00f3 al jurado<\/strong><\/h3>\n\n\n\n<p class=\"wp-block-paragraph\">El proceso, que se extendi\u00f3 durante <strong>cinco semanas<\/strong>, incluy\u00f3 el testimonio de m\u00e1s de <strong>80 personas<\/strong>, entre ellas m\u00e9dicos, siquiatras, familiares, personal de emergencias y el esposo separado de Clancy.<\/p>\n\n\n\n<p class=\"wp-block-paragraph\">La defensa sostuvo que la acusada padec\u00eda <strong>sicosis posparto<\/strong>, una condici\u00f3n poco frecuente que puede provocar alteraciones graves en la percepci\u00f3n de la realidad y que, seg\u00fan los especialistas citados durante el proceso, afecta aproximadamente a <strong>una o dos mujeres por cada mil nacimientos<\/strong>.<\/p>\n\n\n\n<p class=\"wp-block-paragraph\">TE PUEDE INTERESAR: <a href=\"https:\/\/www.alasmedios.com\/index.php\/2026\/09\/04\/el-dinero-tambien-pesa-42-de-las-mujeres-en-mexico-vive-con-alto-estres-financiero\/\" data-type=\"post\" data-id=\"12649\">El dinero tambi\u00e9n pesa: 42% de las mujeres en M\u00e9xico vive con alto estr\u00e9s financiero<\/a><\/p>\n\n\n\n<p class=\"wp-block-paragraph\">De acuerdo con la defensa, Clancy hab\u00eda presentado un deterioro importante de su salud mental antes de los asesinatos y lleg\u00f3 a escuchar una <strong>voz que le ordenaba matar a sus hijos y despu\u00e9s suicidarse<\/strong>.<\/p>\n\n\n\n<p class=\"wp-block-paragraph\">La fiscal\u00eda rechaz\u00f3 esta explicaci\u00f3n y argument\u00f3 que Clancy <strong>hab\u00eda planeado los asesinatos y comprend\u00eda las consecuencias de sus actos<\/strong>.<\/p>\n\n\n\n<p class=\"wp-block-paragraph\">El desacuerdo lleg\u00f3 hasta el \u00faltimo momento de las deliberaciones: <strong>11 integrantes del jurado estaban a favor de declararla no culpable por raz\u00f3n de locura, mientras uno se opuso<\/strong>, impidiendo alcanzar la unanimidad.<\/p>\n\n\n\n<h3 class=\"wp-block-heading\"><strong>Una tragedia que termin\u00f3 en un intento de suicidio<\/strong><\/h3>\n\n\n\n<p class=\"wp-block-paragraph\">Los hechos ocurrieron en <strong>enero de 2023<\/strong>, en la vivienda familiar de Duxbury, Massachusetts.<\/p>\n\n\n\n<p class=\"wp-block-paragraph\">Despu\u00e9s de matar a sus hijos, Clancy se lanz\u00f3 por una ventana del segundo piso en un aparente intento de suicidio, provoc\u00e1ndose lesiones que la dejaron <strong>paralizada de la cintura para abajo<\/strong>.<\/p>\n\n\n\n<p class=\"wp-block-paragraph\">LEE: <a href=\"https:\/\/www.alasmedios.com\/index.php\/2026\/09\/03\/hombres-frente-a-metodos-anticonceptivos-opciones-y-responsabilidad\/\" data-type=\"post\" data-id=\"12640\">\u00bfAnticoncepci\u00f3n para hombres? Opciones existen, los prejuicios tambi\u00e9n<\/a><\/p>\n\n\n\n<p class=\"wp-block-paragraph\">Su entonces esposo, <strong>Patrick Clancy<\/strong>, fue uno de los principales testigos del proceso y relat\u00f3 el momento en que regres\u00f3 a casa despu\u00e9s de que Lindsay le pidiera salir a comprar comida y medicamentos.<\/p>\n\n\n\n<figure class=\"wp-block-image size-full\"><img loading=\"lazy\" decoding=\"async\" width=\"1000\" height=\"657\" src=\"https:\/\/www.alasmedios.com\/wp-content\/uploads\/2026\/09\/Patrick-Clancy.jpg\" alt=\"\" class=\"wp-image-12676\" srcset=\"https:\/\/www.alasmedios.com\/wp-content\/uploads\/2026\/09\/Patrick-Clancy.jpg 1000w, https:\/\/www.alasmedios.com\/wp-content\/uploads\/2026\/09\/Patrick-Clancy-300x197.jpg 300w, https:\/\/www.alasmedios.com\/wp-content\/uploads\/2026\/09\/Patrick-Clancy-767x504.jpg 767w\" sizes=\"auto, (max-width: 1000px) 100vw, 1000px\" \/><\/figure>\n\n\n\n<p class=\"wp-block-paragraph\">Al entrar, encontr\u00f3 la vivienda en silencio y posteriormente descubri\u00f3 sangre en el dormitorio y una ventana abierta.<\/p>\n\n\n\n<p class=\"wp-block-paragraph\">Los miembros del jurado tambi\u00e9n escucharon la llamada al <strong>911<\/strong> realizada por Patrick, quien sali\u00f3 al exterior y posteriormente encontr\u00f3 a sus hijos en el s\u00f3tano.<\/p>\n\n\n\n<blockquote class=\"wp-block-quote is-layout-flow wp-block-quote-is-layout-flow\">\n<p class=\"wp-block-paragraph\"><strong>\u201c\u00a1Ella mat\u00f3 a los ni\u00f1os!\u201d<\/strong>, grit\u00f3 durante la llamada de emergencia.<\/p>\n<\/blockquote>\n\n\n\n<h3 class=\"wp-block-heading\"><strong>Familiares hab\u00edan advertido sobre su deterioro<\/strong><\/h3>\n\n\n\n<p class=\"wp-block-paragraph\">Durante el juicio, familiares y personas cercanas describieron cambios importantes en el comportamiento de Clancy despu\u00e9s del nacimiento de su tercer hijo.<\/p>\n\n\n\n<p class=\"wp-block-paragraph\">CONTIN\u00daA LEYENDO: <a href=\"https:\/\/www.alasmedios.com\/index.php\/2026\/05\/01\/1-de-cada-15-mujeres-sufre-depresion-posparto\/\" data-type=\"post\" data-id=\"8861\">1 de cada 15 mujeres sufre depresi\u00f3n posparto<\/a><\/p>\n\n\n\n<p class=\"wp-block-paragraph\">Su suegra, <strong>Susan Clancy<\/strong>, quien tambi\u00e9n era enfermera de partos, declar\u00f3 que la mujer hab\u00eda comenzado a experimentar <strong>ansiedad, paranoia, insomnio, tristeza y pensamientos suicidas<\/strong>.<\/p>\n\n\n\n<p class=\"wp-block-paragraph\">La madre de Clancy, <strong>Paula Musgrove<\/strong>, tambi\u00e9n habl\u00f3 sobre el deterioro que observ\u00f3 en su hija y present\u00f3 ante el tribunal mensajes enviados por ella meses antes de los asesinatos.<\/p>\n\n\n\n<p class=\"wp-block-paragraph\">En uno de ellos, Clancy expres\u00f3 que se sent\u00eda <strong>\u201cmuy enferma\u201d<\/strong>, que hab\u00eda pasado una noche con un fuerte episodio de insomnio y que ten\u00eda miedo de quedarse sola.<\/p>\n\n\n\n<p class=\"wp-block-paragraph\">La defensa utiliz\u00f3 estos testimonios para sostener que <strong>la crisis de salud mental hab\u00eda sido evidente antes de la tragedia<\/strong>.<\/p>\n\n\n\n<figure class=\"wp-block-image size-large\"><img loading=\"lazy\" decoding=\"async\" width=\"1024\" height=\"576\" src=\"https:\/\/www.alasmedios.com\/wp-content\/uploads\/2026\/09\/Lindsay-Clancy-4-1024x576.jpg\" alt=\"\" class=\"wp-image-12678\" srcset=\"https:\/\/www.alasmedios.com\/wp-content\/uploads\/2026\/09\/Lindsay-Clancy-4-1024x576.jpg 1024w, https:\/\/www.alasmedios.com\/wp-content\/uploads\/2026\/09\/Lindsay-Clancy-4-300x169.jpg 300w, https:\/\/www.alasmedios.com\/wp-content\/uploads\/2026\/09\/Lindsay-Clancy-4-767x432.jpg 767w, https:\/\/www.alasmedios.com\/wp-content\/uploads\/2026\/09\/Lindsay-Clancy-4.jpg 1320w\" sizes=\"auto, (max-width: 1024px) 100vw, 1024px\" \/><\/figure>\n\n\n\n<h3 class=\"wp-block-heading\"><strong>La defensa cuestion\u00f3 su atenci\u00f3n psiqui\u00e1trica<\/strong><\/h3>\n\n\n\n<p class=\"wp-block-paragraph\">Los abogados de Clancy tambi\u00e9n cuestionaron el tratamiento que recibi\u00f3 antes de los asesinatos y argumentaron que hab\u00eda sido <strong>mal diagnosticada y medicada de manera inadecuada<\/strong>.<\/p>\n\n\n\n<p class=\"wp-block-paragraph\">TE PUEDE INTERESAR: <a href=\"https:\/\/www.alasmedios.com\/index.php\/2024\/07\/09\/depresion-prenatal\/\" data-type=\"post\" data-id=\"1484\">Depresi\u00f3n prenatal\u00a0<\/a><\/p>\n\n\n\n<p class=\"wp-block-paragraph\">Durante el interrogatorio a una de sus psiquiatras, la doctora <strong>Jennifer Tufts<\/strong>, el abogado Kevin Reddington cuestion\u00f3 las decisiones m\u00e9dicas tomadas durante el tratamiento y el tiempo destinado a algunas consultas.<\/p>\n\n\n\n<p class=\"wp-block-paragraph\">La defensa sostuvo que Clancy hab\u00eda buscado ayuda en distintas ocasiones e incluso ingres\u00f3 voluntariamente a un hospital psiqui\u00e1trico, pero que <strong>su condici\u00f3n continu\u00f3 deterior\u00e1ndose<\/strong>.<\/p>\n\n\n\n<p class=\"wp-block-paragraph\">La fiscal\u00eda, por su parte, present\u00f3 testimonios destinados a cuestionar que los s\u00edntomas descritos fueran suficientes para establecer que Clancy no pod\u00eda distinguir entre el bien y el mal.<\/p>\n\n\n\n<h3 class=\"wp-block-heading\"><strong>La voz que, seg\u00fan Clancy, le orden\u00f3 matar<\/strong><\/h3>\n\n\n\n<p class=\"wp-block-paragraph\">Uno de los testimonios m\u00e1s relevantes para la defensa fue el del sic\u00f3logo cl\u00ednico y forense <strong>Paul Zeizel<\/strong>, quien atendi\u00f3 a Clancy despu\u00e9s de los asesinatos.<\/p>\n\n\n\n<p class=\"wp-block-paragraph\">Seg\u00fan su declaraci\u00f3n, Clancy relat\u00f3 haber escuchado <strong>una voz masculina incorp\u00f3rea<\/strong> que le indicaba que no ten\u00eda otra opci\u00f3n que matar a sus hijos y posteriormente quitarse la vida.<\/p>\n\n\n\n<p class=\"wp-block-paragraph\">LEE: <a href=\"https:\/\/www.alasmedios.com\/index.php\/2026\/07\/28\/menores-sin-redes-sociales-la-nueva-ley-de-francia\/\" data-type=\"post\" data-id=\"11470\">\u00bfMenores sin redes sociales? La nueva ley de Francia<\/a><\/p>\n\n\n\n<p class=\"wp-block-paragraph\">Zeizel consider\u00f3 que su estado mental pod\u00eda impedirle ser considerada responsable penalmente de sus actos.<\/p>\n\n\n\n<p class=\"wp-block-paragraph\">La fiscal\u00eda present\u00f3 una opini\u00f3n distinta. El sic\u00f3logo forense <strong>Kirk Heilbrun<\/strong> cuestion\u00f3 que Clancy hubiera experimentado alucinaciones auditivas y analiz\u00f3 sus acciones durante los asesinatos como parte de su argumento sobre su capacidad para comprender lo que estaba haciendo.<\/p>\n\n\n\n<p class=\"wp-block-paragraph\">Por su parte, el siquiatra <strong>Gregory Saathoff<\/strong>, de la Unidad de An\u00e1lisis del Comportamiento del FBI, declar\u00f3 que consideraba que Clancy <strong>ten\u00eda capacidad para distinguir entre el bien y el mal<\/strong>.<\/p>\n\n\n\n<h3 class=\"wp-block-heading\"><strong>El caso vuelve a poner la salud mental materna bajo los reflectores<\/strong><\/h3>\n\n\n\n<p class=\"wp-block-paragraph\">El proceso gener\u00f3 una amplia discusi\u00f3n en Estados Unidos sobre <strong>salud mental materna, sicosis posparto y acceso a atenci\u00f3n psiqui\u00e1trica<\/strong>, especialmente porque distintos familiares hab\u00edan descrito se\u00f1ales de deterioro antes de la tragedia.<\/p>\n\n\n\n<p class=\"wp-block-paragraph\">CONTIN\u00daA LEYENDO: <a href=\"https:\/\/www.alasmedios.com\/index.php\/2026\/05\/26\/atanacia-bautista-convierte-la-ciencia-en-herramienta-para-hablar-de-salud-mental\/\" data-type=\"post\" data-id=\"9411\">Atanacia Bautista convierte la ciencia en herramienta para hablar de salud mental<\/a><\/p>\n\n\n\n<figure class=\"wp-block-image size-full\"><img loading=\"lazy\" decoding=\"async\" width=\"1024\" height=\"724\" src=\"https:\/\/www.alasmedios.com\/wp-content\/uploads\/2026\/09\/Lindsay-Clancy-1.jpg\" alt=\"\" class=\"wp-image-12677\" srcset=\"https:\/\/www.alasmedios.com\/wp-content\/uploads\/2026\/09\/Lindsay-Clancy-1.jpg 1024w, https:\/\/www.alasmedios.com\/wp-content\/uploads\/2026\/09\/Lindsay-Clancy-1-300x212.jpg 300w, https:\/\/www.alasmedios.com\/wp-content\/uploads\/2026\/09\/Lindsay-Clancy-1-768x543.jpg 768w\" sizes=\"auto, (max-width: 1024px) 100vw, 1024px\" \/><\/figure>\n\n\n\n<p class=\"wp-block-paragraph\">Decenas de mujeres vestidas de rosa acudieron al tribunal de Plymouth para expresar su apoyo a Clancy y llamar la atenci\u00f3n sobre la <strong>salud mental de las mujeres<\/strong>.<\/p>\n\n\n\n<p class=\"wp-block-paragraph\">El caso tambi\u00e9n record\u00f3 el de <strong>Andrea Yates<\/strong>, quien en 2001 mat\u00f3 a sus cinco hijos en Texas. Tras ser condenada inicialmente, fue declarada <strong>no culpable por raz\u00f3n de locura en un segundo juicio realizado en 2006<\/strong> y posteriormente internada en un hospital psiqui\u00e1trico.<\/p>\n\n\n\n<h3 class=\"wp-block-heading\"><strong>Ahora, la decisi\u00f3n queda en manos de la fiscal\u00eda<\/strong><\/h3>\n\n\n\n<p class=\"wp-block-paragraph\">Clancy enfrentaba <strong>cadena perpetua sin posibilidad de libertad condicional<\/strong> si era declarada culpable de asesinato en primer grado.<\/p>\n\n\n\n<p class=\"wp-block-paragraph\">El jurado tambi\u00e9n pod\u00eda optar por cargos menores o por declararla <strong>no responsable penalmente debido a una enfermedad mental<\/strong>, lo que habr\u00eda implicado su internamiento en una instituci\u00f3n psiqui\u00e1trica.<\/p>\n\n\n\n<figure class=\"wp-block-image size-full\"><img loading=\"lazy\" decoding=\"async\" width=\"660\" height=\"371\" src=\"https:\/\/www.alasmedios.com\/wp-content\/uploads\/2026\/09\/Lindsay-Clancy-3.jpg\" alt=\"\" class=\"wp-image-12679\" srcset=\"https:\/\/www.alasmedios.com\/wp-content\/uploads\/2026\/09\/Lindsay-Clancy-3.jpg 660w, https:\/\/www.alasmedios.com\/wp-content\/uploads\/2026\/09\/Lindsay-Clancy-3-300x169.jpg 300w\" sizes=\"auto, (max-width: 660px) 100vw, 660px\" \/><\/figure>\n\n\n\n<p class=\"wp-block-paragraph\">Pero ninguna de esas posibilidades lleg\u00f3 a concretarse.<\/p>\n\n\n\n<p class=\"wp-block-paragraph\">TE PUEDE INTERESAR: <a href=\"https:\/\/www.alasmedios.com\/index.php\/2025\/01\/23\/psicosis-posparto\/\" data-type=\"post\" data-id=\"3262\">Psicosis posparto<\/a><\/p>\n\n\n\n<p class=\"wp-block-paragraph\">Con el juicio declarado nulo, <strong>la fiscal\u00eda deber\u00e1 decidir si presenta nuevamente el caso ante otro jurado<\/strong>, mientras la discusi\u00f3n sobre la responsabilidad penal de Clancy y su estado mental al momento de los hechos permanece abierta.<\/p>\n\n\n\n<p class=\"wp-block-paragraph\">M\u00e1s all\u00e1 del desenlace judicial, el caso ha dejado sobre la mesa una pregunta que trasciende el tribunal: <strong>qu\u00e9 ocurre cuando una crisis de salud mental se agrava y las redes familiares, m\u00e9dicas y sociales no logran contenerla a tiempo<\/strong>.<\/p>\n\n\n<ul class=\"wp-block-latest-posts__list is-grid columns-3 wp-block-latest-posts is-layout-grid wp-container-core-latest-posts-is-layout-cda6dc4f wp-block-latest-posts-is-layout-grid\"><li><div class=\"wp-block-latest-posts__featured-image\"><img loading=\"lazy\" decoding=\"async\" width=\"150\" height=\"150\" src=\"https:\/\/www.alasmedios.com\/wp-content\/uploads\/2026\/09\/Lindsay-Clancy-150x150.jpg\" class=\"attachment-thumbnail size-thumbnail wp-post-image\" alt=\"\" style=\"\" \/><\/div><a class=\"wp-block-latest-posts__post-title\" href=\"https:\/\/www.alasmedios.com\/index.php\/2026\/09\/04\/declaran-juicio-nulo-al-caso-de-lindsay-clancy\/\">Declaran juicio nulo al caso de Lindsay Clancy<\/a><\/li>\n<li><div class=\"wp-block-latest-posts__featured-image\"><img loading=\"lazy\" decoding=\"async\" width=\"150\" height=\"150\" src=\"https:\/\/www.alasmedios.com\/wp-content\/uploads\/2026\/09\/Hidalgo-Julio-Menchaca-4\u00b0-Informe-de-Gobierno-150x150.jpeg\" class=\"attachment-thumbnail size-thumbnail wp-post-image\" alt=\"\" style=\"\" \/><\/div><a class=\"wp-block-latest-posts__post-title\" href=\"https:\/\/www.alasmedios.com\/index.php\/2026\/09\/04\/cuatro-anos-en-hidalgo-menchaca-rinde-informe-de-gobierno\/\">Cuatro a\u00f1os en Hidalgo: Menchaca rinde informe de gobierno<\/a><\/li>\n<li><div class=\"wp-block-latest-posts__featured-image\"><img loading=\"lazy\" decoding=\"async\" width=\"150\" height=\"150\" src=\"https:\/\/www.alasmedios.com\/wp-content\/uploads\/2026\/09\/FUL-2026-de-la-UAEH-150x150.jpeg\" class=\"attachment-thumbnail size-thumbnail wp-post-image\" alt=\"\" style=\"\" \/><\/div><a class=\"wp-block-latest-posts__post-title\" href=\"https:\/\/www.alasmedios.com\/index.php\/2026\/09\/04\/ya-tienes-plan-la-ful-2026-te-espera-con-libros-cultura-y-551-actividades\/\">\u00bfYa tienes plan? La FUL 2026 te espera con libros, cultura y 551 actividades<\/a><\/li>\n<\/ul>","protected":false},"excerpt":{"rendered":"<p>Luego de que el jurado no pudiese llegar a un veredicto un\u00e1nime sobre el caso de Lindsay Clancy, acusada de<\/p>\n","protected":false},"author":4,"featured_media":12674,"comment_status":"open","ping_status":"open","sticky":false,"template":"","format":"standard","meta":{"colormag_page_container_layout":"default_layout","colormag_page_sidebar_layout":"default_layout","rop_custom_images_group":[],"rop_custom_messages_group":[],"rop_publish_now":"yes","rop_publish_now_accounts":[],"rop_publish_now_history":[],"rop_publish_now_status":"pending","iawp_total_views":1,"footnotes":""},"categories":[3229,44],"tags":[933,1189,4887,136,1842],"class_list":["post-12671","post","type-post","status-publish","format-standard","has-post-thumbnail","hentry","category-mundo-extranjero","category-sexualidad","tag-derecho","tag-juicio","tag-lindsay-clancy","tag-salud","tag-salud-mental-materna"],"magazineBlocksPostFeaturedMedia":{"thumbnail":"https:\/\/www.alasmedios.com\/wp-content\/uploads\/2026\/09\/Lindsay-Clancy-150x150.jpg","medium":"https:\/\/www.alasmedios.com\/wp-content\/uploads\/2026\/09\/Lindsay-Clancy-300x169.jpg","medium_large":"https:\/\/www.alasmedios.com\/wp-content\/uploads\/2026\/09\/Lindsay-Clancy.jpg","large":"https:\/\/www.alasmedios.com\/wp-content\/uploads\/2026\/09\/Lindsay-Clancy.jpg","1536x1536":"https:\/\/www.alasmedios.com\/wp-content\/uploads\/2026\/09\/Lindsay-Clancy.jpg","2048x2048":"https:\/\/www.alasmedios.com\/wp-content\/uploads\/2026\/09\/Lindsay-Clancy.jpg","colormag-highlighted-post":"https:\/\/www.alasmedios.com\/wp-content\/uploads\/2026\/09\/Lindsay-Clancy-392x272.jpg","colormag-featured-post-medium":"https:\/\/www.alasmedios.com\/wp-content\/uploads\/2026\/09\/Lindsay-Clancy-390x205.jpg","colormag-featured-post-small":"https:\/\/www.alasmedios.com\/wp-content\/uploads\/2026\/09\/Lindsay-Clancy-130x90.jpg","colormag-featured-image":"https:\/\/www.alasmedios.com\/wp-content\/uploads\/2026\/09\/Lindsay-Clancy.jpg","colormag-default-news":"https:\/\/www.alasmedios.com\/wp-content\/uploads\/2026\/09\/Lindsay-Clancy-150x150.jpg","colormag-featured-image-large":"https:\/\/www.alasmedios.com\/wp-content\/uploads\/2026\/09\/Lindsay-Clancy.jpg"},"magazineBlocksPostAuthor":{"name":"Keila Rodr\u00edguez Pe\u00f1a","avatar":"https:\/\/secure.gravatar.com\/avatar\/a2553a2bfaa601b9d539b617c8793e151bdffb60f9e48a249912f86d4c9ebeef?s=96&d=mm&r=g"},"magazineBlocksPostCommentsNumber":"0","magazineBlocksPostExcerpt":"Luego de que el jurado no pudiese llegar a un veredicto un\u00e1nime sobre el caso de Lindsay Clancy, acusada de","magazineBlocksPostCategories":["Mundo","Salud y Sexualidad"],"magazineBlocksPostViewCount":37,"magazineBlocksPostReadTime":7,"magazine_blocks_featured_image_url":{"full":["https:\/\/www.alasmedios.com\/wp-content\/uploads\/2026\/09\/Lindsay-Clancy.jpg",660,371,false],"medium":["https:\/\/www.alasmedios.com\/wp-content\/uploads\/2026\/09\/Lindsay-Clancy-300x169.jpg",300,169,true],"thumbnail":["https:\/\/www.alasmedios.com\/wp-content\/uploads\/2026\/09\/Lindsay-Clancy-150x150.jpg",150,150,true]},"magazine_blocks_author":{"display_name":"Keila Rodr\u00edguez Pe\u00f1a","author_link":"https:\/\/www.alasmedios.com\/index.php\/author\/keila\/"},"magazine_blocks_comment":0,"magazine_blocks_author_image":"https:\/\/secure.gravatar.com\/avatar\/a2553a2bfaa601b9d539b617c8793e151bdffb60f9e48a249912f86d4c9ebeef?s=96&d=mm&r=g","magazine_blocks_category":"<a href=\"#\" class=\"category-link category-link-3229\">Mundo<\/a> <a href=\"#\" class=\"category-link category-link-44\">Salud y Sexualidad<\/a>","videoUrl":"","yoast_head":"<!-- This site is optimized with the Yoast SEO plugin v28.4 - https:\/\/yoast.com\/product\/yoast-seo-wordpress\/ -->\r\n<title>Declaran juicio nulo al caso de Lindsay Clancy<\/title>\r\n<meta name=\"description\" content=\"Luego de que el jurado no pudiese llegar a un veredicto un\u00e1nime sobre el caso de Lindsay Clancy, el juicio fue declarado nulo\" \/>\r\n<meta name=\"robots\" content=\"index, follow, max-snippet:-1, max-image-preview:large, max-video-preview:-1\" \/>\r\n<link rel=\"canonical\" href=\"https:\/\/www.alasmedios.com\/index.php\/2026\/09\/04\/declaran-juicio-nulo-al-caso-de-lindsay-clancy\/\" \/>\r\n<meta property=\"og:locale\" content=\"es_MX\" \/>\r\n<meta property=\"og:type\" content=\"article\" \/>\r\n<meta property=\"og:title\" content=\"Declaran juicio nulo al caso de Lindsay Clancy\" \/>\r\n<meta property=\"og:description\" content=\"Luego de que el jurado no pudiese llegar a un veredicto un\u00e1nime sobre el caso de Lindsay Clancy, el juicio fue declarado nulo\" \/>\r\n<meta property=\"og:url\" content=\"https:\/\/www.alasmedios.com\/index.php\/2026\/09\/04\/declaran-juicio-nulo-al-caso-de-lindsay-clancy\/\" \/>\r\n<meta property=\"og:site_name\" content=\"Alas Medios\" \/>\r\n<meta property=\"article:published_time\" content=\"2026-09-04T22:52:33+00:00\" \/>\r\n<meta property=\"article:modified_time\" content=\"2026-09-04T22:52:37+00:00\" \/>\r\n<meta property=\"og:image\" content=\"https:\/\/www.alasmedios.com\/wp-content\/uploads\/2026\/09\/Lindsay-Clancy.jpg\" \/>\r\n\t<meta property=\"og:image:width\" content=\"660\" \/>\r\n\t<meta property=\"og:image:height\" content=\"371\" \/>\r\n\t<meta property=\"og:image:type\" content=\"image\/jpeg\" \/>\r\n<meta name=\"author\" content=\"Keila Rodr\u00edguez Pe\u00f1a\" \/>\r\n<meta name=\"twitter:card\" content=\"summary_large_image\" \/>\r\n<meta name=\"twitter:label1\" content=\"Escrito por\" \/>\n\t<meta name=\"twitter:data1\" content=\"Keila Rodr\u00edguez Pe\u00f1a\" \/>\n\t<meta name=\"twitter:label2\" content=\"Tiempo de lectura\" \/>\n\t<meta name=\"twitter:data2\" content=\"7 minutos\" \/>\r\n<script type=\"application\/ld+json\" class=\"yoast-schema-graph\">{\"@context\":\"https:\\\/\\\/schema.org\",\"@graph\":[{\"@type\":\"Article\",\"@id\":\"https:\\\/\\\/www.alasmedios.com\\\/index.php\\\/2026\\\/09\\\/04\\\/declaran-juicio-nulo-al-caso-de-lindsay-clancy\\\/#article\",\"isPartOf\":{\"@id\":\"https:\\\/\\\/www.alasmedios.com\\\/index.php\\\/2026\\\/09\\\/04\\\/declaran-juicio-nulo-al-caso-de-lindsay-clancy\\\/\"},\"author\":{\"name\":\"Keila Rodr\u00edguez Pe\u00f1a\",\"@id\":\"https:\\\/\\\/www.alasmedios.com\\\/#\\\/schema\\\/person\\\/0ba31bdd19a05ebf5c7fef1fedf99c34\"},\"headline\":\"Declaran juicio nulo al caso de Lindsay Clancy\",\"datePublished\":\"2026-09-04T22:52:33+00:00\",\"dateModified\":\"2026-09-04T22:52:37+00:00\",\"mainEntityOfPage\":{\"@id\":\"https:\\\/\\\/www.alasmedios.com\\\/index.php\\\/2026\\\/09\\\/04\\\/declaran-juicio-nulo-al-caso-de-lindsay-clancy\\\/\"},\"wordCount\":1353,\"commentCount\":0,\"publisher\":{\"@id\":\"https:\\\/\\\/www.alasmedios.com\\\/#organization\"},\"image\":{\"@id\":\"https:\\\/\\\/www.alasmedios.com\\\/index.php\\\/2026\\\/09\\\/04\\\/declaran-juicio-nulo-al-caso-de-lindsay-clancy\\\/#primaryimage\"},\"thumbnailUrl\":\"https:\\\/\\\/www.alasmedios.com\\\/wp-content\\\/uploads\\\/2026\\\/09\\\/Lindsay-Clancy.jpg\",\"keywords\":[\"derecho\",\"juicio\",\"Lindsay Clancy\",\"Salud\",\"salud mental materna\"],\"articleSection\":[\"Mundo\",\"Salud y Sexualidad\"],\"inLanguage\":\"es\",\"potentialAction\":[{\"@type\":\"CommentAction\",\"name\":\"Comment\",\"target\":[\"https:\\\/\\\/www.alasmedios.com\\\/index.php\\\/2026\\\/09\\\/04\\\/declaran-juicio-nulo-al-caso-de-lindsay-clancy\\\/#respond\"]}]},{\"@type\":\"WebPage\",\"@id\":\"https:\\\/\\\/www.alasmedios.com\\\/index.php\\\/2026\\\/09\\\/04\\\/declaran-juicio-nulo-al-caso-de-lindsay-clancy\\\/\",\"url\":\"https:\\\/\\\/www.alasmedios.com\\\/index.php\\\/2026\\\/09\\\/04\\\/declaran-juicio-nulo-al-caso-de-lindsay-clancy\\\/\",\"name\":\"Declaran juicio nulo al caso de Lindsay Clancy\",\"isPartOf\":{\"@id\":\"https:\\\/\\\/www.alasmedios.com\\\/#website\"},\"primaryImageOfPage\":{\"@id\":\"https:\\\/\\\/www.alasmedios.com\\\/index.php\\\/2026\\\/09\\\/04\\\/declaran-juicio-nulo-al-caso-de-lindsay-clancy\\\/#primaryimage\"},\"image\":{\"@id\":\"https:\\\/\\\/www.alasmedios.com\\\/index.php\\\/2026\\\/09\\\/04\\\/declaran-juicio-nulo-al-caso-de-lindsay-clancy\\\/#primaryimage\"},\"thumbnailUrl\":\"https:\\\/\\\/www.alasmedios.com\\\/wp-content\\\/uploads\\\/2026\\\/09\\\/Lindsay-Clancy.jpg\",\"datePublished\":\"2026-09-04T22:52:33+00:00\",\"dateModified\":\"2026-09-04T22:52:37+00:00\",\"description\":\"Luego de que el jurado no pudiese llegar a un veredicto un\u00e1nime sobre el caso de Lindsay Clancy, el juicio fue declarado nulo\",\"breadcrumb\":{\"@id\":\"https:\\\/\\\/www.alasmedios.com\\\/index.php\\\/2026\\\/09\\\/04\\\/declaran-juicio-nulo-al-caso-de-lindsay-clancy\\\/#breadcrumb\"},\"inLanguage\":\"es\",\"potentialAction\":[{\"@type\":\"ReadAction\",\"target\":[\"https:\\\/\\\/www.alasmedios.com\\\/index.php\\\/2026\\\/09\\\/04\\\/declaran-juicio-nulo-al-caso-de-lindsay-clancy\\\/\"]}]},{\"@type\":\"ImageObject\",\"inLanguage\":\"es\",\"@id\":\"https:\\\/\\\/www.alasmedios.com\\\/index.php\\\/2026\\\/09\\\/04\\\/declaran-juicio-nulo-al-caso-de-lindsay-clancy\\\/#primaryimage\",\"url\":\"https:\\\/\\\/www.alasmedios.com\\\/wp-content\\\/uploads\\\/2026\\\/09\\\/Lindsay-Clancy.jpg\",\"contentUrl\":\"https:\\\/\\\/www.alasmedios.com\\\/wp-content\\\/uploads\\\/2026\\\/09\\\/Lindsay-Clancy.jpg\",\"width\":660,\"height\":371},{\"@type\":\"BreadcrumbList\",\"@id\":\"https:\\\/\\\/www.alasmedios.com\\\/index.php\\\/2026\\\/09\\\/04\\\/declaran-juicio-nulo-al-caso-de-lindsay-clancy\\\/#breadcrumb\",\"itemListElement\":[{\"@type\":\"ListItem\",\"position\":1,\"name\":\"Inicio\",\"item\":\"https:\\\/\\\/www.alasmedios.com\\\/\"},{\"@type\":\"ListItem\",\"position\":2,\"name\":\"Declaran juicio nulo al caso de Lindsay Clancy\"}]},{\"@type\":\"WebSite\",\"@id\":\"https:\\\/\\\/www.alasmedios.com\\\/#website\",\"url\":\"https:\\\/\\\/www.alasmedios.com\\\/\",\"name\":\"Alas Medios\",\"description\":\"Alas para pensar, Alas para volar, Alas de libertad\",\"publisher\":{\"@id\":\"https:\\\/\\\/www.alasmedios.com\\\/#organization\"},\"potentialAction\":[{\"@type\":\"SearchAction\",\"target\":{\"@type\":\"EntryPoint\",\"urlTemplate\":\"https:\\\/\\\/www.alasmedios.com\\\/?s={search_term_string}\"},\"query-input\":{\"@type\":\"PropertyValueSpecification\",\"valueRequired\":true,\"valueName\":\"search_term_string\"}}],\"inLanguage\":\"es\"},{\"@type\":\"Organization\",\"@id\":\"https:\\\/\\\/www.alasmedios.com\\\/#organization\",\"name\":\"Alas Medios\",\"url\":\"https:\\\/\\\/www.alasmedios.com\\\/\",\"logo\":{\"@type\":\"ImageObject\",\"inLanguage\":\"es\",\"@id\":\"https:\\\/\\\/www.alasmedios.com\\\/#\\\/schema\\\/logo\\\/image\\\/\",\"url\":\"https:\\\/\\\/www.alasmedios.com\\\/wp-content\\\/uploads\\\/2026\\\/01\\\/cropped-cropped-GAM-1.png\",\"contentUrl\":\"https:\\\/\\\/www.alasmedios.com\\\/wp-content\\\/uploads\\\/2026\\\/01\\\/cropped-cropped-GAM-1.png\",\"width\":467,\"height\":235,\"caption\":\"Alas Medios\"},\"image\":{\"@id\":\"https:\\\/\\\/www.alasmedios.com\\\/#\\\/schema\\\/logo\\\/image\\\/\"}},{\"@type\":\"Person\",\"@id\":\"https:\\\/\\\/www.alasmedios.com\\\/#\\\/schema\\\/person\\\/0ba31bdd19a05ebf5c7fef1fedf99c34\",\"name\":\"Keila Rodr\u00edguez Pe\u00f1a\",\"image\":{\"@type\":\"ImageObject\",\"inLanguage\":\"es\",\"@id\":\"https:\\\/\\\/secure.gravatar.com\\\/avatar\\\/a2553a2bfaa601b9d539b617c8793e151bdffb60f9e48a249912f86d4c9ebeef?s=96&d=mm&r=g\",\"url\":\"https:\\\/\\\/secure.gravatar.com\\\/avatar\\\/a2553a2bfaa601b9d539b617c8793e151bdffb60f9e48a249912f86d4c9ebeef?s=96&d=mm&r=g\",\"contentUrl\":\"https:\\\/\\\/secure.gravatar.com\\\/avatar\\\/a2553a2bfaa601b9d539b617c8793e151bdffb60f9e48a249912f86d4c9ebeef?s=96&d=mm&r=g\",\"caption\":\"Keila Rodr\u00edguez Pe\u00f1a\"},\"sameAs\":[\"http:\\\/\\\/www.alasmedios.com\"],\"url\":\"https:\\\/\\\/www.alasmedios.com\\\/index.php\\\/author\\\/keila\\\/\"}]}<\/script>\r\n<!-- \/ Yoast SEO plugin. -->","yoast_head_json":{"title":"Declaran juicio nulo al caso de Lindsay Clancy","description":"Luego de que el jurado no pudiese llegar a un veredicto un\u00e1nime sobre el caso de Lindsay Clancy, el juicio fue declarado nulo","robots":{"index":"index","follow":"follow","max-snippet":"max-snippet:-1","max-image-preview":"max-image-preview:large","max-video-preview":"max-video-preview:-1"},"canonical":"https:\/\/www.alasmedios.com\/index.php\/2026\/09\/04\/declaran-juicio-nulo-al-caso-de-lindsay-clancy\/","og_locale":"es_MX","og_type":"article","og_title":"Declaran juicio nulo al caso de Lindsay Clancy","og_description":"Luego de que el jurado no pudiese llegar a un veredicto un\u00e1nime sobre el caso de Lindsay Clancy, el juicio fue declarado nulo","og_url":"https:\/\/www.alasmedios.com\/index.php\/2026\/09\/04\/declaran-juicio-nulo-al-caso-de-lindsay-clancy\/","og_site_name":"Alas Medios","article_published_time":"2026-09-04T22:52:33+00:00","article_modified_time":"2026-09-04T22:52:37+00:00","og_image":[{"width":660,"height":371,"url":"https:\/\/www.alasmedios.com\/wp-content\/uploads\/2026\/09\/Lindsay-Clancy.jpg","type":"image\/jpeg"}],"author":"Keila Rodr\u00edguez Pe\u00f1a","twitter_card":"summary_large_image","twitter_misc":{"Escrito por":"Keila Rodr\u00edguez Pe\u00f1a","Tiempo de lectura":"7 minutos"},"schema":{"@context":"https:\/\/schema.org","@graph":[{"@type":"Article","@id":"https:\/\/www.alasmedios.com\/index.php\/2026\/09\/04\/declaran-juicio-nulo-al-caso-de-lindsay-clancy\/#article","isPartOf":{"@id":"https:\/\/www.alasmedios.com\/index.php\/2026\/09\/04\/declaran-juicio-nulo-al-caso-de-lindsay-clancy\/"},"author":{"name":"Keila Rodr\u00edguez Pe\u00f1a","@id":"https:\/\/www.alasmedios.com\/#\/schema\/person\/0ba31bdd19a05ebf5c7fef1fedf99c34"},"headline":"Declaran juicio nulo al caso de Lindsay Clancy","datePublished":"2026-09-04T22:52:33+00:00","dateModified":"2026-09-04T22:52:37+00:00","mainEntityOfPage":{"@id":"https:\/\/www.alasmedios.com\/index.php\/2026\/09\/04\/declaran-juicio-nulo-al-caso-de-lindsay-clancy\/"},"wordCount":1353,"commentCount":0,"publisher":{"@id":"https:\/\/www.alasmedios.com\/#organization"},"image":{"@id":"https:\/\/www.alasmedios.com\/index.php\/2026\/09\/04\/declaran-juicio-nulo-al-caso-de-lindsay-clancy\/#primaryimage"},"thumbnailUrl":"https:\/\/www.alasmedios.com\/wp-content\/uploads\/2026\/09\/Lindsay-Clancy.jpg","keywords":["derecho","juicio","Lindsay Clancy","Salud","salud mental materna"],"articleSection":["Mundo","Salud y Sexualidad"],"inLanguage":"es","potentialAction":[{"@type":"CommentAction","name":"Comment","target":["https:\/\/www.alasmedios.com\/index.php\/2026\/09\/04\/declaran-juicio-nulo-al-caso-de-lindsay-clancy\/#respond"]}]},{"@type":"WebPage","@id":"https:\/\/www.alasmedios.com\/index.php\/2026\/09\/04\/declaran-juicio-nulo-al-caso-de-lindsay-clancy\/","url":"https:\/\/www.alasmedios.com\/index.php\/2026\/09\/04\/declaran-juicio-nulo-al-caso-de-lindsay-clancy\/","name":"Declaran juicio nulo al caso de Lindsay Clancy","isPartOf":{"@id":"https:\/\/www.alasmedios.com\/#website"},"primaryImageOfPage":{"@id":"https:\/\/www.alasmedios.com\/index.php\/2026\/09\/04\/declaran-juicio-nulo-al-caso-de-lindsay-clancy\/#primaryimage"},"image":{"@id":"https:\/\/www.alasmedios.com\/index.php\/2026\/09\/04\/declaran-juicio-nulo-al-caso-de-lindsay-clancy\/#primaryimage"},"thumbnailUrl":"https:\/\/www.alasmedios.com\/wp-content\/uploads\/2026\/09\/Lindsay-Clancy.jpg","datePublished":"2026-09-04T22:52:33+00:00","dateModified":"2026-09-04T22:52:37+00:00","description":"Luego de que el jurado no pudiese llegar a un veredicto un\u00e1nime sobre el caso de Lindsay Clancy, el juicio fue declarado nulo","breadcrumb":{"@id":"https:\/\/www.alasmedios.com\/index.php\/2026\/09\/04\/declaran-juicio-nulo-al-caso-de-lindsay-clancy\/#breadcrumb"},"inLanguage":"es","potentialAction":[{"@type":"ReadAction","target":["https:\/\/www.alasmedios.com\/index.php\/2026\/09\/04\/declaran-juicio-nulo-al-caso-de-lindsay-clancy\/"]}]},{"@type":"ImageObject","inLanguage":"es","@id":"https:\/\/www.alasmedios.com\/index.php\/2026\/09\/04\/declaran-juicio-nulo-al-caso-de-lindsay-clancy\/#primaryimage","url":"https:\/\/www.alasmedios.com\/wp-content\/uploads\/2026\/09\/Lindsay-Clancy.jpg","contentUrl":"https:\/\/www.alasmedios.com\/wp-content\/uploads\/2026\/09\/Lindsay-Clancy.jpg","width":660,"height":371},{"@type":"BreadcrumbList","@id":"https:\/\/www.alasmedios.com\/index.php\/2026\/09\/04\/declaran-juicio-nulo-al-caso-de-lindsay-clancy\/#breadcrumb","itemListElement":[{"@type":"ListItem","position":1,"name":"Inicio","item":"https:\/\/www.alasmedios.com\/"},{"@type":"ListItem","position":2,"name":"Declaran juicio nulo al caso de Lindsay Clancy"}]},{"@type":"WebSite","@id":"https:\/\/www.alasmedios.com\/#website","url":"https:\/\/www.alasmedios.com\/","name":"Alas Medios","description":"Alas para pensar, Alas para volar, Alas de libertad","publisher":{"@id":"https:\/\/www.alasmedios.com\/#organization"},"potentialAction":[{"@type":"SearchAction","target":{"@type":"EntryPoint","urlTemplate":"https:\/\/www.alasmedios.com\/?s={search_term_string}"},"query-input":{"@type":"PropertyValueSpecification","valueRequired":true,"valueName":"search_term_string"}}],"inLanguage":"es"},{"@type":"Organization","@id":"https:\/\/www.alasmedios.com\/#organization","name":"Alas Medios","url":"https:\/\/www.alasmedios.com\/","logo":{"@type":"ImageObject","inLanguage":"es","@id":"https:\/\/www.alasmedios.com\/#\/schema\/logo\/image\/","url":"https:\/\/www.alasmedios.com\/wp-content\/uploads\/2026\/01\/cropped-cropped-GAM-1.png","contentUrl":"https:\/\/www.alasmedios.com\/wp-content\/uploads\/2026\/01\/cropped-cropped-GAM-1.png","width":467,"height":235,"caption":"Alas Medios"},"image":{"@id":"https:\/\/www.alasmedios.com\/#\/schema\/logo\/image\/"}},{"@type":"Person","@id":"https:\/\/www.alasmedios.com\/#\/schema\/person\/0ba31bdd19a05ebf5c7fef1fedf99c34","name":"Keila Rodr\u00edguez Pe\u00f1a","image":{"@type":"ImageObject","inLanguage":"es","@id":"https:\/\/secure.gravatar.com\/avatar\/a2553a2bfaa601b9d539b617c8793e151bdffb60f9e48a249912f86d4c9ebeef?s=96&d=mm&r=g","url":"https:\/\/secure.gravatar.com\/avatar\/a2553a2bfaa601b9d539b617c8793e151bdffb60f9e48a249912f86d4c9ebeef?s=96&d=mm&r=g","contentUrl":"https:\/\/secure.gravatar.com\/avatar\/a2553a2bfaa601b9d539b617c8793e151bdffb60f9e48a249912f86d4c9ebeef?s=96&d=mm&r=g","caption":"Keila Rodr\u00edguez Pe\u00f1a"},"sameAs":["https:\/\/www.alasmedios.com"],"url":"https:\/\/www.alasmedios.com\/index.php\/author\/keila\/"}]}},"_links":{"self":[{"href":"https:\/\/www.alasmedios.com\/index.php\/wp-json\/wp\/v2\/posts\/12671","targetHints":{"allow":["GET"]}}],"collection":[{"href":"https:\/\/www.alasmedios.com\/index.php\/wp-json\/wp\/v2\/posts"}],"about":[{"href":"https:\/\/www.alasmedios.com\/index.php\/wp-json\/wp\/v2\/types\/post"}],"author":[{"embeddable":true,"href":"https:\/\/www.alasmedios.com\/index.php\/wp-json\/wp\/v2\/users\/4"}],"replies":[{"embeddable":true,"href":"https:\/\/www.alasmedios.com\/index.php\/wp-json\/wp\/v2\/comments?post=12671"}],"version-history":[{"count":2,"href":"https:\/\/www.alasmedios.com\/index.php\/wp-json\/wp\/v2\/posts\/12671\/revisions"}],"predecessor-version":[{"id":12680,"href":"https:\/\/www.alasmedios.com\/index.php\/wp-json\/wp\/v2\/posts\/12671\/revisions\/12680"}],"wp:featuredmedia":[{"embeddable":true,"href":"https:\/\/www.alasmedios.com\/index.php\/wp-json\/wp\/v2\/media\/12674"}],"wp:attachment":[{"href":"https:\/\/www.alasmedios.com\/index.php\/wp-json\/wp\/v2\/media?parent=12671"}],"wp:term":[{"taxonomy":"category","embeddable":true,"href":"https:\/\/www.alasmedios.com\/index.php\/wp-json\/wp\/v2\/categories?post=12671"},{"taxonomy":"post_tag","embeddable":true,"href":"https:\/\/www.alasmedios.com\/index.php\/wp-json\/wp\/v2\/tags?post=12671"}],"curies":[{"name":"wp","href":"https:\/\/api.w.org\/{rel}","templated":true}]}}