{"id":12665,"date":"2026-09-04T14:05:06","date_gmt":"2026-09-04T20:05:06","guid":{"rendered":"https:\/\/www.alasmedios.com\/?p=12665"},"modified":"2026-09-04T14:05:10","modified_gmt":"2026-09-04T20:05:10","slug":"cuatro-anos-en-hidalgo-menchaca-rinde-informe-de-gobierno","status":"publish","type":"post","link":"https:\/\/www.alasmedios.com\/index.php\/2026\/09\/04\/cuatro-anos-en-hidalgo-menchaca-rinde-informe-de-gobierno\/","title":{"rendered":"Cuatro a\u00f1os en Hidalgo: Menchaca rinde informe de gobierno"},"content":{"rendered":"\n<p class=\"wp-block-paragraph\">El gobernador de <strong>Hidalgo<\/strong>, <strong>Julio Menchaca<\/strong> rindi\u00f3 su <strong>4\u00b0 Informe de Gobierno,<\/strong> entre&nbsp;obras, cifras y proyectos para los pr\u00f3ximos dos a\u00f1os.<\/p>\n\n\n\n<p class=\"wp-block-paragraph\"><strong>Julio Menchaca Salazar<\/strong> present\u00f3 este viernes su <strong>cuarto informe de gobierno<\/strong> en el Recinto Ferial de Pachuca, donde hizo un balance de los primeros cuatro a\u00f1os de su administraci\u00f3n y adelant\u00f3 proyectos que marcar\u00e1n los dos a\u00f1os restantes de su mandato.<\/p>\n\n\n\n<p class=\"wp-block-paragraph\">El acto comenz\u00f3 con la <strong>proyecci\u00f3n de un video sobre las principales obras y proyectos realizados durante la administraci\u00f3n<\/strong>, para posteriormente dar paso al mensaje del gobernador, quien destac\u00f3 indicadores econ\u00f3micos, inversiones y acciones de infraestructura.<\/p>\n\n\n\n<p class=\"wp-block-paragraph\">CONTIN\u00daA LEYENDO: <a href=\"https:\/\/www.alasmedios.com\/index.php\/2026\/09\/04\/ya-tienes-plan-la-ful-2026-te-espera-con-libros-cultura-y-551-actividades\/\" data-type=\"post\" data-id=\"12657\">\u00bfYa tienes plan? La FUL 2026 te espera con libros, cultura y 551 actividades<\/a><\/p>\n\n\n\n<p class=\"wp-block-paragraph\">En representaci\u00f3n de la presidenta <strong>Claudia Sheinbaum<\/strong>, acudi\u00f3 <strong>Claudia Curiel de Icaza<\/strong>, secretaria de Cultura del Gobierno de M\u00e9xico. Su presencia puso de manifiesto la coordinaci\u00f3n entre los gobiernos estatal y federal, particularmente en proyectos como el <strong>tren AIFA-Pachuca<\/strong>, obras carreteras y otras inversiones previstas para Hidalgo.<\/p>\n\n\n\n<h3 class=\"wp-block-heading\"><strong>Obras que apuntan a los pr\u00f3ximos dos a\u00f1os<\/strong><\/h3>\n\n\n\n<p class=\"wp-block-paragraph\">Uno de los puntos centrales del mensaje fueron los proyectos de infraestructura que, de concretarse, modificar\u00edan algunos de los principales corredores viales de la entidad.<\/p>\n\n\n\n<figure class=\"wp-block-image size-large\"><img loading=\"lazy\" decoding=\"async\" width=\"1024\" height=\"770\" src=\"https:\/\/www.alasmedios.com\/wp-content\/uploads\/2026\/09\/Hidalgo-Julio-Menchaca-4\u00b0-Informe-de-Gobierno-2-1024x770.jpeg\" alt=\"\" class=\"wp-image-12667\" srcset=\"https:\/\/www.alasmedios.com\/wp-content\/uploads\/2026\/09\/Hidalgo-Julio-Menchaca-4\u00b0-Informe-de-Gobierno-2-1024x770.jpeg 1024w, https:\/\/www.alasmedios.com\/wp-content\/uploads\/2026\/09\/Hidalgo-Julio-Menchaca-4\u00b0-Informe-de-Gobierno-2-300x225.jpeg 300w, https:\/\/www.alasmedios.com\/wp-content\/uploads\/2026\/09\/Hidalgo-Julio-Menchaca-4\u00b0-Informe-de-Gobierno-2-767x577.jpeg 767w, https:\/\/www.alasmedios.com\/wp-content\/uploads\/2026\/09\/Hidalgo-Julio-Menchaca-4\u00b0-Informe-de-Gobierno-2.jpeg 1280w\" sizes=\"auto, (max-width: 1024px) 100vw, 1024px\" \/><figcaption class=\"wp-element-caption\">Foto: A\u00edda Su\u00e1rez Ch\u00e1vez<\/figcaption><\/figure>\n\n\n\n<p class=\"wp-block-paragraph\">En <strong>Pachuca<\/strong>, Menchaca anunci\u00f3 la continuaci\u00f3n de la <strong>pavimentaci\u00f3n del R\u00edo de las Avenidas hacia el bulevar Las Torres<\/strong>, con la intenci\u00f3n de generar una v\u00eda alterna al bulevar Felipe \u00c1ngeles y facilitar la circulaci\u00f3n hacia el sur de la capital.<\/p>\n\n\n\n<p class=\"wp-block-paragraph\">Tambi\u00e9n plante\u00f3 la <strong>ampliaci\u00f3n a ocho carriles de la carretera M\u00e9xico-Pachuca desde T\u00e9llez<\/strong>, adem\u00e1s de la pavimentaci\u00f3n y ampliaci\u00f3n del tramo <strong>Actopan-Atotonilco El Grande<\/strong>.<\/p>\n\n\n\n<p class=\"wp-block-paragraph\">TE PUEDE INTERESAR: <a href=\"https:\/\/www.alasmedios.com\/index.php\/2026\/09\/04\/policia-auxiliar-de-puebla-aplica-mas-de-mil-300-pruebas-toxicologicas-a-sus-guardias\/\" data-type=\"post\" data-id=\"12652\">Polic\u00eda Auxiliar de Puebla aplica m\u00e1s de mil 300 pruebas toxicol\u00f3gicas a sus guardias<\/a><\/p>\n\n\n\n<p class=\"wp-block-paragraph\">Estos proyectos se suman a una agenda de infraestructura que tendr\u00e1 como uno de sus principales retos pasar de los anuncios a la ejecuci\u00f3n y concluir las obras dentro del periodo restante de la administraci\u00f3n.<\/p>\n\n\n\n<h3 class=\"wp-block-heading\"><strong>Econom\u00eda, deuda y apoyo tras las lluvias<\/strong><\/h3>\n\n\n\n<p class=\"wp-block-paragraph\">Durante su exposici\u00f3n, el gobernador asegur\u00f3 que <strong>Hidalgo ocupa el primer lugar nacional en crecimiento econ\u00f3mico y el segundo en crecimiento industrial<\/strong>, adem\u00e1s de se\u00f1alar que la entidad se encuentra entre los estados con <strong>menor nivel de endeudamiento del pa\u00eds<\/strong>.<\/p>\n\n\n\n<figure class=\"wp-block-image size-large\"><img loading=\"lazy\" decoding=\"async\" width=\"1024\" height=\"770\" src=\"https:\/\/www.alasmedios.com\/wp-content\/uploads\/2026\/09\/medios-Hidalgo-Julio-Menchaca-4\u00b0-Informe-de-Gobierno-1024x770.jpeg\" alt=\"\" class=\"wp-image-12668\" srcset=\"https:\/\/www.alasmedios.com\/wp-content\/uploads\/2026\/09\/medios-Hidalgo-Julio-Menchaca-4\u00b0-Informe-de-Gobierno-1024x770.jpeg 1024w, https:\/\/www.alasmedios.com\/wp-content\/uploads\/2026\/09\/medios-Hidalgo-Julio-Menchaca-4\u00b0-Informe-de-Gobierno-300x225.jpeg 300w, https:\/\/www.alasmedios.com\/wp-content\/uploads\/2026\/09\/medios-Hidalgo-Julio-Menchaca-4\u00b0-Informe-de-Gobierno-767x577.jpeg 767w, https:\/\/www.alasmedios.com\/wp-content\/uploads\/2026\/09\/medios-Hidalgo-Julio-Menchaca-4\u00b0-Informe-de-Gobierno.jpeg 1280w\" sizes=\"auto, (max-width: 1024px) 100vw, 1024px\" \/><figcaption class=\"wp-element-caption\">Foto: A\u00edda Su\u00e1rez Ch\u00e1vez<\/figcaption><\/figure>\n\n\n\n<p class=\"wp-block-paragraph\">Otro de los anuncios relacionados con la entidad fue el apoyo que, de acuerdo con lo informado durante el acto, otorgar\u00e1 el gobierno federal a personas afectadas por la <strong>vaguada monz\u00f3nica<\/strong>, con una bolsa de <strong>874 millones de pesos<\/strong>, recursos que ser\u00e1n entregados por la administraci\u00f3n de <strong>Claudia Sheinbaum<\/strong>.<\/p>\n\n\n\n<h3 class=\"wp-block-heading\"><strong>Un informe acompa\u00f1ado por respaldo pol\u00edtico y social<\/strong><\/h3>\n\n\n\n<p class=\"wp-block-paragraph\">La presentaci\u00f3n del cuarto informe reuni\u00f3 a funcionarios, legisladores, dirigentes pol\u00edticos y representantes de distintos sectores.<\/p>\n\n\n\n<p class=\"wp-block-paragraph\">LEE: <a href=\"https:\/\/www.alasmedios.com\/index.php\/2026\/09\/03\/tuzas-buscan-volver-al-triunfo-ante-xolas\/\" data-type=\"post\" data-id=\"12643\">Tuzas buscan volver al triunfo ante Xolas<\/a><\/p>\n\n\n\n<p class=\"wp-block-paragraph\">Entre los asistentes estuvieron los exgobernadores <strong>Francisco Olvera Ruiz<\/strong> y <strong>Manuel \u00c1ngel N\u00fa\u00f1ez Soto<\/strong>, ambos exmandatarios de extracci\u00f3n priista. Tambi\u00e9n acudieron la jefa de Gobierno de la Ciudad de M\u00e9xico, <strong>Clara Brugada<\/strong>; los senadores por Hidalgo <strong>Simey Olvera<\/strong> y <strong>Cuauht\u00e9moc Ochoa<\/strong>, adem\u00e1s de <strong>Pedro Haces<\/strong>, dirigente de la Confederaci\u00f3n Aut\u00f3noma de Trabajadores y Empleados de M\u00e9xico (CATEM).<\/p>\n\n\n\n<p class=\"wp-block-paragraph\">Al recinto llegaron igualmente <strong>legisladores locales y federales, dirigentes partidistas, integrantes del gabinete estatal y servidores p\u00fablicos<\/strong>.<\/p>\n\n\n\n<iframe loading=\"lazy\" src=\"https:\/\/www.facebook.com\/plugins\/video.php?height=315&#038;href=https%3A%2F%2Fwww.facebook.com%2Freel%2F1754383772471483%2F&#038;show_text=false&#038;width=560&#038;t=0\" width=\"560\" height=\"315\" style=\"border:none;overflow:hidden\" scrolling=\"no\" frameborder=\"0\" allowfullscreen=\"true\" allow=\"autoplay; clipboard-write; encrypted-media; picture-in-picture; web-share\" allowFullScreen=\"true\"><\/iframe>\n\n\n\n<p class=\"wp-block-paragraph\">Antes del inicio del informe, la llegada del gobernador estuvo acompa\u00f1ada por <strong>porras, m\u00fasica, banderas y contingentes provenientes de diferentes regiones de Hidalgo<\/strong>. Organizaciones sociales, agrarias, transportistas y civiles se concentraron en las inmediaciones del Recinto Ferial.<\/p>\n\n\n\n<p class=\"wp-block-paragraph\">Entre los grupos presentes estuvieron representantes de <strong>Transportes del Valle, la Unidad de Transportistas Hidalguense por la Transformaci\u00f3n, el Sindicato Felipe \u00c1ngeles y el Sindicato Nacional Luis Donaldo Colosio<\/strong>, con delegaciones procedentes de municipios como <strong>Pachuca, Alfajayucan, Tlaxcoapan y Tizayuca<\/strong>.<\/p>\n\n\n\n<p class=\"wp-block-paragraph\">CONTIN\u00daA LEYENDO: <a href=\"https:\/\/www.alasmedios.com\/index.php\/2026\/09\/03\/gobierno-de-hidalgo-promueve-la-cultura-testamentaria-iaameh-adultos-mayores\/\" data-type=\"post\" data-id=\"12636\">Mes del Testamento en Hidalgo: IAAMEH dar\u00e1 asesor\u00eda a adultos mayores para proteger su patrimonio<\/a><\/p>\n\n\n\n<p class=\"wp-block-paragraph\">La presencia de organizaciones agrarias tambi\u00e9n marc\u00f3 la jornada, con integrantes de la <strong>Uni\u00f3n de Cebaderos del Altiplano Hidalguense<\/strong> y ejidatarios de <strong>Epazoyucan, Zempoala, Actopan, San Agust\u00edn Tlaxiaca y El Arenal<\/strong>.<\/p>\n\n\n\n<h3 class=\"wp-block-heading\"><strong>Mil 460 d\u00edas y dos a\u00f1os por delante<\/strong><\/h3>\n\n\n\n<p class=\"wp-block-paragraph\">A cuatro a\u00f1os del inicio de la administraci\u00f3n, el balance presentado por Menchaca incluy\u00f3 <strong>programas sociales, apoyos para adultos mayores, mujeres, artesanas y artesanos, as\u00ed como obras y servicios en comunidades<\/strong>.<\/p>\n\n\n\n<figure class=\"wp-block-image size-large\"><img loading=\"lazy\" decoding=\"async\" width=\"1024\" height=\"770\" src=\"https:\/\/www.alasmedios.com\/wp-content\/uploads\/2026\/09\/Hidalgo-Julio-Menchaca-4\u00b0-Informe-de-Gobierno-2-2-1024x770.jpeg\" alt=\"\" class=\"wp-image-12669\" srcset=\"https:\/\/www.alasmedios.com\/wp-content\/uploads\/2026\/09\/Hidalgo-Julio-Menchaca-4\u00b0-Informe-de-Gobierno-2-2-1024x770.jpeg 1024w, https:\/\/www.alasmedios.com\/wp-content\/uploads\/2026\/09\/Hidalgo-Julio-Menchaca-4\u00b0-Informe-de-Gobierno-2-2-300x225.jpeg 300w, https:\/\/www.alasmedios.com\/wp-content\/uploads\/2026\/09\/Hidalgo-Julio-Menchaca-4\u00b0-Informe-de-Gobierno-2-2-767x577.jpeg 767w, https:\/\/www.alasmedios.com\/wp-content\/uploads\/2026\/09\/Hidalgo-Julio-Menchaca-4\u00b0-Informe-de-Gobierno-2-2.jpeg 1280w\" sizes=\"auto, (max-width: 1024px) 100vw, 1024px\" \/><figcaption class=\"wp-element-caption\">Foto: A\u00edda Su\u00e1rez Ch\u00e1vez<\/figcaption><\/figure>\n\n\n\n<p class=\"wp-block-paragraph\">El informe, sin embargo, no solo funcion\u00f3 como un recuento del periodo transcurrido. Los anuncios realizados durante el mensaje colocaron el foco en los <strong>dos a\u00f1os restantes de gobierno<\/strong>, particularmente en materia de movilidad, infraestructura carretera y desarrollo econ\u00f3mico.<\/p>\n\n\n\n<p class=\"wp-block-paragraph\">Con el lema <strong>\u201cHidalgo, potencia en marcha\u201d<\/strong>, el gobernador cerr\u00f3 una jornada marcada por la presencia de funcionarios, representantes pol\u00edticos y contingentes ciudadanos, mientras su administraci\u00f3n entra en la segunda mitad de su periodo con una agenda que ahora deber\u00e1 medirse no solo por las cifras presentadas, sino por <strong>las obras anunciadas, sus tiempos de ejecuci\u00f3n y el impacto que tengan en la vida cotidiana de los hidalguenses<\/strong>.<\/p>\n\n\n<ul class=\"wp-block-latest-posts__list is-grid columns-3 wp-block-latest-posts is-layout-grid wp-container-core-latest-posts-is-layout-cda6dc4f wp-block-latest-posts-is-layout-grid\"><li><div class=\"wp-block-latest-posts__featured-image\"><img loading=\"lazy\" decoding=\"async\" width=\"150\" height=\"150\" src=\"https:\/\/www.alasmedios.com\/wp-content\/uploads\/2026\/09\/Lindsay-Clancy-150x150.jpg\" class=\"attachment-thumbnail size-thumbnail wp-post-image\" alt=\"\" style=\"\" \/><\/div><a class=\"wp-block-latest-posts__post-title\" href=\"https:\/\/www.alasmedios.com\/index.php\/2026\/09\/04\/declaran-juicio-nulo-al-caso-de-lindsay-clancy\/\">Declaran juicio nulo al caso de Lindsay Clancy<\/a><\/li>\n<li><div class=\"wp-block-latest-posts__featured-image\"><img loading=\"lazy\" decoding=\"async\" width=\"150\" height=\"150\" src=\"https:\/\/www.alasmedios.com\/wp-content\/uploads\/2026\/09\/Hidalgo-Julio-Menchaca-4\u00b0-Informe-de-Gobierno-150x150.jpeg\" class=\"attachment-thumbnail size-thumbnail wp-post-image\" alt=\"\" style=\"\" \/><\/div><a class=\"wp-block-latest-posts__post-title\" href=\"https:\/\/www.alasmedios.com\/index.php\/2026\/09\/04\/cuatro-anos-en-hidalgo-menchaca-rinde-informe-de-gobierno\/\">Cuatro a\u00f1os en Hidalgo: Menchaca rinde informe de gobierno<\/a><\/li>\n<li><div class=\"wp-block-latest-posts__featured-image\"><img loading=\"lazy\" decoding=\"async\" width=\"150\" height=\"150\" src=\"https:\/\/www.alasmedios.com\/wp-content\/uploads\/2026\/09\/FUL-2026-de-la-UAEH-150x150.jpeg\" class=\"attachment-thumbnail size-thumbnail wp-post-image\" alt=\"\" style=\"\" \/><\/div><a class=\"wp-block-latest-posts__post-title\" href=\"https:\/\/www.alasmedios.com\/index.php\/2026\/09\/04\/ya-tienes-plan-la-ful-2026-te-espera-con-libros-cultura-y-551-actividades\/\">\u00bfYa tienes plan? La FUL 2026 te espera con libros, cultura y 551 actividades<\/a><\/li>\n<\/ul>","protected":false},"excerpt":{"rendered":"<p>El gobernador de Hidalgo, Julio Menchaca rindi\u00f3 su 4\u00b0 Informe de Gobierno, entre&nbsp;obras, cifras y proyectos para los pr\u00f3ximos dos<\/p>\n","protected":false},"author":13,"featured_media":12666,"comment_status":"open","ping_status":"open","sticky":false,"template":"","format":"standard","meta":{"colormag_page_container_layout":"default_layout","colormag_page_sidebar_layout":"default_layout","rop_custom_images_group":[],"rop_custom_messages_group":[],"rop_publish_now":"yes","rop_publish_now_accounts":[],"rop_publish_now_history":[],"rop_publish_now_status":"pending","iawp_total_views":0,"footnotes":""},"categories":[41],"tags":[99,565,479],"class_list":["post-12665","post","type-post","status-publish","format-standard","has-post-thumbnail","hentry","category-hidalgo","tag-hidalgo","tag-informe-de-gobierno","tag-julio-menchaca"],"magazineBlocksPostFeaturedMedia":{"thumbnail":"https:\/\/www.alasmedios.com\/wp-content\/uploads\/2026\/09\/Hidalgo-Julio-Menchaca-4\u00b0-Informe-de-Gobierno-150x150.jpeg","medium":"https:\/\/www.alasmedios.com\/wp-content\/uploads\/2026\/09\/Hidalgo-Julio-Menchaca-4\u00b0-Informe-de-Gobierno-300x169.jpeg","medium_large":"https:\/\/www.alasmedios.com\/wp-content\/uploads\/2026\/09\/Hidalgo-Julio-Menchaca-4\u00b0-Informe-de-Gobierno-768x432.jpeg","large":"https:\/\/www.alasmedios.com\/wp-content\/uploads\/2026\/09\/Hidalgo-Julio-Menchaca-4\u00b0-Informe-de-Gobierno-1024x576.jpeg","1536x1536":"https:\/\/www.alasmedios.com\/wp-content\/uploads\/2026\/09\/Hidalgo-Julio-Menchaca-4\u00b0-Informe-de-Gobierno.jpeg","2048x2048":"https:\/\/www.alasmedios.com\/wp-content\/uploads\/2026\/09\/Hidalgo-Julio-Menchaca-4\u00b0-Informe-de-Gobierno.jpeg","colormag-highlighted-post":"https:\/\/www.alasmedios.com\/wp-content\/uploads\/2026\/09\/Hidalgo-Julio-Menchaca-4\u00b0-Informe-de-Gobierno-392x272.jpeg","colormag-featured-post-medium":"https:\/\/www.alasmedios.com\/wp-content\/uploads\/2026\/09\/Hidalgo-Julio-Menchaca-4\u00b0-Informe-de-Gobierno-390x205.jpeg","colormag-featured-post-small":"https:\/\/www.alasmedios.com\/wp-content\/uploads\/2026\/09\/Hidalgo-Julio-Menchaca-4\u00b0-Informe-de-Gobierno-130x90.jpeg","colormag-featured-image":"https:\/\/www.alasmedios.com\/wp-content\/uploads\/2026\/09\/Hidalgo-Julio-Menchaca-4\u00b0-Informe-de-Gobierno-800x445.jpeg","colormag-default-news":"https:\/\/www.alasmedios.com\/wp-content\/uploads\/2026\/09\/Hidalgo-Julio-Menchaca-4\u00b0-Informe-de-Gobierno-150x150.jpeg","colormag-featured-image-large":"https:\/\/www.alasmedios.com\/wp-content\/uploads\/2026\/09\/Hidalgo-Julio-Menchaca-4\u00b0-Informe-de-Gobierno-1280x600.jpeg"},"magazineBlocksPostAuthor":{"name":"Aida Suarez Chavez","avatar":"https:\/\/secure.gravatar.com\/avatar\/1e950f9ee5af4865e739d258d9de56ca6e6d98551e63cabbcffe14723042895e?s=96&d=mm&r=g"},"magazineBlocksPostCommentsNumber":"0","magazineBlocksPostExcerpt":"El gobernador de Hidalgo, Julio Menchaca rindi\u00f3 su 4\u00b0 Informe de Gobierno, entre&nbsp;obras, cifras y proyectos para los pr\u00f3ximos dos","magazineBlocksPostCategories":["Hidalgo"],"magazineBlocksPostViewCount":36,"magazineBlocksPostReadTime":5,"magazine_blocks_featured_image_url":{"full":["https:\/\/www.alasmedios.com\/wp-content\/uploads\/2026\/09\/Hidalgo-Julio-Menchaca-4\u00b0-Informe-de-Gobierno.jpeg",1280,720,false],"medium":["https:\/\/www.alasmedios.com\/wp-content\/uploads\/2026\/09\/Hidalgo-Julio-Menchaca-4\u00b0-Informe-de-Gobierno-300x169.jpeg",300,169,true],"thumbnail":["https:\/\/www.alasmedios.com\/wp-content\/uploads\/2026\/09\/Hidalgo-Julio-Menchaca-4\u00b0-Informe-de-Gobierno-150x150.jpeg",150,150,true]},"magazine_blocks_author":{"display_name":"Aida Suarez Chavez","author_link":"https:\/\/www.alasmedios.com\/index.php\/author\/aida-suarez-chavez\/"},"magazine_blocks_comment":0,"magazine_blocks_author_image":"https:\/\/secure.gravatar.com\/avatar\/1e950f9ee5af4865e739d258d9de56ca6e6d98551e63cabbcffe14723042895e?s=96&d=mm&r=g","magazine_blocks_category":"<a href=\"#\" class=\"category-link category-link-41\">Hidalgo<\/a>","videoUrl":"","yoast_head":"<!-- This site is optimized with the Yoast SEO plugin v28.4 - https:\/\/yoast.com\/product\/yoast-seo-wordpress\/ -->\r\n<title>Cuatro a\u00f1os en Hidalgo: Menchaca rinde informe de gobierno<\/title>\r\n<meta name=\"description\" content=\"El gobernador de Hidalgo, Julio Menchaca rindi\u00f3 su 4\u00b0 Informe de Gobierno, entre\u00a0obras, cifras y proyectos para los pr\u00f3ximos dos a\u00f1os\" \/>\r\n<meta name=\"robots\" content=\"index, follow, max-snippet:-1, max-image-preview:large, max-video-preview:-1\" \/>\r\n<link rel=\"canonical\" href=\"https:\/\/www.alasmedios.com\/index.php\/2026\/09\/04\/cuatro-anos-en-hidalgo-menchaca-rinde-informe-de-gobierno\/\" \/>\r\n<meta property=\"og:locale\" content=\"es_MX\" \/>\r\n<meta property=\"og:type\" content=\"article\" \/>\r\n<meta property=\"og:title\" content=\"Cuatro a\u00f1os en Hidalgo: Menchaca rinde informe de gobierno\" \/>\r\n<meta property=\"og:description\" content=\"El gobernador de Hidalgo, Julio Menchaca rindi\u00f3 su 4\u00b0 Informe de Gobierno, entre\u00a0obras, cifras y proyectos para los pr\u00f3ximos dos a\u00f1os\" \/>\r\n<meta property=\"og:url\" content=\"https:\/\/www.alasmedios.com\/index.php\/2026\/09\/04\/cuatro-anos-en-hidalgo-menchaca-rinde-informe-de-gobierno\/\" \/>\r\n<meta property=\"og:site_name\" content=\"Alas Medios\" \/>\r\n<meta property=\"article:published_time\" content=\"2026-09-04T20:05:06+00:00\" \/>\r\n<meta property=\"article:modified_time\" content=\"2026-09-04T20:05:10+00:00\" \/>\r\n<meta property=\"og:image\" content=\"https:\/\/www.alasmedios.com\/wp-content\/uploads\/2026\/09\/Hidalgo-Julio-Menchaca-4\u00b0-Informe-de-Gobierno.jpeg\" \/>\r\n\t<meta property=\"og:image:width\" content=\"1280\" \/>\r\n\t<meta property=\"og:image:height\" content=\"720\" \/>\r\n\t<meta property=\"og:image:type\" content=\"image\/jpeg\" \/>\r\n<meta name=\"author\" content=\"Aida Suarez Chavez\" \/>\r\n<meta name=\"twitter:card\" content=\"summary_large_image\" \/>\r\n<meta name=\"twitter:label1\" content=\"Escrito por\" \/>\n\t<meta name=\"twitter:data1\" content=\"Aida Suarez Chavez\" \/>\n\t<meta name=\"twitter:label2\" content=\"Tiempo de lectura\" \/>\n\t<meta name=\"twitter:data2\" content=\"5 minutos\" \/>\r\n<script type=\"application\/ld+json\" class=\"yoast-schema-graph\">{\"@context\":\"https:\\\/\\\/schema.org\",\"@graph\":[{\"@type\":\"Article\",\"@id\":\"https:\\\/\\\/www.alasmedios.com\\\/index.php\\\/2026\\\/09\\\/04\\\/cuatro-anos-en-hidalgo-menchaca-rinde-informe-de-gobierno\\\/#article\",\"isPartOf\":{\"@id\":\"https:\\\/\\\/www.alasmedios.com\\\/index.php\\\/2026\\\/09\\\/04\\\/cuatro-anos-en-hidalgo-menchaca-rinde-informe-de-gobierno\\\/\"},\"author\":{\"name\":\"Aida Suarez Chavez\",\"@id\":\"https:\\\/\\\/www.alasmedios.com\\\/#\\\/schema\\\/person\\\/ce6c32be178bbe3b9d390bb1e8250c41\"},\"headline\":\"Cuatro a\u00f1os en Hidalgo: Menchaca rinde informe de gobierno\",\"datePublished\":\"2026-09-04T20:05:06+00:00\",\"dateModified\":\"2026-09-04T20:05:10+00:00\",\"mainEntityOfPage\":{\"@id\":\"https:\\\/\\\/www.alasmedios.com\\\/index.php\\\/2026\\\/09\\\/04\\\/cuatro-anos-en-hidalgo-menchaca-rinde-informe-de-gobierno\\\/\"},\"wordCount\":885,\"commentCount\":0,\"publisher\":{\"@id\":\"https:\\\/\\\/www.alasmedios.com\\\/#organization\"},\"image\":{\"@id\":\"https:\\\/\\\/www.alasmedios.com\\\/index.php\\\/2026\\\/09\\\/04\\\/cuatro-anos-en-hidalgo-menchaca-rinde-informe-de-gobierno\\\/#primaryimage\"},\"thumbnailUrl\":\"https:\\\/\\\/www.alasmedios.com\\\/wp-content\\\/uploads\\\/2026\\\/09\\\/Hidalgo-Julio-Menchaca-4\u00b0-Informe-de-Gobierno.jpeg\",\"keywords\":[\"Hidalgo\",\"informe de gobierno\",\"Julio Menchaca\"],\"articleSection\":[\"Hidalgo\"],\"inLanguage\":\"es\",\"potentialAction\":[{\"@type\":\"CommentAction\",\"name\":\"Comment\",\"target\":[\"https:\\\/\\\/www.alasmedios.com\\\/index.php\\\/2026\\\/09\\\/04\\\/cuatro-anos-en-hidalgo-menchaca-rinde-informe-de-gobierno\\\/#respond\"]}]},{\"@type\":\"WebPage\",\"@id\":\"https:\\\/\\\/www.alasmedios.com\\\/index.php\\\/2026\\\/09\\\/04\\\/cuatro-anos-en-hidalgo-menchaca-rinde-informe-de-gobierno\\\/\",\"url\":\"https:\\\/\\\/www.alasmedios.com\\\/index.php\\\/2026\\\/09\\\/04\\\/cuatro-anos-en-hidalgo-menchaca-rinde-informe-de-gobierno\\\/\",\"name\":\"Cuatro a\u00f1os en Hidalgo: Menchaca rinde informe de gobierno\",\"isPartOf\":{\"@id\":\"https:\\\/\\\/www.alasmedios.com\\\/#website\"},\"primaryImageOfPage\":{\"@id\":\"https:\\\/\\\/www.alasmedios.com\\\/index.php\\\/2026\\\/09\\\/04\\\/cuatro-anos-en-hidalgo-menchaca-rinde-informe-de-gobierno\\\/#primaryimage\"},\"image\":{\"@id\":\"https:\\\/\\\/www.alasmedios.com\\\/index.php\\\/2026\\\/09\\\/04\\\/cuatro-anos-en-hidalgo-menchaca-rinde-informe-de-gobierno\\\/#primaryimage\"},\"thumbnailUrl\":\"https:\\\/\\\/www.alasmedios.com\\\/wp-content\\\/uploads\\\/2026\\\/09\\\/Hidalgo-Julio-Menchaca-4\u00b0-Informe-de-Gobierno.jpeg\",\"datePublished\":\"2026-09-04T20:05:06+00:00\",\"dateModified\":\"2026-09-04T20:05:10+00:00\",\"description\":\"El gobernador de Hidalgo, Julio Menchaca rindi\u00f3 su 4\u00b0 Informe de Gobierno, entre\u00a0obras, cifras y proyectos para los pr\u00f3ximos dos a\u00f1os\",\"breadcrumb\":{\"@id\":\"https:\\\/\\\/www.alasmedios.com\\\/index.php\\\/2026\\\/09\\\/04\\\/cuatro-anos-en-hidalgo-menchaca-rinde-informe-de-gobierno\\\/#breadcrumb\"},\"inLanguage\":\"es\",\"potentialAction\":[{\"@type\":\"ReadAction\",\"target\":[\"https:\\\/\\\/www.alasmedios.com\\\/index.php\\\/2026\\\/09\\\/04\\\/cuatro-anos-en-hidalgo-menchaca-rinde-informe-de-gobierno\\\/\"]}]},{\"@type\":\"ImageObject\",\"inLanguage\":\"es\",\"@id\":\"https:\\\/\\\/www.alasmedios.com\\\/index.php\\\/2026\\\/09\\\/04\\\/cuatro-anos-en-hidalgo-menchaca-rinde-informe-de-gobierno\\\/#primaryimage\",\"url\":\"https:\\\/\\\/www.alasmedios.com\\\/wp-content\\\/uploads\\\/2026\\\/09\\\/Hidalgo-Julio-Menchaca-4\u00b0-Informe-de-Gobierno.jpeg\",\"contentUrl\":\"https:\\\/\\\/www.alasmedios.com\\\/wp-content\\\/uploads\\\/2026\\\/09\\\/Hidalgo-Julio-Menchaca-4\u00b0-Informe-de-Gobierno.jpeg\",\"width\":1280,\"height\":720},{\"@type\":\"BreadcrumbList\",\"@id\":\"https:\\\/\\\/www.alasmedios.com\\\/index.php\\\/2026\\\/09\\\/04\\\/cuatro-anos-en-hidalgo-menchaca-rinde-informe-de-gobierno\\\/#breadcrumb\",\"itemListElement\":[{\"@type\":\"ListItem\",\"position\":1,\"name\":\"Inicio\",\"item\":\"https:\\\/\\\/www.alasmedios.com\\\/\"},{\"@type\":\"ListItem\",\"position\":2,\"name\":\"Cuatro a\u00f1os en Hidalgo: Menchaca rinde informe de gobierno\"}]},{\"@type\":\"WebSite\",\"@id\":\"https:\\\/\\\/www.alasmedios.com\\\/#website\",\"url\":\"https:\\\/\\\/www.alasmedios.com\\\/\",\"name\":\"Alas Medios\",\"description\":\"Alas para pensar, Alas para volar, Alas de libertad\",\"publisher\":{\"@id\":\"https:\\\/\\\/www.alasmedios.com\\\/#organization\"},\"potentialAction\":[{\"@type\":\"SearchAction\",\"target\":{\"@type\":\"EntryPoint\",\"urlTemplate\":\"https:\\\/\\\/www.alasmedios.com\\\/?s={search_term_string}\"},\"query-input\":{\"@type\":\"PropertyValueSpecification\",\"valueRequired\":true,\"valueName\":\"search_term_string\"}}],\"inLanguage\":\"es\"},{\"@type\":\"Organization\",\"@id\":\"https:\\\/\\\/www.alasmedios.com\\\/#organization\",\"name\":\"Alas Medios\",\"url\":\"https:\\\/\\\/www.alasmedios.com\\\/\",\"logo\":{\"@type\":\"ImageObject\",\"inLanguage\":\"es\",\"@id\":\"https:\\\/\\\/www.alasmedios.com\\\/#\\\/schema\\\/logo\\\/image\\\/\",\"url\":\"https:\\\/\\\/www.alasmedios.com\\\/wp-content\\\/uploads\\\/2026\\\/01\\\/cropped-cropped-GAM-1.png\",\"contentUrl\":\"https:\\\/\\\/www.alasmedios.com\\\/wp-content\\\/uploads\\\/2026\\\/01\\\/cropped-cropped-GAM-1.png\",\"width\":467,\"height\":235,\"caption\":\"Alas Medios\"},\"image\":{\"@id\":\"https:\\\/\\\/www.alasmedios.com\\\/#\\\/schema\\\/logo\\\/image\\\/\"}},{\"@type\":\"Person\",\"@id\":\"https:\\\/\\\/www.alasmedios.com\\\/#\\\/schema\\\/person\\\/ce6c32be178bbe3b9d390bb1e8250c41\",\"name\":\"Aida Suarez Chavez\",\"image\":{\"@type\":\"ImageObject\",\"inLanguage\":\"es\",\"@id\":\"https:\\\/\\\/secure.gravatar.com\\\/avatar\\\/1e950f9ee5af4865e739d258d9de56ca6e6d98551e63cabbcffe14723042895e?s=96&d=mm&r=g\",\"url\":\"https:\\\/\\\/secure.gravatar.com\\\/avatar\\\/1e950f9ee5af4865e739d258d9de56ca6e6d98551e63cabbcffe14723042895e?s=96&d=mm&r=g\",\"contentUrl\":\"https:\\\/\\\/secure.gravatar.com\\\/avatar\\\/1e950f9ee5af4865e739d258d9de56ca6e6d98551e63cabbcffe14723042895e?s=96&d=mm&r=g\",\"caption\":\"Aida Suarez Chavez\"},\"url\":\"https:\\\/\\\/www.alasmedios.com\\\/index.php\\\/author\\\/aida-suarez-chavez\\\/\"}]}<\/script>\r\n<!-- \/ Yoast SEO plugin. -->","yoast_head_json":{"title":"Cuatro a\u00f1os en Hidalgo: Menchaca rinde informe de gobierno","description":"El gobernador de Hidalgo, Julio Menchaca rindi\u00f3 su 4\u00b0 Informe de Gobierno, entre\u00a0obras, cifras y proyectos para los pr\u00f3ximos dos a\u00f1os","robots":{"index":"index","follow":"follow","max-snippet":"max-snippet:-1","max-image-preview":"max-image-preview:large","max-video-preview":"max-video-preview:-1"},"canonical":"https:\/\/www.alasmedios.com\/index.php\/2026\/09\/04\/cuatro-anos-en-hidalgo-menchaca-rinde-informe-de-gobierno\/","og_locale":"es_MX","og_type":"article","og_title":"Cuatro a\u00f1os en Hidalgo: Menchaca rinde informe de gobierno","og_description":"El gobernador de Hidalgo, Julio Menchaca rindi\u00f3 su 4\u00b0 Informe de Gobierno, entre\u00a0obras, cifras y proyectos para los pr\u00f3ximos dos a\u00f1os","og_url":"https:\/\/www.alasmedios.com\/index.php\/2026\/09\/04\/cuatro-anos-en-hidalgo-menchaca-rinde-informe-de-gobierno\/","og_site_name":"Alas Medios","article_published_time":"2026-09-04T20:05:06+00:00","article_modified_time":"2026-09-04T20:05:10+00:00","og_image":[{"width":1280,"height":720,"url":"https:\/\/www.alasmedios.com\/wp-content\/uploads\/2026\/09\/Hidalgo-Julio-Menchaca-4\u00b0-Informe-de-Gobierno.jpeg","type":"image\/jpeg"}],"author":"Aida Suarez Chavez","twitter_card":"summary_large_image","twitter_misc":{"Escrito por":"Aida Suarez Chavez","Tiempo de lectura":"5 minutos"},"schema":{"@context":"https:\/\/schema.org","@graph":[{"@type":"Article","@id":"https:\/\/www.alasmedios.com\/index.php\/2026\/09\/04\/cuatro-anos-en-hidalgo-menchaca-rinde-informe-de-gobierno\/#article","isPartOf":{"@id":"https:\/\/www.alasmedios.com\/index.php\/2026\/09\/04\/cuatro-anos-en-hidalgo-menchaca-rinde-informe-de-gobierno\/"},"author":{"name":"Aida Suarez Chavez","@id":"https:\/\/www.alasmedios.com\/#\/schema\/person\/ce6c32be178bbe3b9d390bb1e8250c41"},"headline":"Cuatro a\u00f1os en Hidalgo: Menchaca rinde informe de gobierno","datePublished":"2026-09-04T20:05:06+00:00","dateModified":"2026-09-04T20:05:10+00:00","mainEntityOfPage":{"@id":"https:\/\/www.alasmedios.com\/index.php\/2026\/09\/04\/cuatro-anos-en-hidalgo-menchaca-rinde-informe-de-gobierno\/"},"wordCount":885,"commentCount":0,"publisher":{"@id":"https:\/\/www.alasmedios.com\/#organization"},"image":{"@id":"https:\/\/www.alasmedios.com\/index.php\/2026\/09\/04\/cuatro-anos-en-hidalgo-menchaca-rinde-informe-de-gobierno\/#primaryimage"},"thumbnailUrl":"https:\/\/www.alasmedios.com\/wp-content\/uploads\/2026\/09\/Hidalgo-Julio-Menchaca-4\u00b0-Informe-de-Gobierno.jpeg","keywords":["Hidalgo","informe de gobierno","Julio Menchaca"],"articleSection":["Hidalgo"],"inLanguage":"es","potentialAction":[{"@type":"CommentAction","name":"Comment","target":["https:\/\/www.alasmedios.com\/index.php\/2026\/09\/04\/cuatro-anos-en-hidalgo-menchaca-rinde-informe-de-gobierno\/#respond"]}]},{"@type":"WebPage","@id":"https:\/\/www.alasmedios.com\/index.php\/2026\/09\/04\/cuatro-anos-en-hidalgo-menchaca-rinde-informe-de-gobierno\/","url":"https:\/\/www.alasmedios.com\/index.php\/2026\/09\/04\/cuatro-anos-en-hidalgo-menchaca-rinde-informe-de-gobierno\/","name":"Cuatro a\u00f1os en Hidalgo: Menchaca rinde informe de gobierno","isPartOf":{"@id":"https:\/\/www.alasmedios.com\/#website"},"primaryImageOfPage":{"@id":"https:\/\/www.alasmedios.com\/index.php\/2026\/09\/04\/cuatro-anos-en-hidalgo-menchaca-rinde-informe-de-gobierno\/#primaryimage"},"image":{"@id":"https:\/\/www.alasmedios.com\/index.php\/2026\/09\/04\/cuatro-anos-en-hidalgo-menchaca-rinde-informe-de-gobierno\/#primaryimage"},"thumbnailUrl":"https:\/\/www.alasmedios.com\/wp-content\/uploads\/2026\/09\/Hidalgo-Julio-Menchaca-4\u00b0-Informe-de-Gobierno.jpeg","datePublished":"2026-09-04T20:05:06+00:00","dateModified":"2026-09-04T20:05:10+00:00","description":"El gobernador de Hidalgo, Julio Menchaca rindi\u00f3 su 4\u00b0 Informe de Gobierno, entre\u00a0obras, cifras y proyectos para los pr\u00f3ximos dos a\u00f1os","breadcrumb":{"@id":"https:\/\/www.alasmedios.com\/index.php\/2026\/09\/04\/cuatro-anos-en-hidalgo-menchaca-rinde-informe-de-gobierno\/#breadcrumb"},"inLanguage":"es","potentialAction":[{"@type":"ReadAction","target":["https:\/\/www.alasmedios.com\/index.php\/2026\/09\/04\/cuatro-anos-en-hidalgo-menchaca-rinde-informe-de-gobierno\/"]}]},{"@type":"ImageObject","inLanguage":"es","@id":"https:\/\/www.alasmedios.com\/index.php\/2026\/09\/04\/cuatro-anos-en-hidalgo-menchaca-rinde-informe-de-gobierno\/#primaryimage","url":"https:\/\/www.alasmedios.com\/wp-content\/uploads\/2026\/09\/Hidalgo-Julio-Menchaca-4\u00b0-Informe-de-Gobierno.jpeg","contentUrl":"https:\/\/www.alasmedios.com\/wp-content\/uploads\/2026\/09\/Hidalgo-Julio-Menchaca-4\u00b0-Informe-de-Gobierno.jpeg","width":1280,"height":720},{"@type":"BreadcrumbList","@id":"https:\/\/www.alasmedios.com\/index.php\/2026\/09\/04\/cuatro-anos-en-hidalgo-menchaca-rinde-informe-de-gobierno\/#breadcrumb","itemListElement":[{"@type":"ListItem","position":1,"name":"Inicio","item":"https:\/\/www.alasmedios.com\/"},{"@type":"ListItem","position":2,"name":"Cuatro a\u00f1os en Hidalgo: Menchaca rinde informe de gobierno"}]},{"@type":"WebSite","@id":"https:\/\/www.alasmedios.com\/#website","url":"https:\/\/www.alasmedios.com\/","name":"Alas Medios","description":"Alas para pensar, Alas para volar, Alas de libertad","publisher":{"@id":"https:\/\/www.alasmedios.com\/#organization"},"potentialAction":[{"@type":"SearchAction","target":{"@type":"EntryPoint","urlTemplate":"https:\/\/www.alasmedios.com\/?s={search_term_string}"},"query-input":{"@type":"PropertyValueSpecification","valueRequired":true,"valueName":"search_term_string"}}],"inLanguage":"es"},{"@type":"Organization","@id":"https:\/\/www.alasmedios.com\/#organization","name":"Alas Medios","url":"https:\/\/www.alasmedios.com\/","logo":{"@type":"ImageObject","inLanguage":"es","@id":"https:\/\/www.alasmedios.com\/#\/schema\/logo\/image\/","url":"https:\/\/www.alasmedios.com\/wp-content\/uploads\/2026\/01\/cropped-cropped-GAM-1.png","contentUrl":"https:\/\/www.alasmedios.com\/wp-content\/uploads\/2026\/01\/cropped-cropped-GAM-1.png","width":467,"height":235,"caption":"Alas Medios"},"image":{"@id":"https:\/\/www.alasmedios.com\/#\/schema\/logo\/image\/"}},{"@type":"Person","@id":"https:\/\/www.alasmedios.com\/#\/schema\/person\/ce6c32be178bbe3b9d390bb1e8250c41","name":"Aida Suarez Chavez","image":{"@type":"ImageObject","inLanguage":"es","@id":"https:\/\/secure.gravatar.com\/avatar\/1e950f9ee5af4865e739d258d9de56ca6e6d98551e63cabbcffe14723042895e?s=96&d=mm&r=g","url":"https:\/\/secure.gravatar.com\/avatar\/1e950f9ee5af4865e739d258d9de56ca6e6d98551e63cabbcffe14723042895e?s=96&d=mm&r=g","contentUrl":"https:\/\/secure.gravatar.com\/avatar\/1e950f9ee5af4865e739d258d9de56ca6e6d98551e63cabbcffe14723042895e?s=96&d=mm&r=g","caption":"Aida Suarez Chavez"},"url":"https:\/\/www.alasmedios.com\/index.php\/author\/aida-suarez-chavez\/"}]}},"_links":{"self":[{"href":"https:\/\/www.alasmedios.com\/index.php\/wp-json\/wp\/v2\/posts\/12665","targetHints":{"allow":["GET"]}}],"collection":[{"href":"https:\/\/www.alasmedios.com\/index.php\/wp-json\/wp\/v2\/posts"}],"about":[{"href":"https:\/\/www.alasmedios.com\/index.php\/wp-json\/wp\/v2\/types\/post"}],"author":[{"embeddable":true,"href":"https:\/\/www.alasmedios.com\/index.php\/wp-json\/wp\/v2\/users\/13"}],"replies":[{"embeddable":true,"href":"https:\/\/www.alasmedios.com\/index.php\/wp-json\/wp\/v2\/comments?post=12665"}],"version-history":[{"count":1,"href":"https:\/\/www.alasmedios.com\/index.php\/wp-json\/wp\/v2\/posts\/12665\/revisions"}],"predecessor-version":[{"id":12670,"href":"https:\/\/www.alasmedios.com\/index.php\/wp-json\/wp\/v2\/posts\/12665\/revisions\/12670"}],"wp:featuredmedia":[{"embeddable":true,"href":"https:\/\/www.alasmedios.com\/index.php\/wp-json\/wp\/v2\/media\/12666"}],"wp:attachment":[{"href":"https:\/\/www.alasmedios.com\/index.php\/wp-json\/wp\/v2\/media?parent=12665"}],"wp:term":[{"taxonomy":"category","embeddable":true,"href":"https:\/\/www.alasmedios.com\/index.php\/wp-json\/wp\/v2\/categories?post=12665"},{"taxonomy":"post_tag","embeddable":true,"href":"https:\/\/www.alasmedios.com\/index.php\/wp-json\/wp\/v2\/tags?post=12665"}],"curies":[{"name":"wp","href":"https:\/\/api.w.org\/{rel}","templated":true}]}}