{"id":12655,"date":"2026-09-04T07:52:00","date_gmt":"2026-09-04T13:52:00","guid":{"rendered":"https:\/\/www.alasmedios.com\/?p=12655"},"modified":"2026-09-04T07:52:07","modified_gmt":"2026-09-04T13:52:07","slug":"porque-existen-leyes-con-nombre-de-mujer-en-mexico","status":"publish","type":"post","link":"https:\/\/www.alasmedios.com\/index.php\/2026\/09\/04\/porque-existen-leyes-con-nombre-de-mujer-en-mexico\/","title":{"rendered":"\u00bfPorque existen leyes con nombre de mujer en M\u00e9xico?"},"content":{"rendered":"\n<p class=\"wp-block-paragraph\">El <strong>derecho<\/strong> es una de las ciencias que estudia la <strong>conducta humana<\/strong> y a diferencia de otras disciplinas adem\u00e1s se encarga de <strong>regularla<\/strong>, as\u00ed como <strong>administrar justicia<\/strong>.<\/p>\n\n\n\n<p class=\"wp-block-paragraph\">Sin importar la cantidad de <strong>leyes<\/strong> que existan garantizando derechos o imponiendo normas, estas no llegar\u00e1n a contener todas las situaciones que se pueden generar, as\u00ed como hay variedad de personas, existen muchos contextos dentro de los cuales se pueden generar <strong>problemas que el derecho debe resolver<\/strong>.<\/p>\n\n\n\n<p class=\"wp-block-paragraph\">Las <strong>leyes se deben actualizar<\/strong> simult\u00e1neamente que otras ciencias se modifican o aparecen, pero esto no sucede, el <strong>proceso de creaci\u00f3n de las normas<\/strong> es amplio y debe pasar varios filtros para dar como resultado una <strong>reforma o una ley nueva<\/strong>.<\/p>\n\n\n\n<p class=\"wp-block-paragraph\">SIGUE LEYENDO: <a href=\"https:\/\/www.alasmedios.com\/index.php\/2026\/07\/29\/seguro-de-viajero\/\" data-type=\"post\" data-id=\"11500\">Seguro de viajero<\/a><\/p>\n\n\n\n<p class=\"wp-block-paragraph\">El derecho no puede evitar situaciones que pensamos pueden suceder, m\u00e1s bien <strong>corrige lo que ya ha pasado<\/strong> y evita que las consecuencias sean mayores a trav\u00e9s de las normas.<\/p>\n\n\n\n<p class=\"wp-block-paragraph\">Es as\u00ed como surgen <strong>leyes derivadas de la lucha social de las mujeres en M\u00e9xico<\/strong> en respuesta al <strong>activismo feminista<\/strong>, las cuales, llevan el <strong>nombre de mujeres de determinados casos representativos<\/strong>, estas leyes pueden ser a nivel <strong>federal o nacional<\/strong> o bien <strong>locales<\/strong>.<\/p>\n\n\n\n<p class=\"wp-block-paragraph\">Enunciaremos algunas leyes suyo contenido es relevante para la <strong>legislaci\u00f3n de nuestro Estado<\/strong>; primer ejemplo es la <strong>Ley Olimpia<\/strong>, que se public\u00f3 en <strong>2021<\/strong>, como una reforma al <strong>C\u00f3digo Penal Federal<\/strong>, con contenido sobre <strong>violencia digital<\/strong>, as\u00ed como la <strong>difusi\u00f3n de contenido \u00edntimo sin consentimiento<\/strong>.<\/p>\n\n\n\n<p class=\"wp-block-paragraph\">TE PUEDE INTERESAR: <a href=\"https:\/\/www.alasmedios.com\/index.php\/2026\/06\/23\/derechos-maternos-de-las-mujeres-en-la-fifa\/\" data-type=\"post\" data-id=\"10226\">Derechos maternos de las mujeres en la FIFA<\/a><\/p>\n\n\n\n<p class=\"wp-block-paragraph\">La <strong>ley Ingrid<\/strong> Sanciona a <strong>servidores p\u00fablicos<\/strong>, protege la <strong>dignidad y memoria de las v\u00edctimas<\/strong> fue publicada en <strong>2022<\/strong>. <strong>Ley Monse<\/strong> castiga a quienes <strong>encubran o ayuden a huir a feminicidas<\/strong>, se public\u00f3 en <strong>diciembre de 2022<\/strong>. <strong>Ley Malena<\/strong>, clasifica <strong>ataques con \u00e1cido o sustancias corrosivas como tentativa de feminicidio<\/strong> fue publicada en <strong>2023<\/strong>. <strong>Ley Alina<\/strong>, derecho a la <strong>leg\u00edtima defensa de mujeres que act\u00faan contra sus agresores<\/strong>, publicada en <strong>2023<\/strong>.<\/p>\n\n\n<ul class=\"wp-block-latest-posts__list is-grid columns-3 wp-block-latest-posts is-layout-grid wp-container-core-latest-posts-is-layout-cda6dc4f wp-block-latest-posts-is-layout-grid\"><li><div class=\"wp-block-latest-posts__featured-image\"><img loading=\"lazy\" decoding=\"async\" width=\"150\" height=\"150\" src=\"https:\/\/www.alasmedios.com\/wp-content\/uploads\/2026\/09\/FUL-2026-de-la-UAEH-150x150.jpeg\" class=\"attachment-thumbnail size-thumbnail wp-post-image\" alt=\"\" style=\"\" \/><\/div><a class=\"wp-block-latest-posts__post-title\" href=\"https:\/\/www.alasmedios.com\/index.php\/2026\/09\/04\/ya-tienes-plan-la-ful-2026-te-espera-con-libros-cultura-y-551-actividades\/\">\u00bfYa tienes plan? La FUL 2026 te espera con libros, cultura y 551 actividades<\/a><\/li>\n<li><div class=\"wp-block-latest-posts__featured-image\"><img loading=\"lazy\" decoding=\"async\" width=\"150\" height=\"150\" src=\"https:\/\/www.alasmedios.com\/wp-content\/uploads\/2026\/09\/Examenes-toxicologicos-Puebla-150x150.jpeg\" class=\"attachment-thumbnail size-thumbnail wp-post-image\" alt=\"\" style=\"\" \/><\/div><a class=\"wp-block-latest-posts__post-title\" href=\"https:\/\/www.alasmedios.com\/index.php\/2026\/09\/04\/policia-auxiliar-de-puebla-aplica-mas-de-mil-300-pruebas-toxicologicas-a-sus-guardias\/\">Polic\u00eda Auxiliar de Puebla aplica m\u00e1s de mil 300 pruebas toxicol\u00f3gicas a sus guardias<\/a><\/li>\n<li><div class=\"wp-block-latest-posts__featured-image\"><img loading=\"lazy\" decoding=\"async\" width=\"150\" height=\"150\" src=\"https:\/\/www.alasmedios.com\/wp-content\/uploads\/2026\/09\/Mujeres-estres-financiero-150x150.png\" class=\"attachment-thumbnail size-thumbnail wp-post-image\" alt=\"\" style=\"\" \/><\/div><a class=\"wp-block-latest-posts__post-title\" href=\"https:\/\/www.alasmedios.com\/index.php\/2026\/09\/04\/el-dinero-tambien-pesa-42-de-las-mujeres-en-mexico-vive-con-alto-estres-financiero\/\">El dinero tambi\u00e9n pesa: 42% de las mujeres en M\u00e9xico vive con alto estr\u00e9s financiero<\/a><\/li>\n<\/ul>","protected":false},"excerpt":{"rendered":"<p>El derecho es una de las ciencias que estudia la conducta humana y a diferencia de otras disciplinas adem\u00e1s se<\/p>\n","protected":false},"author":20,"featured_media":8996,"comment_status":"open","ping_status":"open","sticky":false,"template":"","format":"standard","meta":{"colormag_page_container_layout":"default_layout","colormag_page_sidebar_layout":"default_layout","rop_custom_images_group":[],"rop_custom_messages_group":[],"rop_publish_now":"yes","rop_publish_now_accounts":[],"rop_publish_now_history":[],"rop_publish_now_status":"pending","iawp_total_views":1,"footnotes":""},"categories":[3525],"tags":[1479,456,3957,166,53],"class_list":["post-12655","post","type-post","status-publish","format-standard","has-post-thumbnail","hentry","category-el-derecho-y-las-mujeres-estefany-lubian-lopez","tag-activismo","tag-derechos","tag-leyes-2","tag-mexico","tag-mujeres"],"magazineBlocksPostFeaturedMedia":{"thumbnail":"https:\/\/www.alasmedios.com\/wp-content\/uploads\/2026\/05\/ESTEFANY-LUBIAN-1-150x150.jpeg","medium":"https:\/\/www.alasmedios.com\/wp-content\/uploads\/2026\/05\/ESTEFANY-LUBIAN-1-300x182.jpeg","medium_large":"https:\/\/www.alasmedios.com\/wp-content\/uploads\/2026\/05\/ESTEFANY-LUBIAN-1-768x466.jpeg","large":"https:\/\/www.alasmedios.com\/wp-content\/uploads\/2026\/05\/ESTEFANY-LUBIAN-1-1024x621.jpeg","1536x1536":"https:\/\/www.alasmedios.com\/wp-content\/uploads\/2026\/05\/ESTEFANY-LUBIAN-1-1536x932.jpeg","2048x2048":"https:\/\/www.alasmedios.com\/wp-content\/uploads\/2026\/05\/ESTEFANY-LUBIAN-1.jpeg","colormag-highlighted-post":"https:\/\/www.alasmedios.com\/wp-content\/uploads\/2026\/05\/ESTEFANY-LUBIAN-1-392x272.jpeg","colormag-featured-post-medium":"https:\/\/www.alasmedios.com\/wp-content\/uploads\/2026\/05\/ESTEFANY-LUBIAN-1-390x205.jpeg","colormag-featured-post-small":"https:\/\/www.alasmedios.com\/wp-content\/uploads\/2026\/05\/ESTEFANY-LUBIAN-1-130x90.jpeg","colormag-featured-image":"https:\/\/www.alasmedios.com\/wp-content\/uploads\/2026\/05\/ESTEFANY-LUBIAN-1-800x445.jpeg","colormag-default-news":"https:\/\/www.alasmedios.com\/wp-content\/uploads\/2026\/05\/ESTEFANY-LUBIAN-1-150x150.jpeg","colormag-featured-image-large":"https:\/\/www.alasmedios.com\/wp-content\/uploads\/2026\/05\/ESTEFANY-LUBIAN-1-1400x600.jpeg"},"magazineBlocksPostAuthor":{"name":"Estefany Lubi\u00e1n","avatar":"https:\/\/secure.gravatar.com\/avatar\/d7331382f5347bfb4d4d8869c3ff2cda9deef1d43f1fceaf806e35b4fc64710f?s=96&d=mm&r=g"},"magazineBlocksPostCommentsNumber":"0","magazineBlocksPostExcerpt":"El derecho es una de las ciencias que estudia la conducta humana y a diferencia de otras disciplinas adem\u00e1s se","magazineBlocksPostCategories":["El derecho y las mujeres- Estefany Lubian L\u00f3pez"],"magazineBlocksPostViewCount":33,"magazineBlocksPostReadTime":2,"magazine_blocks_featured_image_url":{"full":["https:\/\/www.alasmedios.com\/wp-content\/uploads\/2026\/05\/ESTEFANY-LUBIAN-1.jpeg",1600,971,false],"medium":["https:\/\/www.alasmedios.com\/wp-content\/uploads\/2026\/05\/ESTEFANY-LUBIAN-1-300x182.jpeg",300,182,true],"thumbnail":["https:\/\/www.alasmedios.com\/wp-content\/uploads\/2026\/05\/ESTEFANY-LUBIAN-1-150x150.jpeg",150,150,true]},"magazine_blocks_author":{"display_name":"Estefany Lubi\u00e1n","author_link":"https:\/\/www.alasmedios.com\/index.php\/author\/estefany-lubian\/"},"magazine_blocks_comment":0,"magazine_blocks_author_image":"https:\/\/secure.gravatar.com\/avatar\/d7331382f5347bfb4d4d8869c3ff2cda9deef1d43f1fceaf806e35b4fc64710f?s=96&d=mm&r=g","magazine_blocks_category":"<a href=\"#\" class=\"category-link category-link-3525\">El derecho y las mujeres- Estefany Lubian L\u00f3pez<\/a>","videoUrl":"","yoast_head":"<!-- This site is optimized with the Yoast SEO plugin v28.4 - https:\/\/yoast.com\/product\/yoast-seo-wordpress\/ -->\r\n<title>\u00bfPorque existen leyes con nombre de mujer en M\u00e9xico?<\/title>\r\n<meta name=\"description\" content=\"Surgen leyes derivadas de la lucha social de las mujeres en M\u00e9xico en respuesta al activismo feminista, llevan el nombre de mujeres\" \/>\r\n<meta name=\"robots\" content=\"index, follow, max-snippet:-1, max-image-preview:large, max-video-preview:-1\" \/>\r\n<link rel=\"canonical\" href=\"https:\/\/www.alasmedios.com\/index.php\/2026\/09\/04\/porque-existen-leyes-con-nombre-de-mujer-en-mexico\/\" \/>\r\n<meta property=\"og:locale\" content=\"es_MX\" \/>\r\n<meta property=\"og:type\" content=\"article\" \/>\r\n<meta property=\"og:title\" content=\"\u00bfPorque existen leyes con nombre de mujer en M\u00e9xico?\" \/>\r\n<meta property=\"og:description\" content=\"Surgen leyes derivadas de la lucha social de las mujeres en M\u00e9xico en respuesta al activismo feminista, llevan el nombre de mujeres\" \/>\r\n<meta property=\"og:url\" content=\"https:\/\/www.alasmedios.com\/index.php\/2026\/09\/04\/porque-existen-leyes-con-nombre-de-mujer-en-mexico\/\" \/>\r\n<meta property=\"og:site_name\" content=\"Alas Medios\" \/>\r\n<meta property=\"article:published_time\" content=\"2026-09-04T13:52:00+00:00\" \/>\r\n<meta property=\"article:modified_time\" content=\"2026-09-04T13:52:07+00:00\" \/>\r\n<meta property=\"og:image\" content=\"https:\/\/www.alasmedios.com\/wp-content\/uploads\/2026\/05\/ESTEFANY-LUBIAN-1.jpeg\" \/>\r\n\t<meta property=\"og:image:width\" content=\"1600\" \/>\r\n\t<meta property=\"og:image:height\" content=\"971\" \/>\r\n\t<meta property=\"og:image:type\" content=\"image\/jpeg\" \/>\r\n<meta name=\"author\" content=\"Estefany Lubi\u00e1n\" \/>\r\n<meta name=\"twitter:card\" content=\"summary_large_image\" \/>\r\n<meta name=\"twitter:label1\" content=\"Escrito por\" \/>\n\t<meta name=\"twitter:data1\" content=\"Estefany Lubi\u00e1n\" \/>\n\t<meta name=\"twitter:label2\" content=\"Tiempo de lectura\" \/>\n\t<meta name=\"twitter:data2\" content=\"2 minutos\" \/>\r\n<script type=\"application\/ld+json\" class=\"yoast-schema-graph\">{\"@context\":\"https:\\\/\\\/schema.org\",\"@graph\":[{\"@type\":\"Article\",\"@id\":\"https:\\\/\\\/www.alasmedios.com\\\/index.php\\\/2026\\\/09\\\/04\\\/porque-existen-leyes-con-nombre-de-mujer-en-mexico\\\/#article\",\"isPartOf\":{\"@id\":\"https:\\\/\\\/www.alasmedios.com\\\/index.php\\\/2026\\\/09\\\/04\\\/porque-existen-leyes-con-nombre-de-mujer-en-mexico\\\/\"},\"author\":{\"name\":\"Estefany Lubi\u00e1n\",\"@id\":\"https:\\\/\\\/www.alasmedios.com\\\/#\\\/schema\\\/person\\\/b10c0de4a8ffba676804c2ad7e0fd94e\"},\"headline\":\"\u00bfPorque existen leyes con nombre de mujer en M\u00e9xico?\",\"datePublished\":\"2026-09-04T13:52:00+00:00\",\"dateModified\":\"2026-09-04T13:52:07+00:00\",\"mainEntityOfPage\":{\"@id\":\"https:\\\/\\\/www.alasmedios.com\\\/index.php\\\/2026\\\/09\\\/04\\\/porque-existen-leyes-con-nombre-de-mujer-en-mexico\\\/\"},\"wordCount\":339,\"commentCount\":0,\"publisher\":{\"@id\":\"https:\\\/\\\/www.alasmedios.com\\\/#organization\"},\"image\":{\"@id\":\"https:\\\/\\\/www.alasmedios.com\\\/index.php\\\/2026\\\/09\\\/04\\\/porque-existen-leyes-con-nombre-de-mujer-en-mexico\\\/#primaryimage\"},\"thumbnailUrl\":\"https:\\\/\\\/www.alasmedios.com\\\/wp-content\\\/uploads\\\/2026\\\/05\\\/ESTEFANY-LUBIAN-1.jpeg\",\"keywords\":[\"activismo\",\"derechos\",\"Leyes\",\"M\u00e9xico\",\"Mujeres\"],\"articleSection\":[\"El derecho y las mujeres- Estefany Lubian L\u00f3pez\"],\"inLanguage\":\"es\",\"potentialAction\":[{\"@type\":\"CommentAction\",\"name\":\"Comment\",\"target\":[\"https:\\\/\\\/www.alasmedios.com\\\/index.php\\\/2026\\\/09\\\/04\\\/porque-existen-leyes-con-nombre-de-mujer-en-mexico\\\/#respond\"]}]},{\"@type\":\"WebPage\",\"@id\":\"https:\\\/\\\/www.alasmedios.com\\\/index.php\\\/2026\\\/09\\\/04\\\/porque-existen-leyes-con-nombre-de-mujer-en-mexico\\\/\",\"url\":\"https:\\\/\\\/www.alasmedios.com\\\/index.php\\\/2026\\\/09\\\/04\\\/porque-existen-leyes-con-nombre-de-mujer-en-mexico\\\/\",\"name\":\"\u00bfPorque existen leyes con nombre de mujer en M\u00e9xico?\",\"isPartOf\":{\"@id\":\"https:\\\/\\\/www.alasmedios.com\\\/#website\"},\"primaryImageOfPage\":{\"@id\":\"https:\\\/\\\/www.alasmedios.com\\\/index.php\\\/2026\\\/09\\\/04\\\/porque-existen-leyes-con-nombre-de-mujer-en-mexico\\\/#primaryimage\"},\"image\":{\"@id\":\"https:\\\/\\\/www.alasmedios.com\\\/index.php\\\/2026\\\/09\\\/04\\\/porque-existen-leyes-con-nombre-de-mujer-en-mexico\\\/#primaryimage\"},\"thumbnailUrl\":\"https:\\\/\\\/www.alasmedios.com\\\/wp-content\\\/uploads\\\/2026\\\/05\\\/ESTEFANY-LUBIAN-1.jpeg\",\"datePublished\":\"2026-09-04T13:52:00+00:00\",\"dateModified\":\"2026-09-04T13:52:07+00:00\",\"description\":\"Surgen leyes derivadas de la lucha social de las mujeres en M\u00e9xico en respuesta al activismo feminista, llevan el nombre de mujeres\",\"breadcrumb\":{\"@id\":\"https:\\\/\\\/www.alasmedios.com\\\/index.php\\\/2026\\\/09\\\/04\\\/porque-existen-leyes-con-nombre-de-mujer-en-mexico\\\/#breadcrumb\"},\"inLanguage\":\"es\",\"potentialAction\":[{\"@type\":\"ReadAction\",\"target\":[\"https:\\\/\\\/www.alasmedios.com\\\/index.php\\\/2026\\\/09\\\/04\\\/porque-existen-leyes-con-nombre-de-mujer-en-mexico\\\/\"]}]},{\"@type\":\"ImageObject\",\"inLanguage\":\"es\",\"@id\":\"https:\\\/\\\/www.alasmedios.com\\\/index.php\\\/2026\\\/09\\\/04\\\/porque-existen-leyes-con-nombre-de-mujer-en-mexico\\\/#primaryimage\",\"url\":\"https:\\\/\\\/www.alasmedios.com\\\/wp-content\\\/uploads\\\/2026\\\/05\\\/ESTEFANY-LUBIAN-1.jpeg\",\"contentUrl\":\"https:\\\/\\\/www.alasmedios.com\\\/wp-content\\\/uploads\\\/2026\\\/05\\\/ESTEFANY-LUBIAN-1.jpeg\",\"width\":1600,\"height\":971},{\"@type\":\"BreadcrumbList\",\"@id\":\"https:\\\/\\\/www.alasmedios.com\\\/index.php\\\/2026\\\/09\\\/04\\\/porque-existen-leyes-con-nombre-de-mujer-en-mexico\\\/#breadcrumb\",\"itemListElement\":[{\"@type\":\"ListItem\",\"position\":1,\"name\":\"Inicio\",\"item\":\"https:\\\/\\\/www.alasmedios.com\\\/\"},{\"@type\":\"ListItem\",\"position\":2,\"name\":\"\u00bfPorque existen leyes con nombre de mujer en M\u00e9xico?\"}]},{\"@type\":\"WebSite\",\"@id\":\"https:\\\/\\\/www.alasmedios.com\\\/#website\",\"url\":\"https:\\\/\\\/www.alasmedios.com\\\/\",\"name\":\"Alas Medios\",\"description\":\"Alas para pensar, Alas para volar, Alas de libertad\",\"publisher\":{\"@id\":\"https:\\\/\\\/www.alasmedios.com\\\/#organization\"},\"potentialAction\":[{\"@type\":\"SearchAction\",\"target\":{\"@type\":\"EntryPoint\",\"urlTemplate\":\"https:\\\/\\\/www.alasmedios.com\\\/?s={search_term_string}\"},\"query-input\":{\"@type\":\"PropertyValueSpecification\",\"valueRequired\":true,\"valueName\":\"search_term_string\"}}],\"inLanguage\":\"es\"},{\"@type\":\"Organization\",\"@id\":\"https:\\\/\\\/www.alasmedios.com\\\/#organization\",\"name\":\"Alas Medios\",\"url\":\"https:\\\/\\\/www.alasmedios.com\\\/\",\"logo\":{\"@type\":\"ImageObject\",\"inLanguage\":\"es\",\"@id\":\"https:\\\/\\\/www.alasmedios.com\\\/#\\\/schema\\\/logo\\\/image\\\/\",\"url\":\"https:\\\/\\\/www.alasmedios.com\\\/wp-content\\\/uploads\\\/2026\\\/01\\\/cropped-cropped-GAM-1.png\",\"contentUrl\":\"https:\\\/\\\/www.alasmedios.com\\\/wp-content\\\/uploads\\\/2026\\\/01\\\/cropped-cropped-GAM-1.png\",\"width\":467,\"height\":235,\"caption\":\"Alas Medios\"},\"image\":{\"@id\":\"https:\\\/\\\/www.alasmedios.com\\\/#\\\/schema\\\/logo\\\/image\\\/\"}},{\"@type\":\"Person\",\"@id\":\"https:\\\/\\\/www.alasmedios.com\\\/#\\\/schema\\\/person\\\/b10c0de4a8ffba676804c2ad7e0fd94e\",\"name\":\"Estefany Lubi\u00e1n\",\"image\":{\"@type\":\"ImageObject\",\"inLanguage\":\"es\",\"@id\":\"https:\\\/\\\/secure.gravatar.com\\\/avatar\\\/d7331382f5347bfb4d4d8869c3ff2cda9deef1d43f1fceaf806e35b4fc64710f?s=96&d=mm&r=g\",\"url\":\"https:\\\/\\\/secure.gravatar.com\\\/avatar\\\/d7331382f5347bfb4d4d8869c3ff2cda9deef1d43f1fceaf806e35b4fc64710f?s=96&d=mm&r=g\",\"contentUrl\":\"https:\\\/\\\/secure.gravatar.com\\\/avatar\\\/d7331382f5347bfb4d4d8869c3ff2cda9deef1d43f1fceaf806e35b4fc64710f?s=96&d=mm&r=g\",\"caption\":\"Estefany Lubi\u00e1n\"},\"url\":\"https:\\\/\\\/www.alasmedios.com\\\/index.php\\\/author\\\/estefany-lubian\\\/\"}]}<\/script>\r\n<!-- \/ Yoast SEO plugin. -->","yoast_head_json":{"title":"\u00bfPorque existen leyes con nombre de mujer en M\u00e9xico?","description":"Surgen leyes derivadas de la lucha social de las mujeres en M\u00e9xico en respuesta al activismo feminista, llevan el nombre de mujeres","robots":{"index":"index","follow":"follow","max-snippet":"max-snippet:-1","max-image-preview":"max-image-preview:large","max-video-preview":"max-video-preview:-1"},"canonical":"https:\/\/www.alasmedios.com\/index.php\/2026\/09\/04\/porque-existen-leyes-con-nombre-de-mujer-en-mexico\/","og_locale":"es_MX","og_type":"article","og_title":"\u00bfPorque existen leyes con nombre de mujer en M\u00e9xico?","og_description":"Surgen leyes derivadas de la lucha social de las mujeres en M\u00e9xico en respuesta al activismo feminista, llevan el nombre de mujeres","og_url":"https:\/\/www.alasmedios.com\/index.php\/2026\/09\/04\/porque-existen-leyes-con-nombre-de-mujer-en-mexico\/","og_site_name":"Alas Medios","article_published_time":"2026-09-04T13:52:00+00:00","article_modified_time":"2026-09-04T13:52:07+00:00","og_image":[{"width":1600,"height":971,"url":"https:\/\/www.alasmedios.com\/wp-content\/uploads\/2026\/05\/ESTEFANY-LUBIAN-1.jpeg","type":"image\/jpeg"}],"author":"Estefany Lubi\u00e1n","twitter_card":"summary_large_image","twitter_misc":{"Escrito por":"Estefany Lubi\u00e1n","Tiempo de lectura":"2 minutos"},"schema":{"@context":"https:\/\/schema.org","@graph":[{"@type":"Article","@id":"https:\/\/www.alasmedios.com\/index.php\/2026\/09\/04\/porque-existen-leyes-con-nombre-de-mujer-en-mexico\/#article","isPartOf":{"@id":"https:\/\/www.alasmedios.com\/index.php\/2026\/09\/04\/porque-existen-leyes-con-nombre-de-mujer-en-mexico\/"},"author":{"name":"Estefany Lubi\u00e1n","@id":"https:\/\/www.alasmedios.com\/#\/schema\/person\/b10c0de4a8ffba676804c2ad7e0fd94e"},"headline":"\u00bfPorque existen leyes con nombre de mujer en M\u00e9xico?","datePublished":"2026-09-04T13:52:00+00:00","dateModified":"2026-09-04T13:52:07+00:00","mainEntityOfPage":{"@id":"https:\/\/www.alasmedios.com\/index.php\/2026\/09\/04\/porque-existen-leyes-con-nombre-de-mujer-en-mexico\/"},"wordCount":339,"commentCount":0,"publisher":{"@id":"https:\/\/www.alasmedios.com\/#organization"},"image":{"@id":"https:\/\/www.alasmedios.com\/index.php\/2026\/09\/04\/porque-existen-leyes-con-nombre-de-mujer-en-mexico\/#primaryimage"},"thumbnailUrl":"https:\/\/www.alasmedios.com\/wp-content\/uploads\/2026\/05\/ESTEFANY-LUBIAN-1.jpeg","keywords":["activismo","derechos","Leyes","M\u00e9xico","Mujeres"],"articleSection":["El derecho y las mujeres- Estefany Lubian L\u00f3pez"],"inLanguage":"es","potentialAction":[{"@type":"CommentAction","name":"Comment","target":["https:\/\/www.alasmedios.com\/index.php\/2026\/09\/04\/porque-existen-leyes-con-nombre-de-mujer-en-mexico\/#respond"]}]},{"@type":"WebPage","@id":"https:\/\/www.alasmedios.com\/index.php\/2026\/09\/04\/porque-existen-leyes-con-nombre-de-mujer-en-mexico\/","url":"https:\/\/www.alasmedios.com\/index.php\/2026\/09\/04\/porque-existen-leyes-con-nombre-de-mujer-en-mexico\/","name":"\u00bfPorque existen leyes con nombre de mujer en M\u00e9xico?","isPartOf":{"@id":"https:\/\/www.alasmedios.com\/#website"},"primaryImageOfPage":{"@id":"https:\/\/www.alasmedios.com\/index.php\/2026\/09\/04\/porque-existen-leyes-con-nombre-de-mujer-en-mexico\/#primaryimage"},"image":{"@id":"https:\/\/www.alasmedios.com\/index.php\/2026\/09\/04\/porque-existen-leyes-con-nombre-de-mujer-en-mexico\/#primaryimage"},"thumbnailUrl":"https:\/\/www.alasmedios.com\/wp-content\/uploads\/2026\/05\/ESTEFANY-LUBIAN-1.jpeg","datePublished":"2026-09-04T13:52:00+00:00","dateModified":"2026-09-04T13:52:07+00:00","description":"Surgen leyes derivadas de la lucha social de las mujeres en M\u00e9xico en respuesta al activismo feminista, llevan el nombre de mujeres","breadcrumb":{"@id":"https:\/\/www.alasmedios.com\/index.php\/2026\/09\/04\/porque-existen-leyes-con-nombre-de-mujer-en-mexico\/#breadcrumb"},"inLanguage":"es","potentialAction":[{"@type":"ReadAction","target":["https:\/\/www.alasmedios.com\/index.php\/2026\/09\/04\/porque-existen-leyes-con-nombre-de-mujer-en-mexico\/"]}]},{"@type":"ImageObject","inLanguage":"es","@id":"https:\/\/www.alasmedios.com\/index.php\/2026\/09\/04\/porque-existen-leyes-con-nombre-de-mujer-en-mexico\/#primaryimage","url":"https:\/\/www.alasmedios.com\/wp-content\/uploads\/2026\/05\/ESTEFANY-LUBIAN-1.jpeg","contentUrl":"https:\/\/www.alasmedios.com\/wp-content\/uploads\/2026\/05\/ESTEFANY-LUBIAN-1.jpeg","width":1600,"height":971},{"@type":"BreadcrumbList","@id":"https:\/\/www.alasmedios.com\/index.php\/2026\/09\/04\/porque-existen-leyes-con-nombre-de-mujer-en-mexico\/#breadcrumb","itemListElement":[{"@type":"ListItem","position":1,"name":"Inicio","item":"https:\/\/www.alasmedios.com\/"},{"@type":"ListItem","position":2,"name":"\u00bfPorque existen leyes con nombre de mujer en M\u00e9xico?"}]},{"@type":"WebSite","@id":"https:\/\/www.alasmedios.com\/#website","url":"https:\/\/www.alasmedios.com\/","name":"Alas Medios","description":"Alas para pensar, Alas para volar, Alas de libertad","publisher":{"@id":"https:\/\/www.alasmedios.com\/#organization"},"potentialAction":[{"@type":"SearchAction","target":{"@type":"EntryPoint","urlTemplate":"https:\/\/www.alasmedios.com\/?s={search_term_string}"},"query-input":{"@type":"PropertyValueSpecification","valueRequired":true,"valueName":"search_term_string"}}],"inLanguage":"es"},{"@type":"Organization","@id":"https:\/\/www.alasmedios.com\/#organization","name":"Alas Medios","url":"https:\/\/www.alasmedios.com\/","logo":{"@type":"ImageObject","inLanguage":"es","@id":"https:\/\/www.alasmedios.com\/#\/schema\/logo\/image\/","url":"https:\/\/www.alasmedios.com\/wp-content\/uploads\/2026\/01\/cropped-cropped-GAM-1.png","contentUrl":"https:\/\/www.alasmedios.com\/wp-content\/uploads\/2026\/01\/cropped-cropped-GAM-1.png","width":467,"height":235,"caption":"Alas Medios"},"image":{"@id":"https:\/\/www.alasmedios.com\/#\/schema\/logo\/image\/"}},{"@type":"Person","@id":"https:\/\/www.alasmedios.com\/#\/schema\/person\/b10c0de4a8ffba676804c2ad7e0fd94e","name":"Estefany Lubi\u00e1n","image":{"@type":"ImageObject","inLanguage":"es","@id":"https:\/\/secure.gravatar.com\/avatar\/d7331382f5347bfb4d4d8869c3ff2cda9deef1d43f1fceaf806e35b4fc64710f?s=96&d=mm&r=g","url":"https:\/\/secure.gravatar.com\/avatar\/d7331382f5347bfb4d4d8869c3ff2cda9deef1d43f1fceaf806e35b4fc64710f?s=96&d=mm&r=g","contentUrl":"https:\/\/secure.gravatar.com\/avatar\/d7331382f5347bfb4d4d8869c3ff2cda9deef1d43f1fceaf806e35b4fc64710f?s=96&d=mm&r=g","caption":"Estefany Lubi\u00e1n"},"url":"https:\/\/www.alasmedios.com\/index.php\/author\/estefany-lubian\/"}]}},"_links":{"self":[{"href":"https:\/\/www.alasmedios.com\/index.php\/wp-json\/wp\/v2\/posts\/12655","targetHints":{"allow":["GET"]}}],"collection":[{"href":"https:\/\/www.alasmedios.com\/index.php\/wp-json\/wp\/v2\/posts"}],"about":[{"href":"https:\/\/www.alasmedios.com\/index.php\/wp-json\/wp\/v2\/types\/post"}],"author":[{"embeddable":true,"href":"https:\/\/www.alasmedios.com\/index.php\/wp-json\/wp\/v2\/users\/20"}],"replies":[{"embeddable":true,"href":"https:\/\/www.alasmedios.com\/index.php\/wp-json\/wp\/v2\/comments?post=12655"}],"version-history":[{"count":1,"href":"https:\/\/www.alasmedios.com\/index.php\/wp-json\/wp\/v2\/posts\/12655\/revisions"}],"predecessor-version":[{"id":12656,"href":"https:\/\/www.alasmedios.com\/index.php\/wp-json\/wp\/v2\/posts\/12655\/revisions\/12656"}],"wp:featuredmedia":[{"embeddable":true,"href":"https:\/\/www.alasmedios.com\/index.php\/wp-json\/wp\/v2\/media\/8996"}],"wp:attachment":[{"href":"https:\/\/www.alasmedios.com\/index.php\/wp-json\/wp\/v2\/media?parent=12655"}],"wp:term":[{"taxonomy":"category","embeddable":true,"href":"https:\/\/www.alasmedios.com\/index.php\/wp-json\/wp\/v2\/categories?post=12655"},{"taxonomy":"post_tag","embeddable":true,"href":"https:\/\/www.alasmedios.com\/index.php\/wp-json\/wp\/v2\/tags?post=12655"}],"curies":[{"name":"wp","href":"https:\/\/api.w.org\/{rel}","templated":true}]}}