{"id":12633,"date":"2026-09-03T10:23:16","date_gmt":"2026-09-03T16:23:16","guid":{"rendered":"https:\/\/www.alasmedios.com\/?p=12633"},"modified":"2026-09-03T10:23:21","modified_gmt":"2026-09-03T16:23:21","slug":"puebla-fortalece-las-investigaciones-por-crueldad-animal-con-medicina-veterinaria-forense","status":"publish","type":"post","link":"https:\/\/www.alasmedios.com\/index.php\/2026\/09\/03\/puebla-fortalece-las-investigaciones-por-crueldad-animal-con-medicina-veterinaria-forense\/","title":{"rendered":"Puebla: Fortalece las investigaciones por crueldad animal con medicina veterinaria forense"},"content":{"rendered":"\n<p class=\"wp-block-paragraph\"><strong>La persecuci\u00f3n y sanci\u00f3n del maltrato animal en la entidad<\/strong> cuenta con bases t\u00e9cnicas m\u00e1s rigurosas. Como parte de una segunda etapa de profesionalizaci\u00f3n interinstitucional, el sedif y fge capacitacion en <strong>medicina veterinaria forense especializada<\/strong> fue impartida al personal m\u00e9dico de la Direcci\u00f3n de Bienestar Animal (DIBA), con el objetivo de perfeccionar la <strong>integraci\u00f3n de dict\u00e1menes periciales <\/strong>en casos de crueldad hacia seres sintientes.<\/p>\n\n\n\n<p class=\"wp-block-paragraph\">La directora de <strong>Bienestar Animal del Sistema Estatal DIF,<\/strong> Michele Islas Ganime, destac\u00f3 que esta instrucci\u00f3n te\u00f3rica y pr\u00e1ctica permitir\u00e1 fundamentar cada intervenci\u00f3n en criterios cient\u00edficos, brindando el respaldo legal necesario para deslindar responsabilidades. Bajo la visi\u00f3n de la presidenta del Patronato del SEDIF, Ceci Arellano, y la <strong>pol\u00edtica de Cero Tolerancia al Maltrato Animal promovida por el gobernador Alejandro Armenta Mier, <\/strong>la consolidaci\u00f3n de que el sedif y fge capacitacion en medicina veterinaria forense sea una prioridad habilita a los m\u00e9dicos del organismo para realizar necropsias forenses en coadyuvancia con la Fiscal\u00eda General del Estado.<\/p>\n\n\n\n<p class=\"wp-block-paragraph\">CONTIN\u00daA LEYENDO:<a href=\"https:\/\/www.alasmedios.com\/index.php\/2026\/09\/01\/puebla-enciende-las-fiestas-patrias-asi-arranca-la-ruta-por-216-anos-de-independencia\/\" data-type=\"post\" data-id=\"12578\">Puebla enciende las Fiestas Patrias: as\u00ed arranca la ruta por 216 a\u00f1os de Independencia<\/a><\/p>\n\n\n\n<h2 class=\"wp-block-heading\">T\u00e9cnicas periciales y cadena de custodia en San Pablo Xochimehuac\u00e1n<\/h2>\n\n\n\n<p class=\"wp-block-paragraph\">La jornada formativa se desarroll\u00f3 en el Centro de Bienestar Animal de la junta auxiliar de San Pablo Xochimehuac\u00e1n bajo el taller<strong> &#8220;Actuaci\u00f3n del m\u00e9dico veterinario zootecnista dentro del sistema de procuraci\u00f3n de justicia (peritaje)&#8221;<\/strong>. Por un lado, el perito especializado Oton Dorantes Garc\u00eda imparti\u00f3 la instrucci\u00f3n. Asimismo, el especialista colabor\u00f3 estrechamente con la Unidad Especializada en Investigaci\u00f3n de Delitos Contra los Animales de la FGE, encabezada por Abraham Aguilar.<\/p>\n\n\n\n<p class=\"wp-block-paragraph\">Durante el bloque pr\u00e1ctico, el personal perfeccion\u00f3 el abordaje forense de cad\u00e1veres mediante la t\u00e9cnica de Letulle, enfocada en la <strong>extracci\u00f3n del bloque visceral para su examen anatomopatol\u00f3gico<\/strong> bajo estrictos protocolos de cadena de custodia. Este procedimiento aporta elementos objetivos para determinar cient\u00edficamente la causa de muerte e integrar carpetas de investigaci\u00f3n s\u00f3lidas ante los tribunales.<\/p>\n\n\n<ul class=\"wp-block-latest-posts__list wp-block-latest-posts is-layout-flow wp-block-latest-posts-is-layout-flow\"><li><div class=\"wp-block-latest-posts__featured-image\"><img loading=\"lazy\" decoding=\"async\" width=\"150\" height=\"150\" src=\"https:\/\/www.alasmedios.com\/wp-content\/uploads\/2026\/09\/\u00bfAnticoncepcion-para-hombres-150x150.jpeg\" class=\"attachment-thumbnail size-thumbnail wp-post-image\" alt=\"\" style=\"\" \/><\/div><a class=\"wp-block-latest-posts__post-title\" href=\"https:\/\/www.alasmedios.com\/index.php\/2026\/09\/03\/hombres-frente-a-metodos-anticonceptivos-opciones-y-responsabilidad\/\">\u00bfAnticoncepci\u00f3n para hombres? Opciones existen, los prejuicios tambi\u00e9n<\/a><\/li>\n<li><div class=\"wp-block-latest-posts__featured-image\"><img loading=\"lazy\" decoding=\"async\" width=\"150\" height=\"150\" src=\"https:\/\/www.alasmedios.com\/wp-content\/uploads\/2026\/09\/Mes-del-Testamento-150x150.jpg\" class=\"attachment-thumbnail size-thumbnail wp-post-image\" alt=\"\" style=\"\" \/><\/div><a class=\"wp-block-latest-posts__post-title\" href=\"https:\/\/www.alasmedios.com\/index.php\/2026\/09\/03\/gobierno-de-hidalgo-promueve-la-cultura-testamentaria-iaameh-adultos-mayores\/\">Mes del Testamento en Hidalgo: IAAMEH dar\u00e1 asesor\u00eda a adultos mayores para proteger su patrimonio<\/a><\/li>\n<li><div class=\"wp-block-latest-posts__featured-image\"><img loading=\"lazy\" decoding=\"async\" width=\"150\" height=\"150\" src=\"https:\/\/www.alasmedios.com\/wp-content\/uploads\/2026\/09\/medicina-veterinaria-forense-150x150.jpg\" class=\"attachment-thumbnail size-thumbnail wp-post-image\" alt=\"\" style=\"\" \/><\/div><a class=\"wp-block-latest-posts__post-title\" href=\"https:\/\/www.alasmedios.com\/index.php\/2026\/09\/03\/puebla-fortalece-las-investigaciones-por-crueldad-animal-con-medicina-veterinaria-forense\/\">Puebla: Fortalece las investigaciones por crueldad animal con medicina veterinaria forense<\/a><\/li>\n<\/ul>","protected":false},"excerpt":{"rendered":"<p>La persecuci\u00f3n y sanci\u00f3n del maltrato animal en la entidad cuenta con bases t\u00e9cnicas m\u00e1s rigurosas. Como parte de una<\/p>\n","protected":false},"author":19,"featured_media":12634,"comment_status":"open","ping_status":"open","sticky":false,"template":"","format":"standard","meta":{"colormag_page_container_layout":"default_layout","colormag_page_sidebar_layout":"default_layout","rop_custom_images_group":[],"rop_custom_messages_group":[],"rop_publish_now":"yes","rop_publish_now_accounts":[],"rop_publish_now_history":[],"rop_publish_now_status":"pending","iawp_total_views":0,"footnotes":""},"categories":[3704],"tags":[4466,1019,1748,1363,4377],"class_list":["post-12633","post","type-post","status-publish","format-standard","has-post-thumbnail","hentry","category-puebla","tag-animales","tag-bienestar","tag-crueldad","tag-puebla","tag-veterinaria"],"magazineBlocksPostFeaturedMedia":{"thumbnail":"https:\/\/www.alasmedios.com\/wp-content\/uploads\/2026\/09\/medicina-veterinaria-forense-150x150.jpg","medium":"https:\/\/www.alasmedios.com\/wp-content\/uploads\/2026\/09\/medicina-veterinaria-forense-300x277.jpg","medium_large":"https:\/\/www.alasmedios.com\/wp-content\/uploads\/2026\/09\/medicina-veterinaria-forense-768x709.jpg","large":"https:\/\/www.alasmedios.com\/wp-content\/uploads\/2026\/09\/medicina-veterinaria-forense-1024x946.jpg","1536x1536":"https:\/\/www.alasmedios.com\/wp-content\/uploads\/2026\/09\/medicina-veterinaria-forense.jpg","2048x2048":"https:\/\/www.alasmedios.com\/wp-content\/uploads\/2026\/09\/medicina-veterinaria-forense.jpg","colormag-highlighted-post":"https:\/\/www.alasmedios.com\/wp-content\/uploads\/2026\/09\/medicina-veterinaria-forense-392x272.jpg","colormag-featured-post-medium":"https:\/\/www.alasmedios.com\/wp-content\/uploads\/2026\/09\/medicina-veterinaria-forense-390x205.jpg","colormag-featured-post-small":"https:\/\/www.alasmedios.com\/wp-content\/uploads\/2026\/09\/medicina-veterinaria-forense-130x90.jpg","colormag-featured-image":"https:\/\/www.alasmedios.com\/wp-content\/uploads\/2026\/09\/medicina-veterinaria-forense-800x445.jpg","colormag-default-news":"https:\/\/www.alasmedios.com\/wp-content\/uploads\/2026\/09\/medicina-veterinaria-forense-150x150.jpg","colormag-featured-image-large":"https:\/\/www.alasmedios.com\/wp-content\/uploads\/2026\/09\/medicina-veterinaria-forense-1280x600.jpg"},"magazineBlocksPostAuthor":{"name":"Angel Mendoza","avatar":"https:\/\/secure.gravatar.com\/avatar\/ff8e027add11df9226dc0fdf09e494d036f6ae837ba63a4e3749865c21e6565b?s=96&d=mm&r=g"},"magazineBlocksPostCommentsNumber":"0","magazineBlocksPostExcerpt":"La persecuci\u00f3n y sanci\u00f3n del maltrato animal en la entidad cuenta con bases t\u00e9cnicas m\u00e1s rigurosas. Como parte de una","magazineBlocksPostCategories":["Puebla"],"magazineBlocksPostViewCount":7,"magazineBlocksPostReadTime":2,"magazine_blocks_featured_image_url":{"full":["https:\/\/www.alasmedios.com\/wp-content\/uploads\/2026\/09\/medicina-veterinaria-forense.jpg",1280,1182,false],"medium":["https:\/\/www.alasmedios.com\/wp-content\/uploads\/2026\/09\/medicina-veterinaria-forense-300x277.jpg",300,277,true],"thumbnail":["https:\/\/www.alasmedios.com\/wp-content\/uploads\/2026\/09\/medicina-veterinaria-forense-150x150.jpg",150,150,true]},"magazine_blocks_author":{"display_name":"Angel Mendoza","author_link":"https:\/\/www.alasmedios.com\/index.php\/author\/angel-mendoza\/"},"magazine_blocks_comment":0,"magazine_blocks_author_image":"https:\/\/secure.gravatar.com\/avatar\/ff8e027add11df9226dc0fdf09e494d036f6ae837ba63a4e3749865c21e6565b?s=96&d=mm&r=g","magazine_blocks_category":"<a href=\"#\" class=\"category-link category-link-3704\">Puebla<\/a>","videoUrl":"","yoast_head":"<!-- This site is optimized with the Yoast SEO plugin v28.4 - https:\/\/yoast.com\/product\/yoast-seo-wordpress\/ -->\r\n<title>Puebla: Fortalece las investigaciones por crueldad animal con medicina veterinaria forense - Alas Medios<\/title>\r\n<meta name=\"description\" content=\"La persecuci\u00f3n y sanci\u00f3n del maltrato animal en la entidad cuenta con bases t\u00e9cnicas m\u00e1s rigurosas. Como parte de una segunda\" \/>\r\n<meta name=\"robots\" content=\"index, follow, max-snippet:-1, max-image-preview:large, max-video-preview:-1\" \/>\r\n<link rel=\"canonical\" href=\"https:\/\/www.alasmedios.com\/index.php\/2026\/09\/03\/puebla-fortalece-las-investigaciones-por-crueldad-animal-con-medicina-veterinaria-forense\/\" \/>\r\n<meta property=\"og:locale\" content=\"es_MX\" \/>\r\n<meta property=\"og:type\" content=\"article\" \/>\r\n<meta property=\"og:title\" content=\"Puebla: Fortalece las investigaciones por crueldad animal con medicina veterinaria forense - Alas Medios\" \/>\r\n<meta property=\"og:description\" content=\"La persecuci\u00f3n y sanci\u00f3n del maltrato animal en la entidad cuenta con bases t\u00e9cnicas m\u00e1s rigurosas. Como parte de una segunda\" \/>\r\n<meta property=\"og:url\" content=\"https:\/\/www.alasmedios.com\/index.php\/2026\/09\/03\/puebla-fortalece-las-investigaciones-por-crueldad-animal-con-medicina-veterinaria-forense\/\" \/>\r\n<meta property=\"og:site_name\" content=\"Alas Medios\" \/>\r\n<meta property=\"article:published_time\" content=\"2026-09-03T16:23:16+00:00\" \/>\r\n<meta property=\"article:modified_time\" content=\"2026-09-03T16:23:21+00:00\" \/>\r\n<meta property=\"og:image\" content=\"https:\/\/www.alasmedios.com\/wp-content\/uploads\/2026\/09\/medicina-veterinaria-forense.jpg\" \/>\r\n\t<meta property=\"og:image:width\" content=\"1280\" \/>\r\n\t<meta property=\"og:image:height\" content=\"1182\" \/>\r\n\t<meta property=\"og:image:type\" content=\"image\/jpeg\" \/>\r\n<meta name=\"author\" content=\"Angel Mendoza\" \/>\r\n<meta name=\"twitter:card\" content=\"summary_large_image\" \/>\r\n<meta name=\"twitter:label1\" content=\"Escrito por\" \/>\n\t<meta name=\"twitter:data1\" content=\"Angel Mendoza\" \/>\n\t<meta name=\"twitter:label2\" content=\"Tiempo de lectura\" \/>\n\t<meta name=\"twitter:data2\" content=\"2 minutos\" \/>\r\n<script type=\"application\/ld+json\" class=\"yoast-schema-graph\">{\"@context\":\"https:\\\/\\\/schema.org\",\"@graph\":[{\"@type\":\"Article\",\"@id\":\"https:\\\/\\\/www.alasmedios.com\\\/index.php\\\/2026\\\/09\\\/03\\\/puebla-fortalece-las-investigaciones-por-crueldad-animal-con-medicina-veterinaria-forense\\\/#article\",\"isPartOf\":{\"@id\":\"https:\\\/\\\/www.alasmedios.com\\\/index.php\\\/2026\\\/09\\\/03\\\/puebla-fortalece-las-investigaciones-por-crueldad-animal-con-medicina-veterinaria-forense\\\/\"},\"author\":{\"name\":\"Angel Mendoza\",\"@id\":\"https:\\\/\\\/www.alasmedios.com\\\/#\\\/schema\\\/person\\\/f2b3d85cc9caf18d4ca3676f1a5af91b\"},\"headline\":\"Puebla: Fortalece las investigaciones por crueldad animal con medicina veterinaria forense\",\"datePublished\":\"2026-09-03T16:23:16+00:00\",\"dateModified\":\"2026-09-03T16:23:21+00:00\",\"mainEntityOfPage\":{\"@id\":\"https:\\\/\\\/www.alasmedios.com\\\/index.php\\\/2026\\\/09\\\/03\\\/puebla-fortalece-las-investigaciones-por-crueldad-animal-con-medicina-veterinaria-forense\\\/\"},\"wordCount\":360,\"commentCount\":0,\"publisher\":{\"@id\":\"https:\\\/\\\/www.alasmedios.com\\\/#organization\"},\"image\":{\"@id\":\"https:\\\/\\\/www.alasmedios.com\\\/index.php\\\/2026\\\/09\\\/03\\\/puebla-fortalece-las-investigaciones-por-crueldad-animal-con-medicina-veterinaria-forense\\\/#primaryimage\"},\"thumbnailUrl\":\"https:\\\/\\\/www.alasmedios.com\\\/wp-content\\\/uploads\\\/2026\\\/09\\\/medicina-veterinaria-forense.jpg\",\"keywords\":[\"Animales\",\"bienestar\",\"crueldad\",\"Puebla\",\"veterinaria\"],\"articleSection\":[\"Puebla\"],\"inLanguage\":\"es\",\"potentialAction\":[{\"@type\":\"CommentAction\",\"name\":\"Comment\",\"target\":[\"https:\\\/\\\/www.alasmedios.com\\\/index.php\\\/2026\\\/09\\\/03\\\/puebla-fortalece-las-investigaciones-por-crueldad-animal-con-medicina-veterinaria-forense\\\/#respond\"]}]},{\"@type\":\"WebPage\",\"@id\":\"https:\\\/\\\/www.alasmedios.com\\\/index.php\\\/2026\\\/09\\\/03\\\/puebla-fortalece-las-investigaciones-por-crueldad-animal-con-medicina-veterinaria-forense\\\/\",\"url\":\"https:\\\/\\\/www.alasmedios.com\\\/index.php\\\/2026\\\/09\\\/03\\\/puebla-fortalece-las-investigaciones-por-crueldad-animal-con-medicina-veterinaria-forense\\\/\",\"name\":\"Puebla: Fortalece las investigaciones por crueldad animal con medicina veterinaria forense - Alas Medios\",\"isPartOf\":{\"@id\":\"https:\\\/\\\/www.alasmedios.com\\\/#website\"},\"primaryImageOfPage\":{\"@id\":\"https:\\\/\\\/www.alasmedios.com\\\/index.php\\\/2026\\\/09\\\/03\\\/puebla-fortalece-las-investigaciones-por-crueldad-animal-con-medicina-veterinaria-forense\\\/#primaryimage\"},\"image\":{\"@id\":\"https:\\\/\\\/www.alasmedios.com\\\/index.php\\\/2026\\\/09\\\/03\\\/puebla-fortalece-las-investigaciones-por-crueldad-animal-con-medicina-veterinaria-forense\\\/#primaryimage\"},\"thumbnailUrl\":\"https:\\\/\\\/www.alasmedios.com\\\/wp-content\\\/uploads\\\/2026\\\/09\\\/medicina-veterinaria-forense.jpg\",\"datePublished\":\"2026-09-03T16:23:16+00:00\",\"dateModified\":\"2026-09-03T16:23:21+00:00\",\"description\":\"La persecuci\u00f3n y sanci\u00f3n del maltrato animal en la entidad cuenta con bases t\u00e9cnicas m\u00e1s rigurosas. Como parte de una segunda\",\"breadcrumb\":{\"@id\":\"https:\\\/\\\/www.alasmedios.com\\\/index.php\\\/2026\\\/09\\\/03\\\/puebla-fortalece-las-investigaciones-por-crueldad-animal-con-medicina-veterinaria-forense\\\/#breadcrumb\"},\"inLanguage\":\"es\",\"potentialAction\":[{\"@type\":\"ReadAction\",\"target\":[\"https:\\\/\\\/www.alasmedios.com\\\/index.php\\\/2026\\\/09\\\/03\\\/puebla-fortalece-las-investigaciones-por-crueldad-animal-con-medicina-veterinaria-forense\\\/\"]}]},{\"@type\":\"ImageObject\",\"inLanguage\":\"es\",\"@id\":\"https:\\\/\\\/www.alasmedios.com\\\/index.php\\\/2026\\\/09\\\/03\\\/puebla-fortalece-las-investigaciones-por-crueldad-animal-con-medicina-veterinaria-forense\\\/#primaryimage\",\"url\":\"https:\\\/\\\/www.alasmedios.com\\\/wp-content\\\/uploads\\\/2026\\\/09\\\/medicina-veterinaria-forense.jpg\",\"contentUrl\":\"https:\\\/\\\/www.alasmedios.com\\\/wp-content\\\/uploads\\\/2026\\\/09\\\/medicina-veterinaria-forense.jpg\",\"width\":1280,\"height\":1182},{\"@type\":\"BreadcrumbList\",\"@id\":\"https:\\\/\\\/www.alasmedios.com\\\/index.php\\\/2026\\\/09\\\/03\\\/puebla-fortalece-las-investigaciones-por-crueldad-animal-con-medicina-veterinaria-forense\\\/#breadcrumb\",\"itemListElement\":[{\"@type\":\"ListItem\",\"position\":1,\"name\":\"Inicio\",\"item\":\"https:\\\/\\\/www.alasmedios.com\\\/\"},{\"@type\":\"ListItem\",\"position\":2,\"name\":\"Puebla: Fortalece las investigaciones por crueldad animal con medicina veterinaria forense\"}]},{\"@type\":\"WebSite\",\"@id\":\"https:\\\/\\\/www.alasmedios.com\\\/#website\",\"url\":\"https:\\\/\\\/www.alasmedios.com\\\/\",\"name\":\"Alas Medios\",\"description\":\"Alas para pensar, Alas para volar, Alas de libertad\",\"publisher\":{\"@id\":\"https:\\\/\\\/www.alasmedios.com\\\/#organization\"},\"potentialAction\":[{\"@type\":\"SearchAction\",\"target\":{\"@type\":\"EntryPoint\",\"urlTemplate\":\"https:\\\/\\\/www.alasmedios.com\\\/?s={search_term_string}\"},\"query-input\":{\"@type\":\"PropertyValueSpecification\",\"valueRequired\":true,\"valueName\":\"search_term_string\"}}],\"inLanguage\":\"es\"},{\"@type\":\"Organization\",\"@id\":\"https:\\\/\\\/www.alasmedios.com\\\/#organization\",\"name\":\"Alas Medios\",\"url\":\"https:\\\/\\\/www.alasmedios.com\\\/\",\"logo\":{\"@type\":\"ImageObject\",\"inLanguage\":\"es\",\"@id\":\"https:\\\/\\\/www.alasmedios.com\\\/#\\\/schema\\\/logo\\\/image\\\/\",\"url\":\"https:\\\/\\\/www.alasmedios.com\\\/wp-content\\\/uploads\\\/2026\\\/01\\\/cropped-cropped-GAM-1.png\",\"contentUrl\":\"https:\\\/\\\/www.alasmedios.com\\\/wp-content\\\/uploads\\\/2026\\\/01\\\/cropped-cropped-GAM-1.png\",\"width\":467,\"height\":235,\"caption\":\"Alas Medios\"},\"image\":{\"@id\":\"https:\\\/\\\/www.alasmedios.com\\\/#\\\/schema\\\/logo\\\/image\\\/\"}},{\"@type\":\"Person\",\"@id\":\"https:\\\/\\\/www.alasmedios.com\\\/#\\\/schema\\\/person\\\/f2b3d85cc9caf18d4ca3676f1a5af91b\",\"name\":\"Angel Mendoza\",\"image\":{\"@type\":\"ImageObject\",\"inLanguage\":\"es\",\"@id\":\"https:\\\/\\\/secure.gravatar.com\\\/avatar\\\/ff8e027add11df9226dc0fdf09e494d036f6ae837ba63a4e3749865c21e6565b?s=96&d=mm&r=g\",\"url\":\"https:\\\/\\\/secure.gravatar.com\\\/avatar\\\/ff8e027add11df9226dc0fdf09e494d036f6ae837ba63a4e3749865c21e6565b?s=96&d=mm&r=g\",\"contentUrl\":\"https:\\\/\\\/secure.gravatar.com\\\/avatar\\\/ff8e027add11df9226dc0fdf09e494d036f6ae837ba63a4e3749865c21e6565b?s=96&d=mm&r=g\",\"caption\":\"Angel Mendoza\"},\"url\":\"https:\\\/\\\/www.alasmedios.com\\\/index.php\\\/author\\\/angel-mendoza\\\/\"}]}<\/script>\r\n<!-- \/ Yoast SEO plugin. -->","yoast_head_json":{"title":"Puebla: Fortalece las investigaciones por crueldad animal con medicina veterinaria forense - Alas Medios","description":"La persecuci\u00f3n y sanci\u00f3n del maltrato animal en la entidad cuenta con bases t\u00e9cnicas m\u00e1s rigurosas. Como parte de una segunda","robots":{"index":"index","follow":"follow","max-snippet":"max-snippet:-1","max-image-preview":"max-image-preview:large","max-video-preview":"max-video-preview:-1"},"canonical":"https:\/\/www.alasmedios.com\/index.php\/2026\/09\/03\/puebla-fortalece-las-investigaciones-por-crueldad-animal-con-medicina-veterinaria-forense\/","og_locale":"es_MX","og_type":"article","og_title":"Puebla: Fortalece las investigaciones por crueldad animal con medicina veterinaria forense - Alas Medios","og_description":"La persecuci\u00f3n y sanci\u00f3n del maltrato animal en la entidad cuenta con bases t\u00e9cnicas m\u00e1s rigurosas. Como parte de una segunda","og_url":"https:\/\/www.alasmedios.com\/index.php\/2026\/09\/03\/puebla-fortalece-las-investigaciones-por-crueldad-animal-con-medicina-veterinaria-forense\/","og_site_name":"Alas Medios","article_published_time":"2026-09-03T16:23:16+00:00","article_modified_time":"2026-09-03T16:23:21+00:00","og_image":[{"width":1280,"height":1182,"url":"https:\/\/www.alasmedios.com\/wp-content\/uploads\/2026\/09\/medicina-veterinaria-forense.jpg","type":"image\/jpeg"}],"author":"Angel Mendoza","twitter_card":"summary_large_image","twitter_misc":{"Escrito por":"Angel Mendoza","Tiempo de lectura":"2 minutos"},"schema":{"@context":"https:\/\/schema.org","@graph":[{"@type":"Article","@id":"https:\/\/www.alasmedios.com\/index.php\/2026\/09\/03\/puebla-fortalece-las-investigaciones-por-crueldad-animal-con-medicina-veterinaria-forense\/#article","isPartOf":{"@id":"https:\/\/www.alasmedios.com\/index.php\/2026\/09\/03\/puebla-fortalece-las-investigaciones-por-crueldad-animal-con-medicina-veterinaria-forense\/"},"author":{"name":"Angel Mendoza","@id":"https:\/\/www.alasmedios.com\/#\/schema\/person\/f2b3d85cc9caf18d4ca3676f1a5af91b"},"headline":"Puebla: Fortalece las investigaciones por crueldad animal con medicina veterinaria forense","datePublished":"2026-09-03T16:23:16+00:00","dateModified":"2026-09-03T16:23:21+00:00","mainEntityOfPage":{"@id":"https:\/\/www.alasmedios.com\/index.php\/2026\/09\/03\/puebla-fortalece-las-investigaciones-por-crueldad-animal-con-medicina-veterinaria-forense\/"},"wordCount":360,"commentCount":0,"publisher":{"@id":"https:\/\/www.alasmedios.com\/#organization"},"image":{"@id":"https:\/\/www.alasmedios.com\/index.php\/2026\/09\/03\/puebla-fortalece-las-investigaciones-por-crueldad-animal-con-medicina-veterinaria-forense\/#primaryimage"},"thumbnailUrl":"https:\/\/www.alasmedios.com\/wp-content\/uploads\/2026\/09\/medicina-veterinaria-forense.jpg","keywords":["Animales","bienestar","crueldad","Puebla","veterinaria"],"articleSection":["Puebla"],"inLanguage":"es","potentialAction":[{"@type":"CommentAction","name":"Comment","target":["https:\/\/www.alasmedios.com\/index.php\/2026\/09\/03\/puebla-fortalece-las-investigaciones-por-crueldad-animal-con-medicina-veterinaria-forense\/#respond"]}]},{"@type":"WebPage","@id":"https:\/\/www.alasmedios.com\/index.php\/2026\/09\/03\/puebla-fortalece-las-investigaciones-por-crueldad-animal-con-medicina-veterinaria-forense\/","url":"https:\/\/www.alasmedios.com\/index.php\/2026\/09\/03\/puebla-fortalece-las-investigaciones-por-crueldad-animal-con-medicina-veterinaria-forense\/","name":"Puebla: Fortalece las investigaciones por crueldad animal con medicina veterinaria forense - Alas Medios","isPartOf":{"@id":"https:\/\/www.alasmedios.com\/#website"},"primaryImageOfPage":{"@id":"https:\/\/www.alasmedios.com\/index.php\/2026\/09\/03\/puebla-fortalece-las-investigaciones-por-crueldad-animal-con-medicina-veterinaria-forense\/#primaryimage"},"image":{"@id":"https:\/\/www.alasmedios.com\/index.php\/2026\/09\/03\/puebla-fortalece-las-investigaciones-por-crueldad-animal-con-medicina-veterinaria-forense\/#primaryimage"},"thumbnailUrl":"https:\/\/www.alasmedios.com\/wp-content\/uploads\/2026\/09\/medicina-veterinaria-forense.jpg","datePublished":"2026-09-03T16:23:16+00:00","dateModified":"2026-09-03T16:23:21+00:00","description":"La persecuci\u00f3n y sanci\u00f3n del maltrato animal en la entidad cuenta con bases t\u00e9cnicas m\u00e1s rigurosas. Como parte de una segunda","breadcrumb":{"@id":"https:\/\/www.alasmedios.com\/index.php\/2026\/09\/03\/puebla-fortalece-las-investigaciones-por-crueldad-animal-con-medicina-veterinaria-forense\/#breadcrumb"},"inLanguage":"es","potentialAction":[{"@type":"ReadAction","target":["https:\/\/www.alasmedios.com\/index.php\/2026\/09\/03\/puebla-fortalece-las-investigaciones-por-crueldad-animal-con-medicina-veterinaria-forense\/"]}]},{"@type":"ImageObject","inLanguage":"es","@id":"https:\/\/www.alasmedios.com\/index.php\/2026\/09\/03\/puebla-fortalece-las-investigaciones-por-crueldad-animal-con-medicina-veterinaria-forense\/#primaryimage","url":"https:\/\/www.alasmedios.com\/wp-content\/uploads\/2026\/09\/medicina-veterinaria-forense.jpg","contentUrl":"https:\/\/www.alasmedios.com\/wp-content\/uploads\/2026\/09\/medicina-veterinaria-forense.jpg","width":1280,"height":1182},{"@type":"BreadcrumbList","@id":"https:\/\/www.alasmedios.com\/index.php\/2026\/09\/03\/puebla-fortalece-las-investigaciones-por-crueldad-animal-con-medicina-veterinaria-forense\/#breadcrumb","itemListElement":[{"@type":"ListItem","position":1,"name":"Inicio","item":"https:\/\/www.alasmedios.com\/"},{"@type":"ListItem","position":2,"name":"Puebla: Fortalece las investigaciones por crueldad animal con medicina veterinaria forense"}]},{"@type":"WebSite","@id":"https:\/\/www.alasmedios.com\/#website","url":"https:\/\/www.alasmedios.com\/","name":"Alas Medios","description":"Alas para pensar, Alas para volar, Alas de libertad","publisher":{"@id":"https:\/\/www.alasmedios.com\/#organization"},"potentialAction":[{"@type":"SearchAction","target":{"@type":"EntryPoint","urlTemplate":"https:\/\/www.alasmedios.com\/?s={search_term_string}"},"query-input":{"@type":"PropertyValueSpecification","valueRequired":true,"valueName":"search_term_string"}}],"inLanguage":"es"},{"@type":"Organization","@id":"https:\/\/www.alasmedios.com\/#organization","name":"Alas Medios","url":"https:\/\/www.alasmedios.com\/","logo":{"@type":"ImageObject","inLanguage":"es","@id":"https:\/\/www.alasmedios.com\/#\/schema\/logo\/image\/","url":"https:\/\/www.alasmedios.com\/wp-content\/uploads\/2026\/01\/cropped-cropped-GAM-1.png","contentUrl":"https:\/\/www.alasmedios.com\/wp-content\/uploads\/2026\/01\/cropped-cropped-GAM-1.png","width":467,"height":235,"caption":"Alas Medios"},"image":{"@id":"https:\/\/www.alasmedios.com\/#\/schema\/logo\/image\/"}},{"@type":"Person","@id":"https:\/\/www.alasmedios.com\/#\/schema\/person\/f2b3d85cc9caf18d4ca3676f1a5af91b","name":"Angel Mendoza","image":{"@type":"ImageObject","inLanguage":"es","@id":"https:\/\/secure.gravatar.com\/avatar\/ff8e027add11df9226dc0fdf09e494d036f6ae837ba63a4e3749865c21e6565b?s=96&d=mm&r=g","url":"https:\/\/secure.gravatar.com\/avatar\/ff8e027add11df9226dc0fdf09e494d036f6ae837ba63a4e3749865c21e6565b?s=96&d=mm&r=g","contentUrl":"https:\/\/secure.gravatar.com\/avatar\/ff8e027add11df9226dc0fdf09e494d036f6ae837ba63a4e3749865c21e6565b?s=96&d=mm&r=g","caption":"Angel Mendoza"},"url":"https:\/\/www.alasmedios.com\/index.php\/author\/angel-mendoza\/"}]}},"_links":{"self":[{"href":"https:\/\/www.alasmedios.com\/index.php\/wp-json\/wp\/v2\/posts\/12633","targetHints":{"allow":["GET"]}}],"collection":[{"href":"https:\/\/www.alasmedios.com\/index.php\/wp-json\/wp\/v2\/posts"}],"about":[{"href":"https:\/\/www.alasmedios.com\/index.php\/wp-json\/wp\/v2\/types\/post"}],"author":[{"embeddable":true,"href":"https:\/\/www.alasmedios.com\/index.php\/wp-json\/wp\/v2\/users\/19"}],"replies":[{"embeddable":true,"href":"https:\/\/www.alasmedios.com\/index.php\/wp-json\/wp\/v2\/comments?post=12633"}],"version-history":[{"count":1,"href":"https:\/\/www.alasmedios.com\/index.php\/wp-json\/wp\/v2\/posts\/12633\/revisions"}],"predecessor-version":[{"id":12635,"href":"https:\/\/www.alasmedios.com\/index.php\/wp-json\/wp\/v2\/posts\/12633\/revisions\/12635"}],"wp:featuredmedia":[{"embeddable":true,"href":"https:\/\/www.alasmedios.com\/index.php\/wp-json\/wp\/v2\/media\/12634"}],"wp:attachment":[{"href":"https:\/\/www.alasmedios.com\/index.php\/wp-json\/wp\/v2\/media?parent=12633"}],"wp:term":[{"taxonomy":"category","embeddable":true,"href":"https:\/\/www.alasmedios.com\/index.php\/wp-json\/wp\/v2\/categories?post=12633"},{"taxonomy":"post_tag","embeddable":true,"href":"https:\/\/www.alasmedios.com\/index.php\/wp-json\/wp\/v2\/tags?post=12633"}],"curies":[{"name":"wp","href":"https:\/\/api.w.org\/{rel}","templated":true}]}}