{"id":12630,"date":"2026-09-03T01:32:00","date_gmt":"2026-09-03T07:32:00","guid":{"rendered":"https:\/\/www.alasmedios.com\/?p=12630"},"modified":"2026-09-03T08:33:14","modified_gmt":"2026-09-03T14:33:14","slug":"las-calles-de-hugo-leicht-angelorum-populi","status":"publish","type":"post","link":"https:\/\/www.alasmedios.com\/index.php\/2026\/09\/03\/las-calles-de-hugo-leicht-angelorum-populi\/","title":{"rendered":"Las calles de Hugo Leicht: angelorum populi"},"content":{"rendered":"\n<h2 class=\"wp-block-heading\">I.- Herr professor Leicht<\/h2>\n\n\n\n<p class=\"wp-block-paragraph\">En la Deutsche Schule de la Angel\u00f3polis consta que, uno de sus directores fue Adelbert Henry Hugo Leicht, nacido el 27 de agosto de 1881, en Hamburgo, Alemania.<\/p>\n\n\n\n<p class=\"wp-block-paragraph\">Fil\u00f3logo y bi\u00f3logo, es a quien m\u00e1s le debe la antigua Ciudad de los \u00c1ngeles en cuanto a su historia; su libro, Las calles de Puebla es, hasta ahora, el compendio m\u00e1s completo, referencia obligada para los investigadores respecto a una urbe sobre la que el germano sinti\u00f3 \u201ccari\u00f1o e inter\u00e9s.\u201d<\/p>\n\n\n\n<p class=\"wp-block-paragraph\">Este d\u00eda 27 de agosto se cumplen 145 a\u00f1os del nacimiento del hijo del fabricante de barcos Franz Henry Ludwing Leicht y de Adelheid Emma Meyer; con ella, despu\u00e9s de haber estado en el Colegio Alem\u00e1n de Guatemala, lleg\u00f3 a la Angel\u00f3polis \u2014que todav\u00eda ol\u00eda a p\u00f3lvora y seguir\u00eda varios a\u00f1os expeliendo ese aroma\u2014 en 1918.<\/p>\n\n\n\n<p class=\"wp-block-paragraph\">Brevemente director de la Biblioteca Palafoxiana, entre 1924 y 1925 inici\u00f3 los estudios que culminar\u00edan en su emblem\u00e1tico libro, concluido en la Nochebuena de 1930, impreso en 1934, hace 92 a\u00f1os.<\/p>\n\n\n\n<p class=\"wp-block-paragraph\">CONTIN\u00daA LEYENDO: <a href=\"https:\/\/www.alasmedios.com\/index.php\/2026\/08\/27\/tabaco-para-el-flaco-juan-hernandez-luna\/\" data-type=\"post\" data-id=\"12418\">Tabaco para El Flaco Juan Hern\u00e1ndez Luna<\/a><\/p>\n\n\n\n<p class=\"wp-block-paragraph\">Leicht hab\u00eda publicado antes art\u00edculos que ayudaron a probar que la fundaci\u00f3n de la Ciudad de los \u00c1ngeles fue el 16 de abril de 1531, aun cuando hubo una refundaci\u00f3n. As\u00ed, en 1931 se celebraron los 400 a\u00f1os del establecimiento.<\/p>\n\n\n\n<p class=\"wp-block-paragraph\">Uno de los mayores aportes \u2014entre tantos\u2014 hechos por Leicht, es el haber recordado que fueron los frailes franciscanos quienes, con los \u201cnaturales de la tierra\u201d, ind\u00edgenas de diversas naciones (Tlaxcala, Huejotzingo, Cholula, Calpan), edificaron la urbe; y que lo de \u00e1ngeles trazando el damero del sitio \u2014seg\u00fan un supuesto sue\u00f1o del obispo Juli\u00e1n Garc\u00e9s\u2014 es un cuento.<\/p>\n\n\n\n<p class=\"wp-block-paragraph\">Antonio Rubial Garc\u00eda, en un texto del a\u00f1o 2008, explica el porqu\u00e9 del af\u00e1n de querer \u201cdesaparecer\u201d a los franciscanos, y con ellos a los ind\u00edgenas, de la historia ang\u00e9lica; Y recuerda que ni el propio bi\u00f3grafo de Garc\u00e9s menciona la participaci\u00f3n del obispo de Tlaxcala en la fundaci\u00f3n de la Angel\u00f3polis, y menos a\u00fan del supuesto sue\u00f1o donde \u00e1ngeles le mostraban el sitio donde hab\u00eda de ser plantada.<\/p>\n\n\n\n<p class=\"wp-block-paragraph\">Fueron miles de ind\u00edgenas, quienes edificaron la Ciudad de los \u00c1ngeles \u2014m\u00e1s de ocho mil, asegura Motolin\u00eda; mil 800, seg\u00fan Rubial Garc\u00eda\u2014, y no \u00e1ngeles con cordeles, alba\u00f1iles celestiales que habr\u00edan bajado a la Tierra a realizar la cuadr\u00edcula de una ciudad en la que, m\u00e1s que espa\u00f1oles, llegaron a habitar, en su mayor\u00eda y en alg\u00fan momento, negros.<\/p>\n\n\n\n<p class=\"wp-block-paragraph\">TE PUEDE INTERESAR: <a href=\"https:\/\/www.alasmedios.com\/index.php\/2026\/08\/20\/bosques-saldivar-de-chiautla-al-visado-al-paraiso\/\" data-type=\"post\" data-id=\"12200\">Bosques Sald\u00edvar: de Chiautla al visado al Para\u00edso<\/a><\/p>\n\n\n\n<p class=\"wp-block-paragraph\">Una de las aclaraciones m\u00e1s importantes de Hugo Leicht en Las calles de Puebla es que lo de los \u00e1ngeles cordeleros era un cuento, muy posterior \u2014m\u00e1s de setenta a\u00f1os a la plantaci\u00f3n de la urbe\u2014. Escribi\u00f3:<\/p>\n\n\n\n<p class=\"wp-block-paragraph\">\u201cEl cuento del sue\u00f1o del obispo Garc\u00e9s se debe al autor de la Narraci\u00f3n de la Maravillosa Aparici\u00f3n del Arc\u00e1ngel S. Miguel, el padre jesuita Francisco de Florencia (1692).\u201d (Las negritas son de Leicht.)<\/p>\n\n\n\n<p class=\"wp-block-paragraph\">En su libro, que cumplir\u00e1 96 a\u00f1os de haber sido concluido, Leicht dedica un amplio espacio a recordar la relaci\u00f3n de los franciscanos con la Virgen Mar\u00eda y con los \u00c1ngeles, de donde proviene el nombre de la ang\u00e9lica plantada en los valles de Cuetlaxcoapan y Huitzilapan.<\/p>\n\n\n\n<p class=\"wp-block-paragraph\">El 15 de agosto de 1952, hace 74 a\u00f1os, a los 71 a\u00f1os de edad muri\u00f3 Adelbert Henry Hugo Leicht, quien tuvo que regresar a su pa\u00eds, participar en la Segunda Guerra Mundial y padecerla, para despu\u00e9s tener hambre, fr\u00edo, escasez de abrigo y el deseo de volver al que llam\u00f3 \u201cel Pa\u00eds del Sol\u201d, M\u00e9xico.<\/p>\n\n\n\n<p class=\"wp-block-paragraph\">El Dr. Hugo Leicht Meyer. 1881-1952, libro de Pedro Mauro Ramos V\u00e1zquez nos da m\u00e1s y mejores noticias sobre \u00e9l, pero merece comentario amplio y detenido. Fue publicado por el Imacp en el a\u00f1o 2023.<\/p>\n\n\n\n<p class=\"wp-block-paragraph\">LEE: <a href=\"https:\/\/www.alasmedios.com\/index.php\/2026\/08\/13\/chiles-en-nogada-atltzayanca-e-independencia\/\" data-type=\"post\" data-id=\"11915\">Chiles en nogada, Atltzayanca e Independencia<\/a><\/p>\n\n\n\n<h2 class=\"wp-block-heading\">II.- Destino y nobles tradiciones<\/h2>\n\n\n\n<p class=\"wp-block-paragraph\">Las calles de Puebla es, a 92 a\u00f1os de su primera edici\u00f3n, el libro m\u00e1s importante que se haya escrito sobre la antigua Ciudad de los \u00c1ngeles Su autor, Hugo Leicht inici\u00f3 los estudios e investigaciones que culminar\u00edan en el texto, entre 1924 y 1925, para concluir en 1930, un a\u00f1o antes de que se cumplieran los 400 de la fundaci\u00f3n de la Angel\u00f3polis.<\/p>\n\n\n\n<p class=\"wp-block-paragraph\">Los prop\u00f3sitos, escribi\u00f3 el propio Leicht en el \u201cPrefacio\u201d del famoso volumen, eran diversos:<\/p>\n\n\n\n<p class=\"wp-block-paragraph\">\u201cSintiendo cari\u00f1o e inter\u00e9s por la hermosa ciudad de Puebla, de nobles tradiciones, que el destino me hab\u00eda deparado como residencia, consagr\u00e9 mis estudios a la historia local, pues, ya durante mi gesti\u00f3n como director del Colegio Alem\u00e1n hab\u00eda notado la falta de un manual que difundiera las noticias hist\u00f3ricas relativas y corrigiera y completara siquiera algunos de los errores y omisiones de los historiadores de pasadas \u00e9pocas\u2026\u201d<\/p>\n\n\n\n<p class=\"wp-block-paragraph\">Pero \u00bfqui\u00e9n era Hugo Leicht? Miguel Mar\u00edn Hirschmann, quien le conoci\u00f3 y ayud\u00f3 en su investigaci\u00f3n \u2014e incluso lo respald\u00f3 econ\u00f3micamente en sus momentos m\u00e1s dif\u00edciles\u2014 nos cuenta de \u00e9l en \u201cPrefacio\u201d de hace sesenta a\u00f1os, 1966, escrito para la segunda edici\u00f3n del libro del alem\u00e1n, aparecida en 1967:<\/p>\n\n\n\n<p class=\"wp-block-paragraph\">\u201cNaci\u00f3 en Hamburgo, Alemania, el 27 de agosto de 1881, y en alg\u00fan instituto de ese importante puerto de la hist\u00f3rica Liga Hanse\u00e1tica, hizo sus estudios superiores, especializ\u00e1ndose en lenguas cl\u00e1sicas y modernas, dominando de aqu\u00e9llas el griego y el lat\u00edn, y de \u00e9stas, el franc\u00e9s, el ingl\u00e9s y el espa\u00f1ol, llegando a doctorarse y ejercer la c\u00e1tedra. En nuestro pa\u00eds, perfeccion\u00f3 sus conocimientos de esta \u00faltima lengua, as\u00ed como de su literatura, estudi\u00e1ndola desde sus or\u00edgenes en la fuente de sus autores primitivos y en los del Siglo de Oro [\u2026] As\u00ed lleg\u00f3 a hablar y a escribir correctamente en espa\u00f1ol.\u201d<\/p>\n\n\n\n<p class=\"wp-block-paragraph\">CONTIN\u00daA LEYENDO: <a href=\"https:\/\/www.alasmedios.com\/index.php\/2026\/09\/02\/la-magia-de-las-cosas-ordinarias\/\" data-type=\"post\" data-id=\"12582\">La magia de las cosas ordinarias<\/a><\/p>\n\n\n\n<p class=\"wp-block-paragraph\">Despu\u00e9s de haber realizado viajes diversos por Europa, lo mismo haciendo estudios de lengua que de bot\u00e1nica, nos sigue contando Mar\u00edn Hirschmann, Leicht \u201cfue nombrado por su gobierno director del Colegio Alem\u00e1n en Guatemala, y despu\u00e9s, en 1918, se le envi\u00f3 a M\u00e9xico, designado para hacerse cargo, igualmente, de la direcci\u00f3n del Colegio Alem\u00e1n en Puebla. Aqu\u00ed lleg\u00f3 en compa\u00f1\u00eda de su madre, la se\u00f1ora Adelheid Emma Meyer, viuda de Leicht, a la cual dedicara posteriormente su libro\u201d sobre la antigua Ciudad de los \u00c1ngeles.<\/p>\n\n\n\n<p class=\"wp-block-paragraph\">Ahora es el propio Leicht quien contin\u00faa con la historia: en 1924 \u201capartado de la direcci\u00f3n del Colegio Alem\u00e1n en esta Ciudad y no habiendo obtenido de mi pa\u00eds el<\/p>\n\n\n\n<p class=\"wp-block-paragraph\">permiso para aceptar el encargo de consultor pedag\u00f3gico que me ofreci\u00f3 el Presidente de la Junta Directiva de Educaci\u00f3n Primaria en el Estado [\u2026] me encontr\u00e9 asilado, sin ocupaci\u00f3n y privado de la posibilidad de continuar mi estudios filol\u00f3gicos y bot\u00e1nicos.\u201d<\/p>\n\n\n\n<p class=\"wp-block-paragraph\">Y m\u00e1s: \u201cFruto de mis empe\u00f1osas investigaciones es el presente libro, y aunque el estado de mi salud y mi incompleto dominio del castellano me han impedido darle la perfecci\u00f3n deseada, estoy convencido de que llenar\u00e1 un vac\u00edo y servir\u00e1 de base o ayuda para otras indagaciones hist\u00f3ricas.\u201d<\/p>\n\n\n\n<p class=\"wp-block-paragraph\">Leicht sufri\u00f3 \u201cla p\u00e9rdida de mis ahorros y la retenci\u00f3n de mis sueldos [por lo que] tuve que vivir cinco a\u00f1os de la generosidad de los poblanos\u201d, encabezados por Mar\u00edn Hirschmann y una larga lista de \u201cbienhechores\u201d como \u00e9l los nombra y quienes \u201cme han ayudado facilit\u00e1ndome informes y noticias. Y poniendo a mi disposici\u00f3n sus bibliotecas.\u201d<\/p>\n\n\n\n<p class=\"wp-block-paragraph\">Mas es Hirschmann quien explica: \u201cLa redacci\u00f3n del texto se concluy\u00f3 en la Noche Buena de 1930. Las leyendas de los grabados, as\u00ed como algunas rectificaciones y notas se hicieron durante la impresi\u00f3n [\u2026] que a\u00fan tardar\u00eda a\u00f1os en ver la luz.\u201d<\/p>\n\n\n\n<p class=\"wp-block-paragraph\">LEE: <a href=\"https:\/\/www.alasmedios.com\/index.php\/2026\/09\/01\/hasta-la-cocina\/\" data-type=\"post\" data-id=\"12537\">Hasta la cocina<\/a><\/p>\n\n\n\n<p class=\"wp-block-paragraph\">Por ello, en este a\u00f1o 2026 se cumplir\u00e1n 96 a\u00f1os de la conclusi\u00f3n, por parte de su autor de Las calles de Puebla, que sigue logrando y lograr\u00e1 con creces, los prop\u00f3sitos antedichos de su autor.<\/p>\n\n\n\n<h2 class=\"wp-block-heading\">IV.- El paseo de Leicht<\/h2>\n\n\n\n<p class=\"wp-block-paragraph\">Cuando, siendo gobernador Manuel Bartlett, se propuso el rescate de la zona del barrio de El Alto de San Francisco, considerados por algunos como el lugar de la fundaci\u00f3n original de la ciudad para construir \u201cEl paseo del r\u00edo\u201d, (The river walk en Cuetlaxcoapan), el arquitecto Francisco V\u00e9lez Pliego edit\u00f3 una cartograf\u00eda de la Angel\u00f3polis, basado, precisamente en los planos que Leicht menciona en sus libros \u2014algunos de los cuales, incluso, reproduce\u2014 como sus principales fuentes.<\/p>\n\n\n\n<p class=\"wp-block-paragraph\">Mas el anterior no es el \u00fanico caso: todos los historiadores poblanos, mexicanos o extranjeros se han basado, mucho o poco en Las calles de Puebla para continuar temas que \u00e9l trat\u00f3 ah\u00ed, o bien para hacer in\u00e9ditos tomando como puntos de referencia los estudios de Leicht cuyos restos, desde 1966, reposan en el Pante\u00f3n Franc\u00e9s, junto a los de su madre, la se\u00f1ora Adelheid Meyer.<\/p>\n\n\n\n<p class=\"wp-block-paragraph\">Hugo Leicht \u2014quien lo menciona tangencialmente, y no lo hace Mar\u00edn Hirschmann\u2014 sab\u00eda n\u00e1huatl, si bien \u00e9l aseguraba que no lo dominaba, lo cual le permiti\u00f3 acceder a los anales escritos en ese idioma mexicano, lo mismo de Tepeaca u otros lugares del pa\u00eds.<\/p>\n\n\n\n<p class=\"wp-block-paragraph\">Pero, sobre todo Leicht accedi\u00f3 a cr\u00f3nicas poblanas cl\u00e1sicas que tuvieron ediciones pr\u00ednceps muy tard\u00edas: La Puebla de los \u00c1ngeles en el siglo XVII \u2014cr\u00f3nica que \u00e9l todav\u00eda acredita a Zer\u00f3n Zapata; faltaban casi sesenta a\u00f1os para que S\u00e1nchez Flores nos demostrar\u00e1 que el documento es de Miguel de Alcal\u00e1 y Mendiola\u2014 es de 1945; Theatro Angelopolitano o Historia de la Ciudad de Puebla, de Berm\u00fadez de Castro es de 1908; la Historia de la fundaci\u00f3n de la Ciudad de la Puebla de los \u00c1ngeles en la Nueva Espa\u00f1a, su descripci\u00f3n y presente estado, de Mariano Fern\u00e1ndez de Echeverr\u00eda y Veytia, es de 1931; y la Cartilla vieja de la nobil\u00edsima ciudad de Puebla, de L\u00f3pez de Villase\u00f1or, de 1781, es de 1961.<\/p>\n\n\n\n<p class=\"wp-block-paragraph\">CONTIN\u00daA LEYENDO: <a href=\"https:\/\/www.alasmedios.com\/index.php\/2026\/08\/30\/desaparecer-o-de-quien-no-deja-de-buscar\/\" data-type=\"post\" data-id=\"12501\">Desaparecer o de quien no deja de buscar<\/a><\/p>\n\n\n\n<p class=\"wp-block-paragraph\">Caso aparte es de Puebla sagrada y profana. Informe dado a su muy ilustre ayuntamiento el a\u00f1o de 1746, de fray Juan Villa S\u00e1nchez \u2014cuyo coautor resulta ser,<\/p>\n\n\n\n<p class=\"wp-block-paragraph\">como editor y anotador en el siglo XIX, Francisco Javier de la Pe\u00f1a\u2014 reeditada, en facsimilar en el a\u00f1o 1997 por la Benem\u00e9rita Universidad Aut\u00f3noma de Puebla.<\/p>\n\n\n\n<p class=\"wp-block-paragraph\">Podemos agregar como la \u00fanica cr\u00f3nica que menciona la fecha de la fundaci\u00f3n de la Angel\u00f3polis, aunque con un error respecto al a\u00f1o \u2014indica 1530, cando por los datos que anota, debe ser 1531\u2014 la Historia de los indios de la Nueva Espa\u00f1a, de Toribio de Paredes y Benavente, conocido como Motolin\u00eda, la cual fue impresa hasta 1969, en una edici\u00f3n de Edmundo O\u00b4Gorman, quien en 1971 edit\u00f3, anot\u00f3 y enriqueci\u00f3, despu\u00e9s de hacer su paleograf\u00eda, el otro texto atribuido a Motolin\u00eda, Memoriales\u2014. Como sabemos, los cronistas franciscanos siguieron a Juan de Torquemada quien, en su Monarqu\u00eda indiana, impresa en Sevilla en 1615, copia a Motolin\u00eda, aunque, como es propio de la \u00e9poca, no le da cr\u00e9dito y le agrega \u201creflexiones\u201d propias, como ret\u00f3rico que era.<\/p>\n\n\n\n<p class=\"wp-block-paragraph\">Es su libro la base de la repetici\u00f3n, al menos de sus seguidores y copiadores, la fecha de la fundaci\u00f3n como 1530, error que toma, sin consideraciones, de Motolin\u00eda.<\/p>\n\n\n\n<p class=\"wp-block-paragraph\">En cuanto a la obra atribuida a Zer\u00f3n Zapata, la Descripci\u00f3n en bosquejo de la imperial, ces\u00e1rea, muy noble y muy leal ciudad de la Puebla de los \u00c1ngeles, Ram\u00f3n S\u00e1nchez Flores, en la Introducci\u00f3n a la cr\u00f3nica, impresa por la BUAP en 1997 aclara que lo hall\u00f3 en la Hubert Brancroft Library, de Berkeley, California, de la cual el propio investigador hizo una primera edici\u00f3n en 1992.<\/p>\n\n\n\n<p class=\"wp-block-paragraph\">En los mismos d\u00edas en que Leicht redactaba su antedicho libro, la Historia de la fundaci\u00f3n\u2026, de Echeverr\u00eda y Veytia, para conmemorar el cuarto centenario de la fundaci\u00f3n de la Ciudad de los \u00c1ngeles, fue impresa por primera vez, en 1931, por la Academia Nacional de Ciencias \u201cAntonio Alzate\u201d, tiempo, por cierto, en que la instituci\u00f3n estaba disolvi\u00e9ndose; a ella pertenec\u00eda Leicht. Ediciones Altiplano, bajo la direcci\u00f3n de Efra\u00edn Castro Morales, hizo una edici\u00f3n anotada en 1962.<\/p>\n\n\n\n<p class=\"wp-block-paragraph\">Sin duda, incluyendo la anterior edici\u00f3n, todas las cr\u00f3nicas poblanas rescatadas, al menos en parte, gracias a la noticia que de ellas dio Hugo Leicht en su emblem\u00e1tico texto que, en abril 1967 fue editado por iniciativa de la Comisi\u00f3n de Promoci\u00f3n Cultural del Gobierno del Estado, que orden\u00f3 un tiro de cinco mil ejemplares; muy pronto, en junio del mismo a\u00f1o, fue hecha la primera reimpresi\u00f3n de esa segunda edici\u00f3n de Las calles de Puebla, con un tiro de mil ejemplares.<\/p>\n\n\n\n<p class=\"wp-block-paragraph\">TE PUEDE INTERESAR: <a href=\"https:\/\/www.alasmedios.com\/index.php\/2026\/08\/21\/cuando-todas-ven-lo-capaz-que-eres-menos-tu\/\" data-type=\"post\" data-id=\"12216\">Cuando todas ven lo capaz que eres, menos t\u00fa<\/a><\/p>\n\n\n\n<p class=\"wp-block-paragraph\">De las sucesivas veces que se ha dado a la estampa el texto de Leicht, hasta el a\u00f1o 2018, nos da cuenta Ramos V\u00e1zquez en la citada biograf\u00eda que escribi\u00f3 sobre nuestro autor.<\/p>\n\n\n\n<p class=\"wp-block-paragraph\">En el caso de los anales ind\u00edgenas escritos en n\u00e1huatl, combinados con s\u00edmbolos prehisp\u00e1nicos, hasta despu\u00e9s de la segunda edici\u00f3n del libro del fil\u00f3logo alem\u00e1n, han ido conociendo ediciones p\u00fablicas; algunas de ellas hechas gracias a los datos proporcionados por Leicht (Anales de Puebla, Cholula, Tepeaca, INAH, 1995); otras han sido editadas para continuar la labor del doctor Leicht, como los Anales del barrio de San Juan del R\u00edo. Cr\u00f3nica ind\u00edgena de la Ciudad de Puebla, siglo XVII (BUAP, 2000).<\/p>\n\n\n\n<h2 class=\"wp-block-heading\">V.- De la cr\u00f3nica como profusi\u00f3n gr\u00e1fica<\/h2>\n\n\n\n<p class=\"wp-block-paragraph\">Hasta la aparici\u00f3n de El Dr. Hugo Leicht Meyer. 1881-1952, de Pedro Mauro Ramos V\u00e1zquez (Imacp, Puebla, M\u00e9xico, 2023) la Angel\u00f3polis ten\u00eda esa deuda biogr\u00e1fica con el doctor Leicht.<\/p>\n\n\n\n<p class=\"wp-block-paragraph\">Ramos V\u00e1zquez (Xoxtla, Puebla, 15 de enero de 1984) parece seguir el \u201cPrefacio\u201d y la noticia \u201cErl Doctor en Letras Hugo Leicht\u201d de Mar\u00edn Hirschmann \u2014reproducidas a partir de la segunda educaci\u00f3n de Las calles de Puebla, 1967\u2014, para ir ampliando o respondiendo, profusamente ilustrado, lo anotado ah\u00ed: el origen detallado del Adelbert Henry Hugo Leicht; el nombre y profesi\u00f3n de su padre; el sitio donde estudi\u00f3, Reproduce registros y documentos originales.<\/p>\n\n\n\n<p class=\"wp-block-paragraph\">Gracias a esa profusi\u00f3n, podemos ver la \u00e9poca del nacimiento de Leicht, la formaci\u00f3n de aquellos a\u00f1os en Hamburgo y c\u00f3mo y d\u00f3nde estudi\u00f3, y los viajes que realiz\u00f3 en su af\u00e1n cient\u00edfico.<\/p>\n\n\n\n<p class=\"wp-block-paragraph\">Pedro Mauro Ramos indaga sobre la Deutsche Schule zu Guatemala, y el paso de Leicht, acompa\u00f1ado de su madre, en ese pa\u00eds antes de llegar al nuestro, donde tambi\u00e9n nos da noticia de la llegada y permanencia del doctor en Letras en el colegio germano de la Angel\u00f3polis, entre 1918 y 1923, siempre acompa\u00f1ado de la reproducci\u00f3n de documentos, fotograf\u00edas de lugares, de registros y de otros datos, hasta entonces in\u00e9ditos.<\/p>\n\n\n\n<p class=\"wp-block-paragraph\">CONTIN\u00daA LEYENDO: <a href=\"https:\/\/www.alasmedios.com\/index.php\/2026\/09\/03\/antojo-de-chiles-en-nogada-la-chef-cecilia-maya-tendra-curso\/\" data-type=\"post\" data-id=\"12617\">\u00bfAntojo de Chiles en Nogada? la chef Cecilia Maya tendr\u00e1 curso<\/a><\/p>\n\n\n\n<p class=\"wp-block-paragraph\">El cronista xoxtleca o xoxtle\u00f1o ilustra los pasos de Leicht despu\u00e9s de dejar el Deutsche Schule zu Puebla, aclara lo de la \u201cp\u00e9rdida\u201d de sus ahorros, y la no resoluci\u00f3n, por falta de investigaci\u00f3n y aplicaci\u00f3n de la ley, en el caso, en el que estaba involucrado al menos uno de sus compa\u00f1eros de colegio.<\/p>\n\n\n\n<p class=\"wp-block-paragraph\">M\u00e1s documentos, fotograf\u00edas \u2014se nota la formaci\u00f3n del cronista como dise\u00f1ador gr\u00e1fico por la BUAP\u2014 para la parte de la vida de Leicht en las instituciones donde labor\u00f3, y su colaboraci\u00f3n y participaci\u00f3n con quienes preparaban la celebraci\u00f3n de los 400 a\u00f1os de la fundaci\u00f3n de la Ciudad de los \u00c1ngeles. Por ello, tambi\u00e9n, sigue el rastro a lo publicado previo a Las calles de Puebla.<\/p>\n\n\n\n<p class=\"wp-block-paragraph\">La redacci\u00f3n y culminaci\u00f3n de la obra emblem\u00e1tica de nuestro autor alem\u00e1n, es seguido por Ramos V\u00e1zquez, los incidentes y pormenores de c\u00f3mo lleg\u00f3 a la imprenta en 1934, pero llama la atenci\u00f3n el seguimiento a la partida forzada de Leicht hacia su patria para participar en la Segunda Guerra Mundial, el haber sido prisionero y las carencias que sufri\u00f3 casi hasta su muerte, siete a\u00f1os despu\u00e9s de que terminara la conflagraci\u00f3n.<\/p>\n\n\n\n<p class=\"wp-block-paragraph\">El cronista hace un recorrido, incluso, por los sitios con el nombre, correcto o incorrecto de Hugo Leicht en la capital angelopolitana.<\/p>\n\n\n\n<p class=\"wp-block-paragraph\">Al final, Pedro Mauro Ramos hace un recuento de las ediciones de Las Calles de Puebla, desmenuzando sus caracter\u00edsticas, con una pregunta que \u00e9l no responde y requiere respuesta: \u00bfa qui\u00e9n pertenecen los derechos de la obra de Leicht? Las ediciones \u201cpirata\u201d que se venden en los puestos de peri\u00f3dicos \u00bfqui\u00e9n las hace? \u00bfest\u00e1 usurpando derechos que no le pertenecen?<\/p>\n\n\n\n<p class=\"wp-block-paragraph\">La Secretar\u00eda de Arte y Cultura de Puebla tiene la posibilidad de reditar la obra; la del a\u00f1o 2017, hecha por esa instancia, es de lujo, entra\u00f1able y de agradecer.<\/p>\n\n\n\n<p class=\"wp-block-paragraph\">Cuando, en el 2030 se cumplan cien a\u00f1os de la culminaci\u00f3n del libro de Leicht, podr\u00edamos conocer esa nueva edici\u00f3n, cuidada y ampliamente distribuida.<\/p>\n\n\n\n<p class=\"wp-block-paragraph\">Adem\u00e1s, es un hecho el que podemos considerar a Hugo Leicht, como a quienes nacimos aqu\u00ed, <em>angelorum populi.<\/em><\/p>\n\n\n\n<p class=\"wp-block-paragraph\">Es cuanto.<\/p>\n\n\n<ul class=\"wp-block-latest-posts__list is-grid columns-3 wp-block-latest-posts is-layout-grid wp-container-core-latest-posts-is-layout-cda6dc4f wp-block-latest-posts-is-layout-grid\"><li><div class=\"wp-block-latest-posts__featured-image\"><img loading=\"lazy\" decoding=\"async\" width=\"150\" height=\"150\" src=\"https:\/\/www.alasmedios.com\/wp-content\/uploads\/2026\/09\/\u00bfAnticoncepcion-para-hombres-150x150.jpeg\" class=\"attachment-thumbnail size-thumbnail wp-post-image\" alt=\"\" style=\"\" \/><\/div><a class=\"wp-block-latest-posts__post-title\" href=\"https:\/\/www.alasmedios.com\/index.php\/2026\/09\/03\/hombres-frente-a-metodos-anticonceptivos-opciones-y-responsabilidad\/\">\u00bfAnticoncepci\u00f3n para hombres? Opciones existen, los prejuicios tambi\u00e9n<\/a><\/li>\n<li><div class=\"wp-block-latest-posts__featured-image\"><img loading=\"lazy\" decoding=\"async\" width=\"150\" height=\"150\" src=\"https:\/\/www.alasmedios.com\/wp-content\/uploads\/2026\/09\/Mes-del-Testamento-150x150.jpg\" class=\"attachment-thumbnail size-thumbnail wp-post-image\" alt=\"\" style=\"\" \/><\/div><a class=\"wp-block-latest-posts__post-title\" href=\"https:\/\/www.alasmedios.com\/index.php\/2026\/09\/03\/gobierno-de-hidalgo-promueve-la-cultura-testamentaria-iaameh-adultos-mayores\/\">Mes del Testamento en Hidalgo: IAAMEH dar\u00e1 asesor\u00eda a adultos mayores para proteger su patrimonio<\/a><\/li>\n<li><div class=\"wp-block-latest-posts__featured-image\"><img loading=\"lazy\" decoding=\"async\" width=\"150\" height=\"150\" src=\"https:\/\/www.alasmedios.com\/wp-content\/uploads\/2026\/09\/medicina-veterinaria-forense-150x150.jpg\" class=\"attachment-thumbnail size-thumbnail wp-post-image\" alt=\"\" style=\"\" \/><\/div><a class=\"wp-block-latest-posts__post-title\" href=\"https:\/\/www.alasmedios.com\/index.php\/2026\/09\/03\/puebla-fortalece-las-investigaciones-por-crueldad-animal-con-medicina-veterinaria-forense\/\">Puebla: Fortalece las investigaciones por crueldad animal con medicina veterinaria forense<\/a><\/li>\n<\/ul>","protected":false},"excerpt":{"rendered":"<p>I.- Herr professor Leicht En la Deutsche Schule de la Angel\u00f3polis consta que, uno de sus directores fue Adelbert Henry<\/p>\n","protected":false},"author":15,"featured_media":9566,"comment_status":"open","ping_status":"open","sticky":false,"template":"","format":"standard","meta":{"colormag_page_container_layout":"default_layout","colormag_page_sidebar_layout":"default_layout","rop_custom_images_group":[],"rop_custom_messages_group":[],"rop_publish_now":"yes","rop_publish_now_accounts":[],"rop_publish_now_history":[],"rop_publish_now_status":"pending","iawp_total_views":1,"footnotes":""},"categories":[3706],"tags":[4875,4876,166,1363],"class_list":["post-12630","post","type-post","status-publish","format-standard","has-post-thumbnail","hentry","category-moises-ramos-ferrea-memoria","tag-adelbert-henry-hugo-leicht","tag-biblioteca-palafoxiana","tag-mexico","tag-puebla"],"magazineBlocksPostFeaturedMedia":{"thumbnail":"https:\/\/www.alasmedios.com\/wp-content\/uploads\/2026\/06\/MOISES-RAMOS-RODRIGUEZ-FERREA-MEMORIA-150x150.jpeg","medium":"https:\/\/www.alasmedios.com\/wp-content\/uploads\/2026\/06\/MOISES-RAMOS-RODRIGUEZ-FERREA-MEMORIA-300x182.jpeg","medium_large":"https:\/\/www.alasmedios.com\/wp-content\/uploads\/2026\/06\/MOISES-RAMOS-RODRIGUEZ-FERREA-MEMORIA-768x466.jpeg","large":"https:\/\/www.alasmedios.com\/wp-content\/uploads\/2026\/06\/MOISES-RAMOS-RODRIGUEZ-FERREA-MEMORIA-1024x621.jpeg","1536x1536":"https:\/\/www.alasmedios.com\/wp-content\/uploads\/2026\/06\/MOISES-RAMOS-RODRIGUEZ-FERREA-MEMORIA-1536x932.jpeg","2048x2048":"https:\/\/www.alasmedios.com\/wp-content\/uploads\/2026\/06\/MOISES-RAMOS-RODRIGUEZ-FERREA-MEMORIA.jpeg","colormag-highlighted-post":"https:\/\/www.alasmedios.com\/wp-content\/uploads\/2026\/06\/MOISES-RAMOS-RODRIGUEZ-FERREA-MEMORIA-392x272.jpeg","colormag-featured-post-medium":"https:\/\/www.alasmedios.com\/wp-content\/uploads\/2026\/06\/MOISES-RAMOS-RODRIGUEZ-FERREA-MEMORIA-390x205.jpeg","colormag-featured-post-small":"https:\/\/www.alasmedios.com\/wp-content\/uploads\/2026\/06\/MOISES-RAMOS-RODRIGUEZ-FERREA-MEMORIA-130x90.jpeg","colormag-featured-image":"https:\/\/www.alasmedios.com\/wp-content\/uploads\/2026\/06\/MOISES-RAMOS-RODRIGUEZ-FERREA-MEMORIA-800x445.jpeg","colormag-default-news":"https:\/\/www.alasmedios.com\/wp-content\/uploads\/2026\/06\/MOISES-RAMOS-RODRIGUEZ-FERREA-MEMORIA-150x150.jpeg","colormag-featured-image-large":"https:\/\/www.alasmedios.com\/wp-content\/uploads\/2026\/06\/MOISES-RAMOS-RODRIGUEZ-FERREA-MEMORIA-1400x600.jpeg"},"magazineBlocksPostAuthor":{"name":"Moises Ramos Rodriguez","avatar":"https:\/\/secure.gravatar.com\/avatar\/accd8988064c3431e8e92e85d24b437226a4c74e7ee9c1389e5458576e70d5f1?s=96&d=mm&r=g"},"magazineBlocksPostCommentsNumber":"0","magazineBlocksPostExcerpt":"I.- Herr professor Leicht En la Deutsche Schule de la Angel\u00f3polis consta que, uno de sus directores fue Adelbert Henry","magazineBlocksPostCategories":["Mois\u00e9s Ramos - F\u00e9rrea memoria"],"magazineBlocksPostViewCount":30,"magazineBlocksPostReadTime":16,"magazine_blocks_featured_image_url":{"full":["https:\/\/www.alasmedios.com\/wp-content\/uploads\/2026\/06\/MOISES-RAMOS-RODRIGUEZ-FERREA-MEMORIA.jpeg",1600,971,false],"medium":["https:\/\/www.alasmedios.com\/wp-content\/uploads\/2026\/06\/MOISES-RAMOS-RODRIGUEZ-FERREA-MEMORIA-300x182.jpeg",300,182,true],"thumbnail":["https:\/\/www.alasmedios.com\/wp-content\/uploads\/2026\/06\/MOISES-RAMOS-RODRIGUEZ-FERREA-MEMORIA-150x150.jpeg",150,150,true]},"magazine_blocks_author":{"display_name":"Moises Ramos Rodriguez","author_link":"https:\/\/www.alasmedios.com\/index.php\/author\/moises-ramos-rodriguez\/"},"magazine_blocks_comment":0,"magazine_blocks_author_image":"https:\/\/secure.gravatar.com\/avatar\/accd8988064c3431e8e92e85d24b437226a4c74e7ee9c1389e5458576e70d5f1?s=96&d=mm&r=g","magazine_blocks_category":"<a href=\"#\" class=\"category-link category-link-3706\">Mois\u00e9s Ramos - F\u00e9rrea memoria<\/a>","videoUrl":"","yoast_head":"<!-- This site is optimized with the Yoast SEO plugin v28.4 - https:\/\/yoast.com\/product\/yoast-seo-wordpress\/ -->\r\n<title>Las calles de Hugo Leicht: angelorum populi<\/title>\r\n<meta name=\"description\" content=\"En la Deutsche Schule de la Angel\u00f3polis consta que, uno de sus directores fue Adelbert Henry Hugo Leicht, nacido en Hamburgo, Alemania\" \/>\r\n<meta name=\"robots\" content=\"index, follow, max-snippet:-1, max-image-preview:large, max-video-preview:-1\" \/>\r\n<link rel=\"canonical\" href=\"https:\/\/www.alasmedios.com\/index.php\/2026\/09\/03\/las-calles-de-hugo-leicht-angelorum-populi\/\" \/>\r\n<meta property=\"og:locale\" content=\"es_MX\" \/>\r\n<meta property=\"og:type\" content=\"article\" \/>\r\n<meta property=\"og:title\" content=\"Las calles de Hugo Leicht: angelorum populi\" \/>\r\n<meta property=\"og:description\" content=\"En la Deutsche Schule de la Angel\u00f3polis consta que, uno de sus directores fue Adelbert Henry Hugo Leicht, nacido en Hamburgo, Alemania\" \/>\r\n<meta property=\"og:url\" content=\"https:\/\/www.alasmedios.com\/index.php\/2026\/09\/03\/las-calles-de-hugo-leicht-angelorum-populi\/\" \/>\r\n<meta property=\"og:site_name\" content=\"Alas Medios\" \/>\r\n<meta property=\"article:published_time\" content=\"2026-09-03T07:32:00+00:00\" \/>\r\n<meta property=\"article:modified_time\" content=\"2026-09-03T14:33:14+00:00\" \/>\r\n<meta property=\"og:image\" content=\"https:\/\/www.alasmedios.com\/wp-content\/uploads\/2026\/06\/MOISES-RAMOS-RODRIGUEZ-FERREA-MEMORIA.jpeg\" \/>\r\n\t<meta property=\"og:image:width\" content=\"1600\" \/>\r\n\t<meta property=\"og:image:height\" content=\"971\" \/>\r\n\t<meta property=\"og:image:type\" content=\"image\/jpeg\" \/>\r\n<meta name=\"author\" content=\"Moises Ramos Rodriguez\" \/>\r\n<meta name=\"twitter:card\" content=\"summary_large_image\" \/>\r\n<meta name=\"twitter:label1\" content=\"Escrito por\" \/>\n\t<meta name=\"twitter:data1\" content=\"Moises Ramos Rodriguez\" \/>\n\t<meta name=\"twitter:label2\" content=\"Tiempo de lectura\" \/>\n\t<meta name=\"twitter:data2\" content=\"13 minutos\" \/>\r\n<script type=\"application\/ld+json\" class=\"yoast-schema-graph\">{\"@context\":\"https:\\\/\\\/schema.org\",\"@graph\":[{\"@type\":\"Article\",\"@id\":\"https:\\\/\\\/www.alasmedios.com\\\/index.php\\\/2026\\\/09\\\/03\\\/las-calles-de-hugo-leicht-angelorum-populi\\\/#article\",\"isPartOf\":{\"@id\":\"https:\\\/\\\/www.alasmedios.com\\\/index.php\\\/2026\\\/09\\\/03\\\/las-calles-de-hugo-leicht-angelorum-populi\\\/\"},\"author\":{\"name\":\"Moises Ramos Rodriguez\",\"@id\":\"https:\\\/\\\/www.alasmedios.com\\\/#\\\/schema\\\/person\\\/49719b99de0a63395caa49d1e7f12aad\"},\"headline\":\"Las calles de Hugo Leicht: angelorum populi\",\"datePublished\":\"2026-09-03T07:32:00+00:00\",\"dateModified\":\"2026-09-03T14:33:14+00:00\",\"mainEntityOfPage\":{\"@id\":\"https:\\\/\\\/www.alasmedios.com\\\/index.php\\\/2026\\\/09\\\/03\\\/las-calles-de-hugo-leicht-angelorum-populi\\\/\"},\"wordCount\":3012,\"commentCount\":0,\"publisher\":{\"@id\":\"https:\\\/\\\/www.alasmedios.com\\\/#organization\"},\"image\":{\"@id\":\"https:\\\/\\\/www.alasmedios.com\\\/index.php\\\/2026\\\/09\\\/03\\\/las-calles-de-hugo-leicht-angelorum-populi\\\/#primaryimage\"},\"thumbnailUrl\":\"https:\\\/\\\/www.alasmedios.com\\\/wp-content\\\/uploads\\\/2026\\\/06\\\/MOISES-RAMOS-RODRIGUEZ-FERREA-MEMORIA.jpeg\",\"keywords\":[\"Adelbert Henry Hugo Leicht\",\"Biblioteca Palafoxiana\",\"M\u00e9xico\",\"Puebla\"],\"articleSection\":[\"Mois\u00e9s Ramos - F\u00e9rrea memoria\"],\"inLanguage\":\"es\",\"potentialAction\":[{\"@type\":\"CommentAction\",\"name\":\"Comment\",\"target\":[\"https:\\\/\\\/www.alasmedios.com\\\/index.php\\\/2026\\\/09\\\/03\\\/las-calles-de-hugo-leicht-angelorum-populi\\\/#respond\"]}]},{\"@type\":\"WebPage\",\"@id\":\"https:\\\/\\\/www.alasmedios.com\\\/index.php\\\/2026\\\/09\\\/03\\\/las-calles-de-hugo-leicht-angelorum-populi\\\/\",\"url\":\"https:\\\/\\\/www.alasmedios.com\\\/index.php\\\/2026\\\/09\\\/03\\\/las-calles-de-hugo-leicht-angelorum-populi\\\/\",\"name\":\"Las calles de Hugo Leicht: angelorum populi\",\"isPartOf\":{\"@id\":\"https:\\\/\\\/www.alasmedios.com\\\/#website\"},\"primaryImageOfPage\":{\"@id\":\"https:\\\/\\\/www.alasmedios.com\\\/index.php\\\/2026\\\/09\\\/03\\\/las-calles-de-hugo-leicht-angelorum-populi\\\/#primaryimage\"},\"image\":{\"@id\":\"https:\\\/\\\/www.alasmedios.com\\\/index.php\\\/2026\\\/09\\\/03\\\/las-calles-de-hugo-leicht-angelorum-populi\\\/#primaryimage\"},\"thumbnailUrl\":\"https:\\\/\\\/www.alasmedios.com\\\/wp-content\\\/uploads\\\/2026\\\/06\\\/MOISES-RAMOS-RODRIGUEZ-FERREA-MEMORIA.jpeg\",\"datePublished\":\"2026-09-03T07:32:00+00:00\",\"dateModified\":\"2026-09-03T14:33:14+00:00\",\"description\":\"En la Deutsche Schule de la Angel\u00f3polis consta que, uno de sus directores fue Adelbert Henry Hugo Leicht, nacido en Hamburgo, Alemania\",\"breadcrumb\":{\"@id\":\"https:\\\/\\\/www.alasmedios.com\\\/index.php\\\/2026\\\/09\\\/03\\\/las-calles-de-hugo-leicht-angelorum-populi\\\/#breadcrumb\"},\"inLanguage\":\"es\",\"potentialAction\":[{\"@type\":\"ReadAction\",\"target\":[\"https:\\\/\\\/www.alasmedios.com\\\/index.php\\\/2026\\\/09\\\/03\\\/las-calles-de-hugo-leicht-angelorum-populi\\\/\"]}]},{\"@type\":\"ImageObject\",\"inLanguage\":\"es\",\"@id\":\"https:\\\/\\\/www.alasmedios.com\\\/index.php\\\/2026\\\/09\\\/03\\\/las-calles-de-hugo-leicht-angelorum-populi\\\/#primaryimage\",\"url\":\"https:\\\/\\\/www.alasmedios.com\\\/wp-content\\\/uploads\\\/2026\\\/06\\\/MOISES-RAMOS-RODRIGUEZ-FERREA-MEMORIA.jpeg\",\"contentUrl\":\"https:\\\/\\\/www.alasmedios.com\\\/wp-content\\\/uploads\\\/2026\\\/06\\\/MOISES-RAMOS-RODRIGUEZ-FERREA-MEMORIA.jpeg\",\"width\":1600,\"height\":971,\"caption\":\"Mois\u00e9s Ramos Rodr\u00edguez\"},{\"@type\":\"BreadcrumbList\",\"@id\":\"https:\\\/\\\/www.alasmedios.com\\\/index.php\\\/2026\\\/09\\\/03\\\/las-calles-de-hugo-leicht-angelorum-populi\\\/#breadcrumb\",\"itemListElement\":[{\"@type\":\"ListItem\",\"position\":1,\"name\":\"Inicio\",\"item\":\"https:\\\/\\\/www.alasmedios.com\\\/\"},{\"@type\":\"ListItem\",\"position\":2,\"name\":\"Las calles de Hugo Leicht: angelorum populi\"}]},{\"@type\":\"WebSite\",\"@id\":\"https:\\\/\\\/www.alasmedios.com\\\/#website\",\"url\":\"https:\\\/\\\/www.alasmedios.com\\\/\",\"name\":\"Alas Medios\",\"description\":\"Alas para pensar, Alas para volar, Alas de libertad\",\"publisher\":{\"@id\":\"https:\\\/\\\/www.alasmedios.com\\\/#organization\"},\"potentialAction\":[{\"@type\":\"SearchAction\",\"target\":{\"@type\":\"EntryPoint\",\"urlTemplate\":\"https:\\\/\\\/www.alasmedios.com\\\/?s={search_term_string}\"},\"query-input\":{\"@type\":\"PropertyValueSpecification\",\"valueRequired\":true,\"valueName\":\"search_term_string\"}}],\"inLanguage\":\"es\"},{\"@type\":\"Organization\",\"@id\":\"https:\\\/\\\/www.alasmedios.com\\\/#organization\",\"name\":\"Alas Medios\",\"url\":\"https:\\\/\\\/www.alasmedios.com\\\/\",\"logo\":{\"@type\":\"ImageObject\",\"inLanguage\":\"es\",\"@id\":\"https:\\\/\\\/www.alasmedios.com\\\/#\\\/schema\\\/logo\\\/image\\\/\",\"url\":\"https:\\\/\\\/www.alasmedios.com\\\/wp-content\\\/uploads\\\/2026\\\/01\\\/cropped-cropped-GAM-1.png\",\"contentUrl\":\"https:\\\/\\\/www.alasmedios.com\\\/wp-content\\\/uploads\\\/2026\\\/01\\\/cropped-cropped-GAM-1.png\",\"width\":467,\"height\":235,\"caption\":\"Alas Medios\"},\"image\":{\"@id\":\"https:\\\/\\\/www.alasmedios.com\\\/#\\\/schema\\\/logo\\\/image\\\/\"}},{\"@type\":\"Person\",\"@id\":\"https:\\\/\\\/www.alasmedios.com\\\/#\\\/schema\\\/person\\\/49719b99de0a63395caa49d1e7f12aad\",\"name\":\"Moises Ramos Rodriguez\",\"image\":{\"@type\":\"ImageObject\",\"inLanguage\":\"es\",\"@id\":\"https:\\\/\\\/secure.gravatar.com\\\/avatar\\\/accd8988064c3431e8e92e85d24b437226a4c74e7ee9c1389e5458576e70d5f1?s=96&d=mm&r=g\",\"url\":\"https:\\\/\\\/secure.gravatar.com\\\/avatar\\\/accd8988064c3431e8e92e85d24b437226a4c74e7ee9c1389e5458576e70d5f1?s=96&d=mm&r=g\",\"contentUrl\":\"https:\\\/\\\/secure.gravatar.com\\\/avatar\\\/accd8988064c3431e8e92e85d24b437226a4c74e7ee9c1389e5458576e70d5f1?s=96&d=mm&r=g\",\"caption\":\"Moises Ramos Rodriguez\"},\"url\":\"https:\\\/\\\/www.alasmedios.com\\\/index.php\\\/author\\\/moises-ramos-rodriguez\\\/\"}]}<\/script>\r\n<!-- \/ Yoast SEO plugin. -->","yoast_head_json":{"title":"Las calles de Hugo Leicht: angelorum populi","description":"En la Deutsche Schule de la Angel\u00f3polis consta que, uno de sus directores fue Adelbert Henry Hugo Leicht, nacido en Hamburgo, Alemania","robots":{"index":"index","follow":"follow","max-snippet":"max-snippet:-1","max-image-preview":"max-image-preview:large","max-video-preview":"max-video-preview:-1"},"canonical":"https:\/\/www.alasmedios.com\/index.php\/2026\/09\/03\/las-calles-de-hugo-leicht-angelorum-populi\/","og_locale":"es_MX","og_type":"article","og_title":"Las calles de Hugo Leicht: angelorum populi","og_description":"En la Deutsche Schule de la Angel\u00f3polis consta que, uno de sus directores fue Adelbert Henry Hugo Leicht, nacido en Hamburgo, Alemania","og_url":"https:\/\/www.alasmedios.com\/index.php\/2026\/09\/03\/las-calles-de-hugo-leicht-angelorum-populi\/","og_site_name":"Alas Medios","article_published_time":"2026-09-03T07:32:00+00:00","article_modified_time":"2026-09-03T14:33:14+00:00","og_image":[{"width":1600,"height":971,"url":"https:\/\/www.alasmedios.com\/wp-content\/uploads\/2026\/06\/MOISES-RAMOS-RODRIGUEZ-FERREA-MEMORIA.jpeg","type":"image\/jpeg"}],"author":"Moises Ramos Rodriguez","twitter_card":"summary_large_image","twitter_misc":{"Escrito por":"Moises Ramos Rodriguez","Tiempo de lectura":"13 minutos"},"schema":{"@context":"https:\/\/schema.org","@graph":[{"@type":"Article","@id":"https:\/\/www.alasmedios.com\/index.php\/2026\/09\/03\/las-calles-de-hugo-leicht-angelorum-populi\/#article","isPartOf":{"@id":"https:\/\/www.alasmedios.com\/index.php\/2026\/09\/03\/las-calles-de-hugo-leicht-angelorum-populi\/"},"author":{"name":"Moises Ramos Rodriguez","@id":"https:\/\/www.alasmedios.com\/#\/schema\/person\/49719b99de0a63395caa49d1e7f12aad"},"headline":"Las calles de Hugo Leicht: angelorum populi","datePublished":"2026-09-03T07:32:00+00:00","dateModified":"2026-09-03T14:33:14+00:00","mainEntityOfPage":{"@id":"https:\/\/www.alasmedios.com\/index.php\/2026\/09\/03\/las-calles-de-hugo-leicht-angelorum-populi\/"},"wordCount":3012,"commentCount":0,"publisher":{"@id":"https:\/\/www.alasmedios.com\/#organization"},"image":{"@id":"https:\/\/www.alasmedios.com\/index.php\/2026\/09\/03\/las-calles-de-hugo-leicht-angelorum-populi\/#primaryimage"},"thumbnailUrl":"https:\/\/www.alasmedios.com\/wp-content\/uploads\/2026\/06\/MOISES-RAMOS-RODRIGUEZ-FERREA-MEMORIA.jpeg","keywords":["Adelbert Henry Hugo Leicht","Biblioteca Palafoxiana","M\u00e9xico","Puebla"],"articleSection":["Mois\u00e9s Ramos - F\u00e9rrea memoria"],"inLanguage":"es","potentialAction":[{"@type":"CommentAction","name":"Comment","target":["https:\/\/www.alasmedios.com\/index.php\/2026\/09\/03\/las-calles-de-hugo-leicht-angelorum-populi\/#respond"]}]},{"@type":"WebPage","@id":"https:\/\/www.alasmedios.com\/index.php\/2026\/09\/03\/las-calles-de-hugo-leicht-angelorum-populi\/","url":"https:\/\/www.alasmedios.com\/index.php\/2026\/09\/03\/las-calles-de-hugo-leicht-angelorum-populi\/","name":"Las calles de Hugo Leicht: angelorum populi","isPartOf":{"@id":"https:\/\/www.alasmedios.com\/#website"},"primaryImageOfPage":{"@id":"https:\/\/www.alasmedios.com\/index.php\/2026\/09\/03\/las-calles-de-hugo-leicht-angelorum-populi\/#primaryimage"},"image":{"@id":"https:\/\/www.alasmedios.com\/index.php\/2026\/09\/03\/las-calles-de-hugo-leicht-angelorum-populi\/#primaryimage"},"thumbnailUrl":"https:\/\/www.alasmedios.com\/wp-content\/uploads\/2026\/06\/MOISES-RAMOS-RODRIGUEZ-FERREA-MEMORIA.jpeg","datePublished":"2026-09-03T07:32:00+00:00","dateModified":"2026-09-03T14:33:14+00:00","description":"En la Deutsche Schule de la Angel\u00f3polis consta que, uno de sus directores fue Adelbert Henry Hugo Leicht, nacido en Hamburgo, Alemania","breadcrumb":{"@id":"https:\/\/www.alasmedios.com\/index.php\/2026\/09\/03\/las-calles-de-hugo-leicht-angelorum-populi\/#breadcrumb"},"inLanguage":"es","potentialAction":[{"@type":"ReadAction","target":["https:\/\/www.alasmedios.com\/index.php\/2026\/09\/03\/las-calles-de-hugo-leicht-angelorum-populi\/"]}]},{"@type":"ImageObject","inLanguage":"es","@id":"https:\/\/www.alasmedios.com\/index.php\/2026\/09\/03\/las-calles-de-hugo-leicht-angelorum-populi\/#primaryimage","url":"https:\/\/www.alasmedios.com\/wp-content\/uploads\/2026\/06\/MOISES-RAMOS-RODRIGUEZ-FERREA-MEMORIA.jpeg","contentUrl":"https:\/\/www.alasmedios.com\/wp-content\/uploads\/2026\/06\/MOISES-RAMOS-RODRIGUEZ-FERREA-MEMORIA.jpeg","width":1600,"height":971,"caption":"Mois\u00e9s Ramos Rodr\u00edguez"},{"@type":"BreadcrumbList","@id":"https:\/\/www.alasmedios.com\/index.php\/2026\/09\/03\/las-calles-de-hugo-leicht-angelorum-populi\/#breadcrumb","itemListElement":[{"@type":"ListItem","position":1,"name":"Inicio","item":"https:\/\/www.alasmedios.com\/"},{"@type":"ListItem","position":2,"name":"Las calles de Hugo Leicht: angelorum populi"}]},{"@type":"WebSite","@id":"https:\/\/www.alasmedios.com\/#website","url":"https:\/\/www.alasmedios.com\/","name":"Alas Medios","description":"Alas para pensar, Alas para volar, Alas de libertad","publisher":{"@id":"https:\/\/www.alasmedios.com\/#organization"},"potentialAction":[{"@type":"SearchAction","target":{"@type":"EntryPoint","urlTemplate":"https:\/\/www.alasmedios.com\/?s={search_term_string}"},"query-input":{"@type":"PropertyValueSpecification","valueRequired":true,"valueName":"search_term_string"}}],"inLanguage":"es"},{"@type":"Organization","@id":"https:\/\/www.alasmedios.com\/#organization","name":"Alas Medios","url":"https:\/\/www.alasmedios.com\/","logo":{"@type":"ImageObject","inLanguage":"es","@id":"https:\/\/www.alasmedios.com\/#\/schema\/logo\/image\/","url":"https:\/\/www.alasmedios.com\/wp-content\/uploads\/2026\/01\/cropped-cropped-GAM-1.png","contentUrl":"https:\/\/www.alasmedios.com\/wp-content\/uploads\/2026\/01\/cropped-cropped-GAM-1.png","width":467,"height":235,"caption":"Alas Medios"},"image":{"@id":"https:\/\/www.alasmedios.com\/#\/schema\/logo\/image\/"}},{"@type":"Person","@id":"https:\/\/www.alasmedios.com\/#\/schema\/person\/49719b99de0a63395caa49d1e7f12aad","name":"Moises Ramos Rodriguez","image":{"@type":"ImageObject","inLanguage":"es","@id":"https:\/\/secure.gravatar.com\/avatar\/accd8988064c3431e8e92e85d24b437226a4c74e7ee9c1389e5458576e70d5f1?s=96&d=mm&r=g","url":"https:\/\/secure.gravatar.com\/avatar\/accd8988064c3431e8e92e85d24b437226a4c74e7ee9c1389e5458576e70d5f1?s=96&d=mm&r=g","contentUrl":"https:\/\/secure.gravatar.com\/avatar\/accd8988064c3431e8e92e85d24b437226a4c74e7ee9c1389e5458576e70d5f1?s=96&d=mm&r=g","caption":"Moises Ramos Rodriguez"},"url":"https:\/\/www.alasmedios.com\/index.php\/author\/moises-ramos-rodriguez\/"}]}},"_links":{"self":[{"href":"https:\/\/www.alasmedios.com\/index.php\/wp-json\/wp\/v2\/posts\/12630","targetHints":{"allow":["GET"]}}],"collection":[{"href":"https:\/\/www.alasmedios.com\/index.php\/wp-json\/wp\/v2\/posts"}],"about":[{"href":"https:\/\/www.alasmedios.com\/index.php\/wp-json\/wp\/v2\/types\/post"}],"author":[{"embeddable":true,"href":"https:\/\/www.alasmedios.com\/index.php\/wp-json\/wp\/v2\/users\/15"}],"replies":[{"embeddable":true,"href":"https:\/\/www.alasmedios.com\/index.php\/wp-json\/wp\/v2\/comments?post=12630"}],"version-history":[{"count":1,"href":"https:\/\/www.alasmedios.com\/index.php\/wp-json\/wp\/v2\/posts\/12630\/revisions"}],"predecessor-version":[{"id":12631,"href":"https:\/\/www.alasmedios.com\/index.php\/wp-json\/wp\/v2\/posts\/12630\/revisions\/12631"}],"wp:featuredmedia":[{"embeddable":true,"href":"https:\/\/www.alasmedios.com\/index.php\/wp-json\/wp\/v2\/media\/9566"}],"wp:attachment":[{"href":"https:\/\/www.alasmedios.com\/index.php\/wp-json\/wp\/v2\/media?parent=12630"}],"wp:term":[{"taxonomy":"category","embeddable":true,"href":"https:\/\/www.alasmedios.com\/index.php\/wp-json\/wp\/v2\/categories?post=12630"},{"taxonomy":"post_tag","embeddable":true,"href":"https:\/\/www.alasmedios.com\/index.php\/wp-json\/wp\/v2\/tags?post=12630"}],"curies":[{"name":"wp","href":"https:\/\/api.w.org\/{rel}","templated":true}]}}