{"id":12627,"date":"2026-09-02T16:31:51","date_gmt":"2026-09-02T22:31:51","guid":{"rendered":"https:\/\/www.alasmedios.com\/?p=12627"},"modified":"2026-09-02T16:31:55","modified_gmt":"2026-09-02T22:31:55","slug":"cristina-rivera-garza-autora-del-pulitzer-llegara-a-la-ful-2026-sera-reconocida-por-la-uaeh","status":"publish","type":"post","link":"https:\/\/www.alasmedios.com\/index.php\/2026\/09\/02\/cristina-rivera-garza-autora-del-pulitzer-llegara-a-la-ful-2026-sera-reconocida-por-la-uaeh\/","title":{"rendered":"Cristina Rivera Garza, autora del Pulitzer llegar\u00e1 a la FUL 2026, ser\u00e1 reconocida por la UAEH"},"content":{"rendered":"\n<p class=\"wp-block-paragraph\">La escritora Cristina Rivera Garza recibir\u00e1 el Premio Juan Cris\u00f3stomo Doria a las Humanidades durante la Feria Universitaria del Libro en la Universidad Aut\u00f3noma del Estado de Hidalgo.<\/p>\n\n\n\n<p class=\"wp-block-paragraph\">La <strong>FUL 2026<\/strong> tendr\u00e1 una invitada especial: <strong>Cristina Rivera Garza<\/strong>. La escritora mexicana gan\u00f3 el Premio Pulitzer 2024.<\/p>\n\n\n\n<p class=\"wp-block-paragraph\">La Universidad Aut\u00f3noma del Estado de Hidalgo reconocer\u00e1 su trayectoria y aporte a la literatura.<\/p>\n\n\n\n<p class=\"wp-block-paragraph\">La autora recibir\u00e1 el <strong>Premio Juan Cris\u00f3stomo Doria a las Humanidades 2026<\/strong>. La ceremonia se realizar\u00e1 durante la edici\u00f3n 39 de la Feria Universitaria del Libro.<\/p>\n\n\n\n<p class=\"wp-block-paragraph\">El encuentro tendr\u00e1 lugar del <strong>4 al 13 de septiembre<\/strong>.<\/p>\n\n\n\n<p class=\"wp-block-paragraph\">LEE: <a href=\"https:\/\/www.alasmedios.com\/index.php\/2026\/09\/01\/vida-fuera-de-la-tierra-la-nasa-ya-busca-respuestas-con-su-telescopio-nancy-grace-roman\/\">\u00bfVida fuera de la Tierra? La NASA ya busca respuestas con su telescopio\u00a0Nancy Grace Roman<\/a><\/p>\n\n\n\n<h3 class=\"wp-block-heading\">Una autora que convirti\u00f3 una historia familiar en literatura<\/h3>\n\n\n\n<p class=\"wp-block-paragraph\">Cristina Rivera Garza es una de las escritoras mexicanas m\u00e1s reconocidas. Su obra combina narrativa, investigaci\u00f3n y escritura documental.<\/p>\n\n\n\n<p class=\"wp-block-paragraph\">Sus libros abordan la memoria, la identidad y las injusticias sociales. Tambi\u00e9n exploran la<strong> violencia c<\/strong>ontra las mujeres.<\/p>\n\n\n\n<p class=\"wp-block-paragraph\">Entre sus t\u00edtulos destacan <strong>Nadie me ver\u00e1 llorar, La cresta de Ili\u00f3n y Autobiograf\u00eda del algod\u00f3n. <\/strong>Tambi\u00e9n escribi\u00f3<strong> El invencible verano de Liliana.<\/strong><\/p>\n\n\n\n<p class=\"wp-block-paragraph\">Con esta \u00faltima obra obtuvo el <strong>Pulitzer 2024 en la categor\u00eda de Memoria o Autobiograf\u00eda<\/strong>.<\/p>\n\n\n\n<p class=\"wp-block-paragraph\">En el libro, la escritora reconstruye la vida y el feminicidio de su hermana. <strong>Liliana Rivera Garza fue asesinada en 1990.<\/strong><\/p>\n\n\n\n<p class=\"wp-block-paragraph\">TE PUEDE INTERESAR: <a href=\"https:\/\/www.alasmedios.com\/index.php\/2026\/08\/29\/laura-itzel-castillo-llega-a-secretaria-de-las-mujeres\/\">Laura Itzel Castillo llega a Secretar\u00eda de las Mujeres con pendientes en violencia, cuidados y justicia<\/a><\/p>\n\n\n\n<p class=\"wp-block-paragraph\">La autora utiliza documentos, archivos, testimonios y recuerdos. El resultado aborda la <strong>violencia contra las mujeres y la impunidad.<\/strong><\/p>\n\n\n\n<p class=\"wp-block-paragraph\">Tambi\u00e9n plantea una b\u00fasqueda personal de justicia.<\/p>\n\n\n\n<h3 class=\"wp-block-heading\">De la literatura a la academia<\/h3>\n\n\n\n<p class=\"wp-block-paragraph\">Adem\u00e1s de ser escritora, Rivera Garza es acad\u00e9mica e investigadora. Actualmente trabaja como profesora distinguida de Estudios Hisp\u00e1nicos.<\/p>\n\n\n\n<p class=\"wp-block-paragraph\">La Universidad de Houston alberga su labor acad\u00e9mica. Desde ah\u00ed participa en la formaci\u00f3n de estudiantes e investigadores.<\/p>\n\n\n\n<p class=\"wp-block-paragraph\">A lo largo de su carrera ha recibido varios reconocimientos. Entre ellos est\u00e1n el <strong>Premio Sor Juana In\u00e9s de la Cruz<\/strong> y el <strong>Xavier Villaurrutia<\/strong>.<\/p>\n\n\n\n<p class=\"wp-block-paragraph\">Tambi\u00e9n obtuvo el <strong>Premio Internacional de Letras Carlos Fuentes<\/strong>.<\/p>\n\n\n\n<p class=\"wp-block-paragraph\">Su llegada a la FUL se suma a la lista de figuras reconocidas por la UAEH. Entre ellas est\u00e1n Cristina Pacheco, Margo Glantz, \u00c9lmer Mendoza y Jorge Volpi.<\/p>\n\n\n\n<p class=\"wp-block-paragraph\">CONTINUA LEYENDO: <a href=\"https:\/\/www.alasmedios.com\/index.php\/2026\/08\/26\/120-mujeres-por-cada-100-hombres-la-pobreza-extrema-tambien-tiene-brecha-de-genero\/\">120 mujeres por cada 100 hombres: la pobreza extrema tambi\u00e9n tiene brecha de g\u00e9nero<\/a><\/p>\n\n\n\n<h3 class=\"wp-block-heading\">Una cita para quienes aman los libros<\/h3>\n\n\n\n<p class=\"wp-block-paragraph\">La presencia de Cristina Rivera Garza ser\u00e1 uno de los mejores atractivos de la <strong>FUL 2026<\/strong>, adem\u00e1s el p\u00fablico podr\u00e1 acercarse a una de las voces m\u00e1s importantes de la literatura mexicana.<\/p>\n\n\n\n<p class=\"wp-block-paragraph\">Tambi\u00e9n conocer\u00e1 a la autora que llev\u00f3 una historia familiar hasta uno de los premios literarios m\u00e1s importantes del mundo.<\/p>\n\n\n\n<p class=\"wp-block-paragraph\">La feria se realizar\u00e1 del <strong>4 al 13 de septiembre<\/strong>. Guarda la fecha y visita la FUL 2026 en Pachuca.<\/p>\n\n\n\n<p class=\"wp-block-paragraph\">Entre libros, autores y actividades, habr\u00e1 una invitada que vale la pena escuchar.<\/p>\n\n\n<ul class=\"wp-block-latest-posts__list wp-block-latest-posts is-layout-flow wp-block-latest-posts-is-layout-flow\"><li><div class=\"wp-block-latest-posts__featured-image\"><img loading=\"lazy\" decoding=\"async\" width=\"150\" height=\"150\" src=\"https:\/\/www.alasmedios.com\/wp-content\/uploads\/2026\/09\/Cristina-Rivera-Garza-150x150.jpg\" class=\"attachment-thumbnail size-thumbnail wp-post-image\" alt=\"\" style=\"\" \/><\/div><a class=\"wp-block-latest-posts__post-title\" href=\"https:\/\/www.alasmedios.com\/index.php\/2026\/09\/02\/cristina-rivera-garza-autora-del-pulitzer-llegara-a-la-ful-2026-sera-reconocida-por-la-uaeh\/\">Cristina Rivera Garza, autora del Pulitzer llegar\u00e1 a la FUL 2026, ser\u00e1 reconocida por la UAEH<\/a><\/li>\n<li><div class=\"wp-block-latest-posts__featured-image\"><img loading=\"lazy\" decoding=\"async\" width=\"150\" height=\"150\" src=\"https:\/\/www.alasmedios.com\/wp-content\/uploads\/2026\/09\/Desapariciones-en-Mexico-150x150.jpg\" class=\"attachment-thumbnail size-thumbnail wp-post-image\" alt=\"\" style=\"\" \/><\/div><a class=\"wp-block-latest-posts__post-title\" href=\"https:\/\/www.alasmedios.com\/index.php\/2026\/09\/02\/mas-de-17-mil-ninas-ninos-y-adolescentes-siguen-desaparecidos-en-mexico-varones-superan-a-mujeres\/\">M\u00e1s de 17 mil ni\u00f1as, ni\u00f1os y adolescentes siguen desaparecidos en M\u00e9xico; varones superan a mujeres<\/a><\/li>\n<li><div class=\"wp-block-latest-posts__featured-image\"><img loading=\"lazy\" decoding=\"async\" width=\"150\" height=\"150\" src=\"https:\/\/www.alasmedios.com\/wp-content\/uploads\/2026\/09\/Hablar-de-sexo-no-necesariamente-significa-hablar-de-fertilidad-150x150.png\" class=\"attachment-thumbnail size-thumbnail wp-post-image\" alt=\"\" style=\"\" \/><\/div><a class=\"wp-block-latest-posts__post-title\" href=\"https:\/\/www.alasmedios.com\/index.php\/2026\/09\/02\/sexo-fertilidad-y-embarazo-no-no-son-lo-mismo\/\">Sexo, fertilidad y embarazo: no, no son lo mismo<\/a><\/li>\n<\/ul>","protected":false},"excerpt":{"rendered":"<p>La escritora Cristina Rivera Garza recibir\u00e1 el Premio Juan Cris\u00f3stomo Doria a las Humanidades durante la Feria Universitaria del Libro<\/p>\n","protected":false},"author":18,"featured_media":12628,"comment_status":"open","ping_status":"open","sticky":false,"template":"","format":"standard","meta":{"colormag_page_container_layout":"default_layout","colormag_page_sidebar_layout":"default_layout","rop_custom_images_group":[],"rop_custom_messages_group":[],"rop_publish_now":"yes","rop_publish_now_accounts":[],"rop_publish_now_history":[],"rop_publish_now_status":"pending","iawp_total_views":1,"footnotes":""},"categories":[41],"tags":[4873,4874,85],"class_list":["post-12627","post","type-post","status-publish","format-standard","has-post-thumbnail","hentry","category-hidalgo","tag-cristina-rivera-garza","tag-ful-2026","tag-universidad-autonoma-del-estado-de-hidalgo"],"magazineBlocksPostFeaturedMedia":{"thumbnail":"https:\/\/www.alasmedios.com\/wp-content\/uploads\/2026\/09\/Cristina-Rivera-Garza-150x150.jpg","medium":"https:\/\/www.alasmedios.com\/wp-content\/uploads\/2026\/09\/Cristina-Rivera-Garza-300x225.jpg","medium_large":"https:\/\/www.alasmedios.com\/wp-content\/uploads\/2026\/09\/Cristina-Rivera-Garza.jpg","large":"https:\/\/www.alasmedios.com\/wp-content\/uploads\/2026\/09\/Cristina-Rivera-Garza.jpg","1536x1536":"https:\/\/www.alasmedios.com\/wp-content\/uploads\/2026\/09\/Cristina-Rivera-Garza.jpg","2048x2048":"https:\/\/www.alasmedios.com\/wp-content\/uploads\/2026\/09\/Cristina-Rivera-Garza.jpg","colormag-highlighted-post":"https:\/\/www.alasmedios.com\/wp-content\/uploads\/2026\/09\/Cristina-Rivera-Garza-392x272.jpg","colormag-featured-post-medium":"https:\/\/www.alasmedios.com\/wp-content\/uploads\/2026\/09\/Cristina-Rivera-Garza-390x205.jpg","colormag-featured-post-small":"https:\/\/www.alasmedios.com\/wp-content\/uploads\/2026\/09\/Cristina-Rivera-Garza-130x90.jpg","colormag-featured-image":"https:\/\/www.alasmedios.com\/wp-content\/uploads\/2026\/09\/Cristina-Rivera-Garza-640x445.jpg","colormag-default-news":"https:\/\/www.alasmedios.com\/wp-content\/uploads\/2026\/09\/Cristina-Rivera-Garza-150x150.jpg","colormag-featured-image-large":"https:\/\/www.alasmedios.com\/wp-content\/uploads\/2026\/09\/Cristina-Rivera-Garza.jpg"},"magazineBlocksPostAuthor":{"name":"Yissel Padilla","avatar":"https:\/\/secure.gravatar.com\/avatar\/98842131f4e7c39771d95c321b4e271e6d6b9aefdb1d69d099b18469d859168e?s=96&d=mm&r=g"},"magazineBlocksPostCommentsNumber":"0","magazineBlocksPostExcerpt":"La escritora Cristina Rivera Garza recibir\u00e1 el Premio Juan Cris\u00f3stomo Doria a las Humanidades durante la Feria Universitaria del Libro","magazineBlocksPostCategories":["Hidalgo"],"magazineBlocksPostViewCount":11,"magazineBlocksPostReadTime":3,"magazine_blocks_featured_image_url":{"full":["https:\/\/www.alasmedios.com\/wp-content\/uploads\/2026\/09\/Cristina-Rivera-Garza.jpg",640,480,false],"medium":["https:\/\/www.alasmedios.com\/wp-content\/uploads\/2026\/09\/Cristina-Rivera-Garza-300x225.jpg",300,225,true],"thumbnail":["https:\/\/www.alasmedios.com\/wp-content\/uploads\/2026\/09\/Cristina-Rivera-Garza-150x150.jpg",150,150,true]},"magazine_blocks_author":{"display_name":"Yissel Padilla","author_link":"https:\/\/www.alasmedios.com\/index.php\/author\/yissel-padilla\/"},"magazine_blocks_comment":0,"magazine_blocks_author_image":"https:\/\/secure.gravatar.com\/avatar\/98842131f4e7c39771d95c321b4e271e6d6b9aefdb1d69d099b18469d859168e?s=96&d=mm&r=g","magazine_blocks_category":"<a href=\"#\" class=\"category-link category-link-41\">Hidalgo<\/a>","videoUrl":"","yoast_head":"<!-- This site is optimized with the Yoast SEO plugin v28.4 - https:\/\/yoast.com\/product\/yoast-seo-wordpress\/ -->\r\n<title>Cristina Rivera Garza, autora del Pulitzer llegar\u00e1 a la FUL 2026, ser\u00e1 reconocida por la UAEH - Alas Medios<\/title>\r\n<meta name=\"description\" content=\"La escritora Cristina Rivera Garza recibir\u00e1 el Premio Juan Cris\u00f3stomo Doria a las Humanidades durante la Feria Universitaria del Libro en la Universidad Aut\u00f3noma del Estado de Hidalgo.\" \/>\r\n<meta name=\"robots\" content=\"index, follow, max-snippet:-1, max-image-preview:large, max-video-preview:-1\" \/>\r\n<link rel=\"canonical\" href=\"https:\/\/www.alasmedios.com\/index.php\/2026\/09\/02\/cristina-rivera-garza-autora-del-pulitzer-llegara-a-la-ful-2026-sera-reconocida-por-la-uaeh\/\" \/>\r\n<meta property=\"og:locale\" content=\"es_MX\" \/>\r\n<meta property=\"og:type\" content=\"article\" \/>\r\n<meta property=\"og:title\" content=\"Cristina Rivera Garza, autora del Pulitzer llegar\u00e1 a la FUL 2026, ser\u00e1 reconocida por la UAEH - Alas Medios\" \/>\r\n<meta property=\"og:description\" content=\"La escritora Cristina Rivera Garza recibir\u00e1 el Premio Juan Cris\u00f3stomo Doria a las Humanidades durante la Feria Universitaria del Libro en la Universidad Aut\u00f3noma del Estado de Hidalgo.\" \/>\r\n<meta property=\"og:url\" content=\"https:\/\/www.alasmedios.com\/index.php\/2026\/09\/02\/cristina-rivera-garza-autora-del-pulitzer-llegara-a-la-ful-2026-sera-reconocida-por-la-uaeh\/\" \/>\r\n<meta property=\"og:site_name\" content=\"Alas Medios\" \/>\r\n<meta property=\"article:published_time\" content=\"2026-09-02T22:31:51+00:00\" \/>\r\n<meta property=\"article:modified_time\" content=\"2026-09-02T22:31:55+00:00\" \/>\r\n<meta property=\"og:image\" content=\"https:\/\/www.alasmedios.com\/wp-content\/uploads\/2026\/09\/Cristina-Rivera-Garza.jpg\" \/>\r\n\t<meta property=\"og:image:width\" content=\"640\" \/>\r\n\t<meta property=\"og:image:height\" content=\"480\" \/>\r\n\t<meta property=\"og:image:type\" content=\"image\/jpeg\" \/>\r\n<meta name=\"author\" content=\"Yissel Padilla\" \/>\r\n<meta name=\"twitter:card\" content=\"summary_large_image\" \/>\r\n<meta name=\"twitter:label1\" content=\"Escrito por\" \/>\n\t<meta name=\"twitter:data1\" content=\"Yissel Padilla\" \/>\n\t<meta name=\"twitter:label2\" content=\"Tiempo de lectura\" \/>\n\t<meta name=\"twitter:data2\" content=\"3 minutos\" \/>\r\n<script type=\"application\/ld+json\" class=\"yoast-schema-graph\">{\"@context\":\"https:\\\/\\\/schema.org\",\"@graph\":[{\"@type\":\"Article\",\"@id\":\"https:\\\/\\\/www.alasmedios.com\\\/index.php\\\/2026\\\/09\\\/02\\\/cristina-rivera-garza-autora-del-pulitzer-llegara-a-la-ful-2026-sera-reconocida-por-la-uaeh\\\/#article\",\"isPartOf\":{\"@id\":\"https:\\\/\\\/www.alasmedios.com\\\/index.php\\\/2026\\\/09\\\/02\\\/cristina-rivera-garza-autora-del-pulitzer-llegara-a-la-ful-2026-sera-reconocida-por-la-uaeh\\\/\"},\"author\":{\"name\":\"Yissel Padilla\",\"@id\":\"https:\\\/\\\/www.alasmedios.com\\\/#\\\/schema\\\/person\\\/4a77b9da264b9fd30e9b7bf44efa7ada\"},\"headline\":\"Cristina Rivera Garza, autora del Pulitzer llegar\u00e1 a la FUL 2026, ser\u00e1 reconocida por la UAEH\",\"datePublished\":\"2026-09-02T22:31:51+00:00\",\"dateModified\":\"2026-09-02T22:31:55+00:00\",\"mainEntityOfPage\":{\"@id\":\"https:\\\/\\\/www.alasmedios.com\\\/index.php\\\/2026\\\/09\\\/02\\\/cristina-rivera-garza-autora-del-pulitzer-llegara-a-la-ful-2026-sera-reconocida-por-la-uaeh\\\/\"},\"wordCount\":511,\"commentCount\":0,\"publisher\":{\"@id\":\"https:\\\/\\\/www.alasmedios.com\\\/#organization\"},\"image\":{\"@id\":\"https:\\\/\\\/www.alasmedios.com\\\/index.php\\\/2026\\\/09\\\/02\\\/cristina-rivera-garza-autora-del-pulitzer-llegara-a-la-ful-2026-sera-reconocida-por-la-uaeh\\\/#primaryimage\"},\"thumbnailUrl\":\"https:\\\/\\\/www.alasmedios.com\\\/wp-content\\\/uploads\\\/2026\\\/09\\\/Cristina-Rivera-Garza.jpg\",\"keywords\":[\"Cristina Rivera Garza\",\"FUL 2026\",\"Universidad Aut\u00f3noma del Estado de Hidalgo\"],\"articleSection\":[\"Hidalgo\"],\"inLanguage\":\"es\",\"potentialAction\":[{\"@type\":\"CommentAction\",\"name\":\"Comment\",\"target\":[\"https:\\\/\\\/www.alasmedios.com\\\/index.php\\\/2026\\\/09\\\/02\\\/cristina-rivera-garza-autora-del-pulitzer-llegara-a-la-ful-2026-sera-reconocida-por-la-uaeh\\\/#respond\"]}]},{\"@type\":\"WebPage\",\"@id\":\"https:\\\/\\\/www.alasmedios.com\\\/index.php\\\/2026\\\/09\\\/02\\\/cristina-rivera-garza-autora-del-pulitzer-llegara-a-la-ful-2026-sera-reconocida-por-la-uaeh\\\/\",\"url\":\"https:\\\/\\\/www.alasmedios.com\\\/index.php\\\/2026\\\/09\\\/02\\\/cristina-rivera-garza-autora-del-pulitzer-llegara-a-la-ful-2026-sera-reconocida-por-la-uaeh\\\/\",\"name\":\"Cristina Rivera Garza, autora del Pulitzer llegar\u00e1 a la FUL 2026, ser\u00e1 reconocida por la UAEH - Alas Medios\",\"isPartOf\":{\"@id\":\"https:\\\/\\\/www.alasmedios.com\\\/#website\"},\"primaryImageOfPage\":{\"@id\":\"https:\\\/\\\/www.alasmedios.com\\\/index.php\\\/2026\\\/09\\\/02\\\/cristina-rivera-garza-autora-del-pulitzer-llegara-a-la-ful-2026-sera-reconocida-por-la-uaeh\\\/#primaryimage\"},\"image\":{\"@id\":\"https:\\\/\\\/www.alasmedios.com\\\/index.php\\\/2026\\\/09\\\/02\\\/cristina-rivera-garza-autora-del-pulitzer-llegara-a-la-ful-2026-sera-reconocida-por-la-uaeh\\\/#primaryimage\"},\"thumbnailUrl\":\"https:\\\/\\\/www.alasmedios.com\\\/wp-content\\\/uploads\\\/2026\\\/09\\\/Cristina-Rivera-Garza.jpg\",\"datePublished\":\"2026-09-02T22:31:51+00:00\",\"dateModified\":\"2026-09-02T22:31:55+00:00\",\"description\":\"La escritora Cristina Rivera Garza recibir\u00e1 el Premio Juan Cris\u00f3stomo Doria a las Humanidades durante la Feria Universitaria del Libro en la Universidad Aut\u00f3noma del Estado de Hidalgo.\",\"breadcrumb\":{\"@id\":\"https:\\\/\\\/www.alasmedios.com\\\/index.php\\\/2026\\\/09\\\/02\\\/cristina-rivera-garza-autora-del-pulitzer-llegara-a-la-ful-2026-sera-reconocida-por-la-uaeh\\\/#breadcrumb\"},\"inLanguage\":\"es\",\"potentialAction\":[{\"@type\":\"ReadAction\",\"target\":[\"https:\\\/\\\/www.alasmedios.com\\\/index.php\\\/2026\\\/09\\\/02\\\/cristina-rivera-garza-autora-del-pulitzer-llegara-a-la-ful-2026-sera-reconocida-por-la-uaeh\\\/\"]}]},{\"@type\":\"ImageObject\",\"inLanguage\":\"es\",\"@id\":\"https:\\\/\\\/www.alasmedios.com\\\/index.php\\\/2026\\\/09\\\/02\\\/cristina-rivera-garza-autora-del-pulitzer-llegara-a-la-ful-2026-sera-reconocida-por-la-uaeh\\\/#primaryimage\",\"url\":\"https:\\\/\\\/www.alasmedios.com\\\/wp-content\\\/uploads\\\/2026\\\/09\\\/Cristina-Rivera-Garza.jpg\",\"contentUrl\":\"https:\\\/\\\/www.alasmedios.com\\\/wp-content\\\/uploads\\\/2026\\\/09\\\/Cristina-Rivera-Garza.jpg\",\"width\":640,\"height\":480,\"caption\":\"Foto: Especia\u00f1\"},{\"@type\":\"BreadcrumbList\",\"@id\":\"https:\\\/\\\/www.alasmedios.com\\\/index.php\\\/2026\\\/09\\\/02\\\/cristina-rivera-garza-autora-del-pulitzer-llegara-a-la-ful-2026-sera-reconocida-por-la-uaeh\\\/#breadcrumb\",\"itemListElement\":[{\"@type\":\"ListItem\",\"position\":1,\"name\":\"Inicio\",\"item\":\"https:\\\/\\\/www.alasmedios.com\\\/\"},{\"@type\":\"ListItem\",\"position\":2,\"name\":\"Cristina Rivera Garza, autora del Pulitzer llegar\u00e1 a la FUL 2026, ser\u00e1 reconocida por la UAEH\"}]},{\"@type\":\"WebSite\",\"@id\":\"https:\\\/\\\/www.alasmedios.com\\\/#website\",\"url\":\"https:\\\/\\\/www.alasmedios.com\\\/\",\"name\":\"Alas Medios\",\"description\":\"Alas para pensar, Alas para volar, Alas de libertad\",\"publisher\":{\"@id\":\"https:\\\/\\\/www.alasmedios.com\\\/#organization\"},\"potentialAction\":[{\"@type\":\"SearchAction\",\"target\":{\"@type\":\"EntryPoint\",\"urlTemplate\":\"https:\\\/\\\/www.alasmedios.com\\\/?s={search_term_string}\"},\"query-input\":{\"@type\":\"PropertyValueSpecification\",\"valueRequired\":true,\"valueName\":\"search_term_string\"}}],\"inLanguage\":\"es\"},{\"@type\":\"Organization\",\"@id\":\"https:\\\/\\\/www.alasmedios.com\\\/#organization\",\"name\":\"Alas Medios\",\"url\":\"https:\\\/\\\/www.alasmedios.com\\\/\",\"logo\":{\"@type\":\"ImageObject\",\"inLanguage\":\"es\",\"@id\":\"https:\\\/\\\/www.alasmedios.com\\\/#\\\/schema\\\/logo\\\/image\\\/\",\"url\":\"https:\\\/\\\/www.alasmedios.com\\\/wp-content\\\/uploads\\\/2026\\\/01\\\/cropped-cropped-GAM-1.png\",\"contentUrl\":\"https:\\\/\\\/www.alasmedios.com\\\/wp-content\\\/uploads\\\/2026\\\/01\\\/cropped-cropped-GAM-1.png\",\"width\":467,\"height\":235,\"caption\":\"Alas Medios\"},\"image\":{\"@id\":\"https:\\\/\\\/www.alasmedios.com\\\/#\\\/schema\\\/logo\\\/image\\\/\"}},{\"@type\":\"Person\",\"@id\":\"https:\\\/\\\/www.alasmedios.com\\\/#\\\/schema\\\/person\\\/4a77b9da264b9fd30e9b7bf44efa7ada\",\"name\":\"Yissel Padilla\",\"image\":{\"@type\":\"ImageObject\",\"inLanguage\":\"es\",\"@id\":\"https:\\\/\\\/secure.gravatar.com\\\/avatar\\\/98842131f4e7c39771d95c321b4e271e6d6b9aefdb1d69d099b18469d859168e?s=96&d=mm&r=g\",\"url\":\"https:\\\/\\\/secure.gravatar.com\\\/avatar\\\/98842131f4e7c39771d95c321b4e271e6d6b9aefdb1d69d099b18469d859168e?s=96&d=mm&r=g\",\"contentUrl\":\"https:\\\/\\\/secure.gravatar.com\\\/avatar\\\/98842131f4e7c39771d95c321b4e271e6d6b9aefdb1d69d099b18469d859168e?s=96&d=mm&r=g\",\"caption\":\"Yissel Padilla\"},\"url\":\"https:\\\/\\\/www.alasmedios.com\\\/index.php\\\/author\\\/yissel-padilla\\\/\"}]}<\/script>\r\n<!-- \/ Yoast SEO plugin. -->","yoast_head_json":{"title":"Cristina Rivera Garza, autora del Pulitzer llegar\u00e1 a la FUL 2026, ser\u00e1 reconocida por la UAEH - Alas Medios","description":"La escritora Cristina Rivera Garza recibir\u00e1 el Premio Juan Cris\u00f3stomo Doria a las Humanidades durante la Feria Universitaria del Libro en la Universidad Aut\u00f3noma del Estado de Hidalgo.","robots":{"index":"index","follow":"follow","max-snippet":"max-snippet:-1","max-image-preview":"max-image-preview:large","max-video-preview":"max-video-preview:-1"},"canonical":"https:\/\/www.alasmedios.com\/index.php\/2026\/09\/02\/cristina-rivera-garza-autora-del-pulitzer-llegara-a-la-ful-2026-sera-reconocida-por-la-uaeh\/","og_locale":"es_MX","og_type":"article","og_title":"Cristina Rivera Garza, autora del Pulitzer llegar\u00e1 a la FUL 2026, ser\u00e1 reconocida por la UAEH - Alas Medios","og_description":"La escritora Cristina Rivera Garza recibir\u00e1 el Premio Juan Cris\u00f3stomo Doria a las Humanidades durante la Feria Universitaria del Libro en la Universidad Aut\u00f3noma del Estado de Hidalgo.","og_url":"https:\/\/www.alasmedios.com\/index.php\/2026\/09\/02\/cristina-rivera-garza-autora-del-pulitzer-llegara-a-la-ful-2026-sera-reconocida-por-la-uaeh\/","og_site_name":"Alas Medios","article_published_time":"2026-09-02T22:31:51+00:00","article_modified_time":"2026-09-02T22:31:55+00:00","og_image":[{"width":640,"height":480,"url":"https:\/\/www.alasmedios.com\/wp-content\/uploads\/2026\/09\/Cristina-Rivera-Garza.jpg","type":"image\/jpeg"}],"author":"Yissel Padilla","twitter_card":"summary_large_image","twitter_misc":{"Escrito por":"Yissel Padilla","Tiempo de lectura":"3 minutos"},"schema":{"@context":"https:\/\/schema.org","@graph":[{"@type":"Article","@id":"https:\/\/www.alasmedios.com\/index.php\/2026\/09\/02\/cristina-rivera-garza-autora-del-pulitzer-llegara-a-la-ful-2026-sera-reconocida-por-la-uaeh\/#article","isPartOf":{"@id":"https:\/\/www.alasmedios.com\/index.php\/2026\/09\/02\/cristina-rivera-garza-autora-del-pulitzer-llegara-a-la-ful-2026-sera-reconocida-por-la-uaeh\/"},"author":{"name":"Yissel Padilla","@id":"https:\/\/www.alasmedios.com\/#\/schema\/person\/4a77b9da264b9fd30e9b7bf44efa7ada"},"headline":"Cristina Rivera Garza, autora del Pulitzer llegar\u00e1 a la FUL 2026, ser\u00e1 reconocida por la UAEH","datePublished":"2026-09-02T22:31:51+00:00","dateModified":"2026-09-02T22:31:55+00:00","mainEntityOfPage":{"@id":"https:\/\/www.alasmedios.com\/index.php\/2026\/09\/02\/cristina-rivera-garza-autora-del-pulitzer-llegara-a-la-ful-2026-sera-reconocida-por-la-uaeh\/"},"wordCount":511,"commentCount":0,"publisher":{"@id":"https:\/\/www.alasmedios.com\/#organization"},"image":{"@id":"https:\/\/www.alasmedios.com\/index.php\/2026\/09\/02\/cristina-rivera-garza-autora-del-pulitzer-llegara-a-la-ful-2026-sera-reconocida-por-la-uaeh\/#primaryimage"},"thumbnailUrl":"https:\/\/www.alasmedios.com\/wp-content\/uploads\/2026\/09\/Cristina-Rivera-Garza.jpg","keywords":["Cristina Rivera Garza","FUL 2026","Universidad Aut\u00f3noma del Estado de Hidalgo"],"articleSection":["Hidalgo"],"inLanguage":"es","potentialAction":[{"@type":"CommentAction","name":"Comment","target":["https:\/\/www.alasmedios.com\/index.php\/2026\/09\/02\/cristina-rivera-garza-autora-del-pulitzer-llegara-a-la-ful-2026-sera-reconocida-por-la-uaeh\/#respond"]}]},{"@type":"WebPage","@id":"https:\/\/www.alasmedios.com\/index.php\/2026\/09\/02\/cristina-rivera-garza-autora-del-pulitzer-llegara-a-la-ful-2026-sera-reconocida-por-la-uaeh\/","url":"https:\/\/www.alasmedios.com\/index.php\/2026\/09\/02\/cristina-rivera-garza-autora-del-pulitzer-llegara-a-la-ful-2026-sera-reconocida-por-la-uaeh\/","name":"Cristina Rivera Garza, autora del Pulitzer llegar\u00e1 a la FUL 2026, ser\u00e1 reconocida por la UAEH - Alas Medios","isPartOf":{"@id":"https:\/\/www.alasmedios.com\/#website"},"primaryImageOfPage":{"@id":"https:\/\/www.alasmedios.com\/index.php\/2026\/09\/02\/cristina-rivera-garza-autora-del-pulitzer-llegara-a-la-ful-2026-sera-reconocida-por-la-uaeh\/#primaryimage"},"image":{"@id":"https:\/\/www.alasmedios.com\/index.php\/2026\/09\/02\/cristina-rivera-garza-autora-del-pulitzer-llegara-a-la-ful-2026-sera-reconocida-por-la-uaeh\/#primaryimage"},"thumbnailUrl":"https:\/\/www.alasmedios.com\/wp-content\/uploads\/2026\/09\/Cristina-Rivera-Garza.jpg","datePublished":"2026-09-02T22:31:51+00:00","dateModified":"2026-09-02T22:31:55+00:00","description":"La escritora Cristina Rivera Garza recibir\u00e1 el Premio Juan Cris\u00f3stomo Doria a las Humanidades durante la Feria Universitaria del Libro en la Universidad Aut\u00f3noma del Estado de Hidalgo.","breadcrumb":{"@id":"https:\/\/www.alasmedios.com\/index.php\/2026\/09\/02\/cristina-rivera-garza-autora-del-pulitzer-llegara-a-la-ful-2026-sera-reconocida-por-la-uaeh\/#breadcrumb"},"inLanguage":"es","potentialAction":[{"@type":"ReadAction","target":["https:\/\/www.alasmedios.com\/index.php\/2026\/09\/02\/cristina-rivera-garza-autora-del-pulitzer-llegara-a-la-ful-2026-sera-reconocida-por-la-uaeh\/"]}]},{"@type":"ImageObject","inLanguage":"es","@id":"https:\/\/www.alasmedios.com\/index.php\/2026\/09\/02\/cristina-rivera-garza-autora-del-pulitzer-llegara-a-la-ful-2026-sera-reconocida-por-la-uaeh\/#primaryimage","url":"https:\/\/www.alasmedios.com\/wp-content\/uploads\/2026\/09\/Cristina-Rivera-Garza.jpg","contentUrl":"https:\/\/www.alasmedios.com\/wp-content\/uploads\/2026\/09\/Cristina-Rivera-Garza.jpg","width":640,"height":480,"caption":"Foto: Especia\u00f1"},{"@type":"BreadcrumbList","@id":"https:\/\/www.alasmedios.com\/index.php\/2026\/09\/02\/cristina-rivera-garza-autora-del-pulitzer-llegara-a-la-ful-2026-sera-reconocida-por-la-uaeh\/#breadcrumb","itemListElement":[{"@type":"ListItem","position":1,"name":"Inicio","item":"https:\/\/www.alasmedios.com\/"},{"@type":"ListItem","position":2,"name":"Cristina Rivera Garza, autora del Pulitzer llegar\u00e1 a la FUL 2026, ser\u00e1 reconocida por la UAEH"}]},{"@type":"WebSite","@id":"https:\/\/www.alasmedios.com\/#website","url":"https:\/\/www.alasmedios.com\/","name":"Alas Medios","description":"Alas para pensar, Alas para volar, Alas de libertad","publisher":{"@id":"https:\/\/www.alasmedios.com\/#organization"},"potentialAction":[{"@type":"SearchAction","target":{"@type":"EntryPoint","urlTemplate":"https:\/\/www.alasmedios.com\/?s={search_term_string}"},"query-input":{"@type":"PropertyValueSpecification","valueRequired":true,"valueName":"search_term_string"}}],"inLanguage":"es"},{"@type":"Organization","@id":"https:\/\/www.alasmedios.com\/#organization","name":"Alas Medios","url":"https:\/\/www.alasmedios.com\/","logo":{"@type":"ImageObject","inLanguage":"es","@id":"https:\/\/www.alasmedios.com\/#\/schema\/logo\/image\/","url":"https:\/\/www.alasmedios.com\/wp-content\/uploads\/2026\/01\/cropped-cropped-GAM-1.png","contentUrl":"https:\/\/www.alasmedios.com\/wp-content\/uploads\/2026\/01\/cropped-cropped-GAM-1.png","width":467,"height":235,"caption":"Alas Medios"},"image":{"@id":"https:\/\/www.alasmedios.com\/#\/schema\/logo\/image\/"}},{"@type":"Person","@id":"https:\/\/www.alasmedios.com\/#\/schema\/person\/4a77b9da264b9fd30e9b7bf44efa7ada","name":"Yissel Padilla","image":{"@type":"ImageObject","inLanguage":"es","@id":"https:\/\/secure.gravatar.com\/avatar\/98842131f4e7c39771d95c321b4e271e6d6b9aefdb1d69d099b18469d859168e?s=96&d=mm&r=g","url":"https:\/\/secure.gravatar.com\/avatar\/98842131f4e7c39771d95c321b4e271e6d6b9aefdb1d69d099b18469d859168e?s=96&d=mm&r=g","contentUrl":"https:\/\/secure.gravatar.com\/avatar\/98842131f4e7c39771d95c321b4e271e6d6b9aefdb1d69d099b18469d859168e?s=96&d=mm&r=g","caption":"Yissel Padilla"},"url":"https:\/\/www.alasmedios.com\/index.php\/author\/yissel-padilla\/"}]}},"_links":{"self":[{"href":"https:\/\/www.alasmedios.com\/index.php\/wp-json\/wp\/v2\/posts\/12627","targetHints":{"allow":["GET"]}}],"collection":[{"href":"https:\/\/www.alasmedios.com\/index.php\/wp-json\/wp\/v2\/posts"}],"about":[{"href":"https:\/\/www.alasmedios.com\/index.php\/wp-json\/wp\/v2\/types\/post"}],"author":[{"embeddable":true,"href":"https:\/\/www.alasmedios.com\/index.php\/wp-json\/wp\/v2\/users\/18"}],"replies":[{"embeddable":true,"href":"https:\/\/www.alasmedios.com\/index.php\/wp-json\/wp\/v2\/comments?post=12627"}],"version-history":[{"count":1,"href":"https:\/\/www.alasmedios.com\/index.php\/wp-json\/wp\/v2\/posts\/12627\/revisions"}],"predecessor-version":[{"id":12629,"href":"https:\/\/www.alasmedios.com\/index.php\/wp-json\/wp\/v2\/posts\/12627\/revisions\/12629"}],"wp:featuredmedia":[{"embeddable":true,"href":"https:\/\/www.alasmedios.com\/index.php\/wp-json\/wp\/v2\/media\/12628"}],"wp:attachment":[{"href":"https:\/\/www.alasmedios.com\/index.php\/wp-json\/wp\/v2\/media?parent=12627"}],"wp:term":[{"taxonomy":"category","embeddable":true,"href":"https:\/\/www.alasmedios.com\/index.php\/wp-json\/wp\/v2\/categories?post=12627"},{"taxonomy":"post_tag","embeddable":true,"href":"https:\/\/www.alasmedios.com\/index.php\/wp-json\/wp\/v2\/tags?post=12627"}],"curies":[{"name":"wp","href":"https:\/\/api.w.org\/{rel}","templated":true}]}}