{"id":12624,"date":"2026-09-03T09:00:00","date_gmt":"2026-09-03T15:00:00","guid":{"rendered":"https:\/\/www.alasmedios.com\/?p=12624"},"modified":"2026-09-02T16:13:25","modified_gmt":"2026-09-02T22:13:25","slug":"ebola-supera-las-3-mil-muertes-en-la-republica-democratica-del-congo","status":"publish","type":"post","link":"https:\/\/www.alasmedios.com\/index.php\/2026\/09\/03\/ebola-supera-las-3-mil-muertes-en-la-republica-democratica-del-congo\/","title":{"rendered":"\u00c9bola supera las 3 mil muertes en la Rep\u00fablica Democr\u00e1tica del Congo"},"content":{"rendered":"\n<p class=\"wp-block-paragraph\">El brote de \u00e9bola en el Congo suma <strong>6 mil 186 casos confirmados<\/strong> y alcanza una <strong>letalidad de 48.6 por ciento<\/strong>; las autoridades mantienen acciones de vigilancia y atenci\u00f3n en seis provincias.<\/p>\n\n\n\n<p class=\"wp-block-paragraph\">El brote de <strong>\u00e9bola en el este de la Rep\u00fablica Democr\u00e1tica del Congo<\/strong> ya dej\u00f3 <strong>3 mil 7 personas fallecidas y 6 mil 186 casos confirmados<\/strong>, de acuerdo con el \u00faltimo reporte del <strong>Instituto Nacional de Salud P\u00fablica<\/strong>, con informaci\u00f3n recopilada hasta el <strong>31 de agosto<\/strong>.<\/p>\n\n\n\n<p class=\"wp-block-paragraph\">La enfermedad, cuyo brote fue declarado el pasado <strong>15 de mayo<\/strong>, mantiene una tasa de letalidad de <strong>48.6 por ciento<\/strong>. Hasta ahora, mil <strong>409 pacientes se han recuperado<\/strong>, mientras que otros 830 permanecen hospitalizados o en aislamiento.<\/p>\n\n\n\n<h3 class=\"wp-block-heading\">Seis provincias contin\u00faan bajo vigilancia<\/h3>\n\n\n\n<p class=\"wp-block-paragraph\">Las acciones para contener la transmisi\u00f3n se mantienen en <strong>60 zonas sanitarias de seis provincias<\/strong>. Ituri, considerada el epicentro del brote, concentr\u00f3 49 nuevos contagios durante las \u00faltimas 24 horas analizadas.<\/p>\n\n\n\n<p class=\"wp-block-paragraph\">LEE: <a href=\"https:\/\/www.alasmedios.com\/index.php\/2026\/09\/02\/43-mil-mujeres-y-ninas-necesitan-ayuda-tras-las-inundaciones-en-nepal\/\">43 mil mujeres y ni\u00f1as necesitan ayuda tras las inundaciones en Nepal<\/a><\/p>\n\n\n\n<p class=\"wp-block-paragraph\">Tambi\u00e9n permanecen afectadas <strong>Tshopo, Bas-U\u00e9l\u00e9, Haut-U\u00e9l\u00e9, Kivu del Norte y Kivu del Sur<\/strong>. En esta \u00faltima solo permanece activa una zona sanitaria y no se han registrado nuevos casos confirmados en m\u00e1s de 90 d\u00edas.<\/p>\n\n\n\n<p class=\"wp-block-paragraph\">La respuesta sanitaria enfrenta dificultades relacionadas con la <strong>inseguridad en el este del pa\u00eds <\/strong>y una <strong>huelga de trabajadores <\/strong>que reclaman el pago de sus salarios. El INSP tambi\u00e9n report\u00f3 problemas en algunos puntos de control y entrada a las zonas afectadas.<\/p>\n\n\n\n<p class=\"wp-block-paragraph\">A esto se suma la saturaci\u00f3n de algunos centros de tratamiento y la resistencia de algunas comunidades para permitir pruebas a personas fallecidas o aceptar el aislamiento de pacientes.<\/p>\n\n\n\n<h3 class=\"wp-block-heading\">Una cepa sin tratamiento espec\u00edfico<\/h3>\n\n\n\n<p class=\"wp-block-paragraph\">El actual brote es provocado por la <strong>cepa Bundibugyo<\/strong>, para la cual todav\u00eda no existe un tratamiento espec\u00edfico. La Organizaci\u00f3n Mundial de la Salud trabaja en dos vacunas que ya comenzaron ensayos cl\u00ednicos de fase 1 y que, hasta el momento, han mostrado resultados de seguridad favorables.<\/p>\n\n\n\n<p class=\"wp-block-paragraph\">PUEDE INTERESARTE: <a href=\"https:\/\/www.alasmedios.com\/index.php\/2026\/09\/01\/dinamarca-compensara-a-mujeres-inuit-anticoncepcion-forzada\/\">Dinamarca indemnizar\u00e1 a mujeres inuit sometidas a anticoncepci\u00f3n forzada<\/a><\/p>\n\n\n\n<p class=\"wp-block-paragraph\">Mientras contin\u00faan las investigaciones, la RDC inici\u00f3 una campa\u00f1a de vacunaci\u00f3n con <strong>Ervebo<\/strong>, desarrollada originalmente para la variante Zaire del virus y que ha mostrado resultados positivos contra Bundibugyo en pruebas realizadas con animales.<\/p>\n\n\n\n<h3 class=\"wp-block-heading\">El segundo brote m\u00e1s mort\u00edfero<\/h3>\n\n\n\n<p class=\"wp-block-paragraph\">Con m\u00e1s de 3 mil muertes, el actual brote se convirti\u00f3 en <strong>el segundo m\u00e1s mort\u00edfero registrado<\/strong>, al superar la epidemia que afect\u00f3 a la misma regi\u00f3n entre <strong>2018 y 2020.<\/strong><\/p>\n\n\n\n<p class=\"wp-block-paragraph\">Sin embargo, todav\u00eda se encuentra por debajo de la epidemia registrada en \u00c1frica Occidental entre <strong>2014 y 2016<\/strong>, que dej\u00f3 alrededor de <strong>11 mil personas muertas y 28 mil contagios<\/strong>.<\/p>\n\n\n\n<p class=\"wp-block-paragraph\">CONTINUA LEYENDO: <a href=\"https:\/\/www.alasmedios.com\/index.php\/2026\/09\/02\/3-9-millones-de-ninas-y-mujeres-en-centroamerica-se-casaron-antes-de-los-15-anos\/\">3.9 millones de ni\u00f1as y mujeres en Centroam\u00e9rica se casaron antes de los 15 a\u00f1os<\/a><\/p>\n\n\n\n<p class=\"wp-block-paragraph\">La enfermedad tambi\u00e9n lleg\u00f3 a Uganda, donde la<strong> OMS<\/strong> declar\u00f3 el pasado 26 de agosto el fin del brote despu\u00e9s de registrar<strong> 20 casos confirmados<\/strong>, incluidos 15 relacionados con contagios provenientes de la RDC y dos fallecimientos.<\/p>\n\n\n\n<p class=\"wp-block-paragraph\">Por el momento las prioridades son la vigilancia, atenci\u00f3n m\u00e9dica, prevenci\u00f3n y control de infecciones, log\u00edstica y trabajo con las comunidades para intentar frenar las cadenas de transmisi\u00f3n.<\/p>\n\n\n<ul class=\"wp-block-latest-posts__list wp-block-latest-posts is-layout-flow wp-block-latest-posts-is-layout-flow\"><li><div class=\"wp-block-latest-posts__featured-image\"><img loading=\"lazy\" decoding=\"async\" width=\"150\" height=\"150\" src=\"https:\/\/www.alasmedios.com\/wp-content\/uploads\/2026\/09\/\u00bfAnticoncepcion-para-hombres-150x150.jpeg\" class=\"attachment-thumbnail size-thumbnail wp-post-image\" alt=\"\" style=\"\" \/><\/div><a class=\"wp-block-latest-posts__post-title\" href=\"https:\/\/www.alasmedios.com\/index.php\/2026\/09\/03\/hombres-frente-a-metodos-anticonceptivos-opciones-y-responsabilidad\/\">\u00bfAnticoncepci\u00f3n para hombres? Opciones existen, los prejuicios tambi\u00e9n<\/a><\/li>\n<li><div class=\"wp-block-latest-posts__featured-image\"><img loading=\"lazy\" decoding=\"async\" width=\"150\" height=\"150\" src=\"https:\/\/www.alasmedios.com\/wp-content\/uploads\/2026\/09\/Mes-del-Testamento-150x150.jpg\" class=\"attachment-thumbnail size-thumbnail wp-post-image\" alt=\"\" style=\"\" \/><\/div><a class=\"wp-block-latest-posts__post-title\" href=\"https:\/\/www.alasmedios.com\/index.php\/2026\/09\/03\/gobierno-de-hidalgo-promueve-la-cultura-testamentaria-iaameh-adultos-mayores\/\">Mes del Testamento en Hidalgo: IAAMEH dar\u00e1 asesor\u00eda a adultos mayores para proteger su patrimonio<\/a><\/li>\n<li><div class=\"wp-block-latest-posts__featured-image\"><img loading=\"lazy\" decoding=\"async\" width=\"150\" height=\"150\" src=\"https:\/\/www.alasmedios.com\/wp-content\/uploads\/2026\/09\/medicina-veterinaria-forense-150x150.jpg\" class=\"attachment-thumbnail size-thumbnail wp-post-image\" alt=\"\" style=\"\" \/><\/div><a class=\"wp-block-latest-posts__post-title\" href=\"https:\/\/www.alasmedios.com\/index.php\/2026\/09\/03\/puebla-fortalece-las-investigaciones-por-crueldad-animal-con-medicina-veterinaria-forense\/\">Puebla: Fortalece las investigaciones por crueldad animal con medicina veterinaria forense<\/a><\/li>\n<\/ul>","protected":false},"excerpt":{"rendered":"<p>El brote de \u00e9bola en el Congo suma 6 mil 186 casos confirmados y alcanza una letalidad de 48.6 por<\/p>\n","protected":false},"author":18,"featured_media":12625,"comment_status":"open","ping_status":"open","sticky":false,"template":"","format":"standard","meta":{"colormag_page_container_layout":"default_layout","colormag_page_sidebar_layout":"default_layout","rop_custom_images_group":[],"rop_custom_messages_group":[],"rop_publish_now":"yes","rop_publish_now_accounts":[],"rop_publish_now_history":[],"rop_publish_now_status":"pending","iawp_total_views":0,"footnotes":""},"categories":[3229],"tags":[4871,1260],"class_list":["post-12624","post","type-post","status-publish","format-standard","has-post-thumbnail","hentry","category-mundo-extranjero","tag-muertes-a-causa-de-ebola","tag-republica-democratica-del-congo"],"magazineBlocksPostFeaturedMedia":{"thumbnail":"https:\/\/www.alasmedios.com\/wp-content\/uploads\/2026\/09\/MUERTES-POR-EBOLA-EN-EL-CONGO-150x150.jpeg","medium":"https:\/\/www.alasmedios.com\/wp-content\/uploads\/2026\/09\/MUERTES-POR-EBOLA-EN-EL-CONGO-300x200.jpeg","medium_large":"https:\/\/www.alasmedios.com\/wp-content\/uploads\/2026\/09\/MUERTES-POR-EBOLA-EN-EL-CONGO-768x512.jpeg","large":"https:\/\/www.alasmedios.com\/wp-content\/uploads\/2026\/09\/MUERTES-POR-EBOLA-EN-EL-CONGO.jpeg","1536x1536":"https:\/\/www.alasmedios.com\/wp-content\/uploads\/2026\/09\/MUERTES-POR-EBOLA-EN-EL-CONGO.jpeg","2048x2048":"https:\/\/www.alasmedios.com\/wp-content\/uploads\/2026\/09\/MUERTES-POR-EBOLA-EN-EL-CONGO.jpeg","colormag-highlighted-post":"https:\/\/www.alasmedios.com\/wp-content\/uploads\/2026\/09\/MUERTES-POR-EBOLA-EN-EL-CONGO-392x272.jpeg","colormag-featured-post-medium":"https:\/\/www.alasmedios.com\/wp-content\/uploads\/2026\/09\/MUERTES-POR-EBOLA-EN-EL-CONGO-390x205.jpeg","colormag-featured-post-small":"https:\/\/www.alasmedios.com\/wp-content\/uploads\/2026\/09\/MUERTES-POR-EBOLA-EN-EL-CONGO-130x90.jpeg","colormag-featured-image":"https:\/\/www.alasmedios.com\/wp-content\/uploads\/2026\/09\/MUERTES-POR-EBOLA-EN-EL-CONGO-800x445.jpeg","colormag-default-news":"https:\/\/www.alasmedios.com\/wp-content\/uploads\/2026\/09\/MUERTES-POR-EBOLA-EN-EL-CONGO-150x150.jpeg","colormag-featured-image-large":"https:\/\/www.alasmedios.com\/wp-content\/uploads\/2026\/09\/MUERTES-POR-EBOLA-EN-EL-CONGO-976x600.jpeg"},"magazineBlocksPostAuthor":{"name":"Yissel Padilla","avatar":"https:\/\/secure.gravatar.com\/avatar\/98842131f4e7c39771d95c321b4e271e6d6b9aefdb1d69d099b18469d859168e?s=96&d=mm&r=g"},"magazineBlocksPostCommentsNumber":"0","magazineBlocksPostExcerpt":"El brote de \u00e9bola en el Congo suma 6 mil 186 casos confirmados y alcanza una letalidad de 48.6 por","magazineBlocksPostCategories":["Mundo"],"magazineBlocksPostViewCount":6,"magazineBlocksPostReadTime":3,"magazine_blocks_featured_image_url":{"full":["https:\/\/www.alasmedios.com\/wp-content\/uploads\/2026\/09\/MUERTES-POR-EBOLA-EN-EL-CONGO.jpeg",976,651,false],"medium":["https:\/\/www.alasmedios.com\/wp-content\/uploads\/2026\/09\/MUERTES-POR-EBOLA-EN-EL-CONGO-300x200.jpeg",300,200,true],"thumbnail":["https:\/\/www.alasmedios.com\/wp-content\/uploads\/2026\/09\/MUERTES-POR-EBOLA-EN-EL-CONGO-150x150.jpeg",150,150,true]},"magazine_blocks_author":{"display_name":"Yissel Padilla","author_link":"https:\/\/www.alasmedios.com\/index.php\/author\/yissel-padilla\/"},"magazine_blocks_comment":0,"magazine_blocks_author_image":"https:\/\/secure.gravatar.com\/avatar\/98842131f4e7c39771d95c321b4e271e6d6b9aefdb1d69d099b18469d859168e?s=96&d=mm&r=g","magazine_blocks_category":"<a href=\"#\" class=\"category-link category-link-3229\">Mundo<\/a>","videoUrl":"","yoast_head":"<!-- This site is optimized with the Yoast SEO plugin v28.4 - https:\/\/yoast.com\/product\/yoast-seo-wordpress\/ -->\r\n<title>\u00c9bola supera las 3 mil muertes en la Rep\u00fablica Democr\u00e1tica del Congo<\/title>\r\n<meta name=\"description\" content=\"El brote de \u00e9bola en el Congo suma 6 mil 186 casos confirmados y alcanza una letalidad de 48.6 por ciento; las autoridades mantienen acciones de vigilancia y atenci\u00f3n en seis provincias\" \/>\r\n<meta name=\"robots\" content=\"index, follow, max-snippet:-1, max-image-preview:large, max-video-preview:-1\" \/>\r\n<link rel=\"canonical\" href=\"https:\/\/www.alasmedios.com\/index.php\/2026\/09\/03\/ebola-supera-las-3-mil-muertes-en-la-republica-democratica-del-congo\/\" \/>\r\n<meta property=\"og:locale\" content=\"es_MX\" \/>\r\n<meta property=\"og:type\" content=\"article\" \/>\r\n<meta property=\"og:title\" content=\"\u00c9bola supera las 3 mil muertes en la Rep\u00fablica Democr\u00e1tica del Congo\" \/>\r\n<meta property=\"og:description\" content=\"El brote de \u00e9bola en el Congo suma 6 mil 186 casos confirmados y alcanza una letalidad de 48.6 por ciento; las autoridades mantienen acciones de vigilancia y atenci\u00f3n en seis provincias\" \/>\r\n<meta property=\"og:url\" content=\"https:\/\/www.alasmedios.com\/index.php\/2026\/09\/03\/ebola-supera-las-3-mil-muertes-en-la-republica-democratica-del-congo\/\" \/>\r\n<meta property=\"og:site_name\" content=\"Alas Medios\" \/>\r\n<meta property=\"article:published_time\" content=\"2026-09-03T15:00:00+00:00\" \/>\r\n<meta property=\"og:image\" content=\"https:\/\/www.alasmedios.com\/wp-content\/uploads\/2026\/09\/MUERTES-POR-EBOLA-EN-EL-CONGO.jpeg\" \/>\r\n\t<meta property=\"og:image:width\" content=\"976\" \/>\r\n\t<meta property=\"og:image:height\" content=\"651\" \/>\r\n\t<meta property=\"og:image:type\" content=\"image\/jpeg\" \/>\r\n<meta name=\"author\" content=\"Yissel Padilla\" \/>\r\n<meta name=\"twitter:card\" content=\"summary_large_image\" \/>\r\n<meta name=\"twitter:label1\" content=\"Escrito por\" \/>\n\t<meta name=\"twitter:data1\" content=\"Yissel Padilla\" \/>\n\t<meta name=\"twitter:label2\" content=\"Tiempo de lectura\" \/>\n\t<meta name=\"twitter:data2\" content=\"3 minutos\" \/>\r\n<script type=\"application\/ld+json\" class=\"yoast-schema-graph\">{\"@context\":\"https:\\\/\\\/schema.org\",\"@graph\":[{\"@type\":\"Article\",\"@id\":\"https:\\\/\\\/www.alasmedios.com\\\/index.php\\\/2026\\\/09\\\/03\\\/ebola-supera-las-3-mil-muertes-en-la-republica-democratica-del-congo\\\/#article\",\"isPartOf\":{\"@id\":\"https:\\\/\\\/www.alasmedios.com\\\/index.php\\\/2026\\\/09\\\/03\\\/ebola-supera-las-3-mil-muertes-en-la-republica-democratica-del-congo\\\/\"},\"author\":{\"name\":\"Yissel Padilla\",\"@id\":\"https:\\\/\\\/www.alasmedios.com\\\/#\\\/schema\\\/person\\\/4a77b9da264b9fd30e9b7bf44efa7ada\"},\"headline\":\"\u00c9bola supera las 3 mil muertes en la Rep\u00fablica Democr\u00e1tica del Congo\",\"datePublished\":\"2026-09-03T15:00:00+00:00\",\"mainEntityOfPage\":{\"@id\":\"https:\\\/\\\/www.alasmedios.com\\\/index.php\\\/2026\\\/09\\\/03\\\/ebola-supera-las-3-mil-muertes-en-la-republica-democratica-del-congo\\\/\"},\"wordCount\":540,\"commentCount\":0,\"publisher\":{\"@id\":\"https:\\\/\\\/www.alasmedios.com\\\/#organization\"},\"image\":{\"@id\":\"https:\\\/\\\/www.alasmedios.com\\\/index.php\\\/2026\\\/09\\\/03\\\/ebola-supera-las-3-mil-muertes-en-la-republica-democratica-del-congo\\\/#primaryimage\"},\"thumbnailUrl\":\"https:\\\/\\\/www.alasmedios.com\\\/wp-content\\\/uploads\\\/2026\\\/09\\\/MUERTES-POR-EBOLA-EN-EL-CONGO.jpeg\",\"keywords\":[\"Muertes a causa de \u00e9bola\",\"Rep\u00fablica Democr\u00e1tica del Congo\"],\"articleSection\":[\"Mundo\"],\"inLanguage\":\"es\",\"potentialAction\":[{\"@type\":\"CommentAction\",\"name\":\"Comment\",\"target\":[\"https:\\\/\\\/www.alasmedios.com\\\/index.php\\\/2026\\\/09\\\/03\\\/ebola-supera-las-3-mil-muertes-en-la-republica-democratica-del-congo\\\/#respond\"]}]},{\"@type\":\"WebPage\",\"@id\":\"https:\\\/\\\/www.alasmedios.com\\\/index.php\\\/2026\\\/09\\\/03\\\/ebola-supera-las-3-mil-muertes-en-la-republica-democratica-del-congo\\\/\",\"url\":\"https:\\\/\\\/www.alasmedios.com\\\/index.php\\\/2026\\\/09\\\/03\\\/ebola-supera-las-3-mil-muertes-en-la-republica-democratica-del-congo\\\/\",\"name\":\"\u00c9bola supera las 3 mil muertes en la Rep\u00fablica Democr\u00e1tica del Congo\",\"isPartOf\":{\"@id\":\"https:\\\/\\\/www.alasmedios.com\\\/#website\"},\"primaryImageOfPage\":{\"@id\":\"https:\\\/\\\/www.alasmedios.com\\\/index.php\\\/2026\\\/09\\\/03\\\/ebola-supera-las-3-mil-muertes-en-la-republica-democratica-del-congo\\\/#primaryimage\"},\"image\":{\"@id\":\"https:\\\/\\\/www.alasmedios.com\\\/index.php\\\/2026\\\/09\\\/03\\\/ebola-supera-las-3-mil-muertes-en-la-republica-democratica-del-congo\\\/#primaryimage\"},\"thumbnailUrl\":\"https:\\\/\\\/www.alasmedios.com\\\/wp-content\\\/uploads\\\/2026\\\/09\\\/MUERTES-POR-EBOLA-EN-EL-CONGO.jpeg\",\"datePublished\":\"2026-09-03T15:00:00+00:00\",\"description\":\"El brote de \u00e9bola en el Congo suma 6 mil 186 casos confirmados y alcanza una letalidad de 48.6 por ciento; las autoridades mantienen acciones de vigilancia y atenci\u00f3n en seis provincias\",\"breadcrumb\":{\"@id\":\"https:\\\/\\\/www.alasmedios.com\\\/index.php\\\/2026\\\/09\\\/03\\\/ebola-supera-las-3-mil-muertes-en-la-republica-democratica-del-congo\\\/#breadcrumb\"},\"inLanguage\":\"es\",\"potentialAction\":[{\"@type\":\"ReadAction\",\"target\":[\"https:\\\/\\\/www.alasmedios.com\\\/index.php\\\/2026\\\/09\\\/03\\\/ebola-supera-las-3-mil-muertes-en-la-republica-democratica-del-congo\\\/\"]}]},{\"@type\":\"ImageObject\",\"inLanguage\":\"es\",\"@id\":\"https:\\\/\\\/www.alasmedios.com\\\/index.php\\\/2026\\\/09\\\/03\\\/ebola-supera-las-3-mil-muertes-en-la-republica-democratica-del-congo\\\/#primaryimage\",\"url\":\"https:\\\/\\\/www.alasmedios.com\\\/wp-content\\\/uploads\\\/2026\\\/09\\\/MUERTES-POR-EBOLA-EN-EL-CONGO.jpeg\",\"contentUrl\":\"https:\\\/\\\/www.alasmedios.com\\\/wp-content\\\/uploads\\\/2026\\\/09\\\/MUERTES-POR-EBOLA-EN-EL-CONGO.jpeg\",\"width\":976,\"height\":651,\"caption\":\"Foto: Especial\"},{\"@type\":\"BreadcrumbList\",\"@id\":\"https:\\\/\\\/www.alasmedios.com\\\/index.php\\\/2026\\\/09\\\/03\\\/ebola-supera-las-3-mil-muertes-en-la-republica-democratica-del-congo\\\/#breadcrumb\",\"itemListElement\":[{\"@type\":\"ListItem\",\"position\":1,\"name\":\"Inicio\",\"item\":\"https:\\\/\\\/www.alasmedios.com\\\/\"},{\"@type\":\"ListItem\",\"position\":2,\"name\":\"\u00c9bola supera las 3 mil muertes en la Rep\u00fablica Democr\u00e1tica del Congo\"}]},{\"@type\":\"WebSite\",\"@id\":\"https:\\\/\\\/www.alasmedios.com\\\/#website\",\"url\":\"https:\\\/\\\/www.alasmedios.com\\\/\",\"name\":\"Alas Medios\",\"description\":\"Alas para pensar, Alas para volar, Alas de libertad\",\"publisher\":{\"@id\":\"https:\\\/\\\/www.alasmedios.com\\\/#organization\"},\"potentialAction\":[{\"@type\":\"SearchAction\",\"target\":{\"@type\":\"EntryPoint\",\"urlTemplate\":\"https:\\\/\\\/www.alasmedios.com\\\/?s={search_term_string}\"},\"query-input\":{\"@type\":\"PropertyValueSpecification\",\"valueRequired\":true,\"valueName\":\"search_term_string\"}}],\"inLanguage\":\"es\"},{\"@type\":\"Organization\",\"@id\":\"https:\\\/\\\/www.alasmedios.com\\\/#organization\",\"name\":\"Alas Medios\",\"url\":\"https:\\\/\\\/www.alasmedios.com\\\/\",\"logo\":{\"@type\":\"ImageObject\",\"inLanguage\":\"es\",\"@id\":\"https:\\\/\\\/www.alasmedios.com\\\/#\\\/schema\\\/logo\\\/image\\\/\",\"url\":\"https:\\\/\\\/www.alasmedios.com\\\/wp-content\\\/uploads\\\/2026\\\/01\\\/cropped-cropped-GAM-1.png\",\"contentUrl\":\"https:\\\/\\\/www.alasmedios.com\\\/wp-content\\\/uploads\\\/2026\\\/01\\\/cropped-cropped-GAM-1.png\",\"width\":467,\"height\":235,\"caption\":\"Alas Medios\"},\"image\":{\"@id\":\"https:\\\/\\\/www.alasmedios.com\\\/#\\\/schema\\\/logo\\\/image\\\/\"}},{\"@type\":\"Person\",\"@id\":\"https:\\\/\\\/www.alasmedios.com\\\/#\\\/schema\\\/person\\\/4a77b9da264b9fd30e9b7bf44efa7ada\",\"name\":\"Yissel Padilla\",\"image\":{\"@type\":\"ImageObject\",\"inLanguage\":\"es\",\"@id\":\"https:\\\/\\\/secure.gravatar.com\\\/avatar\\\/98842131f4e7c39771d95c321b4e271e6d6b9aefdb1d69d099b18469d859168e?s=96&d=mm&r=g\",\"url\":\"https:\\\/\\\/secure.gravatar.com\\\/avatar\\\/98842131f4e7c39771d95c321b4e271e6d6b9aefdb1d69d099b18469d859168e?s=96&d=mm&r=g\",\"contentUrl\":\"https:\\\/\\\/secure.gravatar.com\\\/avatar\\\/98842131f4e7c39771d95c321b4e271e6d6b9aefdb1d69d099b18469d859168e?s=96&d=mm&r=g\",\"caption\":\"Yissel Padilla\"},\"url\":\"https:\\\/\\\/www.alasmedios.com\\\/index.php\\\/author\\\/yissel-padilla\\\/\"}]}<\/script>\r\n<!-- \/ Yoast SEO plugin. -->","yoast_head_json":{"title":"\u00c9bola supera las 3 mil muertes en la Rep\u00fablica Democr\u00e1tica del Congo","description":"El brote de \u00e9bola en el Congo suma 6 mil 186 casos confirmados y alcanza una letalidad de 48.6 por ciento; las autoridades mantienen acciones de vigilancia y atenci\u00f3n en seis provincias","robots":{"index":"index","follow":"follow","max-snippet":"max-snippet:-1","max-image-preview":"max-image-preview:large","max-video-preview":"max-video-preview:-1"},"canonical":"https:\/\/www.alasmedios.com\/index.php\/2026\/09\/03\/ebola-supera-las-3-mil-muertes-en-la-republica-democratica-del-congo\/","og_locale":"es_MX","og_type":"article","og_title":"\u00c9bola supera las 3 mil muertes en la Rep\u00fablica Democr\u00e1tica del Congo","og_description":"El brote de \u00e9bola en el Congo suma 6 mil 186 casos confirmados y alcanza una letalidad de 48.6 por ciento; las autoridades mantienen acciones de vigilancia y atenci\u00f3n en seis provincias","og_url":"https:\/\/www.alasmedios.com\/index.php\/2026\/09\/03\/ebola-supera-las-3-mil-muertes-en-la-republica-democratica-del-congo\/","og_site_name":"Alas Medios","article_published_time":"2026-09-03T15:00:00+00:00","og_image":[{"width":976,"height":651,"url":"https:\/\/www.alasmedios.com\/wp-content\/uploads\/2026\/09\/MUERTES-POR-EBOLA-EN-EL-CONGO.jpeg","type":"image\/jpeg"}],"author":"Yissel Padilla","twitter_card":"summary_large_image","twitter_misc":{"Escrito por":"Yissel Padilla","Tiempo de lectura":"3 minutos"},"schema":{"@context":"https:\/\/schema.org","@graph":[{"@type":"Article","@id":"https:\/\/www.alasmedios.com\/index.php\/2026\/09\/03\/ebola-supera-las-3-mil-muertes-en-la-republica-democratica-del-congo\/#article","isPartOf":{"@id":"https:\/\/www.alasmedios.com\/index.php\/2026\/09\/03\/ebola-supera-las-3-mil-muertes-en-la-republica-democratica-del-congo\/"},"author":{"name":"Yissel Padilla","@id":"https:\/\/www.alasmedios.com\/#\/schema\/person\/4a77b9da264b9fd30e9b7bf44efa7ada"},"headline":"\u00c9bola supera las 3 mil muertes en la Rep\u00fablica Democr\u00e1tica del Congo","datePublished":"2026-09-03T15:00:00+00:00","mainEntityOfPage":{"@id":"https:\/\/www.alasmedios.com\/index.php\/2026\/09\/03\/ebola-supera-las-3-mil-muertes-en-la-republica-democratica-del-congo\/"},"wordCount":540,"commentCount":0,"publisher":{"@id":"https:\/\/www.alasmedios.com\/#organization"},"image":{"@id":"https:\/\/www.alasmedios.com\/index.php\/2026\/09\/03\/ebola-supera-las-3-mil-muertes-en-la-republica-democratica-del-congo\/#primaryimage"},"thumbnailUrl":"https:\/\/www.alasmedios.com\/wp-content\/uploads\/2026\/09\/MUERTES-POR-EBOLA-EN-EL-CONGO.jpeg","keywords":["Muertes a causa de \u00e9bola","Rep\u00fablica Democr\u00e1tica del Congo"],"articleSection":["Mundo"],"inLanguage":"es","potentialAction":[{"@type":"CommentAction","name":"Comment","target":["https:\/\/www.alasmedios.com\/index.php\/2026\/09\/03\/ebola-supera-las-3-mil-muertes-en-la-republica-democratica-del-congo\/#respond"]}]},{"@type":"WebPage","@id":"https:\/\/www.alasmedios.com\/index.php\/2026\/09\/03\/ebola-supera-las-3-mil-muertes-en-la-republica-democratica-del-congo\/","url":"https:\/\/www.alasmedios.com\/index.php\/2026\/09\/03\/ebola-supera-las-3-mil-muertes-en-la-republica-democratica-del-congo\/","name":"\u00c9bola supera las 3 mil muertes en la Rep\u00fablica Democr\u00e1tica del Congo","isPartOf":{"@id":"https:\/\/www.alasmedios.com\/#website"},"primaryImageOfPage":{"@id":"https:\/\/www.alasmedios.com\/index.php\/2026\/09\/03\/ebola-supera-las-3-mil-muertes-en-la-republica-democratica-del-congo\/#primaryimage"},"image":{"@id":"https:\/\/www.alasmedios.com\/index.php\/2026\/09\/03\/ebola-supera-las-3-mil-muertes-en-la-republica-democratica-del-congo\/#primaryimage"},"thumbnailUrl":"https:\/\/www.alasmedios.com\/wp-content\/uploads\/2026\/09\/MUERTES-POR-EBOLA-EN-EL-CONGO.jpeg","datePublished":"2026-09-03T15:00:00+00:00","description":"El brote de \u00e9bola en el Congo suma 6 mil 186 casos confirmados y alcanza una letalidad de 48.6 por ciento; las autoridades mantienen acciones de vigilancia y atenci\u00f3n en seis provincias","breadcrumb":{"@id":"https:\/\/www.alasmedios.com\/index.php\/2026\/09\/03\/ebola-supera-las-3-mil-muertes-en-la-republica-democratica-del-congo\/#breadcrumb"},"inLanguage":"es","potentialAction":[{"@type":"ReadAction","target":["https:\/\/www.alasmedios.com\/index.php\/2026\/09\/03\/ebola-supera-las-3-mil-muertes-en-la-republica-democratica-del-congo\/"]}]},{"@type":"ImageObject","inLanguage":"es","@id":"https:\/\/www.alasmedios.com\/index.php\/2026\/09\/03\/ebola-supera-las-3-mil-muertes-en-la-republica-democratica-del-congo\/#primaryimage","url":"https:\/\/www.alasmedios.com\/wp-content\/uploads\/2026\/09\/MUERTES-POR-EBOLA-EN-EL-CONGO.jpeg","contentUrl":"https:\/\/www.alasmedios.com\/wp-content\/uploads\/2026\/09\/MUERTES-POR-EBOLA-EN-EL-CONGO.jpeg","width":976,"height":651,"caption":"Foto: Especial"},{"@type":"BreadcrumbList","@id":"https:\/\/www.alasmedios.com\/index.php\/2026\/09\/03\/ebola-supera-las-3-mil-muertes-en-la-republica-democratica-del-congo\/#breadcrumb","itemListElement":[{"@type":"ListItem","position":1,"name":"Inicio","item":"https:\/\/www.alasmedios.com\/"},{"@type":"ListItem","position":2,"name":"\u00c9bola supera las 3 mil muertes en la Rep\u00fablica Democr\u00e1tica del Congo"}]},{"@type":"WebSite","@id":"https:\/\/www.alasmedios.com\/#website","url":"https:\/\/www.alasmedios.com\/","name":"Alas Medios","description":"Alas para pensar, Alas para volar, Alas de libertad","publisher":{"@id":"https:\/\/www.alasmedios.com\/#organization"},"potentialAction":[{"@type":"SearchAction","target":{"@type":"EntryPoint","urlTemplate":"https:\/\/www.alasmedios.com\/?s={search_term_string}"},"query-input":{"@type":"PropertyValueSpecification","valueRequired":true,"valueName":"search_term_string"}}],"inLanguage":"es"},{"@type":"Organization","@id":"https:\/\/www.alasmedios.com\/#organization","name":"Alas Medios","url":"https:\/\/www.alasmedios.com\/","logo":{"@type":"ImageObject","inLanguage":"es","@id":"https:\/\/www.alasmedios.com\/#\/schema\/logo\/image\/","url":"https:\/\/www.alasmedios.com\/wp-content\/uploads\/2026\/01\/cropped-cropped-GAM-1.png","contentUrl":"https:\/\/www.alasmedios.com\/wp-content\/uploads\/2026\/01\/cropped-cropped-GAM-1.png","width":467,"height":235,"caption":"Alas Medios"},"image":{"@id":"https:\/\/www.alasmedios.com\/#\/schema\/logo\/image\/"}},{"@type":"Person","@id":"https:\/\/www.alasmedios.com\/#\/schema\/person\/4a77b9da264b9fd30e9b7bf44efa7ada","name":"Yissel Padilla","image":{"@type":"ImageObject","inLanguage":"es","@id":"https:\/\/secure.gravatar.com\/avatar\/98842131f4e7c39771d95c321b4e271e6d6b9aefdb1d69d099b18469d859168e?s=96&d=mm&r=g","url":"https:\/\/secure.gravatar.com\/avatar\/98842131f4e7c39771d95c321b4e271e6d6b9aefdb1d69d099b18469d859168e?s=96&d=mm&r=g","contentUrl":"https:\/\/secure.gravatar.com\/avatar\/98842131f4e7c39771d95c321b4e271e6d6b9aefdb1d69d099b18469d859168e?s=96&d=mm&r=g","caption":"Yissel Padilla"},"url":"https:\/\/www.alasmedios.com\/index.php\/author\/yissel-padilla\/"}]}},"_links":{"self":[{"href":"https:\/\/www.alasmedios.com\/index.php\/wp-json\/wp\/v2\/posts\/12624","targetHints":{"allow":["GET"]}}],"collection":[{"href":"https:\/\/www.alasmedios.com\/index.php\/wp-json\/wp\/v2\/posts"}],"about":[{"href":"https:\/\/www.alasmedios.com\/index.php\/wp-json\/wp\/v2\/types\/post"}],"author":[{"embeddable":true,"href":"https:\/\/www.alasmedios.com\/index.php\/wp-json\/wp\/v2\/users\/18"}],"replies":[{"embeddable":true,"href":"https:\/\/www.alasmedios.com\/index.php\/wp-json\/wp\/v2\/comments?post=12624"}],"version-history":[{"count":1,"href":"https:\/\/www.alasmedios.com\/index.php\/wp-json\/wp\/v2\/posts\/12624\/revisions"}],"predecessor-version":[{"id":12626,"href":"https:\/\/www.alasmedios.com\/index.php\/wp-json\/wp\/v2\/posts\/12624\/revisions\/12626"}],"wp:featuredmedia":[{"embeddable":true,"href":"https:\/\/www.alasmedios.com\/index.php\/wp-json\/wp\/v2\/media\/12625"}],"wp:attachment":[{"href":"https:\/\/www.alasmedios.com\/index.php\/wp-json\/wp\/v2\/media?parent=12624"}],"wp:term":[{"taxonomy":"category","embeddable":true,"href":"https:\/\/www.alasmedios.com\/index.php\/wp-json\/wp\/v2\/categories?post=12624"},{"taxonomy":"post_tag","embeddable":true,"href":"https:\/\/www.alasmedios.com\/index.php\/wp-json\/wp\/v2\/tags?post=12624"}],"curies":[{"name":"wp","href":"https:\/\/api.w.org\/{rel}","templated":true}]}}