{"id":12621,"date":"2026-09-03T07:00:00","date_gmt":"2026-09-03T13:00:00","guid":{"rendered":"https:\/\/www.alasmedios.com\/?p=12621"},"modified":"2026-09-02T15:58:19","modified_gmt":"2026-09-02T21:58:19","slug":"danza-del-elote-llega-a-santa-maria-y-san-nicolas-hidalgo-en-septiembre","status":"publish","type":"post","link":"https:\/\/www.alasmedios.com\/index.php\/2026\/09\/03\/danza-del-elote-llega-a-santa-maria-y-san-nicolas-hidalgo-en-septiembre\/","title":{"rendered":"Danza del Elote llega a Santa Mar\u00eda y San Nicol\u00e1s, Hidalgo, en septiembre"},"content":{"rendered":"\n<p class=\"wp-block-paragraph\">En septiembre las comunidades de<strong> Ju\u00e1rez Hidalgo<\/strong> celebrar\u00e1n sus <strong>fiestas patronales<\/strong> con danzas, cabalgatas, gastronom\u00eda y actividades que tambi\u00e9n buscan impulsar la econom\u00eda local.<\/p>\n\n\n\n<p class=\"wp-block-paragraph\">Las comunidades de <strong>Santa Mar\u00eda Macuix\u00f3chitl y San Nicol\u00e1s Coatzontla<\/strong>, en el municipio de Ju\u00e1rez Hidalgo, celebrar\u00e1n del<strong> 4 al 11 de septiembre sus fiestas patronales<\/strong>, una tradici\u00f3n que cada a\u00f1o re\u00fane actividades religiosas, culturales y comunitarias, con la <strong>Danza del Elote<\/strong> como una de sus principales expresiones de identidad.<\/p>\n\n\n\n<p class=\"wp-block-paragraph\">En la comunidad presentaron la cartelera de ambas celebraciones, que contempla torneos deportivos, cabalgatas, jaripeos, bailes populares, muestras gastron\u00f3micas y actividades religiosas, con la intenci\u00f3n de <strong>conservar las costumbres de la regi\u00f3n y atraer visitantes de otros municipios.<\/strong><\/p>\n\n\n\n<p class=\"wp-block-paragraph\">LEE: <a href=\"https:\/\/www.alasmedios.com\/index.php\/2026\/08\/29\/coronan-a-reina-por-el-dia-del-adulto-mayor-en-santiago-de-anaya\/\">Coronan a reina por el D\u00eda del Adulto Mayor en Santiago de Anaya<\/a><\/p>\n\n\n\n<h3 class=\"wp-block-heading\">Santa Mar\u00eda Macuix\u00f3chitl inicia las celebraciones<\/h3>\n\n\n\n<p class=\"wp-block-paragraph\">Del <strong>4 al 8 de septiembre<\/strong>, Santa Mar\u00eda Macuix\u00f3chitl tendr\u00e1 una programaci\u00f3n que incluye torneos de<strong> f\u00fatbol varonil<\/strong> y <strong>femenil<\/strong>, <strong>basquetbol<\/strong>, <strong>jaripeo<\/strong>,<strong> carrera de caballos<\/strong>, rodada de motociclistas y una cabalgata regional con la participaci\u00f3n de comunidades vecinas.<\/p>\n\n\n\n<p class=\"wp-block-paragraph\">Tambi\u00e9n se realizar\u00e1 la tradicional llegada de la banda de viento a la iglesia, una procesi\u00f3n con arcos de flores y un baile patronal. Entre las actividades destaca el <strong>juego de rayuela<\/strong>, que repartir\u00e1 una bolsa de 10 mil pesos.<\/p>\n\n\n\n<p class=\"wp-block-paragraph\">El <strong>8 de septiembre<\/strong> se llevar\u00e1n a cabo las ma\u00f1anitas a la <strong>Virgen de Guadalupe<\/strong>, adem\u00e1s de la recepci\u00f3n de peregrinos, juegos de argollas, castillo pirot\u00e9cnico y el baile de clausura.<\/p>\n\n\n\n<p class=\"wp-block-paragraph\">La gastronom\u00eda tambi\u00e9n tendr\u00e1 un lugar importante con una muestra de productos elaborados a partir de las cosechas de la comunidad, entre ellos <strong>tlatemal, tamales, elotes, dulces regionales y artesan\u00edas<\/strong>.<\/p>\n\n\n\n<h3 class=\"wp-block-heading\">San Nicol\u00e1s mantiene viva la celebraci\u00f3n<\/h3>\n\n\n\n<p class=\"wp-block-paragraph\">Al terminar las actividades en Santa Mar\u00eda, la fiesta continuar\u00e1 en <strong>San Nicol\u00e1s Coatzontla del 9 al 11 de septiembre<\/strong>, donde se realizar\u00e1n torneos de basquetbol, callejoneadas, cabalgatas, rodadas de motociclistas y misas en honor a San Nicol\u00e1s Tolentino.<\/p>\n\n\n\n<p class=\"wp-block-paragraph\">TE PUEDE INTERESAR: <a href=\"https:\/\/www.alasmedios.com\/index.php\/2026\/09\/01\/hidalgo-no-regatea-llama-a-pagar-lo-justo\/\">Artesan\u00edas hidalguenses llegan al Congreso: Hidalgo No Regatea llama a pagar lo justo<\/a><\/p>\n\n\n\n<p class=\"wp-block-paragraph\">Adem\u00e1s recibir\u00e1n a visitantes con la <strong>Danza del Elote<\/strong>, adem\u00e1s de la tradicional quema de toritos y el castillo pirot\u00e9cnico.<\/p>\n\n\n\n<p class=\"wp-block-paragraph\">Para los habitantes de ambas comunidades, las fiestas no solo representan una celebraci\u00f3n religiosa, sino tambi\u00e9n una oportunidad para compartir sus costumbres y generar ingresos para las familias que participan en la venta de alimentos, artesan\u00edas y otros productos locales.<\/p>\n\n\n\n<h3 class=\"wp-block-heading\">Una danza que agradece por las cosechas<\/h3>\n\n\n\n<p class=\"wp-block-paragraph\">La <strong>Danza del Elote<\/strong> ocupa un lugar especial dentro de las fiestas patronales. Se trata de una ofrenda de agradecimiento a la <strong>Madre Tierra <\/strong>por las cosechas obtenidas.<\/p>\n\n\n\n<p class=\"wp-block-paragraph\">Durante la celebraci\u00f3n se presentan productos como elotes, chayotes y calabazas, relacionados con la abundancia de la tierra y con la preparaci\u00f3n de la semilla para el siguiente ciclo agr\u00edcola.<\/p>\n\n\n\n<p class=\"wp-block-paragraph\">SIGUE LEYENDO: <a href=\"https:\/\/www.alasmedios.com\/index.php\/2026\/08\/31\/170-mil-personas-salieron-de-la-pobreza-vivienda-y-obras-marcan-la-nueva-agenda-de-hidalgo\/\">170 mil personas salieron de la pobreza; vivienda y obras marcan la nueva agenda de Hidalgo<\/a><\/p>\n\n\n\n<p class=\"wp-block-paragraph\">Santa Mar\u00eda Macuix\u00f3chitl y San Nicol\u00e1s Coatzontla tambi\u00e9n destacan por conservar expresiones de las lenguas <strong>otom\u00ed y n\u00e1huatl<\/strong>, as\u00ed como nombres de origen prehisp\u00e1nico y tradiciones que han pasado de generaci\u00f3n en generaci\u00f3n.<\/p>\n\n\n<ul class=\"wp-block-latest-posts__list wp-block-latest-posts is-layout-flow wp-block-latest-posts-is-layout-flow\"><li><div class=\"wp-block-latest-posts__featured-image\"><img loading=\"lazy\" decoding=\"async\" width=\"150\" height=\"150\" src=\"https:\/\/www.alasmedios.com\/wp-content\/uploads\/2026\/09\/\u00bfAnticoncepcion-para-hombres-150x150.jpeg\" class=\"attachment-thumbnail size-thumbnail wp-post-image\" alt=\"\" style=\"\" \/><\/div><a class=\"wp-block-latest-posts__post-title\" href=\"https:\/\/www.alasmedios.com\/index.php\/2026\/09\/03\/hombres-frente-a-metodos-anticonceptivos-opciones-y-responsabilidad\/\">\u00bfAnticoncepci\u00f3n para hombres? Opciones existen, los prejuicios tambi\u00e9n<\/a><\/li>\n<li><div class=\"wp-block-latest-posts__featured-image\"><img loading=\"lazy\" decoding=\"async\" width=\"150\" height=\"150\" src=\"https:\/\/www.alasmedios.com\/wp-content\/uploads\/2026\/09\/Mes-del-Testamento-150x150.jpg\" class=\"attachment-thumbnail size-thumbnail wp-post-image\" alt=\"\" style=\"\" \/><\/div><a class=\"wp-block-latest-posts__post-title\" href=\"https:\/\/www.alasmedios.com\/index.php\/2026\/09\/03\/gobierno-de-hidalgo-promueve-la-cultura-testamentaria-iaameh-adultos-mayores\/\">Mes del Testamento en Hidalgo: IAAMEH dar\u00e1 asesor\u00eda a adultos mayores para proteger su patrimonio<\/a><\/li>\n<li><div class=\"wp-block-latest-posts__featured-image\"><img loading=\"lazy\" decoding=\"async\" width=\"150\" height=\"150\" src=\"https:\/\/www.alasmedios.com\/wp-content\/uploads\/2026\/09\/medicina-veterinaria-forense-150x150.jpg\" class=\"attachment-thumbnail size-thumbnail wp-post-image\" alt=\"\" style=\"\" \/><\/div><a class=\"wp-block-latest-posts__post-title\" href=\"https:\/\/www.alasmedios.com\/index.php\/2026\/09\/03\/puebla-fortalece-las-investigaciones-por-crueldad-animal-con-medicina-veterinaria-forense\/\">Puebla: Fortalece las investigaciones por crueldad animal con medicina veterinaria forense<\/a><\/li>\n<\/ul>","protected":false},"excerpt":{"rendered":"<p>En septiembre las comunidades de Ju\u00e1rez Hidalgo celebrar\u00e1n sus fiestas patronales con danzas, cabalgatas, gastronom\u00eda y actividades que tambi\u00e9n buscan<\/p>\n","protected":false},"author":18,"featured_media":12622,"comment_status":"open","ping_status":"open","sticky":false,"template":"","format":"standard","meta":{"colormag_page_container_layout":"default_layout","colormag_page_sidebar_layout":"default_layout","rop_custom_images_group":[],"rop_custom_messages_group":[],"rop_publish_now":"yes","rop_publish_now_accounts":[],"rop_publish_now_history":[],"rop_publish_now_status":"pending","iawp_total_views":0,"footnotes":""},"categories":[41],"tags":[4867,4869,4868],"class_list":["post-12621","post","type-post","status-publish","format-standard","has-post-thumbnail","hentry","category-hidalgo","tag-danza-del-elote","tag-fiesta-patronal-san-nicolas","tag-fiesta-patronal-santa-maria"],"magazineBlocksPostFeaturedMedia":{"thumbnail":"https:\/\/www.alasmedios.com\/wp-content\/uploads\/2026\/09\/Danza-del-elote-Hidalgo-150x150.jpg","medium":"https:\/\/www.alasmedios.com\/wp-content\/uploads\/2026\/09\/Danza-del-elote-Hidalgo-300x169.jpg","medium_large":"https:\/\/www.alasmedios.com\/wp-content\/uploads\/2026\/09\/Danza-del-elote-Hidalgo-768x432.jpg","large":"https:\/\/www.alasmedios.com\/wp-content\/uploads\/2026\/09\/Danza-del-elote-Hidalgo-1024x576.jpg","1536x1536":"https:\/\/www.alasmedios.com\/wp-content\/uploads\/2026\/09\/Danza-del-elote-Hidalgo.jpg","2048x2048":"https:\/\/www.alasmedios.com\/wp-content\/uploads\/2026\/09\/Danza-del-elote-Hidalgo.jpg","colormag-highlighted-post":"https:\/\/www.alasmedios.com\/wp-content\/uploads\/2026\/09\/Danza-del-elote-Hidalgo-392x272.jpg","colormag-featured-post-medium":"https:\/\/www.alasmedios.com\/wp-content\/uploads\/2026\/09\/Danza-del-elote-Hidalgo-390x205.jpg","colormag-featured-post-small":"https:\/\/www.alasmedios.com\/wp-content\/uploads\/2026\/09\/Danza-del-elote-Hidalgo-130x90.jpg","colormag-featured-image":"https:\/\/www.alasmedios.com\/wp-content\/uploads\/2026\/09\/Danza-del-elote-Hidalgo-800x445.jpg","colormag-default-news":"https:\/\/www.alasmedios.com\/wp-content\/uploads\/2026\/09\/Danza-del-elote-Hidalgo-150x150.jpg","colormag-featured-image-large":"https:\/\/www.alasmedios.com\/wp-content\/uploads\/2026\/09\/Danza-del-elote-Hidalgo-1280x600.jpg"},"magazineBlocksPostAuthor":{"name":"Yissel Padilla","avatar":"https:\/\/secure.gravatar.com\/avatar\/98842131f4e7c39771d95c321b4e271e6d6b9aefdb1d69d099b18469d859168e?s=96&d=mm&r=g"},"magazineBlocksPostCommentsNumber":"0","magazineBlocksPostExcerpt":"En septiembre las comunidades de Ju\u00e1rez Hidalgo celebrar\u00e1n sus fiestas patronales con danzas, cabalgatas, gastronom\u00eda y actividades que tambi\u00e9n buscan","magazineBlocksPostCategories":["Hidalgo"],"magazineBlocksPostViewCount":7,"magazineBlocksPostReadTime":3,"magazine_blocks_featured_image_url":{"full":["https:\/\/www.alasmedios.com\/wp-content\/uploads\/2026\/09\/Danza-del-elote-Hidalgo.jpg",1280,720,false],"medium":["https:\/\/www.alasmedios.com\/wp-content\/uploads\/2026\/09\/Danza-del-elote-Hidalgo-300x169.jpg",300,169,true],"thumbnail":["https:\/\/www.alasmedios.com\/wp-content\/uploads\/2026\/09\/Danza-del-elote-Hidalgo-150x150.jpg",150,150,true]},"magazine_blocks_author":{"display_name":"Yissel Padilla","author_link":"https:\/\/www.alasmedios.com\/index.php\/author\/yissel-padilla\/"},"magazine_blocks_comment":0,"magazine_blocks_author_image":"https:\/\/secure.gravatar.com\/avatar\/98842131f4e7c39771d95c321b4e271e6d6b9aefdb1d69d099b18469d859168e?s=96&d=mm&r=g","magazine_blocks_category":"<a href=\"#\" class=\"category-link category-link-41\">Hidalgo<\/a>","videoUrl":"","yoast_head":"<!-- This site is optimized with the Yoast SEO plugin v28.4 - https:\/\/yoast.com\/product\/yoast-seo-wordpress\/ -->\r\n<title>Danza del Elote llega a Santa Mar\u00eda y San Nicol\u00e1s, Hidalgo, en septiembre - Alas Medios<\/title>\r\n<meta name=\"description\" content=\"En septiembre las comunidades de Ju\u00e1rez Hidalgo celebrar\u00e1n sus fiestas patronales con danzas, cabalgatas, gastronom\u00eda y actividades que tambi\u00e9n buscan impulsar la econom\u00eda local.\" \/>\r\n<meta name=\"robots\" content=\"index, follow, max-snippet:-1, max-image-preview:large, max-video-preview:-1\" \/>\r\n<link rel=\"canonical\" href=\"https:\/\/www.alasmedios.com\/index.php\/2026\/09\/03\/danza-del-elote-llega-a-santa-maria-y-san-nicolas-hidalgo-en-septiembre\/\" \/>\r\n<meta property=\"og:locale\" content=\"es_MX\" \/>\r\n<meta property=\"og:type\" content=\"article\" \/>\r\n<meta property=\"og:title\" content=\"Danza del Elote llega a Santa Mar\u00eda y San Nicol\u00e1s, Hidalgo, en septiembre - Alas Medios\" \/>\r\n<meta property=\"og:description\" content=\"En septiembre las comunidades de Ju\u00e1rez Hidalgo celebrar\u00e1n sus fiestas patronales con danzas, cabalgatas, gastronom\u00eda y actividades que tambi\u00e9n buscan impulsar la econom\u00eda local.\" \/>\r\n<meta property=\"og:url\" content=\"https:\/\/www.alasmedios.com\/index.php\/2026\/09\/03\/danza-del-elote-llega-a-santa-maria-y-san-nicolas-hidalgo-en-septiembre\/\" \/>\r\n<meta property=\"og:site_name\" content=\"Alas Medios\" \/>\r\n<meta property=\"article:published_time\" content=\"2026-09-03T13:00:00+00:00\" \/>\r\n<meta property=\"og:image\" content=\"https:\/\/www.alasmedios.com\/wp-content\/uploads\/2026\/09\/Danza-del-elote-Hidalgo.jpg\" \/>\r\n\t<meta property=\"og:image:width\" content=\"1280\" \/>\r\n\t<meta property=\"og:image:height\" content=\"720\" \/>\r\n\t<meta property=\"og:image:type\" content=\"image\/jpeg\" \/>\r\n<meta name=\"author\" content=\"Yissel Padilla\" \/>\r\n<meta name=\"twitter:card\" content=\"summary_large_image\" \/>\r\n<meta name=\"twitter:label1\" content=\"Escrito por\" \/>\n\t<meta name=\"twitter:data1\" content=\"Yissel Padilla\" \/>\n\t<meta name=\"twitter:label2\" content=\"Tiempo de lectura\" \/>\n\t<meta name=\"twitter:data2\" content=\"3 minutos\" \/>\r\n<script type=\"application\/ld+json\" class=\"yoast-schema-graph\">{\"@context\":\"https:\\\/\\\/schema.org\",\"@graph\":[{\"@type\":\"Article\",\"@id\":\"https:\\\/\\\/www.alasmedios.com\\\/index.php\\\/2026\\\/09\\\/03\\\/danza-del-elote-llega-a-santa-maria-y-san-nicolas-hidalgo-en-septiembre\\\/#article\",\"isPartOf\":{\"@id\":\"https:\\\/\\\/www.alasmedios.com\\\/index.php\\\/2026\\\/09\\\/03\\\/danza-del-elote-llega-a-santa-maria-y-san-nicolas-hidalgo-en-septiembre\\\/\"},\"author\":{\"name\":\"Yissel Padilla\",\"@id\":\"https:\\\/\\\/www.alasmedios.com\\\/#\\\/schema\\\/person\\\/4a77b9da264b9fd30e9b7bf44efa7ada\"},\"headline\":\"Danza del Elote llega a Santa Mar\u00eda y San Nicol\u00e1s, Hidalgo, en septiembre\",\"datePublished\":\"2026-09-03T13:00:00+00:00\",\"mainEntityOfPage\":{\"@id\":\"https:\\\/\\\/www.alasmedios.com\\\/index.php\\\/2026\\\/09\\\/03\\\/danza-del-elote-llega-a-santa-maria-y-san-nicolas-hidalgo-en-septiembre\\\/\"},\"wordCount\":573,\"commentCount\":0,\"publisher\":{\"@id\":\"https:\\\/\\\/www.alasmedios.com\\\/#organization\"},\"image\":{\"@id\":\"https:\\\/\\\/www.alasmedios.com\\\/index.php\\\/2026\\\/09\\\/03\\\/danza-del-elote-llega-a-santa-maria-y-san-nicolas-hidalgo-en-septiembre\\\/#primaryimage\"},\"thumbnailUrl\":\"https:\\\/\\\/www.alasmedios.com\\\/wp-content\\\/uploads\\\/2026\\\/09\\\/Danza-del-elote-Hidalgo.jpg\",\"keywords\":[\"Danza del Elote\",\"Fiesta Patronal San Nicol\u00e1s\",\"Fiesta Patronal Santa Mar\u00eda\"],\"articleSection\":[\"Hidalgo\"],\"inLanguage\":\"es\",\"potentialAction\":[{\"@type\":\"CommentAction\",\"name\":\"Comment\",\"target\":[\"https:\\\/\\\/www.alasmedios.com\\\/index.php\\\/2026\\\/09\\\/03\\\/danza-del-elote-llega-a-santa-maria-y-san-nicolas-hidalgo-en-septiembre\\\/#respond\"]}]},{\"@type\":\"WebPage\",\"@id\":\"https:\\\/\\\/www.alasmedios.com\\\/index.php\\\/2026\\\/09\\\/03\\\/danza-del-elote-llega-a-santa-maria-y-san-nicolas-hidalgo-en-septiembre\\\/\",\"url\":\"https:\\\/\\\/www.alasmedios.com\\\/index.php\\\/2026\\\/09\\\/03\\\/danza-del-elote-llega-a-santa-maria-y-san-nicolas-hidalgo-en-septiembre\\\/\",\"name\":\"Danza del Elote llega a Santa Mar\u00eda y San Nicol\u00e1s, Hidalgo, en septiembre - Alas Medios\",\"isPartOf\":{\"@id\":\"https:\\\/\\\/www.alasmedios.com\\\/#website\"},\"primaryImageOfPage\":{\"@id\":\"https:\\\/\\\/www.alasmedios.com\\\/index.php\\\/2026\\\/09\\\/03\\\/danza-del-elote-llega-a-santa-maria-y-san-nicolas-hidalgo-en-septiembre\\\/#primaryimage\"},\"image\":{\"@id\":\"https:\\\/\\\/www.alasmedios.com\\\/index.php\\\/2026\\\/09\\\/03\\\/danza-del-elote-llega-a-santa-maria-y-san-nicolas-hidalgo-en-septiembre\\\/#primaryimage\"},\"thumbnailUrl\":\"https:\\\/\\\/www.alasmedios.com\\\/wp-content\\\/uploads\\\/2026\\\/09\\\/Danza-del-elote-Hidalgo.jpg\",\"datePublished\":\"2026-09-03T13:00:00+00:00\",\"description\":\"En septiembre las comunidades de Ju\u00e1rez Hidalgo celebrar\u00e1n sus fiestas patronales con danzas, cabalgatas, gastronom\u00eda y actividades que tambi\u00e9n buscan impulsar la econom\u00eda local.\",\"breadcrumb\":{\"@id\":\"https:\\\/\\\/www.alasmedios.com\\\/index.php\\\/2026\\\/09\\\/03\\\/danza-del-elote-llega-a-santa-maria-y-san-nicolas-hidalgo-en-septiembre\\\/#breadcrumb\"},\"inLanguage\":\"es\",\"potentialAction\":[{\"@type\":\"ReadAction\",\"target\":[\"https:\\\/\\\/www.alasmedios.com\\\/index.php\\\/2026\\\/09\\\/03\\\/danza-del-elote-llega-a-santa-maria-y-san-nicolas-hidalgo-en-septiembre\\\/\"]}]},{\"@type\":\"ImageObject\",\"inLanguage\":\"es\",\"@id\":\"https:\\\/\\\/www.alasmedios.com\\\/index.php\\\/2026\\\/09\\\/03\\\/danza-del-elote-llega-a-santa-maria-y-san-nicolas-hidalgo-en-septiembre\\\/#primaryimage\",\"url\":\"https:\\\/\\\/www.alasmedios.com\\\/wp-content\\\/uploads\\\/2026\\\/09\\\/Danza-del-elote-Hidalgo.jpg\",\"contentUrl\":\"https:\\\/\\\/www.alasmedios.com\\\/wp-content\\\/uploads\\\/2026\\\/09\\\/Danza-del-elote-Hidalgo.jpg\",\"width\":1280,\"height\":720,\"caption\":\"Foto: Especial\"},{\"@type\":\"BreadcrumbList\",\"@id\":\"https:\\\/\\\/www.alasmedios.com\\\/index.php\\\/2026\\\/09\\\/03\\\/danza-del-elote-llega-a-santa-maria-y-san-nicolas-hidalgo-en-septiembre\\\/#breadcrumb\",\"itemListElement\":[{\"@type\":\"ListItem\",\"position\":1,\"name\":\"Inicio\",\"item\":\"https:\\\/\\\/www.alasmedios.com\\\/\"},{\"@type\":\"ListItem\",\"position\":2,\"name\":\"Danza del Elote llega a Santa Mar\u00eda y San Nicol\u00e1s, Hidalgo, en septiembre\"}]},{\"@type\":\"WebSite\",\"@id\":\"https:\\\/\\\/www.alasmedios.com\\\/#website\",\"url\":\"https:\\\/\\\/www.alasmedios.com\\\/\",\"name\":\"Alas Medios\",\"description\":\"Alas para pensar, Alas para volar, Alas de libertad\",\"publisher\":{\"@id\":\"https:\\\/\\\/www.alasmedios.com\\\/#organization\"},\"potentialAction\":[{\"@type\":\"SearchAction\",\"target\":{\"@type\":\"EntryPoint\",\"urlTemplate\":\"https:\\\/\\\/www.alasmedios.com\\\/?s={search_term_string}\"},\"query-input\":{\"@type\":\"PropertyValueSpecification\",\"valueRequired\":true,\"valueName\":\"search_term_string\"}}],\"inLanguage\":\"es\"},{\"@type\":\"Organization\",\"@id\":\"https:\\\/\\\/www.alasmedios.com\\\/#organization\",\"name\":\"Alas Medios\",\"url\":\"https:\\\/\\\/www.alasmedios.com\\\/\",\"logo\":{\"@type\":\"ImageObject\",\"inLanguage\":\"es\",\"@id\":\"https:\\\/\\\/www.alasmedios.com\\\/#\\\/schema\\\/logo\\\/image\\\/\",\"url\":\"https:\\\/\\\/www.alasmedios.com\\\/wp-content\\\/uploads\\\/2026\\\/01\\\/cropped-cropped-GAM-1.png\",\"contentUrl\":\"https:\\\/\\\/www.alasmedios.com\\\/wp-content\\\/uploads\\\/2026\\\/01\\\/cropped-cropped-GAM-1.png\",\"width\":467,\"height\":235,\"caption\":\"Alas Medios\"},\"image\":{\"@id\":\"https:\\\/\\\/www.alasmedios.com\\\/#\\\/schema\\\/logo\\\/image\\\/\"}},{\"@type\":\"Person\",\"@id\":\"https:\\\/\\\/www.alasmedios.com\\\/#\\\/schema\\\/person\\\/4a77b9da264b9fd30e9b7bf44efa7ada\",\"name\":\"Yissel Padilla\",\"image\":{\"@type\":\"ImageObject\",\"inLanguage\":\"es\",\"@id\":\"https:\\\/\\\/secure.gravatar.com\\\/avatar\\\/98842131f4e7c39771d95c321b4e271e6d6b9aefdb1d69d099b18469d859168e?s=96&d=mm&r=g\",\"url\":\"https:\\\/\\\/secure.gravatar.com\\\/avatar\\\/98842131f4e7c39771d95c321b4e271e6d6b9aefdb1d69d099b18469d859168e?s=96&d=mm&r=g\",\"contentUrl\":\"https:\\\/\\\/secure.gravatar.com\\\/avatar\\\/98842131f4e7c39771d95c321b4e271e6d6b9aefdb1d69d099b18469d859168e?s=96&d=mm&r=g\",\"caption\":\"Yissel Padilla\"},\"url\":\"https:\\\/\\\/www.alasmedios.com\\\/index.php\\\/author\\\/yissel-padilla\\\/\"}]}<\/script>\r\n<!-- \/ Yoast SEO plugin. -->","yoast_head_json":{"title":"Danza del Elote llega a Santa Mar\u00eda y San Nicol\u00e1s, Hidalgo, en septiembre - Alas Medios","description":"En septiembre las comunidades de Ju\u00e1rez Hidalgo celebrar\u00e1n sus fiestas patronales con danzas, cabalgatas, gastronom\u00eda y actividades que tambi\u00e9n buscan impulsar la econom\u00eda local.","robots":{"index":"index","follow":"follow","max-snippet":"max-snippet:-1","max-image-preview":"max-image-preview:large","max-video-preview":"max-video-preview:-1"},"canonical":"https:\/\/www.alasmedios.com\/index.php\/2026\/09\/03\/danza-del-elote-llega-a-santa-maria-y-san-nicolas-hidalgo-en-septiembre\/","og_locale":"es_MX","og_type":"article","og_title":"Danza del Elote llega a Santa Mar\u00eda y San Nicol\u00e1s, Hidalgo, en septiembre - Alas Medios","og_description":"En septiembre las comunidades de Ju\u00e1rez Hidalgo celebrar\u00e1n sus fiestas patronales con danzas, cabalgatas, gastronom\u00eda y actividades que tambi\u00e9n buscan impulsar la econom\u00eda local.","og_url":"https:\/\/www.alasmedios.com\/index.php\/2026\/09\/03\/danza-del-elote-llega-a-santa-maria-y-san-nicolas-hidalgo-en-septiembre\/","og_site_name":"Alas Medios","article_published_time":"2026-09-03T13:00:00+00:00","og_image":[{"width":1280,"height":720,"url":"https:\/\/www.alasmedios.com\/wp-content\/uploads\/2026\/09\/Danza-del-elote-Hidalgo.jpg","type":"image\/jpeg"}],"author":"Yissel Padilla","twitter_card":"summary_large_image","twitter_misc":{"Escrito por":"Yissel Padilla","Tiempo de lectura":"3 minutos"},"schema":{"@context":"https:\/\/schema.org","@graph":[{"@type":"Article","@id":"https:\/\/www.alasmedios.com\/index.php\/2026\/09\/03\/danza-del-elote-llega-a-santa-maria-y-san-nicolas-hidalgo-en-septiembre\/#article","isPartOf":{"@id":"https:\/\/www.alasmedios.com\/index.php\/2026\/09\/03\/danza-del-elote-llega-a-santa-maria-y-san-nicolas-hidalgo-en-septiembre\/"},"author":{"name":"Yissel Padilla","@id":"https:\/\/www.alasmedios.com\/#\/schema\/person\/4a77b9da264b9fd30e9b7bf44efa7ada"},"headline":"Danza del Elote llega a Santa Mar\u00eda y San Nicol\u00e1s, Hidalgo, en septiembre","datePublished":"2026-09-03T13:00:00+00:00","mainEntityOfPage":{"@id":"https:\/\/www.alasmedios.com\/index.php\/2026\/09\/03\/danza-del-elote-llega-a-santa-maria-y-san-nicolas-hidalgo-en-septiembre\/"},"wordCount":573,"commentCount":0,"publisher":{"@id":"https:\/\/www.alasmedios.com\/#organization"},"image":{"@id":"https:\/\/www.alasmedios.com\/index.php\/2026\/09\/03\/danza-del-elote-llega-a-santa-maria-y-san-nicolas-hidalgo-en-septiembre\/#primaryimage"},"thumbnailUrl":"https:\/\/www.alasmedios.com\/wp-content\/uploads\/2026\/09\/Danza-del-elote-Hidalgo.jpg","keywords":["Danza del Elote","Fiesta Patronal San Nicol\u00e1s","Fiesta Patronal Santa Mar\u00eda"],"articleSection":["Hidalgo"],"inLanguage":"es","potentialAction":[{"@type":"CommentAction","name":"Comment","target":["https:\/\/www.alasmedios.com\/index.php\/2026\/09\/03\/danza-del-elote-llega-a-santa-maria-y-san-nicolas-hidalgo-en-septiembre\/#respond"]}]},{"@type":"WebPage","@id":"https:\/\/www.alasmedios.com\/index.php\/2026\/09\/03\/danza-del-elote-llega-a-santa-maria-y-san-nicolas-hidalgo-en-septiembre\/","url":"https:\/\/www.alasmedios.com\/index.php\/2026\/09\/03\/danza-del-elote-llega-a-santa-maria-y-san-nicolas-hidalgo-en-septiembre\/","name":"Danza del Elote llega a Santa Mar\u00eda y San Nicol\u00e1s, Hidalgo, en septiembre - Alas Medios","isPartOf":{"@id":"https:\/\/www.alasmedios.com\/#website"},"primaryImageOfPage":{"@id":"https:\/\/www.alasmedios.com\/index.php\/2026\/09\/03\/danza-del-elote-llega-a-santa-maria-y-san-nicolas-hidalgo-en-septiembre\/#primaryimage"},"image":{"@id":"https:\/\/www.alasmedios.com\/index.php\/2026\/09\/03\/danza-del-elote-llega-a-santa-maria-y-san-nicolas-hidalgo-en-septiembre\/#primaryimage"},"thumbnailUrl":"https:\/\/www.alasmedios.com\/wp-content\/uploads\/2026\/09\/Danza-del-elote-Hidalgo.jpg","datePublished":"2026-09-03T13:00:00+00:00","description":"En septiembre las comunidades de Ju\u00e1rez Hidalgo celebrar\u00e1n sus fiestas patronales con danzas, cabalgatas, gastronom\u00eda y actividades que tambi\u00e9n buscan impulsar la econom\u00eda local.","breadcrumb":{"@id":"https:\/\/www.alasmedios.com\/index.php\/2026\/09\/03\/danza-del-elote-llega-a-santa-maria-y-san-nicolas-hidalgo-en-septiembre\/#breadcrumb"},"inLanguage":"es","potentialAction":[{"@type":"ReadAction","target":["https:\/\/www.alasmedios.com\/index.php\/2026\/09\/03\/danza-del-elote-llega-a-santa-maria-y-san-nicolas-hidalgo-en-septiembre\/"]}]},{"@type":"ImageObject","inLanguage":"es","@id":"https:\/\/www.alasmedios.com\/index.php\/2026\/09\/03\/danza-del-elote-llega-a-santa-maria-y-san-nicolas-hidalgo-en-septiembre\/#primaryimage","url":"https:\/\/www.alasmedios.com\/wp-content\/uploads\/2026\/09\/Danza-del-elote-Hidalgo.jpg","contentUrl":"https:\/\/www.alasmedios.com\/wp-content\/uploads\/2026\/09\/Danza-del-elote-Hidalgo.jpg","width":1280,"height":720,"caption":"Foto: Especial"},{"@type":"BreadcrumbList","@id":"https:\/\/www.alasmedios.com\/index.php\/2026\/09\/03\/danza-del-elote-llega-a-santa-maria-y-san-nicolas-hidalgo-en-septiembre\/#breadcrumb","itemListElement":[{"@type":"ListItem","position":1,"name":"Inicio","item":"https:\/\/www.alasmedios.com\/"},{"@type":"ListItem","position":2,"name":"Danza del Elote llega a Santa Mar\u00eda y San Nicol\u00e1s, Hidalgo, en septiembre"}]},{"@type":"WebSite","@id":"https:\/\/www.alasmedios.com\/#website","url":"https:\/\/www.alasmedios.com\/","name":"Alas Medios","description":"Alas para pensar, Alas para volar, Alas de libertad","publisher":{"@id":"https:\/\/www.alasmedios.com\/#organization"},"potentialAction":[{"@type":"SearchAction","target":{"@type":"EntryPoint","urlTemplate":"https:\/\/www.alasmedios.com\/?s={search_term_string}"},"query-input":{"@type":"PropertyValueSpecification","valueRequired":true,"valueName":"search_term_string"}}],"inLanguage":"es"},{"@type":"Organization","@id":"https:\/\/www.alasmedios.com\/#organization","name":"Alas Medios","url":"https:\/\/www.alasmedios.com\/","logo":{"@type":"ImageObject","inLanguage":"es","@id":"https:\/\/www.alasmedios.com\/#\/schema\/logo\/image\/","url":"https:\/\/www.alasmedios.com\/wp-content\/uploads\/2026\/01\/cropped-cropped-GAM-1.png","contentUrl":"https:\/\/www.alasmedios.com\/wp-content\/uploads\/2026\/01\/cropped-cropped-GAM-1.png","width":467,"height":235,"caption":"Alas Medios"},"image":{"@id":"https:\/\/www.alasmedios.com\/#\/schema\/logo\/image\/"}},{"@type":"Person","@id":"https:\/\/www.alasmedios.com\/#\/schema\/person\/4a77b9da264b9fd30e9b7bf44efa7ada","name":"Yissel Padilla","image":{"@type":"ImageObject","inLanguage":"es","@id":"https:\/\/secure.gravatar.com\/avatar\/98842131f4e7c39771d95c321b4e271e6d6b9aefdb1d69d099b18469d859168e?s=96&d=mm&r=g","url":"https:\/\/secure.gravatar.com\/avatar\/98842131f4e7c39771d95c321b4e271e6d6b9aefdb1d69d099b18469d859168e?s=96&d=mm&r=g","contentUrl":"https:\/\/secure.gravatar.com\/avatar\/98842131f4e7c39771d95c321b4e271e6d6b9aefdb1d69d099b18469d859168e?s=96&d=mm&r=g","caption":"Yissel Padilla"},"url":"https:\/\/www.alasmedios.com\/index.php\/author\/yissel-padilla\/"}]}},"_links":{"self":[{"href":"https:\/\/www.alasmedios.com\/index.php\/wp-json\/wp\/v2\/posts\/12621","targetHints":{"allow":["GET"]}}],"collection":[{"href":"https:\/\/www.alasmedios.com\/index.php\/wp-json\/wp\/v2\/posts"}],"about":[{"href":"https:\/\/www.alasmedios.com\/index.php\/wp-json\/wp\/v2\/types\/post"}],"author":[{"embeddable":true,"href":"https:\/\/www.alasmedios.com\/index.php\/wp-json\/wp\/v2\/users\/18"}],"replies":[{"embeddable":true,"href":"https:\/\/www.alasmedios.com\/index.php\/wp-json\/wp\/v2\/comments?post=12621"}],"version-history":[{"count":1,"href":"https:\/\/www.alasmedios.com\/index.php\/wp-json\/wp\/v2\/posts\/12621\/revisions"}],"predecessor-version":[{"id":12623,"href":"https:\/\/www.alasmedios.com\/index.php\/wp-json\/wp\/v2\/posts\/12621\/revisions\/12623"}],"wp:featuredmedia":[{"embeddable":true,"href":"https:\/\/www.alasmedios.com\/index.php\/wp-json\/wp\/v2\/media\/12622"}],"wp:attachment":[{"href":"https:\/\/www.alasmedios.com\/index.php\/wp-json\/wp\/v2\/media?parent=12621"}],"wp:term":[{"taxonomy":"category","embeddable":true,"href":"https:\/\/www.alasmedios.com\/index.php\/wp-json\/wp\/v2\/categories?post=12621"},{"taxonomy":"post_tag","embeddable":true,"href":"https:\/\/www.alasmedios.com\/index.php\/wp-json\/wp\/v2\/tags?post=12621"}],"curies":[{"name":"wp","href":"https:\/\/api.w.org\/{rel}","templated":true}]}}