{"id":12614,"date":"2026-09-02T11:09:05","date_gmt":"2026-09-02T17:09:05","guid":{"rendered":"https:\/\/www.alasmedios.com\/?p=12614"},"modified":"2026-09-02T11:09:33","modified_gmt":"2026-09-02T17:09:33","slug":"sabia-que-en-hidalgo-jovenes-pueden-acceder-a-atencion-psicologica-y-nutricion-gratuita","status":"publish","type":"post","link":"https:\/\/www.alasmedios.com\/index.php\/2026\/09\/02\/sabia-que-en-hidalgo-jovenes-pueden-acceder-a-atencion-psicologica-y-nutricion-gratuita\/","title":{"rendered":"\u00bfSab\u00eda que en Hidalgo j\u00f3venes pueden acceder a atenci\u00f3n psicol\u00f3gica y nutrici\u00f3n gratuita?"},"content":{"rendered":"\n<p class=\"wp-block-paragraph\">El bienestar f\u00edsico y emocional de la juventud hidalguense cuenta con una nueva alternativa de <strong>acompa\u00f1amiento profesional, gratuito y confidencial.<\/strong> Como parte de las acciones para fortalecer el desarrollo humano en la entidad, el inhjuve ofrece atencion psicologica y de nutricion dirigida a<strong> personas de entre 12 y 29 a\u00f1os de los 84 municipios, <\/strong>combinando la consulta presencial con el formato virtual para derribar las barreras de distancia en las comunidades m\u00e1s alejadas.<\/p>\n\n\n\n<p class=\"wp-block-paragraph\">El titular del Instituto Hidalguense de la Juventud (Inhjuve), Ricardo Olvera Molina, explic\u00f3 que la estrategia busca brindar<strong> orientaci\u00f3n especializada que permita a las y los j\u00f3venes adoptar un estilo de vida saludable.<\/strong> En consonancia con las pol\u00edticas de salud integral impulsadas por el gobernador Julio Menchaca Salazar, el anuncio de que el inhjuve ofrece atencion psicologica y de nutricion a trav\u00e9s de plataformas digitales facilita que la poblaci\u00f3n estudiantil y laboral organice sus citas de manera accesible y adaptada a sus horarios.<\/p>\n\n\n\n<p class=\"wp-block-paragraph\">TE PUEDE INTERESAR:<a href=\"https:\/\/www.alasmedios.com\/index.php\/2026\/09\/01\/dif-hidalgo-estrena-lokomat-18-mdp-para-recuperar-la-movilidad-de-pacientes\/\" data-type=\"post\" data-id=\"12572\">DIF Hidalgo estrena Lokomat: 18 mdp para recuperar la movilidad de pacientes<\/a><\/p>\n\n\n\n<h2 class=\"wp-block-heading\">Modalidades, sedes y proceso de registro digital<\/h2>\n\n\n\n<p class=\"wp-block-paragraph\">Para acceder a estos servicios, las personas interesadas pueden realizar su reserva en l\u00ednea mediante la plataforma digital \u2060<a href=\"https:\/\/calendly.com\/saludihj\">https:\/\/calendly.com\/saludihj<\/a>\u2060. Quienes opten por la modalidad presencial recibir\u00e1n atenci\u00f3n en la planta baja del <strong>Centro Administrativo del Bienestar y Desarrollo Rural,<\/strong> ubicado en la avenida<strong> Vicente Segura n\u00famero 400<\/strong>, en la colonia Revoluci\u00f3n de Pachuca de Soto. En tanto, la vertiente a distancia permite que j\u00f3venes de municipios rurales reciban seguimiento continuo mediante videollamadas.<\/p>\n\n\n\n<p class=\"wp-block-paragraph\">El Inhjuve habilit\u00f3 adem\u00e1s la l\u00ednea telef\u00f3nica 771 717 6000 extensi\u00f3n 4446, el correo electr\u00f3nico \u2060<a href=\"mailto:juventud@hidalgo.gob.mx\">juventud@hidalgo.gob.mx<\/a>\u2060 y su portal oficial para <strong>resolver dudas y dar acompa\u00f1amiento personalizado.<\/strong> Con esta red de atenci\u00f3n, el gobierno estatal busca prevenir problem\u00e1ticas de salud mental y promover h\u00e1bitos alimenticios balanceados desde etapas tempranas.<\/p>\n\n\n<ul class=\"wp-block-latest-posts__list wp-block-latest-posts is-layout-flow wp-block-latest-posts-is-layout-flow\"><li><div class=\"wp-block-latest-posts__featured-image\"><img loading=\"lazy\" decoding=\"async\" width=\"150\" height=\"150\" src=\"https:\/\/www.alasmedios.com\/wp-content\/uploads\/2026\/09\/Desapariciones-en-Mexico-150x150.jpg\" class=\"attachment-thumbnail size-thumbnail wp-post-image\" alt=\"\" style=\"\" \/><\/div><a class=\"wp-block-latest-posts__post-title\" href=\"https:\/\/www.alasmedios.com\/index.php\/2026\/09\/02\/mas-de-17-mil-ninas-ninos-y-adolescentes-siguen-desaparecidos-en-mexico-varones-superan-a-mujeres\/\">M\u00e1s de 17 mil ni\u00f1as, ni\u00f1os y adolescentes siguen desaparecidos en M\u00e9xico; varones superan a mujeres<\/a><\/li>\n<li><div class=\"wp-block-latest-posts__featured-image\"><img loading=\"lazy\" decoding=\"async\" width=\"150\" height=\"150\" src=\"https:\/\/www.alasmedios.com\/wp-content\/uploads\/2026\/09\/Hablar-de-sexo-no-necesariamente-significa-hablar-de-fertilidad-150x150.png\" class=\"attachment-thumbnail size-thumbnail wp-post-image\" alt=\"\" style=\"\" \/><\/div><a class=\"wp-block-latest-posts__post-title\" href=\"https:\/\/www.alasmedios.com\/index.php\/2026\/09\/02\/sexo-fertilidad-y-embarazo-no-no-son-lo-mismo\/\">Sexo, fertilidad y embarazo: no, no son lo mismo<\/a><\/li>\n<li><div class=\"wp-block-latest-posts__featured-image\"><img loading=\"lazy\" decoding=\"async\" width=\"150\" height=\"150\" src=\"https:\/\/www.alasmedios.com\/wp-content\/uploads\/2026\/09\/atencion-psicologica-y-nutricion-150x150.jpg\" class=\"attachment-thumbnail size-thumbnail wp-post-image\" alt=\"\" style=\"\" \/><\/div><a class=\"wp-block-latest-posts__post-title\" href=\"https:\/\/www.alasmedios.com\/index.php\/2026\/09\/02\/sabia-que-en-hidalgo-jovenes-pueden-acceder-a-atencion-psicologica-y-nutricion-gratuita\/\">\u00bfSab\u00eda que en Hidalgo j\u00f3venes pueden acceder a atenci\u00f3n psicol\u00f3gica y nutrici\u00f3n gratuita?<\/a><\/li>\n<\/ul>","protected":false},"excerpt":{"rendered":"<p>El bienestar f\u00edsico y emocional de la juventud hidalguense cuenta con una nueva alternativa de acompa\u00f1amiento profesional, gratuito y confidencial.<\/p>\n","protected":false},"author":19,"featured_media":12615,"comment_status":"open","ping_status":"open","sticky":false,"template":"","format":"standard","meta":{"colormag_page_container_layout":"default_layout","colormag_page_sidebar_layout":"default_layout","rop_custom_images_group":[],"rop_custom_messages_group":[],"rop_publish_now":"yes","rop_publish_now_accounts":[],"rop_publish_now_history":[],"rop_publish_now_status":"pending","iawp_total_views":0,"footnotes":""},"categories":[42],"tags":[4193,4866,4186,3960,4861,4863],"class_list":["post-12614","post","type-post","status-publish","format-standard","has-post-thumbnail","hentry","category-familia_salud","tag-atencion","tag-barreras","tag-impulso","tag-jovenes-2","tag-profesional","tag-psicologica"],"magazineBlocksPostFeaturedMedia":{"thumbnail":"https:\/\/www.alasmedios.com\/wp-content\/uploads\/2026\/09\/atencion-psicologica-y-nutricion-150x150.jpg","medium":"https:\/\/www.alasmedios.com\/wp-content\/uploads\/2026\/09\/atencion-psicologica-y-nutricion-300x199.jpg","medium_large":"https:\/\/www.alasmedios.com\/wp-content\/uploads\/2026\/09\/atencion-psicologica-y-nutricion-768x510.jpg","large":"https:\/\/www.alasmedios.com\/wp-content\/uploads\/2026\/09\/atencion-psicologica-y-nutricion.jpg","1536x1536":"https:\/\/www.alasmedios.com\/wp-content\/uploads\/2026\/09\/atencion-psicologica-y-nutricion.jpg","2048x2048":"https:\/\/www.alasmedios.com\/wp-content\/uploads\/2026\/09\/atencion-psicologica-y-nutricion.jpg","colormag-highlighted-post":"https:\/\/www.alasmedios.com\/wp-content\/uploads\/2026\/09\/atencion-psicologica-y-nutricion-392x272.jpg","colormag-featured-post-medium":"https:\/\/www.alasmedios.com\/wp-content\/uploads\/2026\/09\/atencion-psicologica-y-nutricion-390x205.jpg","colormag-featured-post-small":"https:\/\/www.alasmedios.com\/wp-content\/uploads\/2026\/09\/atencion-psicologica-y-nutricion-130x90.jpg","colormag-featured-image":"https:\/\/www.alasmedios.com\/wp-content\/uploads\/2026\/09\/atencion-psicologica-y-nutricion-800x445.jpg","colormag-default-news":"https:\/\/www.alasmedios.com\/wp-content\/uploads\/2026\/09\/atencion-psicologica-y-nutricion-150x150.jpg","colormag-featured-image-large":"https:\/\/www.alasmedios.com\/wp-content\/uploads\/2026\/09\/atencion-psicologica-y-nutricion.jpg"},"magazineBlocksPostAuthor":{"name":"Angel Mendoza","avatar":"https:\/\/secure.gravatar.com\/avatar\/ff8e027add11df9226dc0fdf09e494d036f6ae837ba63a4e3749865c21e6565b?s=96&d=mm&r=g"},"magazineBlocksPostCommentsNumber":"0","magazineBlocksPostExcerpt":"El bienestar f\u00edsico y emocional de la juventud hidalguense cuenta con una nueva alternativa de acompa\u00f1amiento profesional, gratuito y confidencial.","magazineBlocksPostCategories":["Familia y Bienestar"],"magazineBlocksPostViewCount":7,"magazineBlocksPostReadTime":2,"magazine_blocks_featured_image_url":{"full":["https:\/\/www.alasmedios.com\/wp-content\/uploads\/2026\/09\/atencion-psicologica-y-nutricion.jpg",856,568,false],"medium":["https:\/\/www.alasmedios.com\/wp-content\/uploads\/2026\/09\/atencion-psicologica-y-nutricion-300x199.jpg",300,199,true],"thumbnail":["https:\/\/www.alasmedios.com\/wp-content\/uploads\/2026\/09\/atencion-psicologica-y-nutricion-150x150.jpg",150,150,true]},"magazine_blocks_author":{"display_name":"Angel Mendoza","author_link":"https:\/\/www.alasmedios.com\/index.php\/author\/angel-mendoza\/"},"magazine_blocks_comment":0,"magazine_blocks_author_image":"https:\/\/secure.gravatar.com\/avatar\/ff8e027add11df9226dc0fdf09e494d036f6ae837ba63a4e3749865c21e6565b?s=96&d=mm&r=g","magazine_blocks_category":"<a href=\"#\" class=\"category-link category-link-42\">Familia y Bienestar<\/a>","videoUrl":"","yoast_head":"<!-- This site is optimized with the Yoast SEO plugin v28.4 - https:\/\/yoast.com\/product\/yoast-seo-wordpress\/ -->\r\n<title>\u00bfSab\u00eda que en Hidalgo j\u00f3venes pueden acceder a atenci\u00f3n psicol\u00f3gica y nutrici\u00f3n gratuita? - Alas Medios<\/title>\r\n<meta name=\"description\" content=\"El bienestar f\u00edsico y emocional de la juventud hidalguense cuenta con una nueva alternativa de acompa\u00f1amiento, gratuito y confidencial.\" \/>\r\n<meta name=\"robots\" content=\"index, follow, max-snippet:-1, max-image-preview:large, max-video-preview:-1\" \/>\r\n<link rel=\"canonical\" href=\"https:\/\/www.alasmedios.com\/index.php\/2026\/09\/02\/sabia-que-en-hidalgo-jovenes-pueden-acceder-a-atencion-psicologica-y-nutricion-gratuita\/\" \/>\r\n<meta property=\"og:locale\" content=\"es_MX\" \/>\r\n<meta property=\"og:type\" content=\"article\" \/>\r\n<meta property=\"og:title\" content=\"\u00bfSab\u00eda que en Hidalgo j\u00f3venes pueden acceder a atenci\u00f3n psicol\u00f3gica y nutrici\u00f3n gratuita? - Alas Medios\" \/>\r\n<meta property=\"og:description\" content=\"El bienestar f\u00edsico y emocional de la juventud hidalguense cuenta con una nueva alternativa de acompa\u00f1amiento, gratuito y confidencial.\" \/>\r\n<meta property=\"og:url\" content=\"https:\/\/www.alasmedios.com\/index.php\/2026\/09\/02\/sabia-que-en-hidalgo-jovenes-pueden-acceder-a-atencion-psicologica-y-nutricion-gratuita\/\" \/>\r\n<meta property=\"og:site_name\" content=\"Alas Medios\" \/>\r\n<meta property=\"article:published_time\" content=\"2026-09-02T17:09:05+00:00\" \/>\r\n<meta property=\"article:modified_time\" content=\"2026-09-02T17:09:33+00:00\" \/>\r\n<meta property=\"og:image\" content=\"https:\/\/www.alasmedios.com\/wp-content\/uploads\/2026\/09\/atencion-psicologica-y-nutricion.jpg\" \/>\r\n\t<meta property=\"og:image:width\" content=\"856\" \/>\r\n\t<meta property=\"og:image:height\" content=\"568\" \/>\r\n\t<meta property=\"og:image:type\" content=\"image\/jpeg\" \/>\r\n<meta name=\"author\" content=\"Angel Mendoza\" \/>\r\n<meta name=\"twitter:card\" content=\"summary_large_image\" \/>\r\n<meta name=\"twitter:label1\" content=\"Escrito por\" \/>\n\t<meta name=\"twitter:data1\" content=\"Angel Mendoza\" \/>\n\t<meta name=\"twitter:label2\" content=\"Tiempo de lectura\" \/>\n\t<meta name=\"twitter:data2\" content=\"2 minutos\" \/>\r\n<script type=\"application\/ld+json\" class=\"yoast-schema-graph\">{\"@context\":\"https:\\\/\\\/schema.org\",\"@graph\":[{\"@type\":\"Article\",\"@id\":\"https:\\\/\\\/www.alasmedios.com\\\/index.php\\\/2026\\\/09\\\/02\\\/sabia-que-en-hidalgo-jovenes-pueden-acceder-a-atencion-psicologica-y-nutricion-gratuita\\\/#article\",\"isPartOf\":{\"@id\":\"https:\\\/\\\/www.alasmedios.com\\\/index.php\\\/2026\\\/09\\\/02\\\/sabia-que-en-hidalgo-jovenes-pueden-acceder-a-atencion-psicologica-y-nutricion-gratuita\\\/\"},\"author\":{\"name\":\"Angel Mendoza\",\"@id\":\"https:\\\/\\\/www.alasmedios.com\\\/#\\\/schema\\\/person\\\/f2b3d85cc9caf18d4ca3676f1a5af91b\"},\"headline\":\"\u00bfSab\u00eda que en Hidalgo j\u00f3venes pueden acceder a atenci\u00f3n psicol\u00f3gica y nutrici\u00f3n gratuita?\",\"datePublished\":\"2026-09-02T17:09:05+00:00\",\"dateModified\":\"2026-09-02T17:09:33+00:00\",\"mainEntityOfPage\":{\"@id\":\"https:\\\/\\\/www.alasmedios.com\\\/index.php\\\/2026\\\/09\\\/02\\\/sabia-que-en-hidalgo-jovenes-pueden-acceder-a-atencion-psicologica-y-nutricion-gratuita\\\/\"},\"wordCount\":338,\"commentCount\":0,\"publisher\":{\"@id\":\"https:\\\/\\\/www.alasmedios.com\\\/#organization\"},\"image\":{\"@id\":\"https:\\\/\\\/www.alasmedios.com\\\/index.php\\\/2026\\\/09\\\/02\\\/sabia-que-en-hidalgo-jovenes-pueden-acceder-a-atencion-psicologica-y-nutricion-gratuita\\\/#primaryimage\"},\"thumbnailUrl\":\"https:\\\/\\\/www.alasmedios.com\\\/wp-content\\\/uploads\\\/2026\\\/09\\\/atencion-psicologica-y-nutricion.jpg\",\"keywords\":[\"Atencion\",\"Barreras\",\"Impulso\",\"Jovenes\",\"Profesional\",\"Psicologica\"],\"articleSection\":[\"Familia y Bienestar\"],\"inLanguage\":\"es\",\"potentialAction\":[{\"@type\":\"CommentAction\",\"name\":\"Comment\",\"target\":[\"https:\\\/\\\/www.alasmedios.com\\\/index.php\\\/2026\\\/09\\\/02\\\/sabia-que-en-hidalgo-jovenes-pueden-acceder-a-atencion-psicologica-y-nutricion-gratuita\\\/#respond\"]}]},{\"@type\":\"WebPage\",\"@id\":\"https:\\\/\\\/www.alasmedios.com\\\/index.php\\\/2026\\\/09\\\/02\\\/sabia-que-en-hidalgo-jovenes-pueden-acceder-a-atencion-psicologica-y-nutricion-gratuita\\\/\",\"url\":\"https:\\\/\\\/www.alasmedios.com\\\/index.php\\\/2026\\\/09\\\/02\\\/sabia-que-en-hidalgo-jovenes-pueden-acceder-a-atencion-psicologica-y-nutricion-gratuita\\\/\",\"name\":\"\u00bfSab\u00eda que en Hidalgo j\u00f3venes pueden acceder a atenci\u00f3n psicol\u00f3gica y nutrici\u00f3n gratuita? - Alas Medios\",\"isPartOf\":{\"@id\":\"https:\\\/\\\/www.alasmedios.com\\\/#website\"},\"primaryImageOfPage\":{\"@id\":\"https:\\\/\\\/www.alasmedios.com\\\/index.php\\\/2026\\\/09\\\/02\\\/sabia-que-en-hidalgo-jovenes-pueden-acceder-a-atencion-psicologica-y-nutricion-gratuita\\\/#primaryimage\"},\"image\":{\"@id\":\"https:\\\/\\\/www.alasmedios.com\\\/index.php\\\/2026\\\/09\\\/02\\\/sabia-que-en-hidalgo-jovenes-pueden-acceder-a-atencion-psicologica-y-nutricion-gratuita\\\/#primaryimage\"},\"thumbnailUrl\":\"https:\\\/\\\/www.alasmedios.com\\\/wp-content\\\/uploads\\\/2026\\\/09\\\/atencion-psicologica-y-nutricion.jpg\",\"datePublished\":\"2026-09-02T17:09:05+00:00\",\"dateModified\":\"2026-09-02T17:09:33+00:00\",\"description\":\"El bienestar f\u00edsico y emocional de la juventud hidalguense cuenta con una nueva alternativa de acompa\u00f1amiento, gratuito y confidencial.\",\"breadcrumb\":{\"@id\":\"https:\\\/\\\/www.alasmedios.com\\\/index.php\\\/2026\\\/09\\\/02\\\/sabia-que-en-hidalgo-jovenes-pueden-acceder-a-atencion-psicologica-y-nutricion-gratuita\\\/#breadcrumb\"},\"inLanguage\":\"es\",\"potentialAction\":[{\"@type\":\"ReadAction\",\"target\":[\"https:\\\/\\\/www.alasmedios.com\\\/index.php\\\/2026\\\/09\\\/02\\\/sabia-que-en-hidalgo-jovenes-pueden-acceder-a-atencion-psicologica-y-nutricion-gratuita\\\/\"]}]},{\"@type\":\"ImageObject\",\"inLanguage\":\"es\",\"@id\":\"https:\\\/\\\/www.alasmedios.com\\\/index.php\\\/2026\\\/09\\\/02\\\/sabia-que-en-hidalgo-jovenes-pueden-acceder-a-atencion-psicologica-y-nutricion-gratuita\\\/#primaryimage\",\"url\":\"https:\\\/\\\/www.alasmedios.com\\\/wp-content\\\/uploads\\\/2026\\\/09\\\/atencion-psicologica-y-nutricion.jpg\",\"contentUrl\":\"https:\\\/\\\/www.alasmedios.com\\\/wp-content\\\/uploads\\\/2026\\\/09\\\/atencion-psicologica-y-nutricion.jpg\",\"width\":856,\"height\":568},{\"@type\":\"BreadcrumbList\",\"@id\":\"https:\\\/\\\/www.alasmedios.com\\\/index.php\\\/2026\\\/09\\\/02\\\/sabia-que-en-hidalgo-jovenes-pueden-acceder-a-atencion-psicologica-y-nutricion-gratuita\\\/#breadcrumb\",\"itemListElement\":[{\"@type\":\"ListItem\",\"position\":1,\"name\":\"Inicio\",\"item\":\"https:\\\/\\\/www.alasmedios.com\\\/\"},{\"@type\":\"ListItem\",\"position\":2,\"name\":\"\u00bfSab\u00eda que en Hidalgo j\u00f3venes pueden acceder a atenci\u00f3n psicol\u00f3gica y nutrici\u00f3n gratuita?\"}]},{\"@type\":\"WebSite\",\"@id\":\"https:\\\/\\\/www.alasmedios.com\\\/#website\",\"url\":\"https:\\\/\\\/www.alasmedios.com\\\/\",\"name\":\"Alas Medios\",\"description\":\"Alas para pensar, Alas para volar, Alas de libertad\",\"publisher\":{\"@id\":\"https:\\\/\\\/www.alasmedios.com\\\/#organization\"},\"potentialAction\":[{\"@type\":\"SearchAction\",\"target\":{\"@type\":\"EntryPoint\",\"urlTemplate\":\"https:\\\/\\\/www.alasmedios.com\\\/?s={search_term_string}\"},\"query-input\":{\"@type\":\"PropertyValueSpecification\",\"valueRequired\":true,\"valueName\":\"search_term_string\"}}],\"inLanguage\":\"es\"},{\"@type\":\"Organization\",\"@id\":\"https:\\\/\\\/www.alasmedios.com\\\/#organization\",\"name\":\"Alas Medios\",\"url\":\"https:\\\/\\\/www.alasmedios.com\\\/\",\"logo\":{\"@type\":\"ImageObject\",\"inLanguage\":\"es\",\"@id\":\"https:\\\/\\\/www.alasmedios.com\\\/#\\\/schema\\\/logo\\\/image\\\/\",\"url\":\"https:\\\/\\\/www.alasmedios.com\\\/wp-content\\\/uploads\\\/2026\\\/01\\\/cropped-cropped-GAM-1.png\",\"contentUrl\":\"https:\\\/\\\/www.alasmedios.com\\\/wp-content\\\/uploads\\\/2026\\\/01\\\/cropped-cropped-GAM-1.png\",\"width\":467,\"height\":235,\"caption\":\"Alas Medios\"},\"image\":{\"@id\":\"https:\\\/\\\/www.alasmedios.com\\\/#\\\/schema\\\/logo\\\/image\\\/\"}},{\"@type\":\"Person\",\"@id\":\"https:\\\/\\\/www.alasmedios.com\\\/#\\\/schema\\\/person\\\/f2b3d85cc9caf18d4ca3676f1a5af91b\",\"name\":\"Angel Mendoza\",\"image\":{\"@type\":\"ImageObject\",\"inLanguage\":\"es\",\"@id\":\"https:\\\/\\\/secure.gravatar.com\\\/avatar\\\/ff8e027add11df9226dc0fdf09e494d036f6ae837ba63a4e3749865c21e6565b?s=96&d=mm&r=g\",\"url\":\"https:\\\/\\\/secure.gravatar.com\\\/avatar\\\/ff8e027add11df9226dc0fdf09e494d036f6ae837ba63a4e3749865c21e6565b?s=96&d=mm&r=g\",\"contentUrl\":\"https:\\\/\\\/secure.gravatar.com\\\/avatar\\\/ff8e027add11df9226dc0fdf09e494d036f6ae837ba63a4e3749865c21e6565b?s=96&d=mm&r=g\",\"caption\":\"Angel Mendoza\"},\"url\":\"https:\\\/\\\/www.alasmedios.com\\\/index.php\\\/author\\\/angel-mendoza\\\/\"}]}<\/script>\r\n<!-- \/ Yoast SEO plugin. -->","yoast_head_json":{"title":"\u00bfSab\u00eda que en Hidalgo j\u00f3venes pueden acceder a atenci\u00f3n psicol\u00f3gica y nutrici\u00f3n gratuita? - Alas Medios","description":"El bienestar f\u00edsico y emocional de la juventud hidalguense cuenta con una nueva alternativa de acompa\u00f1amiento, gratuito y confidencial.","robots":{"index":"index","follow":"follow","max-snippet":"max-snippet:-1","max-image-preview":"max-image-preview:large","max-video-preview":"max-video-preview:-1"},"canonical":"https:\/\/www.alasmedios.com\/index.php\/2026\/09\/02\/sabia-que-en-hidalgo-jovenes-pueden-acceder-a-atencion-psicologica-y-nutricion-gratuita\/","og_locale":"es_MX","og_type":"article","og_title":"\u00bfSab\u00eda que en Hidalgo j\u00f3venes pueden acceder a atenci\u00f3n psicol\u00f3gica y nutrici\u00f3n gratuita? - Alas Medios","og_description":"El bienestar f\u00edsico y emocional de la juventud hidalguense cuenta con una nueva alternativa de acompa\u00f1amiento, gratuito y confidencial.","og_url":"https:\/\/www.alasmedios.com\/index.php\/2026\/09\/02\/sabia-que-en-hidalgo-jovenes-pueden-acceder-a-atencion-psicologica-y-nutricion-gratuita\/","og_site_name":"Alas Medios","article_published_time":"2026-09-02T17:09:05+00:00","article_modified_time":"2026-09-02T17:09:33+00:00","og_image":[{"width":856,"height":568,"url":"https:\/\/www.alasmedios.com\/wp-content\/uploads\/2026\/09\/atencion-psicologica-y-nutricion.jpg","type":"image\/jpeg"}],"author":"Angel Mendoza","twitter_card":"summary_large_image","twitter_misc":{"Escrito por":"Angel Mendoza","Tiempo de lectura":"2 minutos"},"schema":{"@context":"https:\/\/schema.org","@graph":[{"@type":"Article","@id":"https:\/\/www.alasmedios.com\/index.php\/2026\/09\/02\/sabia-que-en-hidalgo-jovenes-pueden-acceder-a-atencion-psicologica-y-nutricion-gratuita\/#article","isPartOf":{"@id":"https:\/\/www.alasmedios.com\/index.php\/2026\/09\/02\/sabia-que-en-hidalgo-jovenes-pueden-acceder-a-atencion-psicologica-y-nutricion-gratuita\/"},"author":{"name":"Angel Mendoza","@id":"https:\/\/www.alasmedios.com\/#\/schema\/person\/f2b3d85cc9caf18d4ca3676f1a5af91b"},"headline":"\u00bfSab\u00eda que en Hidalgo j\u00f3venes pueden acceder a atenci\u00f3n psicol\u00f3gica y nutrici\u00f3n gratuita?","datePublished":"2026-09-02T17:09:05+00:00","dateModified":"2026-09-02T17:09:33+00:00","mainEntityOfPage":{"@id":"https:\/\/www.alasmedios.com\/index.php\/2026\/09\/02\/sabia-que-en-hidalgo-jovenes-pueden-acceder-a-atencion-psicologica-y-nutricion-gratuita\/"},"wordCount":338,"commentCount":0,"publisher":{"@id":"https:\/\/www.alasmedios.com\/#organization"},"image":{"@id":"https:\/\/www.alasmedios.com\/index.php\/2026\/09\/02\/sabia-que-en-hidalgo-jovenes-pueden-acceder-a-atencion-psicologica-y-nutricion-gratuita\/#primaryimage"},"thumbnailUrl":"https:\/\/www.alasmedios.com\/wp-content\/uploads\/2026\/09\/atencion-psicologica-y-nutricion.jpg","keywords":["Atencion","Barreras","Impulso","Jovenes","Profesional","Psicologica"],"articleSection":["Familia y Bienestar"],"inLanguage":"es","potentialAction":[{"@type":"CommentAction","name":"Comment","target":["https:\/\/www.alasmedios.com\/index.php\/2026\/09\/02\/sabia-que-en-hidalgo-jovenes-pueden-acceder-a-atencion-psicologica-y-nutricion-gratuita\/#respond"]}]},{"@type":"WebPage","@id":"https:\/\/www.alasmedios.com\/index.php\/2026\/09\/02\/sabia-que-en-hidalgo-jovenes-pueden-acceder-a-atencion-psicologica-y-nutricion-gratuita\/","url":"https:\/\/www.alasmedios.com\/index.php\/2026\/09\/02\/sabia-que-en-hidalgo-jovenes-pueden-acceder-a-atencion-psicologica-y-nutricion-gratuita\/","name":"\u00bfSab\u00eda que en Hidalgo j\u00f3venes pueden acceder a atenci\u00f3n psicol\u00f3gica y nutrici\u00f3n gratuita? - Alas Medios","isPartOf":{"@id":"https:\/\/www.alasmedios.com\/#website"},"primaryImageOfPage":{"@id":"https:\/\/www.alasmedios.com\/index.php\/2026\/09\/02\/sabia-que-en-hidalgo-jovenes-pueden-acceder-a-atencion-psicologica-y-nutricion-gratuita\/#primaryimage"},"image":{"@id":"https:\/\/www.alasmedios.com\/index.php\/2026\/09\/02\/sabia-que-en-hidalgo-jovenes-pueden-acceder-a-atencion-psicologica-y-nutricion-gratuita\/#primaryimage"},"thumbnailUrl":"https:\/\/www.alasmedios.com\/wp-content\/uploads\/2026\/09\/atencion-psicologica-y-nutricion.jpg","datePublished":"2026-09-02T17:09:05+00:00","dateModified":"2026-09-02T17:09:33+00:00","description":"El bienestar f\u00edsico y emocional de la juventud hidalguense cuenta con una nueva alternativa de acompa\u00f1amiento, gratuito y confidencial.","breadcrumb":{"@id":"https:\/\/www.alasmedios.com\/index.php\/2026\/09\/02\/sabia-que-en-hidalgo-jovenes-pueden-acceder-a-atencion-psicologica-y-nutricion-gratuita\/#breadcrumb"},"inLanguage":"es","potentialAction":[{"@type":"ReadAction","target":["https:\/\/www.alasmedios.com\/index.php\/2026\/09\/02\/sabia-que-en-hidalgo-jovenes-pueden-acceder-a-atencion-psicologica-y-nutricion-gratuita\/"]}]},{"@type":"ImageObject","inLanguage":"es","@id":"https:\/\/www.alasmedios.com\/index.php\/2026\/09\/02\/sabia-que-en-hidalgo-jovenes-pueden-acceder-a-atencion-psicologica-y-nutricion-gratuita\/#primaryimage","url":"https:\/\/www.alasmedios.com\/wp-content\/uploads\/2026\/09\/atencion-psicologica-y-nutricion.jpg","contentUrl":"https:\/\/www.alasmedios.com\/wp-content\/uploads\/2026\/09\/atencion-psicologica-y-nutricion.jpg","width":856,"height":568},{"@type":"BreadcrumbList","@id":"https:\/\/www.alasmedios.com\/index.php\/2026\/09\/02\/sabia-que-en-hidalgo-jovenes-pueden-acceder-a-atencion-psicologica-y-nutricion-gratuita\/#breadcrumb","itemListElement":[{"@type":"ListItem","position":1,"name":"Inicio","item":"https:\/\/www.alasmedios.com\/"},{"@type":"ListItem","position":2,"name":"\u00bfSab\u00eda que en Hidalgo j\u00f3venes pueden acceder a atenci\u00f3n psicol\u00f3gica y nutrici\u00f3n gratuita?"}]},{"@type":"WebSite","@id":"https:\/\/www.alasmedios.com\/#website","url":"https:\/\/www.alasmedios.com\/","name":"Alas Medios","description":"Alas para pensar, Alas para volar, Alas de libertad","publisher":{"@id":"https:\/\/www.alasmedios.com\/#organization"},"potentialAction":[{"@type":"SearchAction","target":{"@type":"EntryPoint","urlTemplate":"https:\/\/www.alasmedios.com\/?s={search_term_string}"},"query-input":{"@type":"PropertyValueSpecification","valueRequired":true,"valueName":"search_term_string"}}],"inLanguage":"es"},{"@type":"Organization","@id":"https:\/\/www.alasmedios.com\/#organization","name":"Alas Medios","url":"https:\/\/www.alasmedios.com\/","logo":{"@type":"ImageObject","inLanguage":"es","@id":"https:\/\/www.alasmedios.com\/#\/schema\/logo\/image\/","url":"https:\/\/www.alasmedios.com\/wp-content\/uploads\/2026\/01\/cropped-cropped-GAM-1.png","contentUrl":"https:\/\/www.alasmedios.com\/wp-content\/uploads\/2026\/01\/cropped-cropped-GAM-1.png","width":467,"height":235,"caption":"Alas Medios"},"image":{"@id":"https:\/\/www.alasmedios.com\/#\/schema\/logo\/image\/"}},{"@type":"Person","@id":"https:\/\/www.alasmedios.com\/#\/schema\/person\/f2b3d85cc9caf18d4ca3676f1a5af91b","name":"Angel Mendoza","image":{"@type":"ImageObject","inLanguage":"es","@id":"https:\/\/secure.gravatar.com\/avatar\/ff8e027add11df9226dc0fdf09e494d036f6ae837ba63a4e3749865c21e6565b?s=96&d=mm&r=g","url":"https:\/\/secure.gravatar.com\/avatar\/ff8e027add11df9226dc0fdf09e494d036f6ae837ba63a4e3749865c21e6565b?s=96&d=mm&r=g","contentUrl":"https:\/\/secure.gravatar.com\/avatar\/ff8e027add11df9226dc0fdf09e494d036f6ae837ba63a4e3749865c21e6565b?s=96&d=mm&r=g","caption":"Angel Mendoza"},"url":"https:\/\/www.alasmedios.com\/index.php\/author\/angel-mendoza\/"}]}},"_links":{"self":[{"href":"https:\/\/www.alasmedios.com\/index.php\/wp-json\/wp\/v2\/posts\/12614","targetHints":{"allow":["GET"]}}],"collection":[{"href":"https:\/\/www.alasmedios.com\/index.php\/wp-json\/wp\/v2\/posts"}],"about":[{"href":"https:\/\/www.alasmedios.com\/index.php\/wp-json\/wp\/v2\/types\/post"}],"author":[{"embeddable":true,"href":"https:\/\/www.alasmedios.com\/index.php\/wp-json\/wp\/v2\/users\/19"}],"replies":[{"embeddable":true,"href":"https:\/\/www.alasmedios.com\/index.php\/wp-json\/wp\/v2\/comments?post=12614"}],"version-history":[{"count":1,"href":"https:\/\/www.alasmedios.com\/index.php\/wp-json\/wp\/v2\/posts\/12614\/revisions"}],"predecessor-version":[{"id":12616,"href":"https:\/\/www.alasmedios.com\/index.php\/wp-json\/wp\/v2\/posts\/12614\/revisions\/12616"}],"wp:featuredmedia":[{"embeddable":true,"href":"https:\/\/www.alasmedios.com\/index.php\/wp-json\/wp\/v2\/media\/12615"}],"wp:attachment":[{"href":"https:\/\/www.alasmedios.com\/index.php\/wp-json\/wp\/v2\/media?parent=12614"}],"wp:term":[{"taxonomy":"category","embeddable":true,"href":"https:\/\/www.alasmedios.com\/index.php\/wp-json\/wp\/v2\/categories?post=12614"},{"taxonomy":"post_tag","embeddable":true,"href":"https:\/\/www.alasmedios.com\/index.php\/wp-json\/wp\/v2\/tags?post=12614"}],"curies":[{"name":"wp","href":"https:\/\/api.w.org\/{rel}","templated":true}]}}