{"id":12611,"date":"2026-09-02T11:00:00","date_gmt":"2026-09-02T17:00:00","guid":{"rendered":"https:\/\/www.alasmedios.com\/?p=12611"},"modified":"2026-09-01T17:37:21","modified_gmt":"2026-09-01T23:37:21","slug":"3-9-millones-de-ninas-y-mujeres-en-centroamerica-se-casaron-antes-de-los-15-anos","status":"publish","type":"post","link":"https:\/\/www.alasmedios.com\/index.php\/2026\/09\/02\/3-9-millones-de-ninas-y-mujeres-en-centroamerica-se-casaron-antes-de-los-15-anos\/","title":{"rendered":"3.9 millones de ni\u00f1as y mujeres en Centroam\u00e9rica se casaron antes de los 15 a\u00f1os"},"content":{"rendered":"\n<p class=\"wp-block-paragraph\">Entre <strong>2000 y 2022<\/strong>, alrededor de <strong>3.9 millones de ni\u00f1as y mujeres en Centroam\u00e9rica contrajeron matrimonio antes de cumplir 15 a\u00f1os<\/strong>, y vivieron en uni\u00f3n forzada. <\/p>\n\n\n\n<p class=\"wp-block-paragraph\">Los datos muestran que el problema se mantiene pr\u00e1cticamente sin cambios en las \u00faltimas d\u00e9cadas. El <strong>4 por ciento de las mujeres de entre 20 y 24 a\u00f1os se casaron antes de los 15 a\u00f1os y el 20 por ciento antes de cumplir los 18<\/strong>, de acuerdo con un informe de <strong><a href=\"https:\/\/www.facebook.com\/unicef\/?locale=es_LA\">UNICEF <\/a><\/strong>que advierte que el matrimonio infantil contin\u00faa siendo una realidad en la regi\u00f3n.<\/p>\n\n\n\n<p class=\"wp-block-paragraph\">Las cifras var\u00edan entre los pa\u00edses. <strong>Honduras<\/strong> registra uno de los porcentajes m\u00e1s altos: <strong>9 por ciento de las ni\u00f1as y mujeres se casaron antes de los 15 a\u00f1os<\/strong> y 34 por ciento antes de los 18. En<strong> Nicaragua<\/strong>, los porcentajes fueron de <strong>10 y 35 por ciento<\/strong>, respectivamente.<\/p>\n\n\n\n<p class=\"wp-block-paragraph\">LEE: <a href=\"https:\/\/www.alasmedios.com\/index.php\/2026\/08\/22\/mexico-casi-6-mil-ninas-fueron-madres-en-2025\/\">M\u00e9xico: casi 6 mil ni\u00f1as fueron madres en 2025<\/a><\/p>\n\n\n\n<p class=\"wp-block-paragraph\">En <strong>Guatemala<\/strong>, <strong>565 mil 300 ni\u00f1as y mujeres se casaron antes de los 15 a\u00f1os y 2.1 millones antes de los 18<\/strong>, seg\u00fan datos de 2015. El pa\u00eds tambi\u00e9n enfrenta casos de <strong>uniones forzadas<\/strong> que, aunque est\u00e1n prohibidas por la legislaci\u00f3n, contin\u00faan ocurriendo.<\/p>\n\n\n\n<h2 class=\"wp-block-heading\">Las uniones forzadas dejan a las adolescentes fuera de la escuela<\/h2>\n\n\n\n<p class=\"wp-block-paragraph\">Un estudio realizado por <strong>Plan International en 2025<\/strong> encontr\u00f3 que el<strong> 63 por ciento<\/strong> de las <strong>adolescentes<\/strong> sometidas a <strong>uniones forzadas<\/strong> en Guatemala <strong>no estudiaba ni trabajaba<\/strong>. Adem\u00e1s, entre el 35 y 36 por ciento <strong>permanec\u00eda escolarizada al momento de la uni\u00f3n<\/strong> y 13 por ciento report\u00f3 <strong>haber vivido alg\u00fan tipo de violencia<\/strong> dentro de la relaci\u00f3n.<\/p>\n\n\n\n<p class=\"wp-block-paragraph\">Antonio Guti\u00e9rrez, representante de pa\u00eds de <strong>Plan International en Guatemala<\/strong>, se\u00f1al\u00f3 que <strong>abandonar la escuela deja a las adolescentes sin uno de los principales espacios de protecci\u00f3n y reduce sus posibilidades de desarrollo y autonom\u00eda.<\/strong><\/p>\n\n\n\n<p class=\"wp-block-paragraph\">La situaci\u00f3n tambi\u00e9n puede llevar a <strong>embarazos durante la adolescencia<\/strong>. Hasta julio de <strong>2026<\/strong>, Guatemala hab\u00eda registrado m\u00e1s de <strong>30 mil embarazos en adolescentes<\/strong>, de acuerdo con datos del <strong>Observatorio de Salud Reproductiva.<\/strong><\/p>\n\n\n\n<p class=\"wp-block-paragraph\">PUEDE INTERESARTE: <a href=\"https:\/\/www.alasmedios.com\/index.php\/2026\/08\/06\/cuautepec-tendra-nueva-procuraduria-para-fortalecer-la-proteccion-de-ninas-ninos-y-adolescentes\/\">Cuautepec tendr\u00e1 nueva Procuradur\u00eda para fortalecer la protecci\u00f3n de ni\u00f1as, ni\u00f1os y adolescentes<\/a><\/p>\n\n\n\n<p class=\"wp-block-paragraph\">Los departamentos de Quich\u00e9, Alta Verapaz, Huehuetenango y Guatemala concentran los <strong>mayores \u00edndices de embarazos adolescentes.<\/strong> En estas zonas tambi\u00e9n existen<strong> altos niveles de pobreza, desnutrici\u00f3n y violencia<\/strong>, caracter\u00edsticas que aumentan la vulnerabilidad de las menores.<\/p>\n\n\n\n<h2 class=\"wp-block-heading\">Una pr\u00e1ctica prohibida que todav\u00eda permanece<\/h2>\n\n\n\n<p class=\"wp-block-paragraph\">En Guatemala, <strong>el matrimonio y las uniones entre menores de edad est\u00e1n prohibidos<\/strong> desde la reforma al C\u00f3digo Civil de 2017. Pero, Plan International advierte que las <strong>uniones informales y forzadas contin\u00faan<\/strong>.<\/p>\n\n\n\n<p class=\"wp-block-paragraph\">Se estima que m\u00e1s de la mitad de estos casos no son denunciados debido al <strong>desconocimiento, la dependencia econ\u00f3mica y las relaciones de poder<\/strong> dentro de las familias y comunidades.<\/p>\n\n\n\n<p class=\"wp-block-paragraph\">A esto se suma la <strong>falta de acceso a la educaci\u00f3n. <\/strong>En algunas regiones, apenas entre<strong> 5 y 10 por ciento<\/strong> de las adolescentes llega a la educaci\u00f3n secundaria, frente a un promedio nacional cercano al <strong>50 por ciento<\/strong>. El acceso al bachillerato tambi\u00e9n presenta una brecha importante, con una cobertura de entre <strong>25 y 30 por ciento.<\/strong><\/p>\n\n\n\n<p class=\"wp-block-paragraph\">CONTINUA LEYENDO: <a href=\"https:\/\/www.alasmedios.com\/index.php\/2026\/06\/19\/alertan-por-aumento-de-la-violencia-contra-ninas-ninos-y-adolescentes-en-hidalgo\/\">Alertan por aumento de la violencia contra ni\u00f1as, ni\u00f1os y adolescentes en Hidalgo<\/a><\/p>\n\n\n\n<p class=\"wp-block-paragraph\">Se hizo \u00e9nfasis en <strong>fortalecer la educaci\u00f3n, mejorar las redes de protecci\u00f3n y facilitar la denuncia<\/strong>, ya que son algunas de las v\u00edas para <strong>evitar que m\u00e1s ni\u00f1as sean obligadas a abandonar sus estudios<\/strong>, asumir responsabilidades de adultas o entrar en relaciones que no eligieron.<\/p>\n\n\n\n<p class=\"wp-block-paragraph\">A pesar de que las leyes han cambiado, los datos dicen que <strong>la prohibici\u00f3n por s\u00ed sola no ha sido suficiente para terminar con las uniones forzadas<\/strong>. Tan solo en Centroam\u00e9rica, miles de ni\u00f1as contin\u00faan enfrentando una pr\u00e1ctica que limita sus estudios y oportunidades. <\/p>\n\n\n<ul class=\"wp-block-latest-posts__list wp-block-latest-posts is-layout-flow wp-block-latest-posts-is-layout-flow\"><li><div class=\"wp-block-latest-posts__featured-image\"><img loading=\"lazy\" decoding=\"async\" width=\"150\" height=\"150\" src=\"https:\/\/www.alasmedios.com\/wp-content\/uploads\/2026\/09\/Desapariciones-en-Mexico-150x150.jpg\" class=\"attachment-thumbnail size-thumbnail wp-post-image\" alt=\"\" style=\"\" \/><\/div><a class=\"wp-block-latest-posts__post-title\" href=\"https:\/\/www.alasmedios.com\/index.php\/2026\/09\/02\/mas-de-17-mil-ninas-ninos-y-adolescentes-siguen-desaparecidos-en-mexico-varones-superan-a-mujeres\/\">M\u00e1s de 17 mil ni\u00f1as, ni\u00f1os y adolescentes siguen desaparecidos en M\u00e9xico; varones superan a mujeres<\/a><\/li>\n<li><div class=\"wp-block-latest-posts__featured-image\"><img loading=\"lazy\" decoding=\"async\" width=\"150\" height=\"150\" src=\"https:\/\/www.alasmedios.com\/wp-content\/uploads\/2026\/09\/Hablar-de-sexo-no-necesariamente-significa-hablar-de-fertilidad-150x150.png\" class=\"attachment-thumbnail size-thumbnail wp-post-image\" alt=\"\" style=\"\" \/><\/div><a class=\"wp-block-latest-posts__post-title\" href=\"https:\/\/www.alasmedios.com\/index.php\/2026\/09\/02\/sexo-fertilidad-y-embarazo-no-no-son-lo-mismo\/\">Sexo, fertilidad y embarazo: no, no son lo mismo<\/a><\/li>\n<li><div class=\"wp-block-latest-posts__featured-image\"><img loading=\"lazy\" decoding=\"async\" width=\"150\" height=\"150\" src=\"https:\/\/www.alasmedios.com\/wp-content\/uploads\/2026\/09\/atencion-psicologica-y-nutricion-150x150.jpg\" class=\"attachment-thumbnail size-thumbnail wp-post-image\" alt=\"\" style=\"\" \/><\/div><a class=\"wp-block-latest-posts__post-title\" href=\"https:\/\/www.alasmedios.com\/index.php\/2026\/09\/02\/sabia-que-en-hidalgo-jovenes-pueden-acceder-a-atencion-psicologica-y-nutricion-gratuita\/\">\u00bfSab\u00eda que en Hidalgo j\u00f3venes pueden acceder a atenci\u00f3n psicol\u00f3gica y nutrici\u00f3n gratuita?<\/a><\/li>\n<\/ul>","protected":false},"excerpt":{"rendered":"<p>Entre 2000 y 2022, alrededor de 3.9 millones de ni\u00f1as y mujeres en Centroam\u00e9rica contrajeron matrimonio antes de cumplir 15<\/p>\n","protected":false},"author":18,"featured_media":12612,"comment_status":"open","ping_status":"open","sticky":false,"template":"","format":"standard","meta":{"colormag_page_container_layout":"default_layout","colormag_page_sidebar_layout":"default_layout","rop_custom_images_group":[],"rop_custom_messages_group":[],"rop_publish_now":"yes","rop_publish_now_accounts":[],"rop_publish_now_history":[],"rop_publish_now_status":"pending","iawp_total_views":0,"footnotes":""},"categories":[3229],"tags":[4859,4860,4858],"class_list":["post-12611","post","type-post","status-publish","format-standard","has-post-thumbnail","hentry","category-mundo-extranjero","tag-centroamerica","tag-mujeres-menores-de-edad","tag-union-forzada-en-ninas"],"magazineBlocksPostFeaturedMedia":{"thumbnail":"https:\/\/www.alasmedios.com\/wp-content\/uploads\/2026\/09\/Uniones-forzadas-ninas-en-centroamerica-150x150.jpg","medium":"https:\/\/www.alasmedios.com\/wp-content\/uploads\/2026\/09\/Uniones-forzadas-ninas-en-centroamerica-300x116.jpg","medium_large":"https:\/\/www.alasmedios.com\/wp-content\/uploads\/2026\/09\/Uniones-forzadas-ninas-en-centroamerica-768x296.jpg","large":"https:\/\/www.alasmedios.com\/wp-content\/uploads\/2026\/09\/Uniones-forzadas-ninas-en-centroamerica-1024x395.jpg","1536x1536":"https:\/\/www.alasmedios.com\/wp-content\/uploads\/2026\/09\/Uniones-forzadas-ninas-en-centroamerica.jpg","2048x2048":"https:\/\/www.alasmedios.com\/wp-content\/uploads\/2026\/09\/Uniones-forzadas-ninas-en-centroamerica.jpg","colormag-highlighted-post":"https:\/\/www.alasmedios.com\/wp-content\/uploads\/2026\/09\/Uniones-forzadas-ninas-en-centroamerica-392x272.jpg","colormag-featured-post-medium":"https:\/\/www.alasmedios.com\/wp-content\/uploads\/2026\/09\/Uniones-forzadas-ninas-en-centroamerica-390x205.jpg","colormag-featured-post-small":"https:\/\/www.alasmedios.com\/wp-content\/uploads\/2026\/09\/Uniones-forzadas-ninas-en-centroamerica-130x90.jpg","colormag-featured-image":"https:\/\/www.alasmedios.com\/wp-content\/uploads\/2026\/09\/Uniones-forzadas-ninas-en-centroamerica-800x445.jpg","colormag-default-news":"https:\/\/www.alasmedios.com\/wp-content\/uploads\/2026\/09\/Uniones-forzadas-ninas-en-centroamerica-150x150.jpg","colormag-featured-image-large":"https:\/\/www.alasmedios.com\/wp-content\/uploads\/2026\/09\/Uniones-forzadas-ninas-en-centroamerica-1400x560.jpg"},"magazineBlocksPostAuthor":{"name":"Yissel Padilla","avatar":"https:\/\/secure.gravatar.com\/avatar\/98842131f4e7c39771d95c321b4e271e6d6b9aefdb1d69d099b18469d859168e?s=96&d=mm&r=g"},"magazineBlocksPostCommentsNumber":"0","magazineBlocksPostExcerpt":"Entre 2000 y 2022, alrededor de 3.9 millones de ni\u00f1as y mujeres en Centroam\u00e9rica contrajeron matrimonio antes de cumplir 15","magazineBlocksPostCategories":["Mundo"],"magazineBlocksPostViewCount":10,"magazineBlocksPostReadTime":4,"magazine_blocks_featured_image_url":{"full":["https:\/\/www.alasmedios.com\/wp-content\/uploads\/2026\/09\/Uniones-forzadas-ninas-en-centroamerica.jpg",1451,560,false],"medium":["https:\/\/www.alasmedios.com\/wp-content\/uploads\/2026\/09\/Uniones-forzadas-ninas-en-centroamerica-300x116.jpg",300,116,true],"thumbnail":["https:\/\/www.alasmedios.com\/wp-content\/uploads\/2026\/09\/Uniones-forzadas-ninas-en-centroamerica-150x150.jpg",150,150,true]},"magazine_blocks_author":{"display_name":"Yissel Padilla","author_link":"https:\/\/www.alasmedios.com\/index.php\/author\/yissel-padilla\/"},"magazine_blocks_comment":0,"magazine_blocks_author_image":"https:\/\/secure.gravatar.com\/avatar\/98842131f4e7c39771d95c321b4e271e6d6b9aefdb1d69d099b18469d859168e?s=96&d=mm&r=g","magazine_blocks_category":"<a href=\"#\" class=\"category-link category-link-3229\">Mundo<\/a>","videoUrl":"","yoast_head":"<!-- This site is optimized with the Yoast SEO plugin v28.4 - https:\/\/yoast.com\/product\/yoast-seo-wordpress\/ -->\r\n<title>3.9 millones de ni\u00f1as y mujeres en Centroam\u00e9rica se casaron antes de los 15 a\u00f1os<\/title>\r\n<meta name=\"description\" content=\"Entre 2000 y 2022, alrededor de 3.9 millones de ni\u00f1as y mujeres en Centroam\u00e9rica contrajeron matrimonio antes de cumplir 15 a\u00f1os y16.4 millones lo hicieron antes de los 18.\" \/>\r\n<meta name=\"robots\" content=\"index, follow, max-snippet:-1, max-image-preview:large, max-video-preview:-1\" \/>\r\n<link rel=\"canonical\" href=\"https:\/\/www.alasmedios.com\/index.php\/2026\/09\/02\/3-9-millones-de-ninas-y-mujeres-en-centroamerica-se-casaron-antes-de-los-15-anos\/\" \/>\r\n<meta property=\"og:locale\" content=\"es_MX\" \/>\r\n<meta property=\"og:type\" content=\"article\" \/>\r\n<meta property=\"og:title\" content=\"3.9 millones de ni\u00f1as y mujeres en Centroam\u00e9rica se casaron antes de los 15 a\u00f1os\" \/>\r\n<meta property=\"og:description\" content=\"Entre 2000 y 2022, alrededor de 3.9 millones de ni\u00f1as y mujeres en Centroam\u00e9rica contrajeron matrimonio antes de cumplir 15 a\u00f1os y16.4 millones lo hicieron antes de los 18.\" \/>\r\n<meta property=\"og:url\" content=\"https:\/\/www.alasmedios.com\/index.php\/2026\/09\/02\/3-9-millones-de-ninas-y-mujeres-en-centroamerica-se-casaron-antes-de-los-15-anos\/\" \/>\r\n<meta property=\"og:site_name\" content=\"Alas Medios\" \/>\r\n<meta property=\"article:published_time\" content=\"2026-09-02T17:00:00+00:00\" \/>\r\n<meta property=\"og:image\" content=\"https:\/\/www.alasmedios.com\/wp-content\/uploads\/2026\/09\/Uniones-forzadas-ninas-en-centroamerica.jpg\" \/>\r\n\t<meta property=\"og:image:width\" content=\"1451\" \/>\r\n\t<meta property=\"og:image:height\" content=\"560\" \/>\r\n\t<meta property=\"og:image:type\" content=\"image\/jpeg\" \/>\r\n<meta name=\"author\" content=\"Yissel Padilla\" \/>\r\n<meta name=\"twitter:card\" content=\"summary_large_image\" \/>\r\n<meta name=\"twitter:label1\" content=\"Escrito por\" \/>\n\t<meta name=\"twitter:data1\" content=\"Yissel Padilla\" \/>\n\t<meta name=\"twitter:label2\" content=\"Tiempo de lectura\" \/>\n\t<meta name=\"twitter:data2\" content=\"3 minutos\" \/>\r\n<script type=\"application\/ld+json\" class=\"yoast-schema-graph\">{\"@context\":\"https:\\\/\\\/schema.org\",\"@graph\":[{\"@type\":\"Article\",\"@id\":\"https:\\\/\\\/www.alasmedios.com\\\/index.php\\\/2026\\\/09\\\/02\\\/3-9-millones-de-ninas-y-mujeres-en-centroamerica-se-casaron-antes-de-los-15-anos\\\/#article\",\"isPartOf\":{\"@id\":\"https:\\\/\\\/www.alasmedios.com\\\/index.php\\\/2026\\\/09\\\/02\\\/3-9-millones-de-ninas-y-mujeres-en-centroamerica-se-casaron-antes-de-los-15-anos\\\/\"},\"author\":{\"name\":\"Yissel Padilla\",\"@id\":\"https:\\\/\\\/www.alasmedios.com\\\/#\\\/schema\\\/person\\\/4a77b9da264b9fd30e9b7bf44efa7ada\"},\"headline\":\"3.9 millones de ni\u00f1as y mujeres en Centroam\u00e9rica se casaron antes de los 15 a\u00f1os\",\"datePublished\":\"2026-09-02T17:00:00+00:00\",\"mainEntityOfPage\":{\"@id\":\"https:\\\/\\\/www.alasmedios.com\\\/index.php\\\/2026\\\/09\\\/02\\\/3-9-millones-de-ninas-y-mujeres-en-centroamerica-se-casaron-antes-de-los-15-anos\\\/\"},\"wordCount\":657,\"commentCount\":0,\"publisher\":{\"@id\":\"https:\\\/\\\/www.alasmedios.com\\\/#organization\"},\"image\":{\"@id\":\"https:\\\/\\\/www.alasmedios.com\\\/index.php\\\/2026\\\/09\\\/02\\\/3-9-millones-de-ninas-y-mujeres-en-centroamerica-se-casaron-antes-de-los-15-anos\\\/#primaryimage\"},\"thumbnailUrl\":\"https:\\\/\\\/www.alasmedios.com\\\/wp-content\\\/uploads\\\/2026\\\/09\\\/Uniones-forzadas-ninas-en-centroamerica.jpg\",\"keywords\":[\"Centroam\u00e9rica\",\"Mujeres menores de edad\",\"Uni\u00f3n forzada en ni\u00f1as\"],\"articleSection\":[\"Mundo\"],\"inLanguage\":\"es\",\"potentialAction\":[{\"@type\":\"CommentAction\",\"name\":\"Comment\",\"target\":[\"https:\\\/\\\/www.alasmedios.com\\\/index.php\\\/2026\\\/09\\\/02\\\/3-9-millones-de-ninas-y-mujeres-en-centroamerica-se-casaron-antes-de-los-15-anos\\\/#respond\"]}]},{\"@type\":\"WebPage\",\"@id\":\"https:\\\/\\\/www.alasmedios.com\\\/index.php\\\/2026\\\/09\\\/02\\\/3-9-millones-de-ninas-y-mujeres-en-centroamerica-se-casaron-antes-de-los-15-anos\\\/\",\"url\":\"https:\\\/\\\/www.alasmedios.com\\\/index.php\\\/2026\\\/09\\\/02\\\/3-9-millones-de-ninas-y-mujeres-en-centroamerica-se-casaron-antes-de-los-15-anos\\\/\",\"name\":\"3.9 millones de ni\u00f1as y mujeres en Centroam\u00e9rica se casaron antes de los 15 a\u00f1os\",\"isPartOf\":{\"@id\":\"https:\\\/\\\/www.alasmedios.com\\\/#website\"},\"primaryImageOfPage\":{\"@id\":\"https:\\\/\\\/www.alasmedios.com\\\/index.php\\\/2026\\\/09\\\/02\\\/3-9-millones-de-ninas-y-mujeres-en-centroamerica-se-casaron-antes-de-los-15-anos\\\/#primaryimage\"},\"image\":{\"@id\":\"https:\\\/\\\/www.alasmedios.com\\\/index.php\\\/2026\\\/09\\\/02\\\/3-9-millones-de-ninas-y-mujeres-en-centroamerica-se-casaron-antes-de-los-15-anos\\\/#primaryimage\"},\"thumbnailUrl\":\"https:\\\/\\\/www.alasmedios.com\\\/wp-content\\\/uploads\\\/2026\\\/09\\\/Uniones-forzadas-ninas-en-centroamerica.jpg\",\"datePublished\":\"2026-09-02T17:00:00+00:00\",\"description\":\"Entre 2000 y 2022, alrededor de 3.9 millones de ni\u00f1as y mujeres en Centroam\u00e9rica contrajeron matrimonio antes de cumplir 15 a\u00f1os y16.4 millones lo hicieron antes de los 18.\",\"breadcrumb\":{\"@id\":\"https:\\\/\\\/www.alasmedios.com\\\/index.php\\\/2026\\\/09\\\/02\\\/3-9-millones-de-ninas-y-mujeres-en-centroamerica-se-casaron-antes-de-los-15-anos\\\/#breadcrumb\"},\"inLanguage\":\"es\",\"potentialAction\":[{\"@type\":\"ReadAction\",\"target\":[\"https:\\\/\\\/www.alasmedios.com\\\/index.php\\\/2026\\\/09\\\/02\\\/3-9-millones-de-ninas-y-mujeres-en-centroamerica-se-casaron-antes-de-los-15-anos\\\/\"]}]},{\"@type\":\"ImageObject\",\"inLanguage\":\"es\",\"@id\":\"https:\\\/\\\/www.alasmedios.com\\\/index.php\\\/2026\\\/09\\\/02\\\/3-9-millones-de-ninas-y-mujeres-en-centroamerica-se-casaron-antes-de-los-15-anos\\\/#primaryimage\",\"url\":\"https:\\\/\\\/www.alasmedios.com\\\/wp-content\\\/uploads\\\/2026\\\/09\\\/Uniones-forzadas-ninas-en-centroamerica.jpg\",\"contentUrl\":\"https:\\\/\\\/www.alasmedios.com\\\/wp-content\\\/uploads\\\/2026\\\/09\\\/Uniones-forzadas-ninas-en-centroamerica.jpg\",\"width\":1451,\"height\":560,\"caption\":\"Foto: Especial\"},{\"@type\":\"BreadcrumbList\",\"@id\":\"https:\\\/\\\/www.alasmedios.com\\\/index.php\\\/2026\\\/09\\\/02\\\/3-9-millones-de-ninas-y-mujeres-en-centroamerica-se-casaron-antes-de-los-15-anos\\\/#breadcrumb\",\"itemListElement\":[{\"@type\":\"ListItem\",\"position\":1,\"name\":\"Inicio\",\"item\":\"https:\\\/\\\/www.alasmedios.com\\\/\"},{\"@type\":\"ListItem\",\"position\":2,\"name\":\"3.9 millones de ni\u00f1as y mujeres en Centroam\u00e9rica se casaron antes de los 15 a\u00f1os\"}]},{\"@type\":\"WebSite\",\"@id\":\"https:\\\/\\\/www.alasmedios.com\\\/#website\",\"url\":\"https:\\\/\\\/www.alasmedios.com\\\/\",\"name\":\"Alas Medios\",\"description\":\"Alas para pensar, Alas para volar, Alas de libertad\",\"publisher\":{\"@id\":\"https:\\\/\\\/www.alasmedios.com\\\/#organization\"},\"potentialAction\":[{\"@type\":\"SearchAction\",\"target\":{\"@type\":\"EntryPoint\",\"urlTemplate\":\"https:\\\/\\\/www.alasmedios.com\\\/?s={search_term_string}\"},\"query-input\":{\"@type\":\"PropertyValueSpecification\",\"valueRequired\":true,\"valueName\":\"search_term_string\"}}],\"inLanguage\":\"es\"},{\"@type\":\"Organization\",\"@id\":\"https:\\\/\\\/www.alasmedios.com\\\/#organization\",\"name\":\"Alas Medios\",\"url\":\"https:\\\/\\\/www.alasmedios.com\\\/\",\"logo\":{\"@type\":\"ImageObject\",\"inLanguage\":\"es\",\"@id\":\"https:\\\/\\\/www.alasmedios.com\\\/#\\\/schema\\\/logo\\\/image\\\/\",\"url\":\"https:\\\/\\\/www.alasmedios.com\\\/wp-content\\\/uploads\\\/2026\\\/01\\\/cropped-cropped-GAM-1.png\",\"contentUrl\":\"https:\\\/\\\/www.alasmedios.com\\\/wp-content\\\/uploads\\\/2026\\\/01\\\/cropped-cropped-GAM-1.png\",\"width\":467,\"height\":235,\"caption\":\"Alas Medios\"},\"image\":{\"@id\":\"https:\\\/\\\/www.alasmedios.com\\\/#\\\/schema\\\/logo\\\/image\\\/\"}},{\"@type\":\"Person\",\"@id\":\"https:\\\/\\\/www.alasmedios.com\\\/#\\\/schema\\\/person\\\/4a77b9da264b9fd30e9b7bf44efa7ada\",\"name\":\"Yissel Padilla\",\"image\":{\"@type\":\"ImageObject\",\"inLanguage\":\"es\",\"@id\":\"https:\\\/\\\/secure.gravatar.com\\\/avatar\\\/98842131f4e7c39771d95c321b4e271e6d6b9aefdb1d69d099b18469d859168e?s=96&d=mm&r=g\",\"url\":\"https:\\\/\\\/secure.gravatar.com\\\/avatar\\\/98842131f4e7c39771d95c321b4e271e6d6b9aefdb1d69d099b18469d859168e?s=96&d=mm&r=g\",\"contentUrl\":\"https:\\\/\\\/secure.gravatar.com\\\/avatar\\\/98842131f4e7c39771d95c321b4e271e6d6b9aefdb1d69d099b18469d859168e?s=96&d=mm&r=g\",\"caption\":\"Yissel Padilla\"},\"url\":\"https:\\\/\\\/www.alasmedios.com\\\/index.php\\\/author\\\/yissel-padilla\\\/\"}]}<\/script>\r\n<!-- \/ Yoast SEO plugin. -->","yoast_head_json":{"title":"3.9 millones de ni\u00f1as y mujeres en Centroam\u00e9rica se casaron antes de los 15 a\u00f1os","description":"Entre 2000 y 2022, alrededor de 3.9 millones de ni\u00f1as y mujeres en Centroam\u00e9rica contrajeron matrimonio antes de cumplir 15 a\u00f1os y16.4 millones lo hicieron antes de los 18.","robots":{"index":"index","follow":"follow","max-snippet":"max-snippet:-1","max-image-preview":"max-image-preview:large","max-video-preview":"max-video-preview:-1"},"canonical":"https:\/\/www.alasmedios.com\/index.php\/2026\/09\/02\/3-9-millones-de-ninas-y-mujeres-en-centroamerica-se-casaron-antes-de-los-15-anos\/","og_locale":"es_MX","og_type":"article","og_title":"3.9 millones de ni\u00f1as y mujeres en Centroam\u00e9rica se casaron antes de los 15 a\u00f1os","og_description":"Entre 2000 y 2022, alrededor de 3.9 millones de ni\u00f1as y mujeres en Centroam\u00e9rica contrajeron matrimonio antes de cumplir 15 a\u00f1os y16.4 millones lo hicieron antes de los 18.","og_url":"https:\/\/www.alasmedios.com\/index.php\/2026\/09\/02\/3-9-millones-de-ninas-y-mujeres-en-centroamerica-se-casaron-antes-de-los-15-anos\/","og_site_name":"Alas Medios","article_published_time":"2026-09-02T17:00:00+00:00","og_image":[{"width":1451,"height":560,"url":"https:\/\/www.alasmedios.com\/wp-content\/uploads\/2026\/09\/Uniones-forzadas-ninas-en-centroamerica.jpg","type":"image\/jpeg"}],"author":"Yissel Padilla","twitter_card":"summary_large_image","twitter_misc":{"Escrito por":"Yissel Padilla","Tiempo de lectura":"3 minutos"},"schema":{"@context":"https:\/\/schema.org","@graph":[{"@type":"Article","@id":"https:\/\/www.alasmedios.com\/index.php\/2026\/09\/02\/3-9-millones-de-ninas-y-mujeres-en-centroamerica-se-casaron-antes-de-los-15-anos\/#article","isPartOf":{"@id":"https:\/\/www.alasmedios.com\/index.php\/2026\/09\/02\/3-9-millones-de-ninas-y-mujeres-en-centroamerica-se-casaron-antes-de-los-15-anos\/"},"author":{"name":"Yissel Padilla","@id":"https:\/\/www.alasmedios.com\/#\/schema\/person\/4a77b9da264b9fd30e9b7bf44efa7ada"},"headline":"3.9 millones de ni\u00f1as y mujeres en Centroam\u00e9rica se casaron antes de los 15 a\u00f1os","datePublished":"2026-09-02T17:00:00+00:00","mainEntityOfPage":{"@id":"https:\/\/www.alasmedios.com\/index.php\/2026\/09\/02\/3-9-millones-de-ninas-y-mujeres-en-centroamerica-se-casaron-antes-de-los-15-anos\/"},"wordCount":657,"commentCount":0,"publisher":{"@id":"https:\/\/www.alasmedios.com\/#organization"},"image":{"@id":"https:\/\/www.alasmedios.com\/index.php\/2026\/09\/02\/3-9-millones-de-ninas-y-mujeres-en-centroamerica-se-casaron-antes-de-los-15-anos\/#primaryimage"},"thumbnailUrl":"https:\/\/www.alasmedios.com\/wp-content\/uploads\/2026\/09\/Uniones-forzadas-ninas-en-centroamerica.jpg","keywords":["Centroam\u00e9rica","Mujeres menores de edad","Uni\u00f3n forzada en ni\u00f1as"],"articleSection":["Mundo"],"inLanguage":"es","potentialAction":[{"@type":"CommentAction","name":"Comment","target":["https:\/\/www.alasmedios.com\/index.php\/2026\/09\/02\/3-9-millones-de-ninas-y-mujeres-en-centroamerica-se-casaron-antes-de-los-15-anos\/#respond"]}]},{"@type":"WebPage","@id":"https:\/\/www.alasmedios.com\/index.php\/2026\/09\/02\/3-9-millones-de-ninas-y-mujeres-en-centroamerica-se-casaron-antes-de-los-15-anos\/","url":"https:\/\/www.alasmedios.com\/index.php\/2026\/09\/02\/3-9-millones-de-ninas-y-mujeres-en-centroamerica-se-casaron-antes-de-los-15-anos\/","name":"3.9 millones de ni\u00f1as y mujeres en Centroam\u00e9rica se casaron antes de los 15 a\u00f1os","isPartOf":{"@id":"https:\/\/www.alasmedios.com\/#website"},"primaryImageOfPage":{"@id":"https:\/\/www.alasmedios.com\/index.php\/2026\/09\/02\/3-9-millones-de-ninas-y-mujeres-en-centroamerica-se-casaron-antes-de-los-15-anos\/#primaryimage"},"image":{"@id":"https:\/\/www.alasmedios.com\/index.php\/2026\/09\/02\/3-9-millones-de-ninas-y-mujeres-en-centroamerica-se-casaron-antes-de-los-15-anos\/#primaryimage"},"thumbnailUrl":"https:\/\/www.alasmedios.com\/wp-content\/uploads\/2026\/09\/Uniones-forzadas-ninas-en-centroamerica.jpg","datePublished":"2026-09-02T17:00:00+00:00","description":"Entre 2000 y 2022, alrededor de 3.9 millones de ni\u00f1as y mujeres en Centroam\u00e9rica contrajeron matrimonio antes de cumplir 15 a\u00f1os y16.4 millones lo hicieron antes de los 18.","breadcrumb":{"@id":"https:\/\/www.alasmedios.com\/index.php\/2026\/09\/02\/3-9-millones-de-ninas-y-mujeres-en-centroamerica-se-casaron-antes-de-los-15-anos\/#breadcrumb"},"inLanguage":"es","potentialAction":[{"@type":"ReadAction","target":["https:\/\/www.alasmedios.com\/index.php\/2026\/09\/02\/3-9-millones-de-ninas-y-mujeres-en-centroamerica-se-casaron-antes-de-los-15-anos\/"]}]},{"@type":"ImageObject","inLanguage":"es","@id":"https:\/\/www.alasmedios.com\/index.php\/2026\/09\/02\/3-9-millones-de-ninas-y-mujeres-en-centroamerica-se-casaron-antes-de-los-15-anos\/#primaryimage","url":"https:\/\/www.alasmedios.com\/wp-content\/uploads\/2026\/09\/Uniones-forzadas-ninas-en-centroamerica.jpg","contentUrl":"https:\/\/www.alasmedios.com\/wp-content\/uploads\/2026\/09\/Uniones-forzadas-ninas-en-centroamerica.jpg","width":1451,"height":560,"caption":"Foto: Especial"},{"@type":"BreadcrumbList","@id":"https:\/\/www.alasmedios.com\/index.php\/2026\/09\/02\/3-9-millones-de-ninas-y-mujeres-en-centroamerica-se-casaron-antes-de-los-15-anos\/#breadcrumb","itemListElement":[{"@type":"ListItem","position":1,"name":"Inicio","item":"https:\/\/www.alasmedios.com\/"},{"@type":"ListItem","position":2,"name":"3.9 millones de ni\u00f1as y mujeres en Centroam\u00e9rica se casaron antes de los 15 a\u00f1os"}]},{"@type":"WebSite","@id":"https:\/\/www.alasmedios.com\/#website","url":"https:\/\/www.alasmedios.com\/","name":"Alas Medios","description":"Alas para pensar, Alas para volar, Alas de libertad","publisher":{"@id":"https:\/\/www.alasmedios.com\/#organization"},"potentialAction":[{"@type":"SearchAction","target":{"@type":"EntryPoint","urlTemplate":"https:\/\/www.alasmedios.com\/?s={search_term_string}"},"query-input":{"@type":"PropertyValueSpecification","valueRequired":true,"valueName":"search_term_string"}}],"inLanguage":"es"},{"@type":"Organization","@id":"https:\/\/www.alasmedios.com\/#organization","name":"Alas Medios","url":"https:\/\/www.alasmedios.com\/","logo":{"@type":"ImageObject","inLanguage":"es","@id":"https:\/\/www.alasmedios.com\/#\/schema\/logo\/image\/","url":"https:\/\/www.alasmedios.com\/wp-content\/uploads\/2026\/01\/cropped-cropped-GAM-1.png","contentUrl":"https:\/\/www.alasmedios.com\/wp-content\/uploads\/2026\/01\/cropped-cropped-GAM-1.png","width":467,"height":235,"caption":"Alas Medios"},"image":{"@id":"https:\/\/www.alasmedios.com\/#\/schema\/logo\/image\/"}},{"@type":"Person","@id":"https:\/\/www.alasmedios.com\/#\/schema\/person\/4a77b9da264b9fd30e9b7bf44efa7ada","name":"Yissel Padilla","image":{"@type":"ImageObject","inLanguage":"es","@id":"https:\/\/secure.gravatar.com\/avatar\/98842131f4e7c39771d95c321b4e271e6d6b9aefdb1d69d099b18469d859168e?s=96&d=mm&r=g","url":"https:\/\/secure.gravatar.com\/avatar\/98842131f4e7c39771d95c321b4e271e6d6b9aefdb1d69d099b18469d859168e?s=96&d=mm&r=g","contentUrl":"https:\/\/secure.gravatar.com\/avatar\/98842131f4e7c39771d95c321b4e271e6d6b9aefdb1d69d099b18469d859168e?s=96&d=mm&r=g","caption":"Yissel Padilla"},"url":"https:\/\/www.alasmedios.com\/index.php\/author\/yissel-padilla\/"}]}},"_links":{"self":[{"href":"https:\/\/www.alasmedios.com\/index.php\/wp-json\/wp\/v2\/posts\/12611","targetHints":{"allow":["GET"]}}],"collection":[{"href":"https:\/\/www.alasmedios.com\/index.php\/wp-json\/wp\/v2\/posts"}],"about":[{"href":"https:\/\/www.alasmedios.com\/index.php\/wp-json\/wp\/v2\/types\/post"}],"author":[{"embeddable":true,"href":"https:\/\/www.alasmedios.com\/index.php\/wp-json\/wp\/v2\/users\/18"}],"replies":[{"embeddable":true,"href":"https:\/\/www.alasmedios.com\/index.php\/wp-json\/wp\/v2\/comments?post=12611"}],"version-history":[{"count":1,"href":"https:\/\/www.alasmedios.com\/index.php\/wp-json\/wp\/v2\/posts\/12611\/revisions"}],"predecessor-version":[{"id":12613,"href":"https:\/\/www.alasmedios.com\/index.php\/wp-json\/wp\/v2\/posts\/12611\/revisions\/12613"}],"wp:featuredmedia":[{"embeddable":true,"href":"https:\/\/www.alasmedios.com\/index.php\/wp-json\/wp\/v2\/media\/12612"}],"wp:attachment":[{"href":"https:\/\/www.alasmedios.com\/index.php\/wp-json\/wp\/v2\/media?parent=12611"}],"wp:term":[{"taxonomy":"category","embeddable":true,"href":"https:\/\/www.alasmedios.com\/index.php\/wp-json\/wp\/v2\/categories?post=12611"},{"taxonomy":"post_tag","embeddable":true,"href":"https:\/\/www.alasmedios.com\/index.php\/wp-json\/wp\/v2\/tags?post=12611"}],"curies":[{"name":"wp","href":"https:\/\/api.w.org\/{rel}","templated":true}]}}