{"id":12608,"date":"2026-09-02T13:20:00","date_gmt":"2026-09-02T19:20:00","guid":{"rendered":"https:\/\/www.alasmedios.com\/?p=12608"},"modified":"2026-09-02T13:21:08","modified_gmt":"2026-09-02T19:21:08","slug":"mas-de-17-mil-ninas-ninos-y-adolescentes-siguen-desaparecidos-en-mexico-varones-superan-a-mujeres","status":"publish","type":"post","link":"https:\/\/www.alasmedios.com\/index.php\/2026\/09\/02\/mas-de-17-mil-ninas-ninos-y-adolescentes-siguen-desaparecidos-en-mexico-varones-superan-a-mujeres\/","title":{"rendered":"M\u00e1s de 17 mil ni\u00f1as, ni\u00f1os y adolescentes siguen desaparecidos en M\u00e9xico; varones superan a mujeres"},"content":{"rendered":"\n<p class=\"wp-block-paragraph\">En M\u00e9xico, <strong>17 mil 487 ni\u00f1as, ni\u00f1os y adolescentes siguen desaparecidos o no localizados<\/strong>. Por primera vez, los varones representan la mayor\u00eda entre las personas menores de edad que contin\u00faan ausentes. As\u00ed lo indican datos de la <strong>Red por los Derechos de la Infancia en M\u00e9xico<\/strong>, actualizados al 29 de agosto de 2026.<\/p>\n\n\n\n<p class=\"wp-block-paragraph\"><strong>REDIM <\/strong>consult\u00f3 informaci\u00f3n de la <strong>Secretar\u00eda de Gobernaci\u00f3n y del Registro Nacional de Personas Desaparecidas y No Localizadas<\/strong>. Los registros acumulan <strong>128 mil 286 reportes de ni\u00f1as, ni\u00f1os y adolescentes desaparecidos<\/strong>, no localizados o encontrados despu\u00e9s de su ausencia.<\/p>\n\n\n\n<p class=\"wp-block-paragraph\">De ese total, uno de cada siete menores todav\u00eda no aparece. La cifra incluye casos registrados desde el inicio de la base de datos.<\/p>\n\n\n\n<p class=\"wp-block-paragraph\">El an\u00e1lisis de los casos vigentes muestra un cambio. Actualmente, <strong>8 mil 814 hombres y 8 mil 642 mujeres contin\u00faan desaparecidos<\/strong> o no localizados. La diferencia es de<strong> 172 casos.<\/strong><\/p>\n\n\n\n<p class=\"wp-block-paragraph\">LEE: <a href=\"https:\/\/www.alasmedios.com\/index.php\/2026\/06\/17\/desapariciones-en-mexico\/\">Aumentan desapariciones de mujeres en 26 estados del pa\u00eds<\/a><\/p>\n\n\n\n<p class=\"wp-block-paragraph\"><strong>REDIM<\/strong> considera relevante este resultado. Durante a\u00f1os, las ni\u00f1as y adolescentes representaron la mayor\u00eda entre las personas menores de edad que segu\u00edan ausentes.<\/p>\n\n\n\n<p class=\"wp-block-paragraph\">Los datos hist\u00f3ricos muestran otra tendencia.<strong> Las mujeres concentran 85 mil 210 de los 128 mil 286 reportes acumulados.<\/strong> Esa cifra equivale a casi dos de cada tres casos.<\/p>\n\n\n\n<p class=\"wp-block-paragraph\">Aunque, el panorama cambia cuando se revisan \u00fanicamente los casos que siguen abiertos. En ese grupo, los varones superan ligeramente a las mujeres.<\/p>\n\n\n\n<h3 class=\"wp-block-heading\">Una crisis que tambi\u00e9n afecta a las infancias<\/h3>\n\n\n\n<p class=\"wp-block-paragraph\"><strong>REDIM <\/strong>difundi\u00f3 estas cifras por el <strong>D\u00eda Internacional de las V\u00edctimas de Desapariciones Forzadas<\/strong> conmemorado cada 30 de agosto.<\/p>\n\n\n\n<p class=\"wp-block-paragraph\">Pidi\u00f3 garantizar el derecho de ni\u00f1as, ni\u00f1os y adolescentes a la b\u00fasqueda y localizaci\u00f3n. Tambi\u00e9n solicit\u00f3 <strong>investigaciones capaces de esclarecer cada caso.<\/strong><\/p>\n\n\n\n<p class=\"wp-block-paragraph\">TE PUEDE INTERESAR: <a href=\"https:\/\/www.alasmedios.com\/index.php\/2026\/04\/03\/onu-alerta-sobre-mexico-desapariciones-podrian-constituir-crimenes-de-lesa-humanidad\/\">ONU alerta sobre M\u00e9xico: desapariciones podr\u00edan constituir cr\u00edmenes de lesa humanidad<\/a><\/p>\n\n\n\n<p class=\"wp-block-paragraph\">Adem\u00e1s, se destac\u00f3 la <strong>necesidad de apoyar a las familias y a las organizaciones buscadoras<\/strong>. La sociedad puede contribuir al compartir informaci\u00f3n verificada sobre las desapariciones.<\/p>\n\n\n\n<p class=\"wp-block-paragraph\">En la distribuci\u00f3n por sexo no significa que las ni\u00f1as hayan dejado de enfrentar un riesgo especial. Los registros hist\u00f3ricos todav\u00eda muestran una<strong> mayor\u00eda de casos correspondientes a mujeres<\/strong>.<\/p>\n\n\n\n<p class=\"wp-block-paragraph\">La diferencia actual revela que las desapariciones de menores no siguen un solo patr\u00f3n. Por ello, se deben analizar las circunstancias de cada caso y fortalecer la b\u00fasqueda.<\/p>\n\n\n\n<p class=\"wp-block-paragraph\">Cada registro representa a una ni\u00f1a, un ni\u00f1o o un adolescente. Su ausencia tambi\u00e9n afecta a sus cercanos. Por eso, <strong>REDIM <\/strong>insiste en <strong>mejorar la b\u00fasqueda<\/strong>, la <strong>investigaci\u00f3n<\/strong> y la <strong>localizaci\u00f3n de las personas desaparecidas.<\/strong><\/p>\n\n\n<ul class=\"wp-block-latest-posts__list wp-block-latest-posts is-layout-flow wp-block-latest-posts-is-layout-flow\"><li><div class=\"wp-block-latest-posts__featured-image\"><img loading=\"lazy\" decoding=\"async\" width=\"150\" height=\"150\" src=\"https:\/\/www.alasmedios.com\/wp-content\/uploads\/2026\/09\/Desapariciones-en-Mexico-150x150.jpg\" class=\"attachment-thumbnail size-thumbnail wp-post-image\" alt=\"\" style=\"\" \/><\/div><a class=\"wp-block-latest-posts__post-title\" href=\"https:\/\/www.alasmedios.com\/index.php\/2026\/09\/02\/mas-de-17-mil-ninas-ninos-y-adolescentes-siguen-desaparecidos-en-mexico-varones-superan-a-mujeres\/\">M\u00e1s de 17 mil ni\u00f1as, ni\u00f1os y adolescentes siguen desaparecidos en M\u00e9xico; varones superan a mujeres<\/a><\/li>\n<li><div class=\"wp-block-latest-posts__featured-image\"><img loading=\"lazy\" decoding=\"async\" width=\"150\" height=\"150\" src=\"https:\/\/www.alasmedios.com\/wp-content\/uploads\/2026\/09\/Hablar-de-sexo-no-necesariamente-significa-hablar-de-fertilidad-150x150.png\" class=\"attachment-thumbnail size-thumbnail wp-post-image\" alt=\"\" style=\"\" \/><\/div><a class=\"wp-block-latest-posts__post-title\" href=\"https:\/\/www.alasmedios.com\/index.php\/2026\/09\/02\/sexo-fertilidad-y-embarazo-no-no-son-lo-mismo\/\">Sexo, fertilidad y embarazo: no, no son lo mismo<\/a><\/li>\n<li><div class=\"wp-block-latest-posts__featured-image\"><img loading=\"lazy\" decoding=\"async\" width=\"150\" height=\"150\" src=\"https:\/\/www.alasmedios.com\/wp-content\/uploads\/2026\/09\/atencion-psicologica-y-nutricion-150x150.jpg\" class=\"attachment-thumbnail size-thumbnail wp-post-image\" alt=\"\" style=\"\" \/><\/div><a class=\"wp-block-latest-posts__post-title\" href=\"https:\/\/www.alasmedios.com\/index.php\/2026\/09\/02\/sabia-que-en-hidalgo-jovenes-pueden-acceder-a-atencion-psicologica-y-nutricion-gratuita\/\">\u00bfSab\u00eda que en Hidalgo j\u00f3venes pueden acceder a atenci\u00f3n psicol\u00f3gica y nutrici\u00f3n gratuita?<\/a><\/li>\n<\/ul>\n\n\n<p class=\"wp-block-paragraph\"><\/p>\n","protected":false},"excerpt":{"rendered":"<p>En M\u00e9xico, 17 mil 487 ni\u00f1as, ni\u00f1os y adolescentes siguen desaparecidos o no localizados. Por primera vez, los varones representan<\/p>\n","protected":false},"author":18,"featured_media":12609,"comment_status":"open","ping_status":"open","sticky":false,"template":"","format":"standard","meta":{"colormag_page_container_layout":"default_layout","colormag_page_sidebar_layout":"default_layout","rop_custom_images_group":[],"rop_custom_messages_group":[],"rop_publish_now":"yes","rop_publish_now_accounts":[],"rop_publish_now_history":[],"rop_publish_now_status":"pending","iawp_total_views":1,"footnotes":""},"categories":[3222],"tags":[4857,53],"class_list":["post-12608","post","type-post","status-publish","format-standard","has-post-thumbnail","hentry","category-mexico","tag-desapariciones-en-mexico","tag-mujeres"],"magazineBlocksPostFeaturedMedia":{"thumbnail":"https:\/\/www.alasmedios.com\/wp-content\/uploads\/2026\/09\/Desapariciones-en-Mexico-150x150.jpg","medium":"https:\/\/www.alasmedios.com\/wp-content\/uploads\/2026\/09\/Desapariciones-en-Mexico-300x216.jpg","medium_large":"https:\/\/www.alasmedios.com\/wp-content\/uploads\/2026\/09\/Desapariciones-en-Mexico.jpg","large":"https:\/\/www.alasmedios.com\/wp-content\/uploads\/2026\/09\/Desapariciones-en-Mexico.jpg","1536x1536":"https:\/\/www.alasmedios.com\/wp-content\/uploads\/2026\/09\/Desapariciones-en-Mexico.jpg","2048x2048":"https:\/\/www.alasmedios.com\/wp-content\/uploads\/2026\/09\/Desapariciones-en-Mexico.jpg","colormag-highlighted-post":"https:\/\/www.alasmedios.com\/wp-content\/uploads\/2026\/09\/Desapariciones-en-Mexico-392x272.jpg","colormag-featured-post-medium":"https:\/\/www.alasmedios.com\/wp-content\/uploads\/2026\/09\/Desapariciones-en-Mexico-390x205.jpg","colormag-featured-post-small":"https:\/\/www.alasmedios.com\/wp-content\/uploads\/2026\/09\/Desapariciones-en-Mexico-130x90.jpg","colormag-featured-image":"https:\/\/www.alasmedios.com\/wp-content\/uploads\/2026\/09\/Desapariciones-en-Mexico.jpg","colormag-default-news":"https:\/\/www.alasmedios.com\/wp-content\/uploads\/2026\/09\/Desapariciones-en-Mexico-150x150.jpg","colormag-featured-image-large":"https:\/\/www.alasmedios.com\/wp-content\/uploads\/2026\/09\/Desapariciones-en-Mexico.jpg"},"magazineBlocksPostAuthor":{"name":"Yissel Padilla","avatar":"https:\/\/secure.gravatar.com\/avatar\/98842131f4e7c39771d95c321b4e271e6d6b9aefdb1d69d099b18469d859168e?s=96&d=mm&r=g"},"magazineBlocksPostCommentsNumber":"0","magazineBlocksPostExcerpt":"En M\u00e9xico, 17 mil 487 ni\u00f1as, ni\u00f1os y adolescentes siguen desaparecidos o no localizados. Por primera vez, los varones representan","magazineBlocksPostCategories":["M\u00e9xico"],"magazineBlocksPostViewCount":22,"magazineBlocksPostReadTime":3,"magazine_blocks_featured_image_url":{"full":["https:\/\/www.alasmedios.com\/wp-content\/uploads\/2026\/09\/Desapariciones-en-Mexico.jpg",527,379,false],"medium":["https:\/\/www.alasmedios.com\/wp-content\/uploads\/2026\/09\/Desapariciones-en-Mexico-300x216.jpg",300,216,true],"thumbnail":["https:\/\/www.alasmedios.com\/wp-content\/uploads\/2026\/09\/Desapariciones-en-Mexico-150x150.jpg",150,150,true]},"magazine_blocks_author":{"display_name":"Yissel Padilla","author_link":"https:\/\/www.alasmedios.com\/index.php\/author\/yissel-padilla\/"},"magazine_blocks_comment":0,"magazine_blocks_author_image":"https:\/\/secure.gravatar.com\/avatar\/98842131f4e7c39771d95c321b4e271e6d6b9aefdb1d69d099b18469d859168e?s=96&d=mm&r=g","magazine_blocks_category":"<a href=\"#\" class=\"category-link category-link-3222\">M\u00e9xico<\/a>","videoUrl":"","yoast_head":"<!-- This site is optimized with the Yoast SEO plugin v28.4 - https:\/\/yoast.com\/product\/yoast-seo-wordpress\/ -->\r\n<title>M\u00e1s de 17 mil ni\u00f1as, ni\u00f1os y adolescentes siguen desaparecidos en M\u00e9xico; varones superan a mujeres - Alas Medios<\/title>\r\n<meta name=\"description\" content=\"En M\u00e9xico, 17 mil 487 ni\u00f1as, ni\u00f1os y adolescentes siguen desaparecidos o no localizados. Por primera vez, los varones representan la mayor\u00eda entre las personas menores de edad que contin\u00faan ausentes. As\u00ed lo indican datos de la Red por los Derechos de la Infancia en M\u00e9xico, actualizados al 29 de agosto de 2026.\" \/>\r\n<meta name=\"robots\" content=\"index, follow, max-snippet:-1, max-image-preview:large, max-video-preview:-1\" \/>\r\n<link rel=\"canonical\" href=\"https:\/\/www.alasmedios.com\/index.php\/2026\/09\/02\/mas-de-17-mil-ninas-ninos-y-adolescentes-siguen-desaparecidos-en-mexico-varones-superan-a-mujeres\/\" \/>\r\n<meta property=\"og:locale\" content=\"es_MX\" \/>\r\n<meta property=\"og:type\" content=\"article\" \/>\r\n<meta property=\"og:title\" content=\"M\u00e1s de 17 mil ni\u00f1as, ni\u00f1os y adolescentes siguen desaparecidos en M\u00e9xico; varones superan a mujeres - Alas Medios\" \/>\r\n<meta property=\"og:description\" content=\"En M\u00e9xico, 17 mil 487 ni\u00f1as, ni\u00f1os y adolescentes siguen desaparecidos o no localizados. Por primera vez, los varones representan la mayor\u00eda entre las personas menores de edad que contin\u00faan ausentes. As\u00ed lo indican datos de la Red por los Derechos de la Infancia en M\u00e9xico, actualizados al 29 de agosto de 2026.\" \/>\r\n<meta property=\"og:url\" content=\"https:\/\/www.alasmedios.com\/index.php\/2026\/09\/02\/mas-de-17-mil-ninas-ninos-y-adolescentes-siguen-desaparecidos-en-mexico-varones-superan-a-mujeres\/\" \/>\r\n<meta property=\"og:site_name\" content=\"Alas Medios\" \/>\r\n<meta property=\"article:published_time\" content=\"2026-09-02T19:20:00+00:00\" \/>\r\n<meta property=\"article:modified_time\" content=\"2026-09-02T19:21:08+00:00\" \/>\r\n<meta property=\"og:image\" content=\"https:\/\/www.alasmedios.com\/wp-content\/uploads\/2026\/09\/Desapariciones-en-Mexico.jpg\" \/>\r\n\t<meta property=\"og:image:width\" content=\"527\" \/>\r\n\t<meta property=\"og:image:height\" content=\"379\" \/>\r\n\t<meta property=\"og:image:type\" content=\"image\/jpeg\" \/>\r\n<meta name=\"author\" content=\"Yissel Padilla\" \/>\r\n<meta name=\"twitter:card\" content=\"summary_large_image\" \/>\r\n<meta name=\"twitter:label1\" content=\"Escrito por\" \/>\n\t<meta name=\"twitter:data1\" content=\"Yissel Padilla\" \/>\n\t<meta name=\"twitter:label2\" content=\"Tiempo de lectura\" \/>\n\t<meta name=\"twitter:data2\" content=\"3 minutos\" \/>\r\n<script type=\"application\/ld+json\" class=\"yoast-schema-graph\">{\"@context\":\"https:\\\/\\\/schema.org\",\"@graph\":[{\"@type\":\"Article\",\"@id\":\"https:\\\/\\\/www.alasmedios.com\\\/index.php\\\/2026\\\/09\\\/02\\\/mas-de-17-mil-ninas-ninos-y-adolescentes-siguen-desaparecidos-en-mexico-varones-superan-a-mujeres\\\/#article\",\"isPartOf\":{\"@id\":\"https:\\\/\\\/www.alasmedios.com\\\/index.php\\\/2026\\\/09\\\/02\\\/mas-de-17-mil-ninas-ninos-y-adolescentes-siguen-desaparecidos-en-mexico-varones-superan-a-mujeres\\\/\"},\"author\":{\"name\":\"Yissel Padilla\",\"@id\":\"https:\\\/\\\/www.alasmedios.com\\\/#\\\/schema\\\/person\\\/4a77b9da264b9fd30e9b7bf44efa7ada\"},\"headline\":\"M\u00e1s de 17 mil ni\u00f1as, ni\u00f1os y adolescentes siguen desaparecidos en M\u00e9xico; varones superan a mujeres\",\"datePublished\":\"2026-09-02T19:20:00+00:00\",\"dateModified\":\"2026-09-02T19:21:08+00:00\",\"mainEntityOfPage\":{\"@id\":\"https:\\\/\\\/www.alasmedios.com\\\/index.php\\\/2026\\\/09\\\/02\\\/mas-de-17-mil-ninas-ninos-y-adolescentes-siguen-desaparecidos-en-mexico-varones-superan-a-mujeres\\\/\"},\"wordCount\":461,\"commentCount\":0,\"publisher\":{\"@id\":\"https:\\\/\\\/www.alasmedios.com\\\/#organization\"},\"image\":{\"@id\":\"https:\\\/\\\/www.alasmedios.com\\\/index.php\\\/2026\\\/09\\\/02\\\/mas-de-17-mil-ninas-ninos-y-adolescentes-siguen-desaparecidos-en-mexico-varones-superan-a-mujeres\\\/#primaryimage\"},\"thumbnailUrl\":\"https:\\\/\\\/www.alasmedios.com\\\/wp-content\\\/uploads\\\/2026\\\/09\\\/Desapariciones-en-Mexico.jpg\",\"keywords\":[\"Desapariciones en M\u00e9xico\",\"Mujeres\"],\"articleSection\":[\"M\u00e9xico\"],\"inLanguage\":\"es\",\"potentialAction\":[{\"@type\":\"CommentAction\",\"name\":\"Comment\",\"target\":[\"https:\\\/\\\/www.alasmedios.com\\\/index.php\\\/2026\\\/09\\\/02\\\/mas-de-17-mil-ninas-ninos-y-adolescentes-siguen-desaparecidos-en-mexico-varones-superan-a-mujeres\\\/#respond\"]}]},{\"@type\":\"WebPage\",\"@id\":\"https:\\\/\\\/www.alasmedios.com\\\/index.php\\\/2026\\\/09\\\/02\\\/mas-de-17-mil-ninas-ninos-y-adolescentes-siguen-desaparecidos-en-mexico-varones-superan-a-mujeres\\\/\",\"url\":\"https:\\\/\\\/www.alasmedios.com\\\/index.php\\\/2026\\\/09\\\/02\\\/mas-de-17-mil-ninas-ninos-y-adolescentes-siguen-desaparecidos-en-mexico-varones-superan-a-mujeres\\\/\",\"name\":\"M\u00e1s de 17 mil ni\u00f1as, ni\u00f1os y adolescentes siguen desaparecidos en M\u00e9xico; varones superan a mujeres - Alas Medios\",\"isPartOf\":{\"@id\":\"https:\\\/\\\/www.alasmedios.com\\\/#website\"},\"primaryImageOfPage\":{\"@id\":\"https:\\\/\\\/www.alasmedios.com\\\/index.php\\\/2026\\\/09\\\/02\\\/mas-de-17-mil-ninas-ninos-y-adolescentes-siguen-desaparecidos-en-mexico-varones-superan-a-mujeres\\\/#primaryimage\"},\"image\":{\"@id\":\"https:\\\/\\\/www.alasmedios.com\\\/index.php\\\/2026\\\/09\\\/02\\\/mas-de-17-mil-ninas-ninos-y-adolescentes-siguen-desaparecidos-en-mexico-varones-superan-a-mujeres\\\/#primaryimage\"},\"thumbnailUrl\":\"https:\\\/\\\/www.alasmedios.com\\\/wp-content\\\/uploads\\\/2026\\\/09\\\/Desapariciones-en-Mexico.jpg\",\"datePublished\":\"2026-09-02T19:20:00+00:00\",\"dateModified\":\"2026-09-02T19:21:08+00:00\",\"description\":\"En M\u00e9xico, 17 mil 487 ni\u00f1as, ni\u00f1os y adolescentes siguen desaparecidos o no localizados. Por primera vez, los varones representan la mayor\u00eda entre las personas menores de edad que contin\u00faan ausentes. As\u00ed lo indican datos de la Red por los Derechos de la Infancia en M\u00e9xico, actualizados al 29 de agosto de 2026.\",\"breadcrumb\":{\"@id\":\"https:\\\/\\\/www.alasmedios.com\\\/index.php\\\/2026\\\/09\\\/02\\\/mas-de-17-mil-ninas-ninos-y-adolescentes-siguen-desaparecidos-en-mexico-varones-superan-a-mujeres\\\/#breadcrumb\"},\"inLanguage\":\"es\",\"potentialAction\":[{\"@type\":\"ReadAction\",\"target\":[\"https:\\\/\\\/www.alasmedios.com\\\/index.php\\\/2026\\\/09\\\/02\\\/mas-de-17-mil-ninas-ninos-y-adolescentes-siguen-desaparecidos-en-mexico-varones-superan-a-mujeres\\\/\"]}]},{\"@type\":\"ImageObject\",\"inLanguage\":\"es\",\"@id\":\"https:\\\/\\\/www.alasmedios.com\\\/index.php\\\/2026\\\/09\\\/02\\\/mas-de-17-mil-ninas-ninos-y-adolescentes-siguen-desaparecidos-en-mexico-varones-superan-a-mujeres\\\/#primaryimage\",\"url\":\"https:\\\/\\\/www.alasmedios.com\\\/wp-content\\\/uploads\\\/2026\\\/09\\\/Desapariciones-en-Mexico.jpg\",\"contentUrl\":\"https:\\\/\\\/www.alasmedios.com\\\/wp-content\\\/uploads\\\/2026\\\/09\\\/Desapariciones-en-Mexico.jpg\",\"width\":527,\"height\":379,\"caption\":\"Foto: Especial\"},{\"@type\":\"BreadcrumbList\",\"@id\":\"https:\\\/\\\/www.alasmedios.com\\\/index.php\\\/2026\\\/09\\\/02\\\/mas-de-17-mil-ninas-ninos-y-adolescentes-siguen-desaparecidos-en-mexico-varones-superan-a-mujeres\\\/#breadcrumb\",\"itemListElement\":[{\"@type\":\"ListItem\",\"position\":1,\"name\":\"Inicio\",\"item\":\"https:\\\/\\\/www.alasmedios.com\\\/\"},{\"@type\":\"ListItem\",\"position\":2,\"name\":\"M\u00e1s de 17 mil ni\u00f1as, ni\u00f1os y adolescentes siguen desaparecidos en M\u00e9xico; varones superan a mujeres\"}]},{\"@type\":\"WebSite\",\"@id\":\"https:\\\/\\\/www.alasmedios.com\\\/#website\",\"url\":\"https:\\\/\\\/www.alasmedios.com\\\/\",\"name\":\"Alas Medios\",\"description\":\"Alas para pensar, Alas para volar, Alas de libertad\",\"publisher\":{\"@id\":\"https:\\\/\\\/www.alasmedios.com\\\/#organization\"},\"potentialAction\":[{\"@type\":\"SearchAction\",\"target\":{\"@type\":\"EntryPoint\",\"urlTemplate\":\"https:\\\/\\\/www.alasmedios.com\\\/?s={search_term_string}\"},\"query-input\":{\"@type\":\"PropertyValueSpecification\",\"valueRequired\":true,\"valueName\":\"search_term_string\"}}],\"inLanguage\":\"es\"},{\"@type\":\"Organization\",\"@id\":\"https:\\\/\\\/www.alasmedios.com\\\/#organization\",\"name\":\"Alas Medios\",\"url\":\"https:\\\/\\\/www.alasmedios.com\\\/\",\"logo\":{\"@type\":\"ImageObject\",\"inLanguage\":\"es\",\"@id\":\"https:\\\/\\\/www.alasmedios.com\\\/#\\\/schema\\\/logo\\\/image\\\/\",\"url\":\"https:\\\/\\\/www.alasmedios.com\\\/wp-content\\\/uploads\\\/2026\\\/01\\\/cropped-cropped-GAM-1.png\",\"contentUrl\":\"https:\\\/\\\/www.alasmedios.com\\\/wp-content\\\/uploads\\\/2026\\\/01\\\/cropped-cropped-GAM-1.png\",\"width\":467,\"height\":235,\"caption\":\"Alas Medios\"},\"image\":{\"@id\":\"https:\\\/\\\/www.alasmedios.com\\\/#\\\/schema\\\/logo\\\/image\\\/\"}},{\"@type\":\"Person\",\"@id\":\"https:\\\/\\\/www.alasmedios.com\\\/#\\\/schema\\\/person\\\/4a77b9da264b9fd30e9b7bf44efa7ada\",\"name\":\"Yissel Padilla\",\"image\":{\"@type\":\"ImageObject\",\"inLanguage\":\"es\",\"@id\":\"https:\\\/\\\/secure.gravatar.com\\\/avatar\\\/98842131f4e7c39771d95c321b4e271e6d6b9aefdb1d69d099b18469d859168e?s=96&d=mm&r=g\",\"url\":\"https:\\\/\\\/secure.gravatar.com\\\/avatar\\\/98842131f4e7c39771d95c321b4e271e6d6b9aefdb1d69d099b18469d859168e?s=96&d=mm&r=g\",\"contentUrl\":\"https:\\\/\\\/secure.gravatar.com\\\/avatar\\\/98842131f4e7c39771d95c321b4e271e6d6b9aefdb1d69d099b18469d859168e?s=96&d=mm&r=g\",\"caption\":\"Yissel Padilla\"},\"url\":\"https:\\\/\\\/www.alasmedios.com\\\/index.php\\\/author\\\/yissel-padilla\\\/\"}]}<\/script>\r\n<!-- \/ Yoast SEO plugin. -->","yoast_head_json":{"title":"M\u00e1s de 17 mil ni\u00f1as, ni\u00f1os y adolescentes siguen desaparecidos en M\u00e9xico; varones superan a mujeres - Alas Medios","description":"En M\u00e9xico, 17 mil 487 ni\u00f1as, ni\u00f1os y adolescentes siguen desaparecidos o no localizados. Por primera vez, los varones representan la mayor\u00eda entre las personas menores de edad que contin\u00faan ausentes. As\u00ed lo indican datos de la Red por los Derechos de la Infancia en M\u00e9xico, actualizados al 29 de agosto de 2026.","robots":{"index":"index","follow":"follow","max-snippet":"max-snippet:-1","max-image-preview":"max-image-preview:large","max-video-preview":"max-video-preview:-1"},"canonical":"https:\/\/www.alasmedios.com\/index.php\/2026\/09\/02\/mas-de-17-mil-ninas-ninos-y-adolescentes-siguen-desaparecidos-en-mexico-varones-superan-a-mujeres\/","og_locale":"es_MX","og_type":"article","og_title":"M\u00e1s de 17 mil ni\u00f1as, ni\u00f1os y adolescentes siguen desaparecidos en M\u00e9xico; varones superan a mujeres - Alas Medios","og_description":"En M\u00e9xico, 17 mil 487 ni\u00f1as, ni\u00f1os y adolescentes siguen desaparecidos o no localizados. Por primera vez, los varones representan la mayor\u00eda entre las personas menores de edad que contin\u00faan ausentes. As\u00ed lo indican datos de la Red por los Derechos de la Infancia en M\u00e9xico, actualizados al 29 de agosto de 2026.","og_url":"https:\/\/www.alasmedios.com\/index.php\/2026\/09\/02\/mas-de-17-mil-ninas-ninos-y-adolescentes-siguen-desaparecidos-en-mexico-varones-superan-a-mujeres\/","og_site_name":"Alas Medios","article_published_time":"2026-09-02T19:20:00+00:00","article_modified_time":"2026-09-02T19:21:08+00:00","og_image":[{"width":527,"height":379,"url":"https:\/\/www.alasmedios.com\/wp-content\/uploads\/2026\/09\/Desapariciones-en-Mexico.jpg","type":"image\/jpeg"}],"author":"Yissel Padilla","twitter_card":"summary_large_image","twitter_misc":{"Escrito por":"Yissel Padilla","Tiempo de lectura":"3 minutos"},"schema":{"@context":"https:\/\/schema.org","@graph":[{"@type":"Article","@id":"https:\/\/www.alasmedios.com\/index.php\/2026\/09\/02\/mas-de-17-mil-ninas-ninos-y-adolescentes-siguen-desaparecidos-en-mexico-varones-superan-a-mujeres\/#article","isPartOf":{"@id":"https:\/\/www.alasmedios.com\/index.php\/2026\/09\/02\/mas-de-17-mil-ninas-ninos-y-adolescentes-siguen-desaparecidos-en-mexico-varones-superan-a-mujeres\/"},"author":{"name":"Yissel Padilla","@id":"https:\/\/www.alasmedios.com\/#\/schema\/person\/4a77b9da264b9fd30e9b7bf44efa7ada"},"headline":"M\u00e1s de 17 mil ni\u00f1as, ni\u00f1os y adolescentes siguen desaparecidos en M\u00e9xico; varones superan a mujeres","datePublished":"2026-09-02T19:20:00+00:00","dateModified":"2026-09-02T19:21:08+00:00","mainEntityOfPage":{"@id":"https:\/\/www.alasmedios.com\/index.php\/2026\/09\/02\/mas-de-17-mil-ninas-ninos-y-adolescentes-siguen-desaparecidos-en-mexico-varones-superan-a-mujeres\/"},"wordCount":461,"commentCount":0,"publisher":{"@id":"https:\/\/www.alasmedios.com\/#organization"},"image":{"@id":"https:\/\/www.alasmedios.com\/index.php\/2026\/09\/02\/mas-de-17-mil-ninas-ninos-y-adolescentes-siguen-desaparecidos-en-mexico-varones-superan-a-mujeres\/#primaryimage"},"thumbnailUrl":"https:\/\/www.alasmedios.com\/wp-content\/uploads\/2026\/09\/Desapariciones-en-Mexico.jpg","keywords":["Desapariciones en M\u00e9xico","Mujeres"],"articleSection":["M\u00e9xico"],"inLanguage":"es","potentialAction":[{"@type":"CommentAction","name":"Comment","target":["https:\/\/www.alasmedios.com\/index.php\/2026\/09\/02\/mas-de-17-mil-ninas-ninos-y-adolescentes-siguen-desaparecidos-en-mexico-varones-superan-a-mujeres\/#respond"]}]},{"@type":"WebPage","@id":"https:\/\/www.alasmedios.com\/index.php\/2026\/09\/02\/mas-de-17-mil-ninas-ninos-y-adolescentes-siguen-desaparecidos-en-mexico-varones-superan-a-mujeres\/","url":"https:\/\/www.alasmedios.com\/index.php\/2026\/09\/02\/mas-de-17-mil-ninas-ninos-y-adolescentes-siguen-desaparecidos-en-mexico-varones-superan-a-mujeres\/","name":"M\u00e1s de 17 mil ni\u00f1as, ni\u00f1os y adolescentes siguen desaparecidos en M\u00e9xico; varones superan a mujeres - Alas Medios","isPartOf":{"@id":"https:\/\/www.alasmedios.com\/#website"},"primaryImageOfPage":{"@id":"https:\/\/www.alasmedios.com\/index.php\/2026\/09\/02\/mas-de-17-mil-ninas-ninos-y-adolescentes-siguen-desaparecidos-en-mexico-varones-superan-a-mujeres\/#primaryimage"},"image":{"@id":"https:\/\/www.alasmedios.com\/index.php\/2026\/09\/02\/mas-de-17-mil-ninas-ninos-y-adolescentes-siguen-desaparecidos-en-mexico-varones-superan-a-mujeres\/#primaryimage"},"thumbnailUrl":"https:\/\/www.alasmedios.com\/wp-content\/uploads\/2026\/09\/Desapariciones-en-Mexico.jpg","datePublished":"2026-09-02T19:20:00+00:00","dateModified":"2026-09-02T19:21:08+00:00","description":"En M\u00e9xico, 17 mil 487 ni\u00f1as, ni\u00f1os y adolescentes siguen desaparecidos o no localizados. Por primera vez, los varones representan la mayor\u00eda entre las personas menores de edad que contin\u00faan ausentes. As\u00ed lo indican datos de la Red por los Derechos de la Infancia en M\u00e9xico, actualizados al 29 de agosto de 2026.","breadcrumb":{"@id":"https:\/\/www.alasmedios.com\/index.php\/2026\/09\/02\/mas-de-17-mil-ninas-ninos-y-adolescentes-siguen-desaparecidos-en-mexico-varones-superan-a-mujeres\/#breadcrumb"},"inLanguage":"es","potentialAction":[{"@type":"ReadAction","target":["https:\/\/www.alasmedios.com\/index.php\/2026\/09\/02\/mas-de-17-mil-ninas-ninos-y-adolescentes-siguen-desaparecidos-en-mexico-varones-superan-a-mujeres\/"]}]},{"@type":"ImageObject","inLanguage":"es","@id":"https:\/\/www.alasmedios.com\/index.php\/2026\/09\/02\/mas-de-17-mil-ninas-ninos-y-adolescentes-siguen-desaparecidos-en-mexico-varones-superan-a-mujeres\/#primaryimage","url":"https:\/\/www.alasmedios.com\/wp-content\/uploads\/2026\/09\/Desapariciones-en-Mexico.jpg","contentUrl":"https:\/\/www.alasmedios.com\/wp-content\/uploads\/2026\/09\/Desapariciones-en-Mexico.jpg","width":527,"height":379,"caption":"Foto: Especial"},{"@type":"BreadcrumbList","@id":"https:\/\/www.alasmedios.com\/index.php\/2026\/09\/02\/mas-de-17-mil-ninas-ninos-y-adolescentes-siguen-desaparecidos-en-mexico-varones-superan-a-mujeres\/#breadcrumb","itemListElement":[{"@type":"ListItem","position":1,"name":"Inicio","item":"https:\/\/www.alasmedios.com\/"},{"@type":"ListItem","position":2,"name":"M\u00e1s de 17 mil ni\u00f1as, ni\u00f1os y adolescentes siguen desaparecidos en M\u00e9xico; varones superan a mujeres"}]},{"@type":"WebSite","@id":"https:\/\/www.alasmedios.com\/#website","url":"https:\/\/www.alasmedios.com\/","name":"Alas Medios","description":"Alas para pensar, Alas para volar, Alas de libertad","publisher":{"@id":"https:\/\/www.alasmedios.com\/#organization"},"potentialAction":[{"@type":"SearchAction","target":{"@type":"EntryPoint","urlTemplate":"https:\/\/www.alasmedios.com\/?s={search_term_string}"},"query-input":{"@type":"PropertyValueSpecification","valueRequired":true,"valueName":"search_term_string"}}],"inLanguage":"es"},{"@type":"Organization","@id":"https:\/\/www.alasmedios.com\/#organization","name":"Alas Medios","url":"https:\/\/www.alasmedios.com\/","logo":{"@type":"ImageObject","inLanguage":"es","@id":"https:\/\/www.alasmedios.com\/#\/schema\/logo\/image\/","url":"https:\/\/www.alasmedios.com\/wp-content\/uploads\/2026\/01\/cropped-cropped-GAM-1.png","contentUrl":"https:\/\/www.alasmedios.com\/wp-content\/uploads\/2026\/01\/cropped-cropped-GAM-1.png","width":467,"height":235,"caption":"Alas Medios"},"image":{"@id":"https:\/\/www.alasmedios.com\/#\/schema\/logo\/image\/"}},{"@type":"Person","@id":"https:\/\/www.alasmedios.com\/#\/schema\/person\/4a77b9da264b9fd30e9b7bf44efa7ada","name":"Yissel Padilla","image":{"@type":"ImageObject","inLanguage":"es","@id":"https:\/\/secure.gravatar.com\/avatar\/98842131f4e7c39771d95c321b4e271e6d6b9aefdb1d69d099b18469d859168e?s=96&d=mm&r=g","url":"https:\/\/secure.gravatar.com\/avatar\/98842131f4e7c39771d95c321b4e271e6d6b9aefdb1d69d099b18469d859168e?s=96&d=mm&r=g","contentUrl":"https:\/\/secure.gravatar.com\/avatar\/98842131f4e7c39771d95c321b4e271e6d6b9aefdb1d69d099b18469d859168e?s=96&d=mm&r=g","caption":"Yissel Padilla"},"url":"https:\/\/www.alasmedios.com\/index.php\/author\/yissel-padilla\/"}]}},"_links":{"self":[{"href":"https:\/\/www.alasmedios.com\/index.php\/wp-json\/wp\/v2\/posts\/12608","targetHints":{"allow":["GET"]}}],"collection":[{"href":"https:\/\/www.alasmedios.com\/index.php\/wp-json\/wp\/v2\/posts"}],"about":[{"href":"https:\/\/www.alasmedios.com\/index.php\/wp-json\/wp\/v2\/types\/post"}],"author":[{"embeddable":true,"href":"https:\/\/www.alasmedios.com\/index.php\/wp-json\/wp\/v2\/users\/18"}],"replies":[{"embeddable":true,"href":"https:\/\/www.alasmedios.com\/index.php\/wp-json\/wp\/v2\/comments?post=12608"}],"version-history":[{"count":1,"href":"https:\/\/www.alasmedios.com\/index.php\/wp-json\/wp\/v2\/posts\/12608\/revisions"}],"predecessor-version":[{"id":12610,"href":"https:\/\/www.alasmedios.com\/index.php\/wp-json\/wp\/v2\/posts\/12608\/revisions\/12610"}],"wp:featuredmedia":[{"embeddable":true,"href":"https:\/\/www.alasmedios.com\/index.php\/wp-json\/wp\/v2\/media\/12609"}],"wp:attachment":[{"href":"https:\/\/www.alasmedios.com\/index.php\/wp-json\/wp\/v2\/media?parent=12608"}],"wp:term":[{"taxonomy":"category","embeddable":true,"href":"https:\/\/www.alasmedios.com\/index.php\/wp-json\/wp\/v2\/categories?post=12608"},{"taxonomy":"post_tag","embeddable":true,"href":"https:\/\/www.alasmedios.com\/index.php\/wp-json\/wp\/v2\/tags?post=12608"}],"curies":[{"name":"wp","href":"https:\/\/api.w.org\/{rel}","templated":true}]}}