{"id":12584,"date":"2026-09-02T05:00:00","date_gmt":"2026-09-02T11:00:00","guid":{"rendered":"https:\/\/www.alasmedios.com\/?p=12584"},"modified":"2026-09-01T16:23:51","modified_gmt":"2026-09-01T22:23:51","slug":"melissa-marquez-y-aylin-ibarra-regresan-a-mexico-con-el-oro-del-mundial-de-remo","status":"publish","type":"post","link":"https:\/\/www.alasmedios.com\/index.php\/2026\/09\/02\/melissa-marquez-y-aylin-ibarra-regresan-a-mexico-con-el-oro-del-mundial-de-remo\/","title":{"rendered":"Melissa M\u00e1rquez y Aylin Ibarra regresan a M\u00e9xico con el oro del Mundial de Remo"},"content":{"rendered":"\n<p class=\"wp-block-paragraph\">Regresan a M\u00e9xico: <strong>Melissa M\u00e1rquez y Aylin Ibarra<\/strong> con el oro del <strong>Campeonato Mundial de Remo<\/strong>, celebrado en \u00c1msterdam.<\/p>\n\n\n\n<p class=\"wp-block-paragraph\"><strong>Melissa M\u00e1rquez y Aylin Ibarra<\/strong> regresaron a M\u00e9xico como <strong>campeonas del mundo<\/strong>, luego de conquistar en \u00c1msterdam 2026 el <strong>primer oro mundial de la rama femenil para el pa\u00eds<\/strong> en un Campeonato Mundial de Remo.<\/p>\n\n\n\n<p class=\"wp-block-paragraph\">La dupla mexicana se coron\u00f3 en la final de <strong>LW2x<\/strong>, celebrada durante el Mundial de <strong>\u00c1msterdam, Pa\u00edses Bajos<\/strong>, del 24 al 30 de agosto. A su llegada al <strong>Aeropuerto Internacional de la Ciudad de M\u00e9xico<\/strong>, familiares y amigos las recibieron entre <strong>aplausos, flores y porras<\/strong>.<\/p>\n\n\n\n<p class=\"wp-block-paragraph\">CONTIN\u00daA LEYENDO: <a href=\"https:\/\/www.alasmedios.com\/index.php\/2026\/08\/31\/puebla-femenil-golea-a-necaxa-sale-de-sequia-sin-triunfo\/\" data-type=\"post\" data-id=\"12521\">Puebla Femenil golea a Necaxa, sale de sequ\u00eda sin triunfo<\/a><\/p>\n\n\n\n<p class=\"wp-block-paragraph\">Para <strong>Melissa M\u00e1rquez<\/strong>, de 30 a\u00f1os y con 14 de trayectoria, fue su tercer Mundial. La remera reconoci\u00f3 que esperaban un buen resultado, pero <strong>no dimensionaban alcanzar el primer lugar<\/strong>.<\/p>\n\n\n\n<figure class=\"wp-block-image size-large\"><img loading=\"lazy\" decoding=\"async\" width=\"1024\" height=\"622\" src=\"https:\/\/www.alasmedios.com\/wp-content\/uploads\/2026\/09\/Melissa-Marquez-y-Aylin-Ibarra-oro-del-Campeonato-Mundial-de-Remo-1024x622.png\" alt=\"\" class=\"wp-image-12587\" srcset=\"https:\/\/www.alasmedios.com\/wp-content\/uploads\/2026\/09\/Melissa-Marquez-y-Aylin-Ibarra-oro-del-Campeonato-Mundial-de-Remo-1024x622.png 1024w, https:\/\/www.alasmedios.com\/wp-content\/uploads\/2026\/09\/Melissa-Marquez-y-Aylin-Ibarra-oro-del-Campeonato-Mundial-de-Remo-300x182.png 300w, https:\/\/www.alasmedios.com\/wp-content\/uploads\/2026\/09\/Melissa-Marquez-y-Aylin-Ibarra-oro-del-Campeonato-Mundial-de-Remo-768x466.png 768w, https:\/\/www.alasmedios.com\/wp-content\/uploads\/2026\/09\/Melissa-Marquez-y-Aylin-Ibarra-oro-del-Campeonato-Mundial-de-Remo-1536x932.png 1536w, https:\/\/www.alasmedios.com\/wp-content\/uploads\/2026\/09\/Melissa-Marquez-y-Aylin-Ibarra-oro-del-Campeonato-Mundial-de-Remo.png 2000w\" sizes=\"auto, (max-width: 1024px) 100vw, 1024px\" \/><\/figure>\n\n\n\n<p class=\"wp-block-paragraph\">Para <strong>Aylin Ibarra<\/strong>, de 23 a\u00f1os, el logro fue todav\u00eda m\u00e1s especial: disput\u00f3 su <strong>primer Mundial senior y debut\u00f3 como campeona del mundo<\/strong>.<\/p>\n\n\n\n<p class=\"wp-block-paragraph\">La dupla, que apenas tiene <strong>un a\u00f1o de trabajo<\/strong> bajo la direcci\u00f3n de <strong>Lourdes Montoya<\/strong>, ya suma tambi\u00e9n el oro en los <strong>Juegos Centroamericanos y del Caribe Santo Domingo 2026<\/strong>.<\/p>\n\n\n\n<h3 class=\"wp-block-heading\"><strong>Del oro mundial al sue\u00f1o ol\u00edmpico<\/strong><\/h3>\n\n\n\n<p class=\"wp-block-paragraph\">El campeonato no representa el punto final. Todo lo contrario: <strong>M\u00e1rquez e Ibarra ya tienen la mira puesta en Los \u00c1ngeles 2028<\/strong>.<\/p>\n\n\n\n<p class=\"wp-block-paragraph\">TE PUEDE INTERESAR: <a href=\"https:\/\/www.alasmedios.com\/index.php\/2026\/08\/28\/hermanas-cueva-hacen-historia-en-el-mundial-juvenil-de-clavados\/\" data-type=\"post\" data-id=\"12431\">Hermanas Cueva hacen historia en el Mundial Juvenil de Clavados<\/a><\/p>\n\n\n\n<p class=\"wp-block-paragraph\">Antes deber\u00e1n enfrentar el proceso rumbo a los <strong>Juegos Panamericanos Lima 2027<\/strong>, con un evento continental programado para <strong>octubre de 2026<\/strong> y un torneo clasificatorio previsto para <strong>marzo de 2027<\/strong>.<\/p>\n\n\n\n<figure class=\"wp-block-image size-large\"><img loading=\"lazy\" decoding=\"async\" width=\"1024\" height=\"622\" src=\"https:\/\/www.alasmedios.com\/wp-content\/uploads\/2026\/09\/Melissa-Marquez-y-Aylin-Ibarra-con-el-oro-del-Campeonato-Mundial-de-Remo-1-1024x622.png\" alt=\"\" class=\"wp-image-12588\" srcset=\"https:\/\/www.alasmedios.com\/wp-content\/uploads\/2026\/09\/Melissa-Marquez-y-Aylin-Ibarra-con-el-oro-del-Campeonato-Mundial-de-Remo-1-1024x622.png 1024w, https:\/\/www.alasmedios.com\/wp-content\/uploads\/2026\/09\/Melissa-Marquez-y-Aylin-Ibarra-con-el-oro-del-Campeonato-Mundial-de-Remo-1-300x182.png 300w, https:\/\/www.alasmedios.com\/wp-content\/uploads\/2026\/09\/Melissa-Marquez-y-Aylin-Ibarra-con-el-oro-del-Campeonato-Mundial-de-Remo-1-768x466.png 768w, https:\/\/www.alasmedios.com\/wp-content\/uploads\/2026\/09\/Melissa-Marquez-y-Aylin-Ibarra-con-el-oro-del-Campeonato-Mundial-de-Remo-1-1536x932.png 1536w, https:\/\/www.alasmedios.com\/wp-content\/uploads\/2026\/09\/Melissa-Marquez-y-Aylin-Ibarra-con-el-oro-del-Campeonato-Mundial-de-Remo-1.png 2000w\" sizes=\"auto, (max-width: 1024px) 100vw, 1024px\" \/><\/figure>\n\n\n\n<p class=\"wp-block-paragraph\">El objetivo inmediato ser\u00e1 conseguir su lugar en Lima y, posteriormente, buscar la clasificaci\u00f3n ol\u00edmpica en el <strong>doble abierto de Los \u00c1ngeles 2028<\/strong>.<\/p>\n\n\n\n<p class=\"wp-block-paragraph\">\u201cNuestro siguiente objetivo es prepararnos para los <strong>Juegos Panamericanos Lima 2027<\/strong> y despu\u00e9s buscar nuestra plaza para <strong>Juegos Ol\u00edmpicos Los \u00c1ngeles 2028<\/strong> en el doble abierto\u201d, puntualiz\u00f3 Ibarra.<\/p>\n\n\n\n<p class=\"wp-block-paragraph\">Ahora el siguiente reto est\u00e1 en <strong>Lima 2027<\/strong>, donde buscar\u00e1n su boleto a los Juegos Panamericanos, para despu\u00e9s ir por la clasificaci\u00f3n a <strong>Los \u00c1ngeles 2028<\/strong> en el doble abierto.<\/p>\n\n\n\n<p class=\"wp-block-paragraph\"><strong>El oro ya est\u00e1 en casa; ahora comienza la carrera por el sue\u00f1o ol\u00edmpico.<\/strong><\/p>\n\n\n<ul class=\"wp-block-latest-posts__list is-grid columns-3 wp-block-latest-posts is-layout-grid wp-container-core-latest-posts-is-layout-cda6dc4f wp-block-latest-posts-is-layout-grid\"><li><div class=\"wp-block-latest-posts__featured-image\"><img loading=\"lazy\" decoding=\"async\" width=\"150\" height=\"150\" src=\"https:\/\/www.alasmedios.com\/wp-content\/uploads\/2026\/09\/Mujeres-afectadas-en-China-y-Nepal-150x150.jpg\" class=\"attachment-thumbnail size-thumbnail wp-post-image\" alt=\"\" style=\"\" \/><\/div><a class=\"wp-block-latest-posts__post-title\" href=\"https:\/\/www.alasmedios.com\/index.php\/2026\/09\/02\/43-mil-mujeres-y-ninas-necesitan-ayuda-tras-las-inundaciones-en-nepal\/\">43 mil mujeres y ni\u00f1as necesitan ayuda tras las inundaciones en Nepal<\/a><\/li>\n<li><div class=\"wp-block-latest-posts__featured-image\"><img loading=\"lazy\" decoding=\"async\" width=\"150\" height=\"150\" src=\"https:\/\/www.alasmedios.com\/wp-content\/uploads\/2026\/09\/Infrasestructura-y-proyectos-en-Hidalgo-150x150.jpg\" class=\"attachment-thumbnail size-thumbnail wp-post-image\" alt=\"\" style=\"\" \/><\/div><a class=\"wp-block-latest-posts__post-title\" href=\"https:\/\/www.alasmedios.com\/index.php\/2026\/09\/02\/hidalgo-suma-147-mil-mdp-en-inversiones-y-preve-191-mil-empleos\/\">Hidalgo suma 147 mil mdp en inversiones y prev\u00e9 191 mil empleos<\/a><\/li>\n<li><div class=\"wp-block-latest-posts__featured-image\"><img loading=\"lazy\" decoding=\"async\" width=\"150\" height=\"150\" src=\"https:\/\/www.alasmedios.com\/wp-content\/uploads\/2026\/06\/MARIA-ELENA-ORTEGA-150x150.jpeg\" class=\"attachment-thumbnail size-thumbnail wp-post-image\" alt=\"Mar\u00eda Elena Ortega\" style=\"\" \/><\/div><a class=\"wp-block-latest-posts__post-title\" href=\"https:\/\/www.alasmedios.com\/index.php\/2026\/09\/02\/la-magia-de-las-cosas-ordinarias\/\">La magia de las cosas ordinarias<\/a><\/li>\n<\/ul>","protected":false},"excerpt":{"rendered":"<p>Regresan a M\u00e9xico: Melissa M\u00e1rquez y Aylin Ibarra con el oro del Campeonato Mundial de Remo, celebrado en \u00c1msterdam. Melissa<\/p>\n","protected":false},"author":4,"featured_media":12586,"comment_status":"open","ping_status":"open","sticky":false,"template":"","format":"standard","meta":{"colormag_page_container_layout":"default_layout","colormag_page_sidebar_layout":"default_layout","rop_custom_images_group":[],"rop_custom_messages_group":[],"rop_publish_now":"yes","rop_publish_now_accounts":[],"rop_publish_now_history":[],"rop_publish_now_status":"pending","iawp_total_views":0,"footnotes":""},"categories":[3223],"tags":[4849,4850,1272],"class_list":["post-12584","post","type-post","status-publish","format-standard","has-post-thumbnail","hentry","category-deportes","tag-aylin-ibarra","tag-melissa-marquez","tag-remo"],"magazineBlocksPostFeaturedMedia":{"thumbnail":"https:\/\/www.alasmedios.com\/wp-content\/uploads\/2026\/09\/Melissa-Marquez-y-Aylin-Ibarra-con-el-oro-del-Campeonato-Mundial-de-Remo-150x150.png","medium":"https:\/\/www.alasmedios.com\/wp-content\/uploads\/2026\/09\/Melissa-Marquez-y-Aylin-Ibarra-con-el-oro-del-Campeonato-Mundial-de-Remo-300x182.png","medium_large":"https:\/\/www.alasmedios.com\/wp-content\/uploads\/2026\/09\/Melissa-Marquez-y-Aylin-Ibarra-con-el-oro-del-Campeonato-Mundial-de-Remo-768x466.png","large":"https:\/\/www.alasmedios.com\/wp-content\/uploads\/2026\/09\/Melissa-Marquez-y-Aylin-Ibarra-con-el-oro-del-Campeonato-Mundial-de-Remo-1024x622.png","1536x1536":"https:\/\/www.alasmedios.com\/wp-content\/uploads\/2026\/09\/Melissa-Marquez-y-Aylin-Ibarra-con-el-oro-del-Campeonato-Mundial-de-Remo-1536x932.png","2048x2048":"https:\/\/www.alasmedios.com\/wp-content\/uploads\/2026\/09\/Melissa-Marquez-y-Aylin-Ibarra-con-el-oro-del-Campeonato-Mundial-de-Remo.png","colormag-highlighted-post":"https:\/\/www.alasmedios.com\/wp-content\/uploads\/2026\/09\/Melissa-Marquez-y-Aylin-Ibarra-con-el-oro-del-Campeonato-Mundial-de-Remo-392x272.png","colormag-featured-post-medium":"https:\/\/www.alasmedios.com\/wp-content\/uploads\/2026\/09\/Melissa-Marquez-y-Aylin-Ibarra-con-el-oro-del-Campeonato-Mundial-de-Remo-390x205.png","colormag-featured-post-small":"https:\/\/www.alasmedios.com\/wp-content\/uploads\/2026\/09\/Melissa-Marquez-y-Aylin-Ibarra-con-el-oro-del-Campeonato-Mundial-de-Remo-130x90.png","colormag-featured-image":"https:\/\/www.alasmedios.com\/wp-content\/uploads\/2026\/09\/Melissa-Marquez-y-Aylin-Ibarra-con-el-oro-del-Campeonato-Mundial-de-Remo-800x445.png","colormag-default-news":"https:\/\/www.alasmedios.com\/wp-content\/uploads\/2026\/09\/Melissa-Marquez-y-Aylin-Ibarra-con-el-oro-del-Campeonato-Mundial-de-Remo-150x150.png","colormag-featured-image-large":"https:\/\/www.alasmedios.com\/wp-content\/uploads\/2026\/09\/Melissa-Marquez-y-Aylin-Ibarra-con-el-oro-del-Campeonato-Mundial-de-Remo-1400x600.png"},"magazineBlocksPostAuthor":{"name":"Keila Rodr\u00edguez Pe\u00f1a","avatar":"https:\/\/secure.gravatar.com\/avatar\/a2553a2bfaa601b9d539b617c8793e151bdffb60f9e48a249912f86d4c9ebeef?s=96&d=mm&r=g"},"magazineBlocksPostCommentsNumber":"0","magazineBlocksPostExcerpt":"Regresan a M\u00e9xico: Melissa M\u00e1rquez y Aylin Ibarra con el oro del Campeonato Mundial de Remo, celebrado en \u00c1msterdam. Melissa","magazineBlocksPostCategories":["Deportes"],"magazineBlocksPostViewCount":6,"magazineBlocksPostReadTime":2,"magazine_blocks_featured_image_url":{"full":["https:\/\/www.alasmedios.com\/wp-content\/uploads\/2026\/09\/Melissa-Marquez-y-Aylin-Ibarra-con-el-oro-del-Campeonato-Mundial-de-Remo.png",2000,1214,false],"medium":["https:\/\/www.alasmedios.com\/wp-content\/uploads\/2026\/09\/Melissa-Marquez-y-Aylin-Ibarra-con-el-oro-del-Campeonato-Mundial-de-Remo-300x182.png",300,182,true],"thumbnail":["https:\/\/www.alasmedios.com\/wp-content\/uploads\/2026\/09\/Melissa-Marquez-y-Aylin-Ibarra-con-el-oro-del-Campeonato-Mundial-de-Remo-150x150.png",150,150,true]},"magazine_blocks_author":{"display_name":"Keila Rodr\u00edguez Pe\u00f1a","author_link":"https:\/\/www.alasmedios.com\/index.php\/author\/keila\/"},"magazine_blocks_comment":0,"magazine_blocks_author_image":"https:\/\/secure.gravatar.com\/avatar\/a2553a2bfaa601b9d539b617c8793e151bdffb60f9e48a249912f86d4c9ebeef?s=96&d=mm&r=g","magazine_blocks_category":"<a href=\"#\" class=\"category-link category-link-3223\">Deportes<\/a>","videoUrl":"","yoast_head":"<!-- This site is optimized with the Yoast SEO plugin v28.4 - https:\/\/yoast.com\/product\/yoast-seo-wordpress\/ -->\r\n<title>Melissa M\u00e1rquez y Aylin Ibarra regresan a M\u00e9xico con el oro del Mundial de Remo<\/title>\r\n<meta name=\"description\" content=\"Regresan a M\u00e9xico: Melissa M\u00e1rquez y Aylin Ibarra con el oro del Campeonato Mundial de Remo, celebrado en \u00c1msterdam\" \/>\r\n<meta name=\"robots\" content=\"index, follow, max-snippet:-1, max-image-preview:large, max-video-preview:-1\" \/>\r\n<link rel=\"canonical\" href=\"https:\/\/www.alasmedios.com\/index.php\/2026\/09\/02\/melissa-marquez-y-aylin-ibarra-regresan-a-mexico-con-el-oro-del-mundial-de-remo\/\" \/>\r\n<meta property=\"og:locale\" content=\"es_MX\" \/>\r\n<meta property=\"og:type\" content=\"article\" \/>\r\n<meta property=\"og:title\" content=\"Melissa M\u00e1rquez y Aylin Ibarra regresan a M\u00e9xico con el oro del Mundial de Remo\" \/>\r\n<meta property=\"og:description\" content=\"Regresan a M\u00e9xico: Melissa M\u00e1rquez y Aylin Ibarra con el oro del Campeonato Mundial de Remo, celebrado en \u00c1msterdam\" \/>\r\n<meta property=\"og:url\" content=\"https:\/\/www.alasmedios.com\/index.php\/2026\/09\/02\/melissa-marquez-y-aylin-ibarra-regresan-a-mexico-con-el-oro-del-mundial-de-remo\/\" \/>\r\n<meta property=\"og:site_name\" content=\"Alas Medios\" \/>\r\n<meta property=\"article:published_time\" content=\"2026-09-02T11:00:00+00:00\" \/>\r\n<meta property=\"og:image\" content=\"https:\/\/www.alasmedios.com\/wp-content\/uploads\/2026\/09\/Melissa-Marquez-y-Aylin-Ibarra-con-el-oro-del-Campeonato-Mundial-de-Remo-1024x622.png\" \/>\r\n\t<meta property=\"og:image:width\" content=\"1024\" \/>\r\n\t<meta property=\"og:image:height\" content=\"622\" \/>\r\n\t<meta property=\"og:image:type\" content=\"image\/png\" \/>\r\n<meta name=\"author\" content=\"Keila Rodr\u00edguez Pe\u00f1a\" \/>\r\n<meta name=\"twitter:card\" content=\"summary_large_image\" \/>\r\n<meta name=\"twitter:label1\" content=\"Escrito por\" \/>\n\t<meta name=\"twitter:data1\" content=\"Keila Rodr\u00edguez Pe\u00f1a\" \/>\n\t<meta name=\"twitter:label2\" content=\"Tiempo de lectura\" \/>\n\t<meta name=\"twitter:data2\" content=\"3 minutos\" \/>\r\n<script type=\"application\/ld+json\" class=\"yoast-schema-graph\">{\"@context\":\"https:\\\/\\\/schema.org\",\"@graph\":[{\"@type\":\"Article\",\"@id\":\"https:\\\/\\\/www.alasmedios.com\\\/index.php\\\/2026\\\/09\\\/02\\\/melissa-marquez-y-aylin-ibarra-regresan-a-mexico-con-el-oro-del-mundial-de-remo\\\/#article\",\"isPartOf\":{\"@id\":\"https:\\\/\\\/www.alasmedios.com\\\/index.php\\\/2026\\\/09\\\/02\\\/melissa-marquez-y-aylin-ibarra-regresan-a-mexico-con-el-oro-del-mundial-de-remo\\\/\"},\"author\":{\"name\":\"Keila Rodr\u00edguez Pe\u00f1a\",\"@id\":\"https:\\\/\\\/www.alasmedios.com\\\/#\\\/schema\\\/person\\\/0ba31bdd19a05ebf5c7fef1fedf99c34\"},\"headline\":\"Melissa M\u00e1rquez y Aylin Ibarra regresan a M\u00e9xico con el oro del Mundial de Remo\",\"datePublished\":\"2026-09-02T11:00:00+00:00\",\"mainEntityOfPage\":{\"@id\":\"https:\\\/\\\/www.alasmedios.com\\\/index.php\\\/2026\\\/09\\\/02\\\/melissa-marquez-y-aylin-ibarra-regresan-a-mexico-con-el-oro-del-mundial-de-remo\\\/\"},\"wordCount\":392,\"commentCount\":0,\"publisher\":{\"@id\":\"https:\\\/\\\/www.alasmedios.com\\\/#organization\"},\"image\":{\"@id\":\"https:\\\/\\\/www.alasmedios.com\\\/index.php\\\/2026\\\/09\\\/02\\\/melissa-marquez-y-aylin-ibarra-regresan-a-mexico-con-el-oro-del-mundial-de-remo\\\/#primaryimage\"},\"thumbnailUrl\":\"https:\\\/\\\/www.alasmedios.com\\\/wp-content\\\/uploads\\\/2026\\\/09\\\/Melissa-Marquez-y-Aylin-Ibarra-con-el-oro-del-Campeonato-Mundial-de-Remo.png\",\"keywords\":[\"Aylin Ibarra\",\"Melissa M\u00e1rquez\",\"remo\"],\"articleSection\":[\"Deportes\"],\"inLanguage\":\"es\",\"potentialAction\":[{\"@type\":\"CommentAction\",\"name\":\"Comment\",\"target\":[\"https:\\\/\\\/www.alasmedios.com\\\/index.php\\\/2026\\\/09\\\/02\\\/melissa-marquez-y-aylin-ibarra-regresan-a-mexico-con-el-oro-del-mundial-de-remo\\\/#respond\"]}]},{\"@type\":\"WebPage\",\"@id\":\"https:\\\/\\\/www.alasmedios.com\\\/index.php\\\/2026\\\/09\\\/02\\\/melissa-marquez-y-aylin-ibarra-regresan-a-mexico-con-el-oro-del-mundial-de-remo\\\/\",\"url\":\"https:\\\/\\\/www.alasmedios.com\\\/index.php\\\/2026\\\/09\\\/02\\\/melissa-marquez-y-aylin-ibarra-regresan-a-mexico-con-el-oro-del-mundial-de-remo\\\/\",\"name\":\"Melissa M\u00e1rquez y Aylin Ibarra regresan a M\u00e9xico con el oro del Mundial de Remo\",\"isPartOf\":{\"@id\":\"https:\\\/\\\/www.alasmedios.com\\\/#website\"},\"primaryImageOfPage\":{\"@id\":\"https:\\\/\\\/www.alasmedios.com\\\/index.php\\\/2026\\\/09\\\/02\\\/melissa-marquez-y-aylin-ibarra-regresan-a-mexico-con-el-oro-del-mundial-de-remo\\\/#primaryimage\"},\"image\":{\"@id\":\"https:\\\/\\\/www.alasmedios.com\\\/index.php\\\/2026\\\/09\\\/02\\\/melissa-marquez-y-aylin-ibarra-regresan-a-mexico-con-el-oro-del-mundial-de-remo\\\/#primaryimage\"},\"thumbnailUrl\":\"https:\\\/\\\/www.alasmedios.com\\\/wp-content\\\/uploads\\\/2026\\\/09\\\/Melissa-Marquez-y-Aylin-Ibarra-con-el-oro-del-Campeonato-Mundial-de-Remo.png\",\"datePublished\":\"2026-09-02T11:00:00+00:00\",\"description\":\"Regresan a M\u00e9xico: Melissa M\u00e1rquez y Aylin Ibarra con el oro del Campeonato Mundial de Remo, celebrado en \u00c1msterdam\",\"breadcrumb\":{\"@id\":\"https:\\\/\\\/www.alasmedios.com\\\/index.php\\\/2026\\\/09\\\/02\\\/melissa-marquez-y-aylin-ibarra-regresan-a-mexico-con-el-oro-del-mundial-de-remo\\\/#breadcrumb\"},\"inLanguage\":\"es\",\"potentialAction\":[{\"@type\":\"ReadAction\",\"target\":[\"https:\\\/\\\/www.alasmedios.com\\\/index.php\\\/2026\\\/09\\\/02\\\/melissa-marquez-y-aylin-ibarra-regresan-a-mexico-con-el-oro-del-mundial-de-remo\\\/\"]}]},{\"@type\":\"ImageObject\",\"inLanguage\":\"es\",\"@id\":\"https:\\\/\\\/www.alasmedios.com\\\/index.php\\\/2026\\\/09\\\/02\\\/melissa-marquez-y-aylin-ibarra-regresan-a-mexico-con-el-oro-del-mundial-de-remo\\\/#primaryimage\",\"url\":\"https:\\\/\\\/www.alasmedios.com\\\/wp-content\\\/uploads\\\/2026\\\/09\\\/Melissa-Marquez-y-Aylin-Ibarra-con-el-oro-del-Campeonato-Mundial-de-Remo.png\",\"contentUrl\":\"https:\\\/\\\/www.alasmedios.com\\\/wp-content\\\/uploads\\\/2026\\\/09\\\/Melissa-Marquez-y-Aylin-Ibarra-con-el-oro-del-Campeonato-Mundial-de-Remo.png\",\"width\":2000,\"height\":1214},{\"@type\":\"BreadcrumbList\",\"@id\":\"https:\\\/\\\/www.alasmedios.com\\\/index.php\\\/2026\\\/09\\\/02\\\/melissa-marquez-y-aylin-ibarra-regresan-a-mexico-con-el-oro-del-mundial-de-remo\\\/#breadcrumb\",\"itemListElement\":[{\"@type\":\"ListItem\",\"position\":1,\"name\":\"Inicio\",\"item\":\"https:\\\/\\\/www.alasmedios.com\\\/\"},{\"@type\":\"ListItem\",\"position\":2,\"name\":\"Melissa M\u00e1rquez y Aylin Ibarra regresan a M\u00e9xico con el oro del Mundial de Remo\"}]},{\"@type\":\"WebSite\",\"@id\":\"https:\\\/\\\/www.alasmedios.com\\\/#website\",\"url\":\"https:\\\/\\\/www.alasmedios.com\\\/\",\"name\":\"Alas Medios\",\"description\":\"Alas para pensar, Alas para volar, Alas de libertad\",\"publisher\":{\"@id\":\"https:\\\/\\\/www.alasmedios.com\\\/#organization\"},\"potentialAction\":[{\"@type\":\"SearchAction\",\"target\":{\"@type\":\"EntryPoint\",\"urlTemplate\":\"https:\\\/\\\/www.alasmedios.com\\\/?s={search_term_string}\"},\"query-input\":{\"@type\":\"PropertyValueSpecification\",\"valueRequired\":true,\"valueName\":\"search_term_string\"}}],\"inLanguage\":\"es\"},{\"@type\":\"Organization\",\"@id\":\"https:\\\/\\\/www.alasmedios.com\\\/#organization\",\"name\":\"Alas Medios\",\"url\":\"https:\\\/\\\/www.alasmedios.com\\\/\",\"logo\":{\"@type\":\"ImageObject\",\"inLanguage\":\"es\",\"@id\":\"https:\\\/\\\/www.alasmedios.com\\\/#\\\/schema\\\/logo\\\/image\\\/\",\"url\":\"https:\\\/\\\/www.alasmedios.com\\\/wp-content\\\/uploads\\\/2026\\\/01\\\/cropped-cropped-GAM-1.png\",\"contentUrl\":\"https:\\\/\\\/www.alasmedios.com\\\/wp-content\\\/uploads\\\/2026\\\/01\\\/cropped-cropped-GAM-1.png\",\"width\":467,\"height\":235,\"caption\":\"Alas Medios\"},\"image\":{\"@id\":\"https:\\\/\\\/www.alasmedios.com\\\/#\\\/schema\\\/logo\\\/image\\\/\"}},{\"@type\":\"Person\",\"@id\":\"https:\\\/\\\/www.alasmedios.com\\\/#\\\/schema\\\/person\\\/0ba31bdd19a05ebf5c7fef1fedf99c34\",\"name\":\"Keila Rodr\u00edguez Pe\u00f1a\",\"image\":{\"@type\":\"ImageObject\",\"inLanguage\":\"es\",\"@id\":\"https:\\\/\\\/secure.gravatar.com\\\/avatar\\\/a2553a2bfaa601b9d539b617c8793e151bdffb60f9e48a249912f86d4c9ebeef?s=96&d=mm&r=g\",\"url\":\"https:\\\/\\\/secure.gravatar.com\\\/avatar\\\/a2553a2bfaa601b9d539b617c8793e151bdffb60f9e48a249912f86d4c9ebeef?s=96&d=mm&r=g\",\"contentUrl\":\"https:\\\/\\\/secure.gravatar.com\\\/avatar\\\/a2553a2bfaa601b9d539b617c8793e151bdffb60f9e48a249912f86d4c9ebeef?s=96&d=mm&r=g\",\"caption\":\"Keila Rodr\u00edguez Pe\u00f1a\"},\"sameAs\":[\"http:\\\/\\\/www.alasmedios.com\"],\"url\":\"https:\\\/\\\/www.alasmedios.com\\\/index.php\\\/author\\\/keila\\\/\"}]}<\/script>\r\n<!-- \/ Yoast SEO plugin. -->","yoast_head_json":{"title":"Melissa M\u00e1rquez y Aylin Ibarra regresan a M\u00e9xico con el oro del Mundial de Remo","description":"Regresan a M\u00e9xico: Melissa M\u00e1rquez y Aylin Ibarra con el oro del Campeonato Mundial de Remo, celebrado en \u00c1msterdam","robots":{"index":"index","follow":"follow","max-snippet":"max-snippet:-1","max-image-preview":"max-image-preview:large","max-video-preview":"max-video-preview:-1"},"canonical":"https:\/\/www.alasmedios.com\/index.php\/2026\/09\/02\/melissa-marquez-y-aylin-ibarra-regresan-a-mexico-con-el-oro-del-mundial-de-remo\/","og_locale":"es_MX","og_type":"article","og_title":"Melissa M\u00e1rquez y Aylin Ibarra regresan a M\u00e9xico con el oro del Mundial de Remo","og_description":"Regresan a M\u00e9xico: Melissa M\u00e1rquez y Aylin Ibarra con el oro del Campeonato Mundial de Remo, celebrado en \u00c1msterdam","og_url":"https:\/\/www.alasmedios.com\/index.php\/2026\/09\/02\/melissa-marquez-y-aylin-ibarra-regresan-a-mexico-con-el-oro-del-mundial-de-remo\/","og_site_name":"Alas Medios","article_published_time":"2026-09-02T11:00:00+00:00","og_image":[{"width":1024,"height":622,"url":"https:\/\/www.alasmedios.com\/wp-content\/uploads\/2026\/09\/Melissa-Marquez-y-Aylin-Ibarra-con-el-oro-del-Campeonato-Mundial-de-Remo-1024x622.png","type":"image\/png"}],"author":"Keila Rodr\u00edguez Pe\u00f1a","twitter_card":"summary_large_image","twitter_misc":{"Escrito por":"Keila Rodr\u00edguez Pe\u00f1a","Tiempo de lectura":"3 minutos"},"schema":{"@context":"https:\/\/schema.org","@graph":[{"@type":"Article","@id":"https:\/\/www.alasmedios.com\/index.php\/2026\/09\/02\/melissa-marquez-y-aylin-ibarra-regresan-a-mexico-con-el-oro-del-mundial-de-remo\/#article","isPartOf":{"@id":"https:\/\/www.alasmedios.com\/index.php\/2026\/09\/02\/melissa-marquez-y-aylin-ibarra-regresan-a-mexico-con-el-oro-del-mundial-de-remo\/"},"author":{"name":"Keila Rodr\u00edguez Pe\u00f1a","@id":"https:\/\/www.alasmedios.com\/#\/schema\/person\/0ba31bdd19a05ebf5c7fef1fedf99c34"},"headline":"Melissa M\u00e1rquez y Aylin Ibarra regresan a M\u00e9xico con el oro del Mundial de Remo","datePublished":"2026-09-02T11:00:00+00:00","mainEntityOfPage":{"@id":"https:\/\/www.alasmedios.com\/index.php\/2026\/09\/02\/melissa-marquez-y-aylin-ibarra-regresan-a-mexico-con-el-oro-del-mundial-de-remo\/"},"wordCount":392,"commentCount":0,"publisher":{"@id":"https:\/\/www.alasmedios.com\/#organization"},"image":{"@id":"https:\/\/www.alasmedios.com\/index.php\/2026\/09\/02\/melissa-marquez-y-aylin-ibarra-regresan-a-mexico-con-el-oro-del-mundial-de-remo\/#primaryimage"},"thumbnailUrl":"https:\/\/www.alasmedios.com\/wp-content\/uploads\/2026\/09\/Melissa-Marquez-y-Aylin-Ibarra-con-el-oro-del-Campeonato-Mundial-de-Remo.png","keywords":["Aylin Ibarra","Melissa M\u00e1rquez","remo"],"articleSection":["Deportes"],"inLanguage":"es","potentialAction":[{"@type":"CommentAction","name":"Comment","target":["https:\/\/www.alasmedios.com\/index.php\/2026\/09\/02\/melissa-marquez-y-aylin-ibarra-regresan-a-mexico-con-el-oro-del-mundial-de-remo\/#respond"]}]},{"@type":"WebPage","@id":"https:\/\/www.alasmedios.com\/index.php\/2026\/09\/02\/melissa-marquez-y-aylin-ibarra-regresan-a-mexico-con-el-oro-del-mundial-de-remo\/","url":"https:\/\/www.alasmedios.com\/index.php\/2026\/09\/02\/melissa-marquez-y-aylin-ibarra-regresan-a-mexico-con-el-oro-del-mundial-de-remo\/","name":"Melissa M\u00e1rquez y Aylin Ibarra regresan a M\u00e9xico con el oro del Mundial de Remo","isPartOf":{"@id":"https:\/\/www.alasmedios.com\/#website"},"primaryImageOfPage":{"@id":"https:\/\/www.alasmedios.com\/index.php\/2026\/09\/02\/melissa-marquez-y-aylin-ibarra-regresan-a-mexico-con-el-oro-del-mundial-de-remo\/#primaryimage"},"image":{"@id":"https:\/\/www.alasmedios.com\/index.php\/2026\/09\/02\/melissa-marquez-y-aylin-ibarra-regresan-a-mexico-con-el-oro-del-mundial-de-remo\/#primaryimage"},"thumbnailUrl":"https:\/\/www.alasmedios.com\/wp-content\/uploads\/2026\/09\/Melissa-Marquez-y-Aylin-Ibarra-con-el-oro-del-Campeonato-Mundial-de-Remo.png","datePublished":"2026-09-02T11:00:00+00:00","description":"Regresan a M\u00e9xico: Melissa M\u00e1rquez y Aylin Ibarra con el oro del Campeonato Mundial de Remo, celebrado en \u00c1msterdam","breadcrumb":{"@id":"https:\/\/www.alasmedios.com\/index.php\/2026\/09\/02\/melissa-marquez-y-aylin-ibarra-regresan-a-mexico-con-el-oro-del-mundial-de-remo\/#breadcrumb"},"inLanguage":"es","potentialAction":[{"@type":"ReadAction","target":["https:\/\/www.alasmedios.com\/index.php\/2026\/09\/02\/melissa-marquez-y-aylin-ibarra-regresan-a-mexico-con-el-oro-del-mundial-de-remo\/"]}]},{"@type":"ImageObject","inLanguage":"es","@id":"https:\/\/www.alasmedios.com\/index.php\/2026\/09\/02\/melissa-marquez-y-aylin-ibarra-regresan-a-mexico-con-el-oro-del-mundial-de-remo\/#primaryimage","url":"https:\/\/www.alasmedios.com\/wp-content\/uploads\/2026\/09\/Melissa-Marquez-y-Aylin-Ibarra-con-el-oro-del-Campeonato-Mundial-de-Remo.png","contentUrl":"https:\/\/www.alasmedios.com\/wp-content\/uploads\/2026\/09\/Melissa-Marquez-y-Aylin-Ibarra-con-el-oro-del-Campeonato-Mundial-de-Remo.png","width":2000,"height":1214},{"@type":"BreadcrumbList","@id":"https:\/\/www.alasmedios.com\/index.php\/2026\/09\/02\/melissa-marquez-y-aylin-ibarra-regresan-a-mexico-con-el-oro-del-mundial-de-remo\/#breadcrumb","itemListElement":[{"@type":"ListItem","position":1,"name":"Inicio","item":"https:\/\/www.alasmedios.com\/"},{"@type":"ListItem","position":2,"name":"Melissa M\u00e1rquez y Aylin Ibarra regresan a M\u00e9xico con el oro del Mundial de Remo"}]},{"@type":"WebSite","@id":"https:\/\/www.alasmedios.com\/#website","url":"https:\/\/www.alasmedios.com\/","name":"Alas Medios","description":"Alas para pensar, Alas para volar, Alas de libertad","publisher":{"@id":"https:\/\/www.alasmedios.com\/#organization"},"potentialAction":[{"@type":"SearchAction","target":{"@type":"EntryPoint","urlTemplate":"https:\/\/www.alasmedios.com\/?s={search_term_string}"},"query-input":{"@type":"PropertyValueSpecification","valueRequired":true,"valueName":"search_term_string"}}],"inLanguage":"es"},{"@type":"Organization","@id":"https:\/\/www.alasmedios.com\/#organization","name":"Alas Medios","url":"https:\/\/www.alasmedios.com\/","logo":{"@type":"ImageObject","inLanguage":"es","@id":"https:\/\/www.alasmedios.com\/#\/schema\/logo\/image\/","url":"https:\/\/www.alasmedios.com\/wp-content\/uploads\/2026\/01\/cropped-cropped-GAM-1.png","contentUrl":"https:\/\/www.alasmedios.com\/wp-content\/uploads\/2026\/01\/cropped-cropped-GAM-1.png","width":467,"height":235,"caption":"Alas Medios"},"image":{"@id":"https:\/\/www.alasmedios.com\/#\/schema\/logo\/image\/"}},{"@type":"Person","@id":"https:\/\/www.alasmedios.com\/#\/schema\/person\/0ba31bdd19a05ebf5c7fef1fedf99c34","name":"Keila Rodr\u00edguez Pe\u00f1a","image":{"@type":"ImageObject","inLanguage":"es","@id":"https:\/\/secure.gravatar.com\/avatar\/a2553a2bfaa601b9d539b617c8793e151bdffb60f9e48a249912f86d4c9ebeef?s=96&d=mm&r=g","url":"https:\/\/secure.gravatar.com\/avatar\/a2553a2bfaa601b9d539b617c8793e151bdffb60f9e48a249912f86d4c9ebeef?s=96&d=mm&r=g","contentUrl":"https:\/\/secure.gravatar.com\/avatar\/a2553a2bfaa601b9d539b617c8793e151bdffb60f9e48a249912f86d4c9ebeef?s=96&d=mm&r=g","caption":"Keila Rodr\u00edguez Pe\u00f1a"},"sameAs":["https:\/\/www.alasmedios.com"],"url":"https:\/\/www.alasmedios.com\/index.php\/author\/keila\/"}]}},"_links":{"self":[{"href":"https:\/\/www.alasmedios.com\/index.php\/wp-json\/wp\/v2\/posts\/12584","targetHints":{"allow":["GET"]}}],"collection":[{"href":"https:\/\/www.alasmedios.com\/index.php\/wp-json\/wp\/v2\/posts"}],"about":[{"href":"https:\/\/www.alasmedios.com\/index.php\/wp-json\/wp\/v2\/types\/post"}],"author":[{"embeddable":true,"href":"https:\/\/www.alasmedios.com\/index.php\/wp-json\/wp\/v2\/users\/4"}],"replies":[{"embeddable":true,"href":"https:\/\/www.alasmedios.com\/index.php\/wp-json\/wp\/v2\/comments?post=12584"}],"version-history":[{"count":2,"href":"https:\/\/www.alasmedios.com\/index.php\/wp-json\/wp\/v2\/posts\/12584\/revisions"}],"predecessor-version":[{"id":12605,"href":"https:\/\/www.alasmedios.com\/index.php\/wp-json\/wp\/v2\/posts\/12584\/revisions\/12605"}],"wp:featuredmedia":[{"embeddable":true,"href":"https:\/\/www.alasmedios.com\/index.php\/wp-json\/wp\/v2\/media\/12586"}],"wp:attachment":[{"href":"https:\/\/www.alasmedios.com\/index.php\/wp-json\/wp\/v2\/media?parent=12584"}],"wp:term":[{"taxonomy":"category","embeddable":true,"href":"https:\/\/www.alasmedios.com\/index.php\/wp-json\/wp\/v2\/categories?post=12584"},{"taxonomy":"post_tag","embeddable":true,"href":"https:\/\/www.alasmedios.com\/index.php\/wp-json\/wp\/v2\/tags?post=12584"}],"curies":[{"name":"wp","href":"https:\/\/api.w.org\/{rel}","templated":true}]}}