{"id":12582,"date":"2026-09-02T05:10:00","date_gmt":"2026-09-02T11:10:00","guid":{"rendered":"https:\/\/www.alasmedios.com\/?p=12582"},"modified":"2026-09-01T15:19:38","modified_gmt":"2026-09-01T21:19:38","slug":"la-magia-de-las-cosas-ordinarias","status":"publish","type":"post","link":"https:\/\/www.alasmedios.com\/index.php\/2026\/09\/02\/la-magia-de-las-cosas-ordinarias\/","title":{"rendered":"La magia de las cosas ordinarias"},"content":{"rendered":"\n<p class=\"wp-block-paragraph\">Hoy por la ma\u00f1ana el reloj del <strong>viejo est\u00e9reo<\/strong> volvi\u00f3 a agonizar. Pens\u00e9 en lo f\u00e1cil que ser\u00eda desconectarlo y ya dejarlo morir. Ponerlo a tiempo se hab\u00eda vuelto una <strong>tarea complicada<\/strong>. Cuando trato de arreglarlo, en lugar de accionarse en modo reloj, se enciende la radio enmara\u00f1ada en un sinf\u00edn de <strong>sonidos ruidosos<\/strong>. Intentarlo otra vez s\u00f3lo provoca que el <strong>carrusel de cedes<\/strong> gire y gire sin parar hasta que encuentra alguno.<\/p>\n\n\n\n<p class=\"wp-block-paragraph\">Un d\u00eda, sin ped\u00edrselo, el est\u00e9reo reprodujo <strong>\u201cLa traviata\u201d<\/strong>. <strong>Mar\u00eda Callas<\/strong> interpretaba el aria: <strong>\u201cAdi\u00f3s, felices sue\u00f1os del pasado\u201d<\/strong>. De nuevo quise componer el reloj, y el aparato en su rebeld\u00eda abri\u00f3 la tapa de la casetera. <strong>Juan Gabriel<\/strong> sali\u00f3 del escondite. Presion\u00e9 play para escucharlo: <strong>\u201cAunque malgastes el tiempo sin mi cari\u00f1o, y aunque no quieras este amor que \u2026\u201d<\/strong> No pudo terminar la estrofa: <strong>la casetera se lo trag\u00f3<\/strong>.<\/p>\n\n\n\n<p class=\"wp-block-paragraph\">CONTIN\u00daA LEYENDO: <a href=\"https:\/\/www.alasmedios.com\/index.php\/2026\/07\/20\/psicofonia\/\" data-type=\"post\" data-id=\"11210\">Psicofon\u00eda<\/a><\/p>\n\n\n\n<p class=\"wp-block-paragraph\">En ese momento cre\u00ed que ya ten\u00eda que <strong>deshacerme del vejestorio<\/strong>. Empec\u00e9 a desmontarlo, pero la tornamesa todav\u00eda ten\u00eda puesto un <strong>disco de vinilo<\/strong>. Pens\u00e9 que ten\u00eda que escucharlo a modo de despedida. Puls\u00e9 todos los botones para que el est\u00e9reo eligiera con cual hacerlo funcionar.<\/p>\n\n\n\n<p class=\"wp-block-paragraph\">Despu\u00e9s de varios intentos se movi\u00f3 el vinil. Puse suavemente el brazo sobre el disco; una <strong>sinfon\u00eda de violines<\/strong> vol\u00f3 por toda la casa y la <strong>nostalgia me abraz\u00f3 junto la c\u00e1lida belleza del ocaso<\/strong>. Decid\u00ed <strong>no dejarlo morir<\/strong>.<\/p>\n\n\n\n<p class=\"wp-block-paragraph\">Tampoco me deshar\u00eda de la <strong>c\u00e1mara fotogr\u00e1fica<\/strong>; ni del <strong>reproductor de DVD<\/strong>; y mucho menos de la <strong>m\u00e1quina de escribir<\/strong>.<\/p>\n\n\n<ul class=\"wp-block-latest-posts__list is-grid columns-3 wp-block-latest-posts is-layout-grid wp-container-core-latest-posts-is-layout-cda6dc4f wp-block-latest-posts-is-layout-grid\"><li><div class=\"wp-block-latest-posts__featured-image\"><img loading=\"lazy\" decoding=\"async\" width=\"150\" height=\"150\" src=\"https:\/\/www.alasmedios.com\/wp-content\/uploads\/2026\/09\/Parque-Nacional-El-Chico-150x150.jpg\" class=\"attachment-thumbnail size-thumbnail wp-post-image\" alt=\"\" style=\"\" \/><\/div><a class=\"wp-block-latest-posts__post-title\" href=\"https:\/\/www.alasmedios.com\/index.php\/2026\/09\/02\/parque-nacional-el-chico-scarabajo-descortezador\/\">Parque Nacional El Chico: cient\u00edficos de la UAEH enfrentan al escarabajo descortezador<\/a><\/li>\n<li><div class=\"wp-block-latest-posts__featured-image\"><img loading=\"lazy\" decoding=\"async\" width=\"150\" height=\"150\" src=\"https:\/\/www.alasmedios.com\/wp-content\/uploads\/2026\/09\/Mujeres-afectadas-en-China-y-Nepal-150x150.jpg\" class=\"attachment-thumbnail size-thumbnail wp-post-image\" alt=\"\" style=\"\" \/><\/div><a class=\"wp-block-latest-posts__post-title\" href=\"https:\/\/www.alasmedios.com\/index.php\/2026\/09\/02\/43-mil-mujeres-y-ninas-necesitan-ayuda-tras-las-inundaciones-en-nepal\/\">43 mil mujeres y ni\u00f1as necesitan ayuda tras las inundaciones en Nepal<\/a><\/li>\n<li><div class=\"wp-block-latest-posts__featured-image\"><img loading=\"lazy\" decoding=\"async\" width=\"150\" height=\"150\" src=\"https:\/\/www.alasmedios.com\/wp-content\/uploads\/2026\/09\/Infrasestructura-y-proyectos-en-Hidalgo-150x150.jpg\" class=\"attachment-thumbnail size-thumbnail wp-post-image\" alt=\"\" style=\"\" \/><\/div><a class=\"wp-block-latest-posts__post-title\" href=\"https:\/\/www.alasmedios.com\/index.php\/2026\/09\/02\/hidalgo-suma-147-mil-mdp-en-inversiones-y-preve-191-mil-empleos\/\">Hidalgo suma 147 mil mdp en inversiones y prev\u00e9 191 mil empleos<\/a><\/li>\n<\/ul>","protected":false},"excerpt":{"rendered":"<p>Hoy por la ma\u00f1ana el reloj del viejo est\u00e9reo volvi\u00f3 a agonizar. Pens\u00e9 en lo f\u00e1cil que ser\u00eda desconectarlo y<\/p>\n","protected":false},"author":10,"featured_media":9911,"comment_status":"open","ping_status":"open","sticky":false,"template":"","format":"standard","meta":{"colormag_page_container_layout":"default_layout","colormag_page_sidebar_layout":"default_layout","rop_custom_images_group":[],"rop_custom_messages_group":[],"rop_publish_now":"yes","rop_publish_now_accounts":[],"rop_publish_now_history":[],"rop_publish_now_status":"pending","iawp_total_views":0,"footnotes":""},"categories":[3522],"tags":[605,117,608],"class_list":["post-12582","post","type-post","status-publish","format-standard","has-post-thumbnail","hentry","category-cuentalas-maria-elena-ortega","tag-cuentalas","tag-maria-elena-ortega","tag-relato"],"magazineBlocksPostFeaturedMedia":{"thumbnail":"https:\/\/www.alasmedios.com\/wp-content\/uploads\/2026\/06\/MARIA-ELENA-ORTEGA-150x150.jpeg","medium":"https:\/\/www.alasmedios.com\/wp-content\/uploads\/2026\/06\/MARIA-ELENA-ORTEGA-300x182.jpeg","medium_large":"https:\/\/www.alasmedios.com\/wp-content\/uploads\/2026\/06\/MARIA-ELENA-ORTEGA-768x466.jpeg","large":"https:\/\/www.alasmedios.com\/wp-content\/uploads\/2026\/06\/MARIA-ELENA-ORTEGA-1024x621.jpeg","1536x1536":"https:\/\/www.alasmedios.com\/wp-content\/uploads\/2026\/06\/MARIA-ELENA-ORTEGA-1536x932.jpeg","2048x2048":"https:\/\/www.alasmedios.com\/wp-content\/uploads\/2026\/06\/MARIA-ELENA-ORTEGA.jpeg","colormag-highlighted-post":"https:\/\/www.alasmedios.com\/wp-content\/uploads\/2026\/06\/MARIA-ELENA-ORTEGA-392x272.jpeg","colormag-featured-post-medium":"https:\/\/www.alasmedios.com\/wp-content\/uploads\/2026\/06\/MARIA-ELENA-ORTEGA-390x205.jpeg","colormag-featured-post-small":"https:\/\/www.alasmedios.com\/wp-content\/uploads\/2026\/06\/MARIA-ELENA-ORTEGA-130x90.jpeg","colormag-featured-image":"https:\/\/www.alasmedios.com\/wp-content\/uploads\/2026\/06\/MARIA-ELENA-ORTEGA-800x445.jpeg","colormag-default-news":"https:\/\/www.alasmedios.com\/wp-content\/uploads\/2026\/06\/MARIA-ELENA-ORTEGA-150x150.jpeg","colormag-featured-image-large":"https:\/\/www.alasmedios.com\/wp-content\/uploads\/2026\/06\/MARIA-ELENA-ORTEGA-1400x600.jpeg"},"magazineBlocksPostAuthor":{"name":"Maria Elena Ortega","avatar":"https:\/\/secure.gravatar.com\/avatar\/929f83fba55e4a965aa6837976d8eb1c74373387618803b281abadd1fd5f1469?s=96&d=mm&r=g"},"magazineBlocksPostCommentsNumber":"0","magazineBlocksPostExcerpt":"Hoy por la ma\u00f1ana el reloj del viejo est\u00e9reo volvi\u00f3 a agonizar. Pens\u00e9 en lo f\u00e1cil que ser\u00eda desconectarlo y","magazineBlocksPostCategories":["Cu\u00e9ntalas - Mar\u00eda Elena Ortega"],"magazineBlocksPostViewCount":12,"magazineBlocksPostReadTime":2,"magazine_blocks_featured_image_url":{"full":["https:\/\/www.alasmedios.com\/wp-content\/uploads\/2026\/06\/MARIA-ELENA-ORTEGA.jpeg",1600,971,false],"medium":["https:\/\/www.alasmedios.com\/wp-content\/uploads\/2026\/06\/MARIA-ELENA-ORTEGA-300x182.jpeg",300,182,true],"thumbnail":["https:\/\/www.alasmedios.com\/wp-content\/uploads\/2026\/06\/MARIA-ELENA-ORTEGA-150x150.jpeg",150,150,true]},"magazine_blocks_author":{"display_name":"Maria Elena Ortega","author_link":"https:\/\/www.alasmedios.com\/index.php\/author\/maria-elena-ortega\/"},"magazine_blocks_comment":0,"magazine_blocks_author_image":"https:\/\/secure.gravatar.com\/avatar\/929f83fba55e4a965aa6837976d8eb1c74373387618803b281abadd1fd5f1469?s=96&d=mm&r=g","magazine_blocks_category":"<a href=\"#\" class=\"category-link category-link-3522\">Cu\u00e9ntalas - Mar\u00eda Elena Ortega<\/a>","videoUrl":"","yoast_head":"<!-- This site is optimized with the Yoast SEO plugin v28.4 - https:\/\/yoast.com\/product\/yoast-seo-wordpress\/ -->\r\n<title>La magia de las cosas ordinarias<\/title>\r\n<meta name=\"description\" content=\"Hoy por la ma\u00f1ana el reloj del viejo est\u00e9reo volvi\u00f3 a agonizar. Pens\u00e9 en lo f\u00e1cil que ser\u00eda desconectarlo y ya dejarlo morir\" \/>\r\n<meta name=\"robots\" content=\"index, follow, max-snippet:-1, max-image-preview:large, max-video-preview:-1\" \/>\r\n<link rel=\"canonical\" href=\"https:\/\/www.alasmedios.com\/index.php\/2026\/09\/02\/la-magia-de-las-cosas-ordinarias\/\" \/>\r\n<meta property=\"og:locale\" content=\"es_MX\" \/>\r\n<meta property=\"og:type\" content=\"article\" \/>\r\n<meta property=\"og:title\" content=\"La magia de las cosas ordinarias\" \/>\r\n<meta property=\"og:description\" content=\"Hoy por la ma\u00f1ana el reloj del viejo est\u00e9reo volvi\u00f3 a agonizar. Pens\u00e9 en lo f\u00e1cil que ser\u00eda desconectarlo y ya dejarlo morir\" \/>\r\n<meta property=\"og:url\" content=\"https:\/\/www.alasmedios.com\/index.php\/2026\/09\/02\/la-magia-de-las-cosas-ordinarias\/\" \/>\r\n<meta property=\"og:site_name\" content=\"Alas Medios\" \/>\r\n<meta property=\"article:published_time\" content=\"2026-09-02T11:10:00+00:00\" \/>\r\n<meta property=\"og:image\" content=\"https:\/\/www.alasmedios.com\/wp-content\/uploads\/2026\/06\/MARIA-ELENA-ORTEGA.jpeg\" \/>\r\n\t<meta property=\"og:image:width\" content=\"1600\" \/>\r\n\t<meta property=\"og:image:height\" content=\"971\" \/>\r\n\t<meta property=\"og:image:type\" content=\"image\/jpeg\" \/>\r\n<meta name=\"author\" content=\"Maria Elena Ortega\" \/>\r\n<meta name=\"twitter:card\" content=\"summary_large_image\" \/>\r\n<meta name=\"twitter:label1\" content=\"Escrito por\" \/>\n\t<meta name=\"twitter:data1\" content=\"Maria Elena Ortega\" \/>\n\t<meta name=\"twitter:label2\" content=\"Tiempo de lectura\" \/>\n\t<meta name=\"twitter:data2\" content=\"2 minutos\" \/>\r\n<script type=\"application\/ld+json\" class=\"yoast-schema-graph\">{\"@context\":\"https:\\\/\\\/schema.org\",\"@graph\":[{\"@type\":\"Article\",\"@id\":\"https:\\\/\\\/www.alasmedios.com\\\/index.php\\\/2026\\\/09\\\/02\\\/la-magia-de-las-cosas-ordinarias\\\/#article\",\"isPartOf\":{\"@id\":\"https:\\\/\\\/www.alasmedios.com\\\/index.php\\\/2026\\\/09\\\/02\\\/la-magia-de-las-cosas-ordinarias\\\/\"},\"author\":{\"name\":\"Maria Elena Ortega\",\"@id\":\"https:\\\/\\\/www.alasmedios.com\\\/#\\\/schema\\\/person\\\/350c23d39bb47f6c48d0f5de327816bc\"},\"headline\":\"La magia de las cosas ordinarias\",\"datePublished\":\"2026-09-02T11:10:00+00:00\",\"mainEntityOfPage\":{\"@id\":\"https:\\\/\\\/www.alasmedios.com\\\/index.php\\\/2026\\\/09\\\/02\\\/la-magia-de-las-cosas-ordinarias\\\/\"},\"wordCount\":287,\"commentCount\":0,\"publisher\":{\"@id\":\"https:\\\/\\\/www.alasmedios.com\\\/#organization\"},\"image\":{\"@id\":\"https:\\\/\\\/www.alasmedios.com\\\/index.php\\\/2026\\\/09\\\/02\\\/la-magia-de-las-cosas-ordinarias\\\/#primaryimage\"},\"thumbnailUrl\":\"https:\\\/\\\/www.alasmedios.com\\\/wp-content\\\/uploads\\\/2026\\\/06\\\/MARIA-ELENA-ORTEGA.jpeg\",\"keywords\":[\"Cu\u00e9ntalas\",\"Mar\u00eda Elena Ortega\",\"relato\"],\"articleSection\":[\"Cu\u00e9ntalas - Mar\u00eda Elena Ortega\"],\"inLanguage\":\"es\",\"potentialAction\":[{\"@type\":\"CommentAction\",\"name\":\"Comment\",\"target\":[\"https:\\\/\\\/www.alasmedios.com\\\/index.php\\\/2026\\\/09\\\/02\\\/la-magia-de-las-cosas-ordinarias\\\/#respond\"]}]},{\"@type\":\"WebPage\",\"@id\":\"https:\\\/\\\/www.alasmedios.com\\\/index.php\\\/2026\\\/09\\\/02\\\/la-magia-de-las-cosas-ordinarias\\\/\",\"url\":\"https:\\\/\\\/www.alasmedios.com\\\/index.php\\\/2026\\\/09\\\/02\\\/la-magia-de-las-cosas-ordinarias\\\/\",\"name\":\"La magia de las cosas ordinarias\",\"isPartOf\":{\"@id\":\"https:\\\/\\\/www.alasmedios.com\\\/#website\"},\"primaryImageOfPage\":{\"@id\":\"https:\\\/\\\/www.alasmedios.com\\\/index.php\\\/2026\\\/09\\\/02\\\/la-magia-de-las-cosas-ordinarias\\\/#primaryimage\"},\"image\":{\"@id\":\"https:\\\/\\\/www.alasmedios.com\\\/index.php\\\/2026\\\/09\\\/02\\\/la-magia-de-las-cosas-ordinarias\\\/#primaryimage\"},\"thumbnailUrl\":\"https:\\\/\\\/www.alasmedios.com\\\/wp-content\\\/uploads\\\/2026\\\/06\\\/MARIA-ELENA-ORTEGA.jpeg\",\"datePublished\":\"2026-09-02T11:10:00+00:00\",\"description\":\"Hoy por la ma\u00f1ana el reloj del viejo est\u00e9reo volvi\u00f3 a agonizar. Pens\u00e9 en lo f\u00e1cil que ser\u00eda desconectarlo y ya dejarlo morir\",\"breadcrumb\":{\"@id\":\"https:\\\/\\\/www.alasmedios.com\\\/index.php\\\/2026\\\/09\\\/02\\\/la-magia-de-las-cosas-ordinarias\\\/#breadcrumb\"},\"inLanguage\":\"es\",\"potentialAction\":[{\"@type\":\"ReadAction\",\"target\":[\"https:\\\/\\\/www.alasmedios.com\\\/index.php\\\/2026\\\/09\\\/02\\\/la-magia-de-las-cosas-ordinarias\\\/\"]}]},{\"@type\":\"ImageObject\",\"inLanguage\":\"es\",\"@id\":\"https:\\\/\\\/www.alasmedios.com\\\/index.php\\\/2026\\\/09\\\/02\\\/la-magia-de-las-cosas-ordinarias\\\/#primaryimage\",\"url\":\"https:\\\/\\\/www.alasmedios.com\\\/wp-content\\\/uploads\\\/2026\\\/06\\\/MARIA-ELENA-ORTEGA.jpeg\",\"contentUrl\":\"https:\\\/\\\/www.alasmedios.com\\\/wp-content\\\/uploads\\\/2026\\\/06\\\/MARIA-ELENA-ORTEGA.jpeg\",\"width\":1600,\"height\":971,\"caption\":\"Mar\u00eda Elena Ortega\"},{\"@type\":\"BreadcrumbList\",\"@id\":\"https:\\\/\\\/www.alasmedios.com\\\/index.php\\\/2026\\\/09\\\/02\\\/la-magia-de-las-cosas-ordinarias\\\/#breadcrumb\",\"itemListElement\":[{\"@type\":\"ListItem\",\"position\":1,\"name\":\"Inicio\",\"item\":\"https:\\\/\\\/www.alasmedios.com\\\/\"},{\"@type\":\"ListItem\",\"position\":2,\"name\":\"La magia de las cosas ordinarias\"}]},{\"@type\":\"WebSite\",\"@id\":\"https:\\\/\\\/www.alasmedios.com\\\/#website\",\"url\":\"https:\\\/\\\/www.alasmedios.com\\\/\",\"name\":\"Alas Medios\",\"description\":\"Alas para pensar, Alas para volar, Alas de libertad\",\"publisher\":{\"@id\":\"https:\\\/\\\/www.alasmedios.com\\\/#organization\"},\"potentialAction\":[{\"@type\":\"SearchAction\",\"target\":{\"@type\":\"EntryPoint\",\"urlTemplate\":\"https:\\\/\\\/www.alasmedios.com\\\/?s={search_term_string}\"},\"query-input\":{\"@type\":\"PropertyValueSpecification\",\"valueRequired\":true,\"valueName\":\"search_term_string\"}}],\"inLanguage\":\"es\"},{\"@type\":\"Organization\",\"@id\":\"https:\\\/\\\/www.alasmedios.com\\\/#organization\",\"name\":\"Alas Medios\",\"url\":\"https:\\\/\\\/www.alasmedios.com\\\/\",\"logo\":{\"@type\":\"ImageObject\",\"inLanguage\":\"es\",\"@id\":\"https:\\\/\\\/www.alasmedios.com\\\/#\\\/schema\\\/logo\\\/image\\\/\",\"url\":\"https:\\\/\\\/www.alasmedios.com\\\/wp-content\\\/uploads\\\/2026\\\/01\\\/cropped-cropped-GAM-1.png\",\"contentUrl\":\"https:\\\/\\\/www.alasmedios.com\\\/wp-content\\\/uploads\\\/2026\\\/01\\\/cropped-cropped-GAM-1.png\",\"width\":467,\"height\":235,\"caption\":\"Alas Medios\"},\"image\":{\"@id\":\"https:\\\/\\\/www.alasmedios.com\\\/#\\\/schema\\\/logo\\\/image\\\/\"}},{\"@type\":\"Person\",\"@id\":\"https:\\\/\\\/www.alasmedios.com\\\/#\\\/schema\\\/person\\\/350c23d39bb47f6c48d0f5de327816bc\",\"name\":\"Maria Elena Ortega\",\"image\":{\"@type\":\"ImageObject\",\"inLanguage\":\"es\",\"@id\":\"https:\\\/\\\/secure.gravatar.com\\\/avatar\\\/929f83fba55e4a965aa6837976d8eb1c74373387618803b281abadd1fd5f1469?s=96&d=mm&r=g\",\"url\":\"https:\\\/\\\/secure.gravatar.com\\\/avatar\\\/929f83fba55e4a965aa6837976d8eb1c74373387618803b281abadd1fd5f1469?s=96&d=mm&r=g\",\"contentUrl\":\"https:\\\/\\\/secure.gravatar.com\\\/avatar\\\/929f83fba55e4a965aa6837976d8eb1c74373387618803b281abadd1fd5f1469?s=96&d=mm&r=g\",\"caption\":\"Maria Elena Ortega\"},\"url\":\"https:\\\/\\\/www.alasmedios.com\\\/index.php\\\/author\\\/maria-elena-ortega\\\/\"}]}<\/script>\r\n<!-- \/ Yoast SEO plugin. -->","yoast_head_json":{"title":"La magia de las cosas ordinarias","description":"Hoy por la ma\u00f1ana el reloj del viejo est\u00e9reo volvi\u00f3 a agonizar. Pens\u00e9 en lo f\u00e1cil que ser\u00eda desconectarlo y ya dejarlo morir","robots":{"index":"index","follow":"follow","max-snippet":"max-snippet:-1","max-image-preview":"max-image-preview:large","max-video-preview":"max-video-preview:-1"},"canonical":"https:\/\/www.alasmedios.com\/index.php\/2026\/09\/02\/la-magia-de-las-cosas-ordinarias\/","og_locale":"es_MX","og_type":"article","og_title":"La magia de las cosas ordinarias","og_description":"Hoy por la ma\u00f1ana el reloj del viejo est\u00e9reo volvi\u00f3 a agonizar. Pens\u00e9 en lo f\u00e1cil que ser\u00eda desconectarlo y ya dejarlo morir","og_url":"https:\/\/www.alasmedios.com\/index.php\/2026\/09\/02\/la-magia-de-las-cosas-ordinarias\/","og_site_name":"Alas Medios","article_published_time":"2026-09-02T11:10:00+00:00","og_image":[{"width":1600,"height":971,"url":"https:\/\/www.alasmedios.com\/wp-content\/uploads\/2026\/06\/MARIA-ELENA-ORTEGA.jpeg","type":"image\/jpeg"}],"author":"Maria Elena Ortega","twitter_card":"summary_large_image","twitter_misc":{"Escrito por":"Maria Elena Ortega","Tiempo de lectura":"2 minutos"},"schema":{"@context":"https:\/\/schema.org","@graph":[{"@type":"Article","@id":"https:\/\/www.alasmedios.com\/index.php\/2026\/09\/02\/la-magia-de-las-cosas-ordinarias\/#article","isPartOf":{"@id":"https:\/\/www.alasmedios.com\/index.php\/2026\/09\/02\/la-magia-de-las-cosas-ordinarias\/"},"author":{"name":"Maria Elena Ortega","@id":"https:\/\/www.alasmedios.com\/#\/schema\/person\/350c23d39bb47f6c48d0f5de327816bc"},"headline":"La magia de las cosas ordinarias","datePublished":"2026-09-02T11:10:00+00:00","mainEntityOfPage":{"@id":"https:\/\/www.alasmedios.com\/index.php\/2026\/09\/02\/la-magia-de-las-cosas-ordinarias\/"},"wordCount":287,"commentCount":0,"publisher":{"@id":"https:\/\/www.alasmedios.com\/#organization"},"image":{"@id":"https:\/\/www.alasmedios.com\/index.php\/2026\/09\/02\/la-magia-de-las-cosas-ordinarias\/#primaryimage"},"thumbnailUrl":"https:\/\/www.alasmedios.com\/wp-content\/uploads\/2026\/06\/MARIA-ELENA-ORTEGA.jpeg","keywords":["Cu\u00e9ntalas","Mar\u00eda Elena Ortega","relato"],"articleSection":["Cu\u00e9ntalas - Mar\u00eda Elena Ortega"],"inLanguage":"es","potentialAction":[{"@type":"CommentAction","name":"Comment","target":["https:\/\/www.alasmedios.com\/index.php\/2026\/09\/02\/la-magia-de-las-cosas-ordinarias\/#respond"]}]},{"@type":"WebPage","@id":"https:\/\/www.alasmedios.com\/index.php\/2026\/09\/02\/la-magia-de-las-cosas-ordinarias\/","url":"https:\/\/www.alasmedios.com\/index.php\/2026\/09\/02\/la-magia-de-las-cosas-ordinarias\/","name":"La magia de las cosas ordinarias","isPartOf":{"@id":"https:\/\/www.alasmedios.com\/#website"},"primaryImageOfPage":{"@id":"https:\/\/www.alasmedios.com\/index.php\/2026\/09\/02\/la-magia-de-las-cosas-ordinarias\/#primaryimage"},"image":{"@id":"https:\/\/www.alasmedios.com\/index.php\/2026\/09\/02\/la-magia-de-las-cosas-ordinarias\/#primaryimage"},"thumbnailUrl":"https:\/\/www.alasmedios.com\/wp-content\/uploads\/2026\/06\/MARIA-ELENA-ORTEGA.jpeg","datePublished":"2026-09-02T11:10:00+00:00","description":"Hoy por la ma\u00f1ana el reloj del viejo est\u00e9reo volvi\u00f3 a agonizar. Pens\u00e9 en lo f\u00e1cil que ser\u00eda desconectarlo y ya dejarlo morir","breadcrumb":{"@id":"https:\/\/www.alasmedios.com\/index.php\/2026\/09\/02\/la-magia-de-las-cosas-ordinarias\/#breadcrumb"},"inLanguage":"es","potentialAction":[{"@type":"ReadAction","target":["https:\/\/www.alasmedios.com\/index.php\/2026\/09\/02\/la-magia-de-las-cosas-ordinarias\/"]}]},{"@type":"ImageObject","inLanguage":"es","@id":"https:\/\/www.alasmedios.com\/index.php\/2026\/09\/02\/la-magia-de-las-cosas-ordinarias\/#primaryimage","url":"https:\/\/www.alasmedios.com\/wp-content\/uploads\/2026\/06\/MARIA-ELENA-ORTEGA.jpeg","contentUrl":"https:\/\/www.alasmedios.com\/wp-content\/uploads\/2026\/06\/MARIA-ELENA-ORTEGA.jpeg","width":1600,"height":971,"caption":"Mar\u00eda Elena Ortega"},{"@type":"BreadcrumbList","@id":"https:\/\/www.alasmedios.com\/index.php\/2026\/09\/02\/la-magia-de-las-cosas-ordinarias\/#breadcrumb","itemListElement":[{"@type":"ListItem","position":1,"name":"Inicio","item":"https:\/\/www.alasmedios.com\/"},{"@type":"ListItem","position":2,"name":"La magia de las cosas ordinarias"}]},{"@type":"WebSite","@id":"https:\/\/www.alasmedios.com\/#website","url":"https:\/\/www.alasmedios.com\/","name":"Alas Medios","description":"Alas para pensar, Alas para volar, Alas de libertad","publisher":{"@id":"https:\/\/www.alasmedios.com\/#organization"},"potentialAction":[{"@type":"SearchAction","target":{"@type":"EntryPoint","urlTemplate":"https:\/\/www.alasmedios.com\/?s={search_term_string}"},"query-input":{"@type":"PropertyValueSpecification","valueRequired":true,"valueName":"search_term_string"}}],"inLanguage":"es"},{"@type":"Organization","@id":"https:\/\/www.alasmedios.com\/#organization","name":"Alas Medios","url":"https:\/\/www.alasmedios.com\/","logo":{"@type":"ImageObject","inLanguage":"es","@id":"https:\/\/www.alasmedios.com\/#\/schema\/logo\/image\/","url":"https:\/\/www.alasmedios.com\/wp-content\/uploads\/2026\/01\/cropped-cropped-GAM-1.png","contentUrl":"https:\/\/www.alasmedios.com\/wp-content\/uploads\/2026\/01\/cropped-cropped-GAM-1.png","width":467,"height":235,"caption":"Alas Medios"},"image":{"@id":"https:\/\/www.alasmedios.com\/#\/schema\/logo\/image\/"}},{"@type":"Person","@id":"https:\/\/www.alasmedios.com\/#\/schema\/person\/350c23d39bb47f6c48d0f5de327816bc","name":"Maria Elena Ortega","image":{"@type":"ImageObject","inLanguage":"es","@id":"https:\/\/secure.gravatar.com\/avatar\/929f83fba55e4a965aa6837976d8eb1c74373387618803b281abadd1fd5f1469?s=96&d=mm&r=g","url":"https:\/\/secure.gravatar.com\/avatar\/929f83fba55e4a965aa6837976d8eb1c74373387618803b281abadd1fd5f1469?s=96&d=mm&r=g","contentUrl":"https:\/\/secure.gravatar.com\/avatar\/929f83fba55e4a965aa6837976d8eb1c74373387618803b281abadd1fd5f1469?s=96&d=mm&r=g","caption":"Maria Elena Ortega"},"url":"https:\/\/www.alasmedios.com\/index.php\/author\/maria-elena-ortega\/"}]}},"_links":{"self":[{"href":"https:\/\/www.alasmedios.com\/index.php\/wp-json\/wp\/v2\/posts\/12582","targetHints":{"allow":["GET"]}}],"collection":[{"href":"https:\/\/www.alasmedios.com\/index.php\/wp-json\/wp\/v2\/posts"}],"about":[{"href":"https:\/\/www.alasmedios.com\/index.php\/wp-json\/wp\/v2\/types\/post"}],"author":[{"embeddable":true,"href":"https:\/\/www.alasmedios.com\/index.php\/wp-json\/wp\/v2\/users\/10"}],"replies":[{"embeddable":true,"href":"https:\/\/www.alasmedios.com\/index.php\/wp-json\/wp\/v2\/comments?post=12582"}],"version-history":[{"count":1,"href":"https:\/\/www.alasmedios.com\/index.php\/wp-json\/wp\/v2\/posts\/12582\/revisions"}],"predecessor-version":[{"id":12583,"href":"https:\/\/www.alasmedios.com\/index.php\/wp-json\/wp\/v2\/posts\/12582\/revisions\/12583"}],"wp:featuredmedia":[{"embeddable":true,"href":"https:\/\/www.alasmedios.com\/index.php\/wp-json\/wp\/v2\/media\/9911"}],"wp:attachment":[{"href":"https:\/\/www.alasmedios.com\/index.php\/wp-json\/wp\/v2\/media?parent=12582"}],"wp:term":[{"taxonomy":"category","embeddable":true,"href":"https:\/\/www.alasmedios.com\/index.php\/wp-json\/wp\/v2\/categories?post=12582"},{"taxonomy":"post_tag","embeddable":true,"href":"https:\/\/www.alasmedios.com\/index.php\/wp-json\/wp\/v2\/tags?post=12582"}],"curies":[{"name":"wp","href":"https:\/\/api.w.org\/{rel}","templated":true}]}}