{"id":12578,"date":"2026-09-01T14:42:37","date_gmt":"2026-09-01T20:42:37","guid":{"rendered":"https:\/\/www.alasmedios.com\/?p=12578"},"modified":"2026-09-01T14:42:41","modified_gmt":"2026-09-01T20:42:41","slug":"puebla-enciende-las-fiestas-patrias-asi-arranca-la-ruta-por-216-anos-de-independencia","status":"publish","type":"post","link":"https:\/\/www.alasmedios.com\/index.php\/2026\/09\/01\/puebla-enciende-las-fiestas-patrias-asi-arranca-la-ruta-por-216-anos-de-independencia\/","title":{"rendered":"Puebla enciende las Fiestas Patrias: as\u00ed arranca la ruta por 216 a\u00f1os de Independencia"},"content":{"rendered":"\n<p class=\"wp-block-paragraph\"><strong>Puebla<\/strong> comenz\u00f3 a vestir sus calles de historia y tradici\u00f3n con el arranque de las actividades conmemorativas por el <strong>216 aniversario de la Independencia de M\u00e9xico<\/strong>, una agenda que durante septiembre llevar\u00e1 ceremonias, homenajes y el tradicional desfile a distintos escenarios de la capital poblana.<\/p>\n\n\n\n<p class=\"wp-block-paragraph\">La ma\u00f1ana de este martes, el <strong>Z\u00f3calo de Puebla<\/strong> fue el punto de partida para las <strong>Fiestas Patrias Por Amor a Puebla 2026<\/strong>, con la <strong>Lectura y colocaci\u00f3n del Bando Solemne<\/strong>, acto encabezado por el gobernador <strong>Alejandro Armenta Mier<\/strong> y que tuvo como orador oficial al presidente municipal <strong>Jos\u00e9 Chedraui Budib<\/strong>.<\/p>\n\n\n\n<h2 class=\"wp-block-heading\"><strong>Un viaje por la historia de M\u00e9xico<\/strong><\/h2>\n\n\n\n<p class=\"wp-block-paragraph\">Durante la ceremonia, <strong>Jos\u00e9 Chedraui Budib<\/strong> record\u00f3 que hace 216 a\u00f1os comenz\u00f3 un movimiento que transformar\u00eda el rumbo del pa\u00eds y que fue impulsado por mujeres y hombres decididos a cambiar la realidad de su \u00e9poca.<\/p>\n\n\n\n<p class=\"wp-block-paragraph\">CONTIN\u00daA LEYENDO: <a href=\"https:\/\/www.alasmedios.com\/index.php\/2026\/09\/01\/dif-hidalgo-estrena-lokomat-18-mdp-para-recuperar-la-movilidad-de-pacientes\/\" data-type=\"post\" data-id=\"12572\">DIF Hidalgo estrena Lokomat: 18 mdp para recuperar la movilidad de pacientes<\/a><\/p>\n\n\n\n<p class=\"wp-block-paragraph\">El alcalde destac\u00f3 que la Independencia no puede reducirse a una lista de fechas, batallas y personajes, sino que representa <strong>una decisi\u00f3n colectiva y una lucha por la libertad, la justicia y la dignidad<\/strong>.<\/p>\n\n\n\n<p class=\"wp-block-paragraph\">En ese recorrido por la memoria hist\u00f3rica fueron recordadas figuras como <strong>Miguel Hidalgo, Josefa Ortiz T\u00e9llez-Gir\u00f3n, Ignacio Allende y Jos\u00e9 Mar\u00eda Morelos y Pav\u00f3n<\/strong>, protagonistas de una lucha que contin\u00faa formando parte de la identidad nacional.<\/p>\n\n\n\n<figure class=\"wp-block-image size-large\"><img loading=\"lazy\" decoding=\"async\" width=\"1024\" height=\"682\" src=\"https:\/\/www.alasmedios.com\/wp-content\/uploads\/2026\/09\/Puebla-actividades-216-aniversario-de-la-Independencia-de-Mexico-1024x682.jpeg\" alt=\"\" class=\"wp-image-12580\" srcset=\"https:\/\/www.alasmedios.com\/wp-content\/uploads\/2026\/09\/Puebla-actividades-216-aniversario-de-la-Independencia-de-Mexico-1024x682.jpeg 1024w, https:\/\/www.alasmedios.com\/wp-content\/uploads\/2026\/09\/Puebla-actividades-216-aniversario-de-la-Independencia-de-Mexico-767x511.jpeg 767w, https:\/\/www.alasmedios.com\/wp-content\/uploads\/2026\/09\/Puebla-actividades-216-aniversario-de-la-Independencia-de-Mexico-300x200.jpeg 300w, https:\/\/www.alasmedios.com\/wp-content\/uploads\/2026\/09\/Puebla-actividades-216-aniversario-de-la-Independencia-de-Mexico.jpeg 1280w\" sizes=\"auto, (max-width: 1024px) 100vw, 1024px\" \/><\/figure>\n\n\n\n<p class=\"wp-block-paragraph\">La conmemoraci\u00f3n tambi\u00e9n busca acercar ese legado a las nuevas generaciones, bajo la idea de que <strong>la libertad y la justicia requieren ser defendidas y fortalecidas en cada \u00e9poca<\/strong>.<\/p>\n\n\n\n<h2 class=\"wp-block-heading\"><strong>Septiembre llega con una agenda de historia<\/strong><\/h2>\n\n\n\n<p class=\"wp-block-paragraph\">Las Fiestas Patrias no se limitar\u00e1n al tradicional <strong>Grito de Independencia<\/strong> y al desfile, pues el calendario contempla una serie de ceremonias dedicadas a personajes y episodios fundamentales de la historia de M\u00e9xico.<\/p>\n\n\n\n<p class=\"wp-block-paragraph\">El <strong>8 de septiembre<\/strong>, a las 08:00 horas, se realizar\u00e1 la ceremonia por el <strong>258 aniversario del natalicio de Josefa Ortiz T\u00e9llez-Gir\u00f3n<\/strong>.<\/p>\n\n\n\n<p class=\"wp-block-paragraph\">TE PUEDE INTERESAR: <a href=\"https:\/\/www.alasmedios.com\/index.php\/2026\/09\/01\/dinamarca-compensara-a-mujeres-inuit-anticoncepcion-forzada\/\" data-type=\"post\" data-id=\"12568\">Dinamarca indemnizar\u00e1 a mujeres inuit sometidas a anticoncepci\u00f3n forzada<\/a><\/p>\n\n\n\n<p class=\"wp-block-paragraph\">Ese mismo d\u00eda, a las 09:30 horas, tendr\u00e1 lugar el acto conmemorativo por el <strong>164 aniversario luctuoso del general Ignacio Zaragoza<\/strong>.<\/p>\n\n\n\n<p class=\"wp-block-paragraph\">El <strong>10 de septiembre<\/strong>, a las 09:00 horas, ser\u00e1 recordado el <strong>240 aniversario del natalicio del general Nicol\u00e1s Bravo<\/strong>.<\/p>\n\n\n\n<p class=\"wp-block-paragraph\">Para el <strong>13 de septiembre<\/strong>, a las 09:00 horas, est\u00e1 programada la ceremonia por el <strong>179 aniversario de la Gesta Heroica de los Ni\u00f1os H\u00e9roes de Chapultepec<\/strong>.<\/p>\n\n\n\n<p class=\"wp-block-paragraph\">La noche del <strong>15 de septiembre<\/strong> llegar\u00e1 uno de los momentos centrales de las celebraciones: a las <strong>23:00 horas<\/strong> se realizar\u00e1 la ceremonia conmemorativa por el <strong>216 aniversario del Grito de Independencia de 1810<\/strong>.<\/p>\n\n\n\n<p class=\"wp-block-paragraph\">El <strong>16 de septiembre<\/strong>, a las 09:00 horas, se llevar\u00e1 a cabo la ceremonia por el <strong>216 aniversario de la Independencia de M\u00e9xico<\/strong>, seguida a las <strong>09:30 horas<\/strong> por el tradicional <strong>Desfile C\u00edvico-Militar<\/strong>.<\/p>\n\n\n\n<p class=\"wp-block-paragraph\">La agenda continuar\u00e1 el <strong>27 de septiembre<\/strong>, con la ceremonia por el <strong>205 aniversario de la Consumaci\u00f3n de la Independencia de M\u00e9xico<\/strong>, y cerrar\u00e1 el <strong>30 de septiembre<\/strong> con el homenaje por el <strong>261 aniversario del natalicio de Jos\u00e9 Mar\u00eda Morelos y Pav\u00f3n<\/strong>.<\/p>\n\n\n\n<p class=\"wp-block-paragraph\">CONTIN\u00daA LEYENDO: <a href=\"https:\/\/www.alasmedios.com\/index.php\/2026\/09\/01\/vida-fuera-de-la-tierra-la-nasa-ya-busca-respuestas-con-su-telescopio-nancy-grace-roman\/\" data-type=\"post\" data-id=\"12561\">\u00bfVida fuera de la Tierra? La NASA ya busca respuestas con su telescopio\u00a0Nancy Grace Roman<\/a><\/p>\n\n\n\n<h2 class=\"wp-block-heading\"><strong>El Bando Solemne recorre Puebla<\/strong><\/h2>\n\n\n\n<p class=\"wp-block-paragraph\">Como parte del acto protocolario, el <strong>Bando Solemne<\/strong> fue colocado en distintos edificios p\u00fablicos, entre ellos el <strong>Palacio Municipal<\/strong>, el <strong>Tribunal Superior de Justicia<\/strong>, el <strong>Congreso del Estado<\/strong> y <strong>Casa Aguayo<\/strong>.<\/p>\n\n\n\n<p class=\"wp-block-paragraph\">Con ello, septiembre comienza oficialmente en Puebla con una agenda que combina <strong>historia, identidad y tradici\u00f3n<\/strong>, mientras distintos espacios de la capital se preparan para recibir las actividades conmemorativas que marcar\u00e1n uno de los meses m\u00e1s representativos del calendario nacional.<\/p>\n\n\n\n<p class=\"wp-block-paragraph\">M\u00e1s all\u00e1 de las ceremonias oficiales, las <strong>Fiestas Patrias<\/strong> convierten a Puebla en un escenario donde la memoria hist\u00f3rica vuelve a encontrarse con sus calles, plazas y edificios emblem\u00e1ticos, en una celebraci\u00f3n que conecta el pasado con la identidad que permanece viva en el presente.<\/p>\n\n\n<ul class=\"wp-block-latest-posts__list is-grid columns-3 wp-block-latest-posts is-layout-grid wp-container-core-latest-posts-is-layout-cda6dc4f wp-block-latest-posts-is-layout-grid\"><li><div class=\"wp-block-latest-posts__featured-image\"><img loading=\"lazy\" decoding=\"async\" width=\"150\" height=\"150\" src=\"https:\/\/www.alasmedios.com\/wp-content\/uploads\/2026\/09\/Puebla-actividades-216-aniversario-de-la-Independencia-de-Mexico-1-150x150.jpg\" class=\"attachment-thumbnail size-thumbnail wp-post-image\" alt=\"\" style=\"\" \/><\/div><a class=\"wp-block-latest-posts__post-title\" href=\"https:\/\/www.alasmedios.com\/index.php\/2026\/09\/01\/puebla-enciende-las-fiestas-patrias-asi-arranca-la-ruta-por-216-anos-de-independencia\/\">Puebla enciende las Fiestas Patrias: as\u00ed arranca la ruta por 216 a\u00f1os de Independencia<\/a><\/li>\n<li><div class=\"wp-block-latest-posts__featured-image\"><img loading=\"lazy\" decoding=\"async\" width=\"150\" height=\"150\" src=\"https:\/\/www.alasmedios.com\/wp-content\/uploads\/2026\/09\/DIF-Hidalgo-estrena-Lokomat-150x150.jpg\" class=\"attachment-thumbnail size-thumbnail wp-post-image\" alt=\"\" style=\"\" \/><\/div><a class=\"wp-block-latest-posts__post-title\" href=\"https:\/\/www.alasmedios.com\/index.php\/2026\/09\/01\/dif-hidalgo-estrena-lokomat-18-mdp-para-recuperar-la-movilidad-de-pacientes\/\">DIF Hidalgo estrena Lokomat: 18 mdp para recuperar la movilidad de pacientes<\/a><\/li>\n<li><div class=\"wp-block-latest-posts__featured-image\"><img loading=\"lazy\" decoding=\"async\" width=\"150\" height=\"150\" src=\"https:\/\/www.alasmedios.com\/wp-content\/uploads\/2026\/09\/Dinamarca-indemnizara-a-mujeres-inuit-150x150.jpg\" class=\"attachment-thumbnail size-thumbnail wp-post-image\" alt=\"\" style=\"\" \/><\/div><a class=\"wp-block-latest-posts__post-title\" href=\"https:\/\/www.alasmedios.com\/index.php\/2026\/09\/01\/dinamarca-compensara-a-mujeres-inuit-anticoncepcion-forzada\/\">Dinamarca indemnizar\u00e1 a mujeres inuit sometidas a anticoncepci\u00f3n forzada<\/a><\/li>\n<\/ul>","protected":false},"excerpt":{"rendered":"<p>Puebla comenz\u00f3 a vestir sus calles de historia y tradici\u00f3n con el arranque de las actividades conmemorativas por el 216<\/p>\n","protected":false},"author":4,"featured_media":12579,"comment_status":"open","ping_status":"open","sticky":false,"template":"","format":"standard","meta":{"colormag_page_container_layout":"default_layout","colormag_page_sidebar_layout":"default_layout","rop_custom_images_group":[],"rop_custom_messages_group":[],"rop_publish_now":"yes","rop_publish_now_accounts":[],"rop_publish_now_history":[],"rop_publish_now_status":"pending","iawp_total_views":5,"footnotes":""},"categories":[3704],"tags":[2679,4848,1363],"class_list":["post-12578","post","type-post","status-publish","format-standard","has-post-thumbnail","hentry","category-puebla","tag-fiestas-patrias","tag-independencia-de-mexico","tag-puebla"],"magazineBlocksPostFeaturedMedia":{"thumbnail":"https:\/\/www.alasmedios.com\/wp-content\/uploads\/2026\/09\/Puebla-actividades-216-aniversario-de-la-Independencia-de-Mexico-1-150x150.jpg","medium":"https:\/\/www.alasmedios.com\/wp-content\/uploads\/2026\/09\/Puebla-actividades-216-aniversario-de-la-Independencia-de-Mexico-1-300x200.jpg","medium_large":"https:\/\/www.alasmedios.com\/wp-content\/uploads\/2026\/09\/Puebla-actividades-216-aniversario-de-la-Independencia-de-Mexico-1-768x512.jpg","large":"https:\/\/www.alasmedios.com\/wp-content\/uploads\/2026\/09\/Puebla-actividades-216-aniversario-de-la-Independencia-de-Mexico-1-1024x683.jpg","1536x1536":"https:\/\/www.alasmedios.com\/wp-content\/uploads\/2026\/09\/Puebla-actividades-216-aniversario-de-la-Independencia-de-Mexico-1-1536x1024.jpg","2048x2048":"https:\/\/www.alasmedios.com\/wp-content\/uploads\/2026\/09\/Puebla-actividades-216-aniversario-de-la-Independencia-de-Mexico-1.jpg","colormag-highlighted-post":"https:\/\/www.alasmedios.com\/wp-content\/uploads\/2026\/09\/Puebla-actividades-216-aniversario-de-la-Independencia-de-Mexico-1-392x272.jpg","colormag-featured-post-medium":"https:\/\/www.alasmedios.com\/wp-content\/uploads\/2026\/09\/Puebla-actividades-216-aniversario-de-la-Independencia-de-Mexico-1-390x205.jpg","colormag-featured-post-small":"https:\/\/www.alasmedios.com\/wp-content\/uploads\/2026\/09\/Puebla-actividades-216-aniversario-de-la-Independencia-de-Mexico-1-130x90.jpg","colormag-featured-image":"https:\/\/www.alasmedios.com\/wp-content\/uploads\/2026\/09\/Puebla-actividades-216-aniversario-de-la-Independencia-de-Mexico-1-800x445.jpg","colormag-default-news":"https:\/\/www.alasmedios.com\/wp-content\/uploads\/2026\/09\/Puebla-actividades-216-aniversario-de-la-Independencia-de-Mexico-1-150x150.jpg","colormag-featured-image-large":"https:\/\/www.alasmedios.com\/wp-content\/uploads\/2026\/09\/Puebla-actividades-216-aniversario-de-la-Independencia-de-Mexico-1-1400x600.jpg"},"magazineBlocksPostAuthor":{"name":"Keila Rodr\u00edguez Pe\u00f1a","avatar":"https:\/\/secure.gravatar.com\/avatar\/a2553a2bfaa601b9d539b617c8793e151bdffb60f9e48a249912f86d4c9ebeef?s=96&d=mm&r=g"},"magazineBlocksPostCommentsNumber":"0","magazineBlocksPostExcerpt":"Puebla comenz\u00f3 a vestir sus calles de historia y tradici\u00f3n con el arranque de las actividades conmemorativas por el 216","magazineBlocksPostCategories":["Puebla"],"magazineBlocksPostViewCount":41,"magazineBlocksPostReadTime":4,"magazine_blocks_featured_image_url":{"full":["https:\/\/www.alasmedios.com\/wp-content\/uploads\/2026\/09\/Puebla-actividades-216-aniversario-de-la-Independencia-de-Mexico-1.jpg",1600,1067,false],"medium":["https:\/\/www.alasmedios.com\/wp-content\/uploads\/2026\/09\/Puebla-actividades-216-aniversario-de-la-Independencia-de-Mexico-1-300x200.jpg",300,200,true],"thumbnail":["https:\/\/www.alasmedios.com\/wp-content\/uploads\/2026\/09\/Puebla-actividades-216-aniversario-de-la-Independencia-de-Mexico-1-150x150.jpg",150,150,true]},"magazine_blocks_author":{"display_name":"Keila Rodr\u00edguez Pe\u00f1a","author_link":"https:\/\/www.alasmedios.com\/index.php\/author\/keila\/"},"magazine_blocks_comment":0,"magazine_blocks_author_image":"https:\/\/secure.gravatar.com\/avatar\/a2553a2bfaa601b9d539b617c8793e151bdffb60f9e48a249912f86d4c9ebeef?s=96&d=mm&r=g","magazine_blocks_category":"<a href=\"#\" class=\"category-link category-link-3704\">Puebla<\/a>","videoUrl":"","yoast_head":"<!-- This site is optimized with the Yoast SEO plugin v28.4 - https:\/\/yoast.com\/product\/yoast-seo-wordpress\/ -->\r\n<title>Puebla enciende las Fiestas Patrias: as\u00ed arranca la ruta por 216 a\u00f1os de Independencia<\/title>\r\n<meta name=\"description\" content=\"Puebla comenz\u00f3 el arranque de las actividades conmemorativas por el 216 aniversario de la Independencia de M\u00e9xico\" \/>\r\n<meta name=\"robots\" content=\"index, follow, max-snippet:-1, max-image-preview:large, max-video-preview:-1\" \/>\r\n<link rel=\"canonical\" href=\"https:\/\/www.alasmedios.com\/index.php\/2026\/09\/01\/puebla-enciende-las-fiestas-patrias-asi-arranca-la-ruta-por-216-anos-de-independencia\/\" \/>\r\n<meta property=\"og:locale\" content=\"es_MX\" \/>\r\n<meta property=\"og:type\" content=\"article\" \/>\r\n<meta property=\"og:title\" content=\"Puebla enciende las Fiestas Patrias: as\u00ed arranca la ruta por 216 a\u00f1os de Independencia\" \/>\r\n<meta property=\"og:description\" content=\"Puebla comenz\u00f3 el arranque de las actividades conmemorativas por el 216 aniversario de la Independencia de M\u00e9xico\" \/>\r\n<meta property=\"og:url\" content=\"https:\/\/www.alasmedios.com\/index.php\/2026\/09\/01\/puebla-enciende-las-fiestas-patrias-asi-arranca-la-ruta-por-216-anos-de-independencia\/\" \/>\r\n<meta property=\"og:site_name\" content=\"Alas Medios\" \/>\r\n<meta property=\"article:published_time\" content=\"2026-09-01T20:42:37+00:00\" \/>\r\n<meta property=\"article:modified_time\" content=\"2026-09-01T20:42:41+00:00\" \/>\r\n<meta property=\"og:image\" content=\"https:\/\/www.alasmedios.com\/wp-content\/uploads\/2026\/09\/Puebla-actividades-216-aniversario-de-la-Independencia-de-Mexico-1.jpg\" \/>\r\n\t<meta property=\"og:image:width\" content=\"1600\" \/>\r\n\t<meta property=\"og:image:height\" content=\"1067\" \/>\r\n\t<meta property=\"og:image:type\" content=\"image\/jpeg\" \/>\r\n<meta name=\"author\" content=\"Keila Rodr\u00edguez Pe\u00f1a\" \/>\r\n<meta name=\"twitter:card\" content=\"summary_large_image\" \/>\r\n<meta name=\"twitter:label1\" content=\"Escrito por\" \/>\n\t<meta name=\"twitter:data1\" content=\"Keila Rodr\u00edguez Pe\u00f1a\" \/>\n\t<meta name=\"twitter:label2\" content=\"Tiempo de lectura\" \/>\n\t<meta name=\"twitter:data2\" content=\"4 minutos\" \/>\r\n<script type=\"application\/ld+json\" class=\"yoast-schema-graph\">{\"@context\":\"https:\\\/\\\/schema.org\",\"@graph\":[{\"@type\":\"Article\",\"@id\":\"https:\\\/\\\/www.alasmedios.com\\\/index.php\\\/2026\\\/09\\\/01\\\/puebla-enciende-las-fiestas-patrias-asi-arranca-la-ruta-por-216-anos-de-independencia\\\/#article\",\"isPartOf\":{\"@id\":\"https:\\\/\\\/www.alasmedios.com\\\/index.php\\\/2026\\\/09\\\/01\\\/puebla-enciende-las-fiestas-patrias-asi-arranca-la-ruta-por-216-anos-de-independencia\\\/\"},\"author\":{\"name\":\"Keila Rodr\u00edguez Pe\u00f1a\",\"@id\":\"https:\\\/\\\/www.alasmedios.com\\\/#\\\/schema\\\/person\\\/0ba31bdd19a05ebf5c7fef1fedf99c34\"},\"headline\":\"Puebla enciende las Fiestas Patrias: as\u00ed arranca la ruta por 216 a\u00f1os de Independencia\",\"datePublished\":\"2026-09-01T20:42:37+00:00\",\"dateModified\":\"2026-09-01T20:42:41+00:00\",\"mainEntityOfPage\":{\"@id\":\"https:\\\/\\\/www.alasmedios.com\\\/index.php\\\/2026\\\/09\\\/01\\\/puebla-enciende-las-fiestas-patrias-asi-arranca-la-ruta-por-216-anos-de-independencia\\\/\"},\"wordCount\":672,\"commentCount\":0,\"publisher\":{\"@id\":\"https:\\\/\\\/www.alasmedios.com\\\/#organization\"},\"image\":{\"@id\":\"https:\\\/\\\/www.alasmedios.com\\\/index.php\\\/2026\\\/09\\\/01\\\/puebla-enciende-las-fiestas-patrias-asi-arranca-la-ruta-por-216-anos-de-independencia\\\/#primaryimage\"},\"thumbnailUrl\":\"https:\\\/\\\/www.alasmedios.com\\\/wp-content\\\/uploads\\\/2026\\\/09\\\/Puebla-actividades-216-aniversario-de-la-Independencia-de-Mexico-1.jpg\",\"keywords\":[\"fiestas patrias\",\"Independencia de M\u00e9xico\",\"Puebla\"],\"articleSection\":[\"Puebla\"],\"inLanguage\":\"es\",\"potentialAction\":[{\"@type\":\"CommentAction\",\"name\":\"Comment\",\"target\":[\"https:\\\/\\\/www.alasmedios.com\\\/index.php\\\/2026\\\/09\\\/01\\\/puebla-enciende-las-fiestas-patrias-asi-arranca-la-ruta-por-216-anos-de-independencia\\\/#respond\"]}]},{\"@type\":\"WebPage\",\"@id\":\"https:\\\/\\\/www.alasmedios.com\\\/index.php\\\/2026\\\/09\\\/01\\\/puebla-enciende-las-fiestas-patrias-asi-arranca-la-ruta-por-216-anos-de-independencia\\\/\",\"url\":\"https:\\\/\\\/www.alasmedios.com\\\/index.php\\\/2026\\\/09\\\/01\\\/puebla-enciende-las-fiestas-patrias-asi-arranca-la-ruta-por-216-anos-de-independencia\\\/\",\"name\":\"Puebla enciende las Fiestas Patrias: as\u00ed arranca la ruta por 216 a\u00f1os de Independencia\",\"isPartOf\":{\"@id\":\"https:\\\/\\\/www.alasmedios.com\\\/#website\"},\"primaryImageOfPage\":{\"@id\":\"https:\\\/\\\/www.alasmedios.com\\\/index.php\\\/2026\\\/09\\\/01\\\/puebla-enciende-las-fiestas-patrias-asi-arranca-la-ruta-por-216-anos-de-independencia\\\/#primaryimage\"},\"image\":{\"@id\":\"https:\\\/\\\/www.alasmedios.com\\\/index.php\\\/2026\\\/09\\\/01\\\/puebla-enciende-las-fiestas-patrias-asi-arranca-la-ruta-por-216-anos-de-independencia\\\/#primaryimage\"},\"thumbnailUrl\":\"https:\\\/\\\/www.alasmedios.com\\\/wp-content\\\/uploads\\\/2026\\\/09\\\/Puebla-actividades-216-aniversario-de-la-Independencia-de-Mexico-1.jpg\",\"datePublished\":\"2026-09-01T20:42:37+00:00\",\"dateModified\":\"2026-09-01T20:42:41+00:00\",\"description\":\"Puebla comenz\u00f3 el arranque de las actividades conmemorativas por el 216 aniversario de la Independencia de M\u00e9xico\",\"breadcrumb\":{\"@id\":\"https:\\\/\\\/www.alasmedios.com\\\/index.php\\\/2026\\\/09\\\/01\\\/puebla-enciende-las-fiestas-patrias-asi-arranca-la-ruta-por-216-anos-de-independencia\\\/#breadcrumb\"},\"inLanguage\":\"es\",\"potentialAction\":[{\"@type\":\"ReadAction\",\"target\":[\"https:\\\/\\\/www.alasmedios.com\\\/index.php\\\/2026\\\/09\\\/01\\\/puebla-enciende-las-fiestas-patrias-asi-arranca-la-ruta-por-216-anos-de-independencia\\\/\"]}]},{\"@type\":\"ImageObject\",\"inLanguage\":\"es\",\"@id\":\"https:\\\/\\\/www.alasmedios.com\\\/index.php\\\/2026\\\/09\\\/01\\\/puebla-enciende-las-fiestas-patrias-asi-arranca-la-ruta-por-216-anos-de-independencia\\\/#primaryimage\",\"url\":\"https:\\\/\\\/www.alasmedios.com\\\/wp-content\\\/uploads\\\/2026\\\/09\\\/Puebla-actividades-216-aniversario-de-la-Independencia-de-Mexico-1.jpg\",\"contentUrl\":\"https:\\\/\\\/www.alasmedios.com\\\/wp-content\\\/uploads\\\/2026\\\/09\\\/Puebla-actividades-216-aniversario-de-la-Independencia-de-Mexico-1.jpg\",\"width\":1600,\"height\":1067},{\"@type\":\"BreadcrumbList\",\"@id\":\"https:\\\/\\\/www.alasmedios.com\\\/index.php\\\/2026\\\/09\\\/01\\\/puebla-enciende-las-fiestas-patrias-asi-arranca-la-ruta-por-216-anos-de-independencia\\\/#breadcrumb\",\"itemListElement\":[{\"@type\":\"ListItem\",\"position\":1,\"name\":\"Inicio\",\"item\":\"https:\\\/\\\/www.alasmedios.com\\\/\"},{\"@type\":\"ListItem\",\"position\":2,\"name\":\"Puebla enciende las Fiestas Patrias: as\u00ed arranca la ruta por 216 a\u00f1os de Independencia\"}]},{\"@type\":\"WebSite\",\"@id\":\"https:\\\/\\\/www.alasmedios.com\\\/#website\",\"url\":\"https:\\\/\\\/www.alasmedios.com\\\/\",\"name\":\"Alas Medios\",\"description\":\"Alas para pensar, Alas para volar, Alas de libertad\",\"publisher\":{\"@id\":\"https:\\\/\\\/www.alasmedios.com\\\/#organization\"},\"potentialAction\":[{\"@type\":\"SearchAction\",\"target\":{\"@type\":\"EntryPoint\",\"urlTemplate\":\"https:\\\/\\\/www.alasmedios.com\\\/?s={search_term_string}\"},\"query-input\":{\"@type\":\"PropertyValueSpecification\",\"valueRequired\":true,\"valueName\":\"search_term_string\"}}],\"inLanguage\":\"es\"},{\"@type\":\"Organization\",\"@id\":\"https:\\\/\\\/www.alasmedios.com\\\/#organization\",\"name\":\"Alas Medios\",\"url\":\"https:\\\/\\\/www.alasmedios.com\\\/\",\"logo\":{\"@type\":\"ImageObject\",\"inLanguage\":\"es\",\"@id\":\"https:\\\/\\\/www.alasmedios.com\\\/#\\\/schema\\\/logo\\\/image\\\/\",\"url\":\"https:\\\/\\\/www.alasmedios.com\\\/wp-content\\\/uploads\\\/2026\\\/01\\\/cropped-cropped-GAM-1.png\",\"contentUrl\":\"https:\\\/\\\/www.alasmedios.com\\\/wp-content\\\/uploads\\\/2026\\\/01\\\/cropped-cropped-GAM-1.png\",\"width\":467,\"height\":235,\"caption\":\"Alas Medios\"},\"image\":{\"@id\":\"https:\\\/\\\/www.alasmedios.com\\\/#\\\/schema\\\/logo\\\/image\\\/\"}},{\"@type\":\"Person\",\"@id\":\"https:\\\/\\\/www.alasmedios.com\\\/#\\\/schema\\\/person\\\/0ba31bdd19a05ebf5c7fef1fedf99c34\",\"name\":\"Keila Rodr\u00edguez Pe\u00f1a\",\"image\":{\"@type\":\"ImageObject\",\"inLanguage\":\"es\",\"@id\":\"https:\\\/\\\/secure.gravatar.com\\\/avatar\\\/a2553a2bfaa601b9d539b617c8793e151bdffb60f9e48a249912f86d4c9ebeef?s=96&d=mm&r=g\",\"url\":\"https:\\\/\\\/secure.gravatar.com\\\/avatar\\\/a2553a2bfaa601b9d539b617c8793e151bdffb60f9e48a249912f86d4c9ebeef?s=96&d=mm&r=g\",\"contentUrl\":\"https:\\\/\\\/secure.gravatar.com\\\/avatar\\\/a2553a2bfaa601b9d539b617c8793e151bdffb60f9e48a249912f86d4c9ebeef?s=96&d=mm&r=g\",\"caption\":\"Keila Rodr\u00edguez Pe\u00f1a\"},\"sameAs\":[\"http:\\\/\\\/www.alasmedios.com\"],\"url\":\"https:\\\/\\\/www.alasmedios.com\\\/index.php\\\/author\\\/keila\\\/\"}]}<\/script>\r\n<!-- \/ Yoast SEO plugin. -->","yoast_head_json":{"title":"Puebla enciende las Fiestas Patrias: as\u00ed arranca la ruta por 216 a\u00f1os de Independencia","description":"Puebla comenz\u00f3 el arranque de las actividades conmemorativas por el 216 aniversario de la Independencia de M\u00e9xico","robots":{"index":"index","follow":"follow","max-snippet":"max-snippet:-1","max-image-preview":"max-image-preview:large","max-video-preview":"max-video-preview:-1"},"canonical":"https:\/\/www.alasmedios.com\/index.php\/2026\/09\/01\/puebla-enciende-las-fiestas-patrias-asi-arranca-la-ruta-por-216-anos-de-independencia\/","og_locale":"es_MX","og_type":"article","og_title":"Puebla enciende las Fiestas Patrias: as\u00ed arranca la ruta por 216 a\u00f1os de Independencia","og_description":"Puebla comenz\u00f3 el arranque de las actividades conmemorativas por el 216 aniversario de la Independencia de M\u00e9xico","og_url":"https:\/\/www.alasmedios.com\/index.php\/2026\/09\/01\/puebla-enciende-las-fiestas-patrias-asi-arranca-la-ruta-por-216-anos-de-independencia\/","og_site_name":"Alas Medios","article_published_time":"2026-09-01T20:42:37+00:00","article_modified_time":"2026-09-01T20:42:41+00:00","og_image":[{"width":1600,"height":1067,"url":"https:\/\/www.alasmedios.com\/wp-content\/uploads\/2026\/09\/Puebla-actividades-216-aniversario-de-la-Independencia-de-Mexico-1.jpg","type":"image\/jpeg"}],"author":"Keila Rodr\u00edguez Pe\u00f1a","twitter_card":"summary_large_image","twitter_misc":{"Escrito por":"Keila Rodr\u00edguez Pe\u00f1a","Tiempo de lectura":"4 minutos"},"schema":{"@context":"https:\/\/schema.org","@graph":[{"@type":"Article","@id":"https:\/\/www.alasmedios.com\/index.php\/2026\/09\/01\/puebla-enciende-las-fiestas-patrias-asi-arranca-la-ruta-por-216-anos-de-independencia\/#article","isPartOf":{"@id":"https:\/\/www.alasmedios.com\/index.php\/2026\/09\/01\/puebla-enciende-las-fiestas-patrias-asi-arranca-la-ruta-por-216-anos-de-independencia\/"},"author":{"name":"Keila Rodr\u00edguez Pe\u00f1a","@id":"https:\/\/www.alasmedios.com\/#\/schema\/person\/0ba31bdd19a05ebf5c7fef1fedf99c34"},"headline":"Puebla enciende las Fiestas Patrias: as\u00ed arranca la ruta por 216 a\u00f1os de Independencia","datePublished":"2026-09-01T20:42:37+00:00","dateModified":"2026-09-01T20:42:41+00:00","mainEntityOfPage":{"@id":"https:\/\/www.alasmedios.com\/index.php\/2026\/09\/01\/puebla-enciende-las-fiestas-patrias-asi-arranca-la-ruta-por-216-anos-de-independencia\/"},"wordCount":672,"commentCount":0,"publisher":{"@id":"https:\/\/www.alasmedios.com\/#organization"},"image":{"@id":"https:\/\/www.alasmedios.com\/index.php\/2026\/09\/01\/puebla-enciende-las-fiestas-patrias-asi-arranca-la-ruta-por-216-anos-de-independencia\/#primaryimage"},"thumbnailUrl":"https:\/\/www.alasmedios.com\/wp-content\/uploads\/2026\/09\/Puebla-actividades-216-aniversario-de-la-Independencia-de-Mexico-1.jpg","keywords":["fiestas patrias","Independencia de M\u00e9xico","Puebla"],"articleSection":["Puebla"],"inLanguage":"es","potentialAction":[{"@type":"CommentAction","name":"Comment","target":["https:\/\/www.alasmedios.com\/index.php\/2026\/09\/01\/puebla-enciende-las-fiestas-patrias-asi-arranca-la-ruta-por-216-anos-de-independencia\/#respond"]}]},{"@type":"WebPage","@id":"https:\/\/www.alasmedios.com\/index.php\/2026\/09\/01\/puebla-enciende-las-fiestas-patrias-asi-arranca-la-ruta-por-216-anos-de-independencia\/","url":"https:\/\/www.alasmedios.com\/index.php\/2026\/09\/01\/puebla-enciende-las-fiestas-patrias-asi-arranca-la-ruta-por-216-anos-de-independencia\/","name":"Puebla enciende las Fiestas Patrias: as\u00ed arranca la ruta por 216 a\u00f1os de Independencia","isPartOf":{"@id":"https:\/\/www.alasmedios.com\/#website"},"primaryImageOfPage":{"@id":"https:\/\/www.alasmedios.com\/index.php\/2026\/09\/01\/puebla-enciende-las-fiestas-patrias-asi-arranca-la-ruta-por-216-anos-de-independencia\/#primaryimage"},"image":{"@id":"https:\/\/www.alasmedios.com\/index.php\/2026\/09\/01\/puebla-enciende-las-fiestas-patrias-asi-arranca-la-ruta-por-216-anos-de-independencia\/#primaryimage"},"thumbnailUrl":"https:\/\/www.alasmedios.com\/wp-content\/uploads\/2026\/09\/Puebla-actividades-216-aniversario-de-la-Independencia-de-Mexico-1.jpg","datePublished":"2026-09-01T20:42:37+00:00","dateModified":"2026-09-01T20:42:41+00:00","description":"Puebla comenz\u00f3 el arranque de las actividades conmemorativas por el 216 aniversario de la Independencia de M\u00e9xico","breadcrumb":{"@id":"https:\/\/www.alasmedios.com\/index.php\/2026\/09\/01\/puebla-enciende-las-fiestas-patrias-asi-arranca-la-ruta-por-216-anos-de-independencia\/#breadcrumb"},"inLanguage":"es","potentialAction":[{"@type":"ReadAction","target":["https:\/\/www.alasmedios.com\/index.php\/2026\/09\/01\/puebla-enciende-las-fiestas-patrias-asi-arranca-la-ruta-por-216-anos-de-independencia\/"]}]},{"@type":"ImageObject","inLanguage":"es","@id":"https:\/\/www.alasmedios.com\/index.php\/2026\/09\/01\/puebla-enciende-las-fiestas-patrias-asi-arranca-la-ruta-por-216-anos-de-independencia\/#primaryimage","url":"https:\/\/www.alasmedios.com\/wp-content\/uploads\/2026\/09\/Puebla-actividades-216-aniversario-de-la-Independencia-de-Mexico-1.jpg","contentUrl":"https:\/\/www.alasmedios.com\/wp-content\/uploads\/2026\/09\/Puebla-actividades-216-aniversario-de-la-Independencia-de-Mexico-1.jpg","width":1600,"height":1067},{"@type":"BreadcrumbList","@id":"https:\/\/www.alasmedios.com\/index.php\/2026\/09\/01\/puebla-enciende-las-fiestas-patrias-asi-arranca-la-ruta-por-216-anos-de-independencia\/#breadcrumb","itemListElement":[{"@type":"ListItem","position":1,"name":"Inicio","item":"https:\/\/www.alasmedios.com\/"},{"@type":"ListItem","position":2,"name":"Puebla enciende las Fiestas Patrias: as\u00ed arranca la ruta por 216 a\u00f1os de Independencia"}]},{"@type":"WebSite","@id":"https:\/\/www.alasmedios.com\/#website","url":"https:\/\/www.alasmedios.com\/","name":"Alas Medios","description":"Alas para pensar, Alas para volar, Alas de libertad","publisher":{"@id":"https:\/\/www.alasmedios.com\/#organization"},"potentialAction":[{"@type":"SearchAction","target":{"@type":"EntryPoint","urlTemplate":"https:\/\/www.alasmedios.com\/?s={search_term_string}"},"query-input":{"@type":"PropertyValueSpecification","valueRequired":true,"valueName":"search_term_string"}}],"inLanguage":"es"},{"@type":"Organization","@id":"https:\/\/www.alasmedios.com\/#organization","name":"Alas Medios","url":"https:\/\/www.alasmedios.com\/","logo":{"@type":"ImageObject","inLanguage":"es","@id":"https:\/\/www.alasmedios.com\/#\/schema\/logo\/image\/","url":"https:\/\/www.alasmedios.com\/wp-content\/uploads\/2026\/01\/cropped-cropped-GAM-1.png","contentUrl":"https:\/\/www.alasmedios.com\/wp-content\/uploads\/2026\/01\/cropped-cropped-GAM-1.png","width":467,"height":235,"caption":"Alas Medios"},"image":{"@id":"https:\/\/www.alasmedios.com\/#\/schema\/logo\/image\/"}},{"@type":"Person","@id":"https:\/\/www.alasmedios.com\/#\/schema\/person\/0ba31bdd19a05ebf5c7fef1fedf99c34","name":"Keila Rodr\u00edguez Pe\u00f1a","image":{"@type":"ImageObject","inLanguage":"es","@id":"https:\/\/secure.gravatar.com\/avatar\/a2553a2bfaa601b9d539b617c8793e151bdffb60f9e48a249912f86d4c9ebeef?s=96&d=mm&r=g","url":"https:\/\/secure.gravatar.com\/avatar\/a2553a2bfaa601b9d539b617c8793e151bdffb60f9e48a249912f86d4c9ebeef?s=96&d=mm&r=g","contentUrl":"https:\/\/secure.gravatar.com\/avatar\/a2553a2bfaa601b9d539b617c8793e151bdffb60f9e48a249912f86d4c9ebeef?s=96&d=mm&r=g","caption":"Keila Rodr\u00edguez Pe\u00f1a"},"sameAs":["https:\/\/www.alasmedios.com"],"url":"https:\/\/www.alasmedios.com\/index.php\/author\/keila\/"}]}},"_links":{"self":[{"href":"https:\/\/www.alasmedios.com\/index.php\/wp-json\/wp\/v2\/posts\/12578","targetHints":{"allow":["GET"]}}],"collection":[{"href":"https:\/\/www.alasmedios.com\/index.php\/wp-json\/wp\/v2\/posts"}],"about":[{"href":"https:\/\/www.alasmedios.com\/index.php\/wp-json\/wp\/v2\/types\/post"}],"author":[{"embeddable":true,"href":"https:\/\/www.alasmedios.com\/index.php\/wp-json\/wp\/v2\/users\/4"}],"replies":[{"embeddable":true,"href":"https:\/\/www.alasmedios.com\/index.php\/wp-json\/wp\/v2\/comments?post=12578"}],"version-history":[{"count":1,"href":"https:\/\/www.alasmedios.com\/index.php\/wp-json\/wp\/v2\/posts\/12578\/revisions"}],"predecessor-version":[{"id":12581,"href":"https:\/\/www.alasmedios.com\/index.php\/wp-json\/wp\/v2\/posts\/12578\/revisions\/12581"}],"wp:featuredmedia":[{"embeddable":true,"href":"https:\/\/www.alasmedios.com\/index.php\/wp-json\/wp\/v2\/media\/12579"}],"wp:attachment":[{"href":"https:\/\/www.alasmedios.com\/index.php\/wp-json\/wp\/v2\/media?parent=12578"}],"wp:term":[{"taxonomy":"category","embeddable":true,"href":"https:\/\/www.alasmedios.com\/index.php\/wp-json\/wp\/v2\/categories?post=12578"},{"taxonomy":"post_tag","embeddable":true,"href":"https:\/\/www.alasmedios.com\/index.php\/wp-json\/wp\/v2\/tags?post=12578"}],"curies":[{"name":"wp","href":"https:\/\/api.w.org\/{rel}","templated":true}]}}