{"id":12568,"date":"2026-09-01T11:24:16","date_gmt":"2026-09-01T17:24:16","guid":{"rendered":"https:\/\/www.alasmedios.com\/?p=12568"},"modified":"2026-09-01T11:24:23","modified_gmt":"2026-09-01T17:24:23","slug":"dinamarca-compensara-a-mujeres-inuit-anticoncepcion-forzada","status":"publish","type":"post","link":"https:\/\/www.alasmedios.com\/index.php\/2026\/09\/01\/dinamarca-compensara-a-mujeres-inuit-anticoncepcion-forzada\/","title":{"rendered":"Dinamarca indemnizar\u00e1 a mujeres inuit sometidas a anticoncepci\u00f3n forzada"},"content":{"rendered":"\n<p class=\"wp-block-paragraph\">La vulneraci\u00f3n sistem\u00e1tica a la autonom\u00eda reproductiva de la poblaci\u00f3n ind\u00edgena en Groenlandia tendr\u00e1 un hist\u00f3rico reconocimiento econ\u00f3mico tras d\u00e9cadas de impunidad, en una decisi\u00f3n donde dinamarca compensara a mujeres inui afectadas por la pol\u00edtica del pasado. Por un lado, el gobierno de Dinamarca destinar\u00e1 una <strong>indemnizaci\u00f3n individual de 300 mil coronas danesas<\/strong> (aproximadamente 46 mil d\u00f3lares) a miles de mujeres y ni\u00f1as inuit. En este sentido, las autoridades buscan reparar los da\u00f1os causados a las v\u00edctimas, a quienes se les coloc\u00f3 un dispositivo intrauterino (DIU) u otros <strong>m\u00e9todos hormonales sin su consentimiento entre 1960 y 1991.<\/strong><\/p>\n\n\n\n<p class=\"wp-block-paragraph\">Esta <strong>medida econ\u00f3mica complementa la disculpa formal<\/strong> ofrecida por la primera ministra danesa, Mette Frederiksen, y el primer ministro de Groenlandia, Jens-Frederik Nielsen, quienes reconocieron la responsabilidad del Estado por este oscuro cap\u00edtulo colonial. En este contexto la confirmaci\u00f3n de que dinamarca compensara a mujeres iniut atraves del Ministerio de Salud de Dinamarca, el mecanismo de solicitudes <strong>operar\u00e1 de abril de 2027 a junio de 2028 para beneficiar a un universo estimado de 4 mil 500 afectadas.<\/strong><\/p>\n\n\n\n<p class=\"wp-block-paragraph\">CONTIN\u00daA LEYENDO:<a href=\"https:\/\/www.alasmedios.com\/index.php\/2025\/08\/28\/dinamarca-reconoce-y-pide-perdon-por-la-esterilizacion-forzada-de-mujeres-inuit-en-groenlandia\/\" data-type=\"post\" data-id=\"5967\">Dinamarca reconoce y pide perd\u00f3n por la esterilizaci\u00f3n forzada de mujeres inuit en Groenlandia<\/a><\/p>\n\n\n\n<h2 class=\"wp-block-heading\">Del control demogr\u00e1fico a la reparaci\u00f3n de un abuso de Estado<\/h2>\n\n\n\n<p class=\"wp-block-paragraph\">Conocido hist\u00f3ricamente como el &#8220;caso Espiral&#8221;, la pr\u00e1ctica se ejecut\u00f3 como una estrategia para limitar el crecimiento demogr\u00e1fico en la isla \u00e1rtica, afectando en su momento a casi la mitad de las mujeres en edad f\u00e9rtil de Groenlandia. La investigaci\u00f3n independiente, impulsada<strong> tras la demanda de m\u00e1s de 150 v\u00edctimas en 2024, <\/strong>document\u00f3 que los procedimientos se realizaron a espaldas de las pacientes, afectando a adolescentes y ni\u00f1as de tan solo 12 a\u00f1os o menos.<\/p>\n\n\n\n<p class=\"wp-block-paragraph\">Al respecto, la ministra de Salud danesa, Sophie L\u00f8hde, coincidi\u00f3 con la postura fijada por las autoridades de ambas naciones, admitiendo que si bien<strong> la compensaci\u00f3n financiera no borrar\u00e1 los severos da\u00f1os f\u00edsicos, psicol\u00f3gicos y la discriminaci\u00f3n sistem\u00e1tica<\/strong> sufrida por la poblaci\u00f3n inuit, representa un paso indispensable para la justicia restaurativa y la autonom\u00eda sobre sus cuerpos.<\/p>\n\n\n<ul class=\"wp-block-latest-posts__list wp-block-latest-posts is-layout-flow wp-block-latest-posts-is-layout-flow\"><li><div class=\"wp-block-latest-posts__featured-image\"><img loading=\"lazy\" decoding=\"async\" width=\"150\" height=\"150\" src=\"https:\/\/www.alasmedios.com\/wp-content\/uploads\/2026\/09\/Puebla-actividades-216-aniversario-de-la-Independencia-de-Mexico-1-150x150.jpg\" class=\"attachment-thumbnail size-thumbnail wp-post-image\" alt=\"\" style=\"\" \/><\/div><a class=\"wp-block-latest-posts__post-title\" href=\"https:\/\/www.alasmedios.com\/index.php\/2026\/09\/01\/puebla-enciende-las-fiestas-patrias-asi-arranca-la-ruta-por-216-anos-de-independencia\/\">Puebla enciende las Fiestas Patrias: as\u00ed arranca la ruta por 216 a\u00f1os de Independencia<\/a><\/li>\n<li><div class=\"wp-block-latest-posts__featured-image\"><img loading=\"lazy\" decoding=\"async\" width=\"150\" height=\"150\" src=\"https:\/\/www.alasmedios.com\/wp-content\/uploads\/2026\/09\/DIF-Hidalgo-estrena-Lokomat-150x150.jpg\" class=\"attachment-thumbnail size-thumbnail wp-post-image\" alt=\"\" style=\"\" \/><\/div><a class=\"wp-block-latest-posts__post-title\" href=\"https:\/\/www.alasmedios.com\/index.php\/2026\/09\/01\/dif-hidalgo-estrena-lokomat-18-mdp-para-recuperar-la-movilidad-de-pacientes\/\">DIF Hidalgo estrena Lokomat: 18 mdp para recuperar la movilidad de pacientes<\/a><\/li>\n<li><div class=\"wp-block-latest-posts__featured-image\"><img loading=\"lazy\" decoding=\"async\" width=\"150\" height=\"150\" src=\"https:\/\/www.alasmedios.com\/wp-content\/uploads\/2026\/09\/Dinamarca-indemnizara-a-mujeres-inuit-150x150.jpg\" class=\"attachment-thumbnail size-thumbnail wp-post-image\" alt=\"\" style=\"\" \/><\/div><a class=\"wp-block-latest-posts__post-title\" href=\"https:\/\/www.alasmedios.com\/index.php\/2026\/09\/01\/dinamarca-compensara-a-mujeres-inuit-anticoncepcion-forzada\/\">Dinamarca indemnizar\u00e1 a mujeres inuit sometidas a anticoncepci\u00f3n forzada<\/a><\/li>\n<\/ul>","protected":false},"excerpt":{"rendered":"<p>La vulneraci\u00f3n sistem\u00e1tica a la autonom\u00eda reproductiva de la poblaci\u00f3n ind\u00edgena en Groenlandia tendr\u00e1 un hist\u00f3rico reconocimiento econ\u00f3mico tras d\u00e9cadas<\/p>\n","protected":false},"author":19,"featured_media":12570,"comment_status":"open","ping_status":"open","sticky":false,"template":"","format":"standard","meta":{"colormag_page_container_layout":"default_layout","colormag_page_sidebar_layout":"default_layout","rop_custom_images_group":[],"rop_custom_messages_group":[],"rop_publish_now":"yes","rop_publish_now_accounts":[],"rop_publish_now_history":[],"rop_publish_now_status":"pending","iawp_total_views":3,"footnotes":""},"categories":[3229],"tags":[227,4393,4844,3952,4841,4843,53,1090],"class_list":["post-12568","post","type-post","status-publish","format-standard","has-post-thumbnail","hentry","category-mundo-extranjero","tag-abuso","tag-autonomia-2","tag-compensacion-2","tag-gobierno","tag-indemnizacion","tag-metodos","tag-mujeres","tag-responsabilidad"],"magazineBlocksPostFeaturedMedia":{"thumbnail":"https:\/\/www.alasmedios.com\/wp-content\/uploads\/2026\/09\/Dinamarca-indemnizara-a-mujeres-inuit-150x150.jpg","medium":"https:\/\/www.alasmedios.com\/wp-content\/uploads\/2026\/09\/Dinamarca-indemnizara-a-mujeres-inuit-300x200.jpg","medium_large":"https:\/\/www.alasmedios.com\/wp-content\/uploads\/2026\/09\/Dinamarca-indemnizara-a-mujeres-inuit.jpg","large":"https:\/\/www.alasmedios.com\/wp-content\/uploads\/2026\/09\/Dinamarca-indemnizara-a-mujeres-inuit.jpg","1536x1536":"https:\/\/www.alasmedios.com\/wp-content\/uploads\/2026\/09\/Dinamarca-indemnizara-a-mujeres-inuit.jpg","2048x2048":"https:\/\/www.alasmedios.com\/wp-content\/uploads\/2026\/09\/Dinamarca-indemnizara-a-mujeres-inuit.jpg","colormag-highlighted-post":"https:\/\/www.alasmedios.com\/wp-content\/uploads\/2026\/09\/Dinamarca-indemnizara-a-mujeres-inuit-392x272.jpg","colormag-featured-post-medium":"https:\/\/www.alasmedios.com\/wp-content\/uploads\/2026\/09\/Dinamarca-indemnizara-a-mujeres-inuit-390x205.jpg","colormag-featured-post-small":"https:\/\/www.alasmedios.com\/wp-content\/uploads\/2026\/09\/Dinamarca-indemnizara-a-mujeres-inuit-130x90.jpg","colormag-featured-image":"https:\/\/www.alasmedios.com\/wp-content\/uploads\/2026\/09\/Dinamarca-indemnizara-a-mujeres-inuit.jpg","colormag-default-news":"https:\/\/www.alasmedios.com\/wp-content\/uploads\/2026\/09\/Dinamarca-indemnizara-a-mujeres-inuit-150x150.jpg","colormag-featured-image-large":"https:\/\/www.alasmedios.com\/wp-content\/uploads\/2026\/09\/Dinamarca-indemnizara-a-mujeres-inuit.jpg"},"magazineBlocksPostAuthor":{"name":"Angel Mendoza","avatar":"https:\/\/secure.gravatar.com\/avatar\/ff8e027add11df9226dc0fdf09e494d036f6ae837ba63a4e3749865c21e6565b?s=96&d=mm&r=g"},"magazineBlocksPostCommentsNumber":"0","magazineBlocksPostExcerpt":"La vulneraci\u00f3n sistem\u00e1tica a la autonom\u00eda reproductiva de la poblaci\u00f3n ind\u00edgena en Groenlandia tendr\u00e1 un hist\u00f3rico reconocimiento econ\u00f3mico tras d\u00e9cadas","magazineBlocksPostCategories":["Mundo"],"magazineBlocksPostViewCount":37,"magazineBlocksPostReadTime":2,"magazine_blocks_featured_image_url":{"full":["https:\/\/www.alasmedios.com\/wp-content\/uploads\/2026\/09\/Dinamarca-indemnizara-a-mujeres-inuit.jpg",612,407,false],"medium":["https:\/\/www.alasmedios.com\/wp-content\/uploads\/2026\/09\/Dinamarca-indemnizara-a-mujeres-inuit-300x200.jpg",300,200,true],"thumbnail":["https:\/\/www.alasmedios.com\/wp-content\/uploads\/2026\/09\/Dinamarca-indemnizara-a-mujeres-inuit-150x150.jpg",150,150,true]},"magazine_blocks_author":{"display_name":"Angel Mendoza","author_link":"https:\/\/www.alasmedios.com\/index.php\/author\/angel-mendoza\/"},"magazine_blocks_comment":0,"magazine_blocks_author_image":"https:\/\/secure.gravatar.com\/avatar\/ff8e027add11df9226dc0fdf09e494d036f6ae837ba63a4e3749865c21e6565b?s=96&d=mm&r=g","magazine_blocks_category":"<a href=\"#\" class=\"category-link category-link-3229\">Mundo<\/a>","videoUrl":"","yoast_head":"<!-- This site is optimized with the Yoast SEO plugin v28.4 - https:\/\/yoast.com\/product\/yoast-seo-wordpress\/ -->\r\n<title>Dinamarca indemnizar\u00e1 a mujeres inuit sometidas a anticoncepci\u00f3n forzada - Alas Medios<\/title>\r\n<meta name=\"description\" content=\"La vulneraci\u00f3n sistem\u00e1tica a la autonom\u00eda reproductiva de la poblaci\u00f3n ind\u00edgena en dinamarca compensara a mujeres inuit.\" \/>\r\n<meta name=\"robots\" content=\"index, follow, max-snippet:-1, max-image-preview:large, max-video-preview:-1\" \/>\r\n<link rel=\"canonical\" href=\"https:\/\/www.alasmedios.com\/index.php\/2026\/09\/01\/dinamarca-compensara-a-mujeres-inuit-anticoncepcion-forzada\/\" \/>\r\n<meta property=\"og:locale\" content=\"es_MX\" \/>\r\n<meta property=\"og:type\" content=\"article\" \/>\r\n<meta property=\"og:title\" content=\"Dinamarca indemnizar\u00e1 a mujeres inuit sometidas a anticoncepci\u00f3n forzada - Alas Medios\" \/>\r\n<meta property=\"og:description\" content=\"La vulneraci\u00f3n sistem\u00e1tica a la autonom\u00eda reproductiva de la poblaci\u00f3n ind\u00edgena en dinamarca compensara a mujeres inuit.\" \/>\r\n<meta property=\"og:url\" content=\"https:\/\/www.alasmedios.com\/index.php\/2026\/09\/01\/dinamarca-compensara-a-mujeres-inuit-anticoncepcion-forzada\/\" \/>\r\n<meta property=\"og:site_name\" content=\"Alas Medios\" \/>\r\n<meta property=\"article:published_time\" content=\"2026-09-01T17:24:16+00:00\" \/>\r\n<meta property=\"article:modified_time\" content=\"2026-09-01T17:24:23+00:00\" \/>\r\n<meta property=\"og:image\" content=\"https:\/\/www.alasmedios.com\/wp-content\/uploads\/2026\/09\/Dinamarca-indemnizara-a-mujeres-inuit.jpg\" \/>\r\n\t<meta property=\"og:image:width\" content=\"612\" \/>\r\n\t<meta property=\"og:image:height\" content=\"407\" \/>\r\n\t<meta property=\"og:image:type\" content=\"image\/jpeg\" \/>\r\n<meta name=\"author\" content=\"Angel Mendoza\" \/>\r\n<meta name=\"twitter:card\" content=\"summary_large_image\" \/>\r\n<meta name=\"twitter:label1\" content=\"Escrito por\" \/>\n\t<meta name=\"twitter:data1\" content=\"Angel Mendoza\" \/>\n\t<meta name=\"twitter:label2\" content=\"Tiempo de lectura\" \/>\n\t<meta name=\"twitter:data2\" content=\"2 minutos\" \/>\r\n<script type=\"application\/ld+json\" class=\"yoast-schema-graph\">{\"@context\":\"https:\\\/\\\/schema.org\",\"@graph\":[{\"@type\":\"Article\",\"@id\":\"https:\\\/\\\/www.alasmedios.com\\\/index.php\\\/2026\\\/09\\\/01\\\/dinamarca-compensara-a-mujeres-inuit-anticoncepcion-forzada\\\/#article\",\"isPartOf\":{\"@id\":\"https:\\\/\\\/www.alasmedios.com\\\/index.php\\\/2026\\\/09\\\/01\\\/dinamarca-compensara-a-mujeres-inuit-anticoncepcion-forzada\\\/\"},\"author\":{\"name\":\"Angel Mendoza\",\"@id\":\"https:\\\/\\\/www.alasmedios.com\\\/#\\\/schema\\\/person\\\/f2b3d85cc9caf18d4ca3676f1a5af91b\"},\"headline\":\"Dinamarca indemnizar\u00e1 a mujeres inuit sometidas a anticoncepci\u00f3n forzada\",\"datePublished\":\"2026-09-01T17:24:16+00:00\",\"dateModified\":\"2026-09-01T17:24:23+00:00\",\"mainEntityOfPage\":{\"@id\":\"https:\\\/\\\/www.alasmedios.com\\\/index.php\\\/2026\\\/09\\\/01\\\/dinamarca-compensara-a-mujeres-inuit-anticoncepcion-forzada\\\/\"},\"wordCount\":374,\"commentCount\":0,\"publisher\":{\"@id\":\"https:\\\/\\\/www.alasmedios.com\\\/#organization\"},\"image\":{\"@id\":\"https:\\\/\\\/www.alasmedios.com\\\/index.php\\\/2026\\\/09\\\/01\\\/dinamarca-compensara-a-mujeres-inuit-anticoncepcion-forzada\\\/#primaryimage\"},\"thumbnailUrl\":\"https:\\\/\\\/www.alasmedios.com\\\/wp-content\\\/uploads\\\/2026\\\/09\\\/Dinamarca-indemnizara-a-mujeres-inuit.jpg\",\"keywords\":[\"abuso\",\"Autonomia\",\"Compensacion\",\"Gobierno\",\"Indemnizacion\",\"Metodos\",\"Mujeres\",\"responsabilidad\"],\"articleSection\":[\"Mundo\"],\"inLanguage\":\"es\",\"potentialAction\":[{\"@type\":\"CommentAction\",\"name\":\"Comment\",\"target\":[\"https:\\\/\\\/www.alasmedios.com\\\/index.php\\\/2026\\\/09\\\/01\\\/dinamarca-compensara-a-mujeres-inuit-anticoncepcion-forzada\\\/#respond\"]}]},{\"@type\":\"WebPage\",\"@id\":\"https:\\\/\\\/www.alasmedios.com\\\/index.php\\\/2026\\\/09\\\/01\\\/dinamarca-compensara-a-mujeres-inuit-anticoncepcion-forzada\\\/\",\"url\":\"https:\\\/\\\/www.alasmedios.com\\\/index.php\\\/2026\\\/09\\\/01\\\/dinamarca-compensara-a-mujeres-inuit-anticoncepcion-forzada\\\/\",\"name\":\"Dinamarca indemnizar\u00e1 a mujeres inuit sometidas a anticoncepci\u00f3n forzada - Alas Medios\",\"isPartOf\":{\"@id\":\"https:\\\/\\\/www.alasmedios.com\\\/#website\"},\"primaryImageOfPage\":{\"@id\":\"https:\\\/\\\/www.alasmedios.com\\\/index.php\\\/2026\\\/09\\\/01\\\/dinamarca-compensara-a-mujeres-inuit-anticoncepcion-forzada\\\/#primaryimage\"},\"image\":{\"@id\":\"https:\\\/\\\/www.alasmedios.com\\\/index.php\\\/2026\\\/09\\\/01\\\/dinamarca-compensara-a-mujeres-inuit-anticoncepcion-forzada\\\/#primaryimage\"},\"thumbnailUrl\":\"https:\\\/\\\/www.alasmedios.com\\\/wp-content\\\/uploads\\\/2026\\\/09\\\/Dinamarca-indemnizara-a-mujeres-inuit.jpg\",\"datePublished\":\"2026-09-01T17:24:16+00:00\",\"dateModified\":\"2026-09-01T17:24:23+00:00\",\"description\":\"La vulneraci\u00f3n sistem\u00e1tica a la autonom\u00eda reproductiva de la poblaci\u00f3n ind\u00edgena en dinamarca compensara a mujeres inuit.\",\"breadcrumb\":{\"@id\":\"https:\\\/\\\/www.alasmedios.com\\\/index.php\\\/2026\\\/09\\\/01\\\/dinamarca-compensara-a-mujeres-inuit-anticoncepcion-forzada\\\/#breadcrumb\"},\"inLanguage\":\"es\",\"potentialAction\":[{\"@type\":\"ReadAction\",\"target\":[\"https:\\\/\\\/www.alasmedios.com\\\/index.php\\\/2026\\\/09\\\/01\\\/dinamarca-compensara-a-mujeres-inuit-anticoncepcion-forzada\\\/\"]}]},{\"@type\":\"ImageObject\",\"inLanguage\":\"es\",\"@id\":\"https:\\\/\\\/www.alasmedios.com\\\/index.php\\\/2026\\\/09\\\/01\\\/dinamarca-compensara-a-mujeres-inuit-anticoncepcion-forzada\\\/#primaryimage\",\"url\":\"https:\\\/\\\/www.alasmedios.com\\\/wp-content\\\/uploads\\\/2026\\\/09\\\/Dinamarca-indemnizara-a-mujeres-inuit.jpg\",\"contentUrl\":\"https:\\\/\\\/www.alasmedios.com\\\/wp-content\\\/uploads\\\/2026\\\/09\\\/Dinamarca-indemnizara-a-mujeres-inuit.jpg\",\"width\":612,\"height\":407},{\"@type\":\"BreadcrumbList\",\"@id\":\"https:\\\/\\\/www.alasmedios.com\\\/index.php\\\/2026\\\/09\\\/01\\\/dinamarca-compensara-a-mujeres-inuit-anticoncepcion-forzada\\\/#breadcrumb\",\"itemListElement\":[{\"@type\":\"ListItem\",\"position\":1,\"name\":\"Inicio\",\"item\":\"https:\\\/\\\/www.alasmedios.com\\\/\"},{\"@type\":\"ListItem\",\"position\":2,\"name\":\"Dinamarca indemnizar\u00e1 a mujeres inuit sometidas a anticoncepci\u00f3n forzada\"}]},{\"@type\":\"WebSite\",\"@id\":\"https:\\\/\\\/www.alasmedios.com\\\/#website\",\"url\":\"https:\\\/\\\/www.alasmedios.com\\\/\",\"name\":\"Alas Medios\",\"description\":\"Alas para pensar, Alas para volar, Alas de libertad\",\"publisher\":{\"@id\":\"https:\\\/\\\/www.alasmedios.com\\\/#organization\"},\"potentialAction\":[{\"@type\":\"SearchAction\",\"target\":{\"@type\":\"EntryPoint\",\"urlTemplate\":\"https:\\\/\\\/www.alasmedios.com\\\/?s={search_term_string}\"},\"query-input\":{\"@type\":\"PropertyValueSpecification\",\"valueRequired\":true,\"valueName\":\"search_term_string\"}}],\"inLanguage\":\"es\"},{\"@type\":\"Organization\",\"@id\":\"https:\\\/\\\/www.alasmedios.com\\\/#organization\",\"name\":\"Alas Medios\",\"url\":\"https:\\\/\\\/www.alasmedios.com\\\/\",\"logo\":{\"@type\":\"ImageObject\",\"inLanguage\":\"es\",\"@id\":\"https:\\\/\\\/www.alasmedios.com\\\/#\\\/schema\\\/logo\\\/image\\\/\",\"url\":\"https:\\\/\\\/www.alasmedios.com\\\/wp-content\\\/uploads\\\/2026\\\/01\\\/cropped-cropped-GAM-1.png\",\"contentUrl\":\"https:\\\/\\\/www.alasmedios.com\\\/wp-content\\\/uploads\\\/2026\\\/01\\\/cropped-cropped-GAM-1.png\",\"width\":467,\"height\":235,\"caption\":\"Alas Medios\"},\"image\":{\"@id\":\"https:\\\/\\\/www.alasmedios.com\\\/#\\\/schema\\\/logo\\\/image\\\/\"}},{\"@type\":\"Person\",\"@id\":\"https:\\\/\\\/www.alasmedios.com\\\/#\\\/schema\\\/person\\\/f2b3d85cc9caf18d4ca3676f1a5af91b\",\"name\":\"Angel Mendoza\",\"image\":{\"@type\":\"ImageObject\",\"inLanguage\":\"es\",\"@id\":\"https:\\\/\\\/secure.gravatar.com\\\/avatar\\\/ff8e027add11df9226dc0fdf09e494d036f6ae837ba63a4e3749865c21e6565b?s=96&d=mm&r=g\",\"url\":\"https:\\\/\\\/secure.gravatar.com\\\/avatar\\\/ff8e027add11df9226dc0fdf09e494d036f6ae837ba63a4e3749865c21e6565b?s=96&d=mm&r=g\",\"contentUrl\":\"https:\\\/\\\/secure.gravatar.com\\\/avatar\\\/ff8e027add11df9226dc0fdf09e494d036f6ae837ba63a4e3749865c21e6565b?s=96&d=mm&r=g\",\"caption\":\"Angel Mendoza\"},\"url\":\"https:\\\/\\\/www.alasmedios.com\\\/index.php\\\/author\\\/angel-mendoza\\\/\"}]}<\/script>\r\n<!-- \/ Yoast SEO plugin. -->","yoast_head_json":{"title":"Dinamarca indemnizar\u00e1 a mujeres inuit sometidas a anticoncepci\u00f3n forzada - Alas Medios","description":"La vulneraci\u00f3n sistem\u00e1tica a la autonom\u00eda reproductiva de la poblaci\u00f3n ind\u00edgena en dinamarca compensara a mujeres inuit.","robots":{"index":"index","follow":"follow","max-snippet":"max-snippet:-1","max-image-preview":"max-image-preview:large","max-video-preview":"max-video-preview:-1"},"canonical":"https:\/\/www.alasmedios.com\/index.php\/2026\/09\/01\/dinamarca-compensara-a-mujeres-inuit-anticoncepcion-forzada\/","og_locale":"es_MX","og_type":"article","og_title":"Dinamarca indemnizar\u00e1 a mujeres inuit sometidas a anticoncepci\u00f3n forzada - Alas Medios","og_description":"La vulneraci\u00f3n sistem\u00e1tica a la autonom\u00eda reproductiva de la poblaci\u00f3n ind\u00edgena en dinamarca compensara a mujeres inuit.","og_url":"https:\/\/www.alasmedios.com\/index.php\/2026\/09\/01\/dinamarca-compensara-a-mujeres-inuit-anticoncepcion-forzada\/","og_site_name":"Alas Medios","article_published_time":"2026-09-01T17:24:16+00:00","article_modified_time":"2026-09-01T17:24:23+00:00","og_image":[{"width":612,"height":407,"url":"https:\/\/www.alasmedios.com\/wp-content\/uploads\/2026\/09\/Dinamarca-indemnizara-a-mujeres-inuit.jpg","type":"image\/jpeg"}],"author":"Angel Mendoza","twitter_card":"summary_large_image","twitter_misc":{"Escrito por":"Angel Mendoza","Tiempo de lectura":"2 minutos"},"schema":{"@context":"https:\/\/schema.org","@graph":[{"@type":"Article","@id":"https:\/\/www.alasmedios.com\/index.php\/2026\/09\/01\/dinamarca-compensara-a-mujeres-inuit-anticoncepcion-forzada\/#article","isPartOf":{"@id":"https:\/\/www.alasmedios.com\/index.php\/2026\/09\/01\/dinamarca-compensara-a-mujeres-inuit-anticoncepcion-forzada\/"},"author":{"name":"Angel Mendoza","@id":"https:\/\/www.alasmedios.com\/#\/schema\/person\/f2b3d85cc9caf18d4ca3676f1a5af91b"},"headline":"Dinamarca indemnizar\u00e1 a mujeres inuit sometidas a anticoncepci\u00f3n forzada","datePublished":"2026-09-01T17:24:16+00:00","dateModified":"2026-09-01T17:24:23+00:00","mainEntityOfPage":{"@id":"https:\/\/www.alasmedios.com\/index.php\/2026\/09\/01\/dinamarca-compensara-a-mujeres-inuit-anticoncepcion-forzada\/"},"wordCount":374,"commentCount":0,"publisher":{"@id":"https:\/\/www.alasmedios.com\/#organization"},"image":{"@id":"https:\/\/www.alasmedios.com\/index.php\/2026\/09\/01\/dinamarca-compensara-a-mujeres-inuit-anticoncepcion-forzada\/#primaryimage"},"thumbnailUrl":"https:\/\/www.alasmedios.com\/wp-content\/uploads\/2026\/09\/Dinamarca-indemnizara-a-mujeres-inuit.jpg","keywords":["abuso","Autonomia","Compensacion","Gobierno","Indemnizacion","Metodos","Mujeres","responsabilidad"],"articleSection":["Mundo"],"inLanguage":"es","potentialAction":[{"@type":"CommentAction","name":"Comment","target":["https:\/\/www.alasmedios.com\/index.php\/2026\/09\/01\/dinamarca-compensara-a-mujeres-inuit-anticoncepcion-forzada\/#respond"]}]},{"@type":"WebPage","@id":"https:\/\/www.alasmedios.com\/index.php\/2026\/09\/01\/dinamarca-compensara-a-mujeres-inuit-anticoncepcion-forzada\/","url":"https:\/\/www.alasmedios.com\/index.php\/2026\/09\/01\/dinamarca-compensara-a-mujeres-inuit-anticoncepcion-forzada\/","name":"Dinamarca indemnizar\u00e1 a mujeres inuit sometidas a anticoncepci\u00f3n forzada - Alas Medios","isPartOf":{"@id":"https:\/\/www.alasmedios.com\/#website"},"primaryImageOfPage":{"@id":"https:\/\/www.alasmedios.com\/index.php\/2026\/09\/01\/dinamarca-compensara-a-mujeres-inuit-anticoncepcion-forzada\/#primaryimage"},"image":{"@id":"https:\/\/www.alasmedios.com\/index.php\/2026\/09\/01\/dinamarca-compensara-a-mujeres-inuit-anticoncepcion-forzada\/#primaryimage"},"thumbnailUrl":"https:\/\/www.alasmedios.com\/wp-content\/uploads\/2026\/09\/Dinamarca-indemnizara-a-mujeres-inuit.jpg","datePublished":"2026-09-01T17:24:16+00:00","dateModified":"2026-09-01T17:24:23+00:00","description":"La vulneraci\u00f3n sistem\u00e1tica a la autonom\u00eda reproductiva de la poblaci\u00f3n ind\u00edgena en dinamarca compensara a mujeres inuit.","breadcrumb":{"@id":"https:\/\/www.alasmedios.com\/index.php\/2026\/09\/01\/dinamarca-compensara-a-mujeres-inuit-anticoncepcion-forzada\/#breadcrumb"},"inLanguage":"es","potentialAction":[{"@type":"ReadAction","target":["https:\/\/www.alasmedios.com\/index.php\/2026\/09\/01\/dinamarca-compensara-a-mujeres-inuit-anticoncepcion-forzada\/"]}]},{"@type":"ImageObject","inLanguage":"es","@id":"https:\/\/www.alasmedios.com\/index.php\/2026\/09\/01\/dinamarca-compensara-a-mujeres-inuit-anticoncepcion-forzada\/#primaryimage","url":"https:\/\/www.alasmedios.com\/wp-content\/uploads\/2026\/09\/Dinamarca-indemnizara-a-mujeres-inuit.jpg","contentUrl":"https:\/\/www.alasmedios.com\/wp-content\/uploads\/2026\/09\/Dinamarca-indemnizara-a-mujeres-inuit.jpg","width":612,"height":407},{"@type":"BreadcrumbList","@id":"https:\/\/www.alasmedios.com\/index.php\/2026\/09\/01\/dinamarca-compensara-a-mujeres-inuit-anticoncepcion-forzada\/#breadcrumb","itemListElement":[{"@type":"ListItem","position":1,"name":"Inicio","item":"https:\/\/www.alasmedios.com\/"},{"@type":"ListItem","position":2,"name":"Dinamarca indemnizar\u00e1 a mujeres inuit sometidas a anticoncepci\u00f3n forzada"}]},{"@type":"WebSite","@id":"https:\/\/www.alasmedios.com\/#website","url":"https:\/\/www.alasmedios.com\/","name":"Alas Medios","description":"Alas para pensar, Alas para volar, Alas de libertad","publisher":{"@id":"https:\/\/www.alasmedios.com\/#organization"},"potentialAction":[{"@type":"SearchAction","target":{"@type":"EntryPoint","urlTemplate":"https:\/\/www.alasmedios.com\/?s={search_term_string}"},"query-input":{"@type":"PropertyValueSpecification","valueRequired":true,"valueName":"search_term_string"}}],"inLanguage":"es"},{"@type":"Organization","@id":"https:\/\/www.alasmedios.com\/#organization","name":"Alas Medios","url":"https:\/\/www.alasmedios.com\/","logo":{"@type":"ImageObject","inLanguage":"es","@id":"https:\/\/www.alasmedios.com\/#\/schema\/logo\/image\/","url":"https:\/\/www.alasmedios.com\/wp-content\/uploads\/2026\/01\/cropped-cropped-GAM-1.png","contentUrl":"https:\/\/www.alasmedios.com\/wp-content\/uploads\/2026\/01\/cropped-cropped-GAM-1.png","width":467,"height":235,"caption":"Alas Medios"},"image":{"@id":"https:\/\/www.alasmedios.com\/#\/schema\/logo\/image\/"}},{"@type":"Person","@id":"https:\/\/www.alasmedios.com\/#\/schema\/person\/f2b3d85cc9caf18d4ca3676f1a5af91b","name":"Angel Mendoza","image":{"@type":"ImageObject","inLanguage":"es","@id":"https:\/\/secure.gravatar.com\/avatar\/ff8e027add11df9226dc0fdf09e494d036f6ae837ba63a4e3749865c21e6565b?s=96&d=mm&r=g","url":"https:\/\/secure.gravatar.com\/avatar\/ff8e027add11df9226dc0fdf09e494d036f6ae837ba63a4e3749865c21e6565b?s=96&d=mm&r=g","contentUrl":"https:\/\/secure.gravatar.com\/avatar\/ff8e027add11df9226dc0fdf09e494d036f6ae837ba63a4e3749865c21e6565b?s=96&d=mm&r=g","caption":"Angel Mendoza"},"url":"https:\/\/www.alasmedios.com\/index.php\/author\/angel-mendoza\/"}]}},"_links":{"self":[{"href":"https:\/\/www.alasmedios.com\/index.php\/wp-json\/wp\/v2\/posts\/12568","targetHints":{"allow":["GET"]}}],"collection":[{"href":"https:\/\/www.alasmedios.com\/index.php\/wp-json\/wp\/v2\/posts"}],"about":[{"href":"https:\/\/www.alasmedios.com\/index.php\/wp-json\/wp\/v2\/types\/post"}],"author":[{"embeddable":true,"href":"https:\/\/www.alasmedios.com\/index.php\/wp-json\/wp\/v2\/users\/19"}],"replies":[{"embeddable":true,"href":"https:\/\/www.alasmedios.com\/index.php\/wp-json\/wp\/v2\/comments?post=12568"}],"version-history":[{"count":1,"href":"https:\/\/www.alasmedios.com\/index.php\/wp-json\/wp\/v2\/posts\/12568\/revisions"}],"predecessor-version":[{"id":12571,"href":"https:\/\/www.alasmedios.com\/index.php\/wp-json\/wp\/v2\/posts\/12568\/revisions\/12571"}],"wp:featuredmedia":[{"embeddable":true,"href":"https:\/\/www.alasmedios.com\/index.php\/wp-json\/wp\/v2\/media\/12570"}],"wp:attachment":[{"href":"https:\/\/www.alasmedios.com\/index.php\/wp-json\/wp\/v2\/media?parent=12568"}],"wp:term":[{"taxonomy":"category","embeddable":true,"href":"https:\/\/www.alasmedios.com\/index.php\/wp-json\/wp\/v2\/categories?post=12568"},{"taxonomy":"post_tag","embeddable":true,"href":"https:\/\/www.alasmedios.com\/index.php\/wp-json\/wp\/v2\/tags?post=12568"}],"curies":[{"name":"wp","href":"https:\/\/api.w.org\/{rel}","templated":true}]}}