{"id":12556,"date":"2026-09-01T09:59:40","date_gmt":"2026-09-01T15:59:40","guid":{"rendered":"https:\/\/www.alasmedios.com\/?p=12556"},"modified":"2026-09-01T09:59:45","modified_gmt":"2026-09-01T15:59:45","slug":"hidalgo-no-regatea-llama-a-pagar-lo-justo","status":"publish","type":"post","link":"https:\/\/www.alasmedios.com\/index.php\/2026\/09\/01\/hidalgo-no-regatea-llama-a-pagar-lo-justo\/","title":{"rendered":"Artesan\u00edas hidalguenses llegan al Congreso: Hidalgo No Regatea llama a pagar lo justo"},"content":{"rendered":"\n<p class=\"wp-block-paragraph\"><strong>Hidalgo No Regatea<\/strong> es la propuesta para pagar lo justo a artesanas y artesanos del estado, reconociendo su labor y trabajo.<\/p>\n\n\n\n<p class=\"wp-block-paragraph\">Las <strong>manos artesanas de Hidalgo<\/strong> llegar\u00e1n este martes al <strong>Congreso del Estado<\/strong>, donde maestras y maestros de distintas regiones ofrecer\u00e1n directamente sus creaciones como parte de la campa\u00f1a <strong>Hidalgo No Regatea<\/strong> y la expo-venta artesanal <strong>\u201cManos que Crean\u201d<\/strong>.<\/p>\n\n\n\n<p class=\"wp-block-paragraph\">La jornada se realizar\u00e1 el <strong>1 de septiembre, de 9:00 a 17:00 horas<\/strong>, en las instalaciones del <strong>Congreso del Estado Libre y Soberano de Hidalgo<\/strong>, en Pachuca de Soto, con <strong>entrada libre<\/strong>.<\/p>\n\n\n\n<p class=\"wp-block-paragraph\">LEE: <a href=\"https:\/\/www.alasmedios.com\/index.php\/2026\/09\/01\/adopta-fest-se-realizara-cada-mes-tras-concretar-19-adopciones-en-puebla\/\" data-type=\"post\" data-id=\"12534\">Puebla: habr\u00e1 Adopta Fest para rato<\/a><\/p>\n\n\n\n<p class=\"wp-block-paragraph\">La campa\u00f1a <strong>#HidalgoNoRegatea<\/strong> naci\u00f3 el <strong>30 de julio de 2025<\/strong>, en el marco del D\u00eda Mundial del Bordado, con una premisa: <strong>reconocer el valor del trabajo artesanal y promover un pago justo<\/strong> por las piezas elaboradas a mano.<\/p>\n\n\n\n<figure class=\"wp-block-image size-large\"><img loading=\"lazy\" decoding=\"async\" width=\"1024\" height=\"682\" src=\"https:\/\/www.alasmedios.com\/wp-content\/uploads\/2026\/09\/Hidalgo-No-Regatea-1-1024x682.jpg\" alt=\"\" class=\"wp-image-12558\" srcset=\"https:\/\/www.alasmedios.com\/wp-content\/uploads\/2026\/09\/Hidalgo-No-Regatea-1-1024x682.jpg 1024w, https:\/\/www.alasmedios.com\/wp-content\/uploads\/2026\/09\/Hidalgo-No-Regatea-1-300x200.jpg 300w, https:\/\/www.alasmedios.com\/wp-content\/uploads\/2026\/09\/Hidalgo-No-Regatea-1-767x511.jpg 767w, https:\/\/www.alasmedios.com\/wp-content\/uploads\/2026\/09\/Hidalgo-No-Regatea-1.jpg 1438w\" sizes=\"auto, (max-width: 1024px) 100vw, 1024px\" \/><\/figure>\n\n\n\n<p class=\"wp-block-paragraph\">En esta edici\u00f3n, las y los visitantes podr\u00e1n encontrar <strong>prendas bordadas, accesorios y piezas de uso cotidiano<\/strong>, elaboradas por artesanas y artesanos de diferentes regiones de Hidalgo. La venta ser\u00e1 <strong>directa y sin intermediarios<\/strong>.<\/p>\n\n\n\n<p class=\"wp-block-paragraph\">La secretaria de Cultura, <strong>Neyda Naranjo Baltazar<\/strong>, ha se\u00f1alado que detr\u00e1s de cada pieza existen <strong>tiempo, identidad, memoria y a\u00f1os de oficio<\/strong>, elementos que deben reflejarse en su valor y en el pago que reciben quienes las elaboran.<\/p>\n\n\n\n<h2 class=\"wp-block-heading\"><strong>Una campa\u00f1a que tambi\u00e9n busca hacerse visible<\/strong><\/h2>\n\n\n\n<p class=\"wp-block-paragraph\">La jornada propone adem\u00e1s una din\u00e1mica abierta para sumarse a <strong>#HidalgoNoRegatea<\/strong>: <strong>vestir una pieza artesanal hidalguense, tomarse una fotograf\u00eda y compartirla en redes sociales<\/strong> utilizando la etiqueta de la campa\u00f1a.<\/p>\n\n\n\n<p class=\"wp-block-paragraph\">TE PUEDE INTERESAR: <a href=\"https:\/\/www.alasmedios.com\/index.php\/2026\/09\/01\/beber-agua-no-solo-quita-la-sed-asi-ayuda-a-mantener-el-cuerpo-en-funcionamiento\/\" data-type=\"post\" data-id=\"12531\">\u00bfTe cuesta beber agua? Considera los beneficios<\/a><\/p>\n\n\n\n<p class=\"wp-block-paragraph\">La iniciativa ya ha sido retomada por <strong>dependencias estatales y municipales<\/strong>, mientras se trabaja en llevar el mensaje m\u00e1s all\u00e1 de Hidalgo.<\/p>\n\n\n\n<figure class=\"wp-block-image size-large\"><img loading=\"lazy\" decoding=\"async\" width=\"1024\" height=\"683\" src=\"https:\/\/www.alasmedios.com\/wp-content\/uploads\/2026\/09\/Hidalgo-No-Regatea-2-1024x683.jpg\" alt=\"\" class=\"wp-image-12559\" srcset=\"https:\/\/www.alasmedios.com\/wp-content\/uploads\/2026\/09\/Hidalgo-No-Regatea-2-1024x683.jpg 1024w, https:\/\/www.alasmedios.com\/wp-content\/uploads\/2026\/09\/Hidalgo-No-Regatea-2-768x512.jpg 768w, https:\/\/www.alasmedios.com\/wp-content\/uploads\/2026\/09\/Hidalgo-No-Regatea-2-300x200.jpg 300w, https:\/\/www.alasmedios.com\/wp-content\/uploads\/2026\/09\/Hidalgo-No-Regatea-2.jpg 1482w\" sizes=\"auto, (max-width: 1024px) 100vw, 1024px\" \/><\/figure>\n\n\n\n<p class=\"wp-block-paragraph\">Cada mes, la expo-venta cambia de sede institucional con la intenci\u00f3n de <strong>acercar el trabajo artesanal a nuevos p\u00fablicos y generar espacios de comercializaci\u00f3n directa<\/strong>.<\/p>\n\n\n\n<p class=\"wp-block-paragraph\">As\u00ed, el Congreso ser\u00e1 durante un d\u00eda escaparate para piezas que, m\u00e1s all\u00e1 de su uso cotidiano, representan <strong>tradici\u00f3n, identidad y conocimiento transmitido entre generaciones<\/strong>.<\/p>\n\n\n<ul class=\"wp-block-latest-posts__list is-grid columns-3 wp-block-latest-posts is-layout-grid wp-container-core-latest-posts-is-layout-cda6dc4f wp-block-latest-posts-is-layout-grid\"><li><div class=\"wp-block-latest-posts__featured-image\"><img loading=\"lazy\" decoding=\"async\" width=\"150\" height=\"150\" src=\"https:\/\/www.alasmedios.com\/wp-content\/uploads\/2026\/09\/Puebla-actividades-216-aniversario-de-la-Independencia-de-Mexico-1-150x150.jpg\" class=\"attachment-thumbnail size-thumbnail wp-post-image\" alt=\"\" style=\"\" \/><\/div><a class=\"wp-block-latest-posts__post-title\" href=\"https:\/\/www.alasmedios.com\/index.php\/2026\/09\/01\/puebla-enciende-las-fiestas-patrias-asi-arranca-la-ruta-por-216-anos-de-independencia\/\">Puebla enciende las Fiestas Patrias: as\u00ed arranca la ruta por 216 a\u00f1os de Independencia<\/a><\/li>\n<li><div class=\"wp-block-latest-posts__featured-image\"><img loading=\"lazy\" decoding=\"async\" width=\"150\" height=\"150\" src=\"https:\/\/www.alasmedios.com\/wp-content\/uploads\/2026\/09\/DIF-Hidalgo-estrena-Lokomat-150x150.jpg\" class=\"attachment-thumbnail size-thumbnail wp-post-image\" alt=\"\" style=\"\" \/><\/div><a class=\"wp-block-latest-posts__post-title\" href=\"https:\/\/www.alasmedios.com\/index.php\/2026\/09\/01\/dif-hidalgo-estrena-lokomat-18-mdp-para-recuperar-la-movilidad-de-pacientes\/\">DIF Hidalgo estrena Lokomat: 18 mdp para recuperar la movilidad de pacientes<\/a><\/li>\n<li><div class=\"wp-block-latest-posts__featured-image\"><img loading=\"lazy\" decoding=\"async\" width=\"150\" height=\"150\" src=\"https:\/\/www.alasmedios.com\/wp-content\/uploads\/2026\/09\/Dinamarca-indemnizara-a-mujeres-inuit-150x150.jpg\" class=\"attachment-thumbnail size-thumbnail wp-post-image\" alt=\"\" style=\"\" \/><\/div><a class=\"wp-block-latest-posts__post-title\" href=\"https:\/\/www.alasmedios.com\/index.php\/2026\/09\/01\/dinamarca-compensara-a-mujeres-inuit-anticoncepcion-forzada\/\">Dinamarca indemnizar\u00e1 a mujeres inuit sometidas a anticoncepci\u00f3n forzada<\/a><\/li>\n<\/ul>","protected":false},"excerpt":{"rendered":"<p>Hidalgo No Regatea es la propuesta para pagar lo justo a artesanas y artesanos del estado, reconociendo su labor y<\/p>\n","protected":false},"author":18,"featured_media":12557,"comment_status":"open","ping_status":"open","sticky":false,"template":"","format":"standard","meta":{"colormag_page_container_layout":"default_layout","colormag_page_sidebar_layout":"default_layout","rop_custom_images_group":[],"rop_custom_messages_group":[],"rop_publish_now":"yes","rop_publish_now_accounts":[],"rop_publish_now_history":[],"rop_publish_now_status":"pending","iawp_total_views":4,"footnotes":""},"categories":[3527,41],"tags":[4707,550,4840],"class_list":["post-12556","post","type-post","status-publish","format-standard","has-post-thumbnail","hentry","category-cultura-y-turismo","category-hidalgo","tag-artesanas","tag-artesanos","tag-hidalgo-no-regatea"],"magazineBlocksPostFeaturedMedia":{"thumbnail":"https:\/\/www.alasmedios.com\/wp-content\/uploads\/2026\/09\/Hidalgo-No-Regatea-150x150.jpg","medium":"https:\/\/www.alasmedios.com\/wp-content\/uploads\/2026\/09\/Hidalgo-No-Regatea-300x200.jpg","medium_large":"https:\/\/www.alasmedios.com\/wp-content\/uploads\/2026\/09\/Hidalgo-No-Regatea-768x512.jpg","large":"https:\/\/www.alasmedios.com\/wp-content\/uploads\/2026\/09\/Hidalgo-No-Regatea-1024x683.jpg","1536x1536":"https:\/\/www.alasmedios.com\/wp-content\/uploads\/2026\/09\/Hidalgo-No-Regatea-1536x1025.jpg","2048x2048":"https:\/\/www.alasmedios.com\/wp-content\/uploads\/2026\/09\/Hidalgo-No-Regatea.jpg","colormag-highlighted-post":"https:\/\/www.alasmedios.com\/wp-content\/uploads\/2026\/09\/Hidalgo-No-Regatea-392x272.jpg","colormag-featured-post-medium":"https:\/\/www.alasmedios.com\/wp-content\/uploads\/2026\/09\/Hidalgo-No-Regatea-390x205.jpg","colormag-featured-post-small":"https:\/\/www.alasmedios.com\/wp-content\/uploads\/2026\/09\/Hidalgo-No-Regatea-130x90.jpg","colormag-featured-image":"https:\/\/www.alasmedios.com\/wp-content\/uploads\/2026\/09\/Hidalgo-No-Regatea-800x445.jpg","colormag-default-news":"https:\/\/www.alasmedios.com\/wp-content\/uploads\/2026\/09\/Hidalgo-No-Regatea-150x150.jpg","colormag-featured-image-large":"https:\/\/www.alasmedios.com\/wp-content\/uploads\/2026\/09\/Hidalgo-No-Regatea-1400x600.jpg"},"magazineBlocksPostAuthor":{"name":"Yissel Padilla","avatar":"https:\/\/secure.gravatar.com\/avatar\/98842131f4e7c39771d95c321b4e271e6d6b9aefdb1d69d099b18469d859168e?s=96&d=mm&r=g"},"magazineBlocksPostCommentsNumber":"0","magazineBlocksPostExcerpt":"Hidalgo No Regatea es la propuesta para pagar lo justo a artesanas y artesanos del estado, reconociendo su labor y","magazineBlocksPostCategories":["Cultura y Turismo","Hidalgo"],"magazineBlocksPostViewCount":36,"magazineBlocksPostReadTime":2,"magazine_blocks_featured_image_url":{"full":["https:\/\/www.alasmedios.com\/wp-content\/uploads\/2026\/09\/Hidalgo-No-Regatea.jpg",2048,1366,false],"medium":["https:\/\/www.alasmedios.com\/wp-content\/uploads\/2026\/09\/Hidalgo-No-Regatea-300x200.jpg",300,200,true],"thumbnail":["https:\/\/www.alasmedios.com\/wp-content\/uploads\/2026\/09\/Hidalgo-No-Regatea-150x150.jpg",150,150,true]},"magazine_blocks_author":{"display_name":"Yissel Padilla","author_link":"https:\/\/www.alasmedios.com\/index.php\/author\/yissel-padilla\/"},"magazine_blocks_comment":0,"magazine_blocks_author_image":"https:\/\/secure.gravatar.com\/avatar\/98842131f4e7c39771d95c321b4e271e6d6b9aefdb1d69d099b18469d859168e?s=96&d=mm&r=g","magazine_blocks_category":"<a href=\"#\" class=\"category-link category-link-3527\">Cultura y Turismo<\/a> <a href=\"#\" class=\"category-link category-link-41\">Hidalgo<\/a>","videoUrl":"","yoast_head":"<!-- This site is optimized with the Yoast SEO plugin v28.4 - https:\/\/yoast.com\/product\/yoast-seo-wordpress\/ -->\r\n<title>Artesan\u00edas hidalguenses llegan al Congreso: Hidalgo No Regatea llama a pagar lo justo<\/title>\r\n<meta name=\"description\" content=\"Hidalgo No Regatea es la propuesta para pagar lo justo a artesanas y artesanos del estado, reconociendo su labor y trabajo.\" \/>\r\n<meta name=\"robots\" content=\"index, follow, max-snippet:-1, max-image-preview:large, max-video-preview:-1\" \/>\r\n<link rel=\"canonical\" href=\"https:\/\/www.alasmedios.com\/index.php\/2026\/09\/01\/hidalgo-no-regatea-llama-a-pagar-lo-justo\/\" \/>\r\n<meta property=\"og:locale\" content=\"es_MX\" \/>\r\n<meta property=\"og:type\" content=\"article\" \/>\r\n<meta property=\"og:title\" content=\"Artesan\u00edas hidalguenses llegan al Congreso: Hidalgo No Regatea llama a pagar lo justo\" \/>\r\n<meta property=\"og:description\" content=\"Hidalgo No Regatea es la propuesta para pagar lo justo a artesanas y artesanos del estado, reconociendo su labor y trabajo.\" \/>\r\n<meta property=\"og:url\" content=\"https:\/\/www.alasmedios.com\/index.php\/2026\/09\/01\/hidalgo-no-regatea-llama-a-pagar-lo-justo\/\" \/>\r\n<meta property=\"og:site_name\" content=\"Alas Medios\" \/>\r\n<meta property=\"article:published_time\" content=\"2026-09-01T15:59:40+00:00\" \/>\r\n<meta property=\"article:modified_time\" content=\"2026-09-01T15:59:45+00:00\" \/>\r\n<meta property=\"og:image\" content=\"https:\/\/www.alasmedios.com\/wp-content\/uploads\/2026\/09\/Hidalgo-No-Regatea.jpg\" \/>\r\n\t<meta property=\"og:image:width\" content=\"2048\" \/>\r\n\t<meta property=\"og:image:height\" content=\"1366\" \/>\r\n\t<meta property=\"og:image:type\" content=\"image\/jpeg\" \/>\r\n<meta name=\"author\" content=\"Yissel Padilla\" \/>\r\n<meta name=\"twitter:card\" content=\"summary_large_image\" \/>\r\n<meta name=\"twitter:label1\" content=\"Escrito por\" \/>\n\t<meta name=\"twitter:data1\" content=\"Yissel Padilla\" \/>\n\t<meta name=\"twitter:label2\" content=\"Tiempo de lectura\" \/>\n\t<meta name=\"twitter:data2\" content=\"3 minutos\" \/>\r\n<script type=\"application\/ld+json\" class=\"yoast-schema-graph\">{\"@context\":\"https:\\\/\\\/schema.org\",\"@graph\":[{\"@type\":\"Article\",\"@id\":\"https:\\\/\\\/www.alasmedios.com\\\/index.php\\\/2026\\\/09\\\/01\\\/hidalgo-no-regatea-llama-a-pagar-lo-justo\\\/#article\",\"isPartOf\":{\"@id\":\"https:\\\/\\\/www.alasmedios.com\\\/index.php\\\/2026\\\/09\\\/01\\\/hidalgo-no-regatea-llama-a-pagar-lo-justo\\\/\"},\"author\":{\"name\":\"Yissel Padilla\",\"@id\":\"https:\\\/\\\/www.alasmedios.com\\\/#\\\/schema\\\/person\\\/4a77b9da264b9fd30e9b7bf44efa7ada\"},\"headline\":\"Artesan\u00edas hidalguenses llegan al Congreso: Hidalgo No Regatea llama a pagar lo justo\",\"datePublished\":\"2026-09-01T15:59:40+00:00\",\"dateModified\":\"2026-09-01T15:59:45+00:00\",\"mainEntityOfPage\":{\"@id\":\"https:\\\/\\\/www.alasmedios.com\\\/index.php\\\/2026\\\/09\\\/01\\\/hidalgo-no-regatea-llama-a-pagar-lo-justo\\\/\"},\"wordCount\":359,\"commentCount\":0,\"publisher\":{\"@id\":\"https:\\\/\\\/www.alasmedios.com\\\/#organization\"},\"image\":{\"@id\":\"https:\\\/\\\/www.alasmedios.com\\\/index.php\\\/2026\\\/09\\\/01\\\/hidalgo-no-regatea-llama-a-pagar-lo-justo\\\/#primaryimage\"},\"thumbnailUrl\":\"https:\\\/\\\/www.alasmedios.com\\\/wp-content\\\/uploads\\\/2026\\\/09\\\/Hidalgo-No-Regatea.jpg\",\"keywords\":[\"Artesanas\",\"artesanos\",\"Hidalgo No Regatea\"],\"articleSection\":[\"Cultura y Turismo\",\"Hidalgo\"],\"inLanguage\":\"es\",\"potentialAction\":[{\"@type\":\"CommentAction\",\"name\":\"Comment\",\"target\":[\"https:\\\/\\\/www.alasmedios.com\\\/index.php\\\/2026\\\/09\\\/01\\\/hidalgo-no-regatea-llama-a-pagar-lo-justo\\\/#respond\"]}]},{\"@type\":\"WebPage\",\"@id\":\"https:\\\/\\\/www.alasmedios.com\\\/index.php\\\/2026\\\/09\\\/01\\\/hidalgo-no-regatea-llama-a-pagar-lo-justo\\\/\",\"url\":\"https:\\\/\\\/www.alasmedios.com\\\/index.php\\\/2026\\\/09\\\/01\\\/hidalgo-no-regatea-llama-a-pagar-lo-justo\\\/\",\"name\":\"Artesan\u00edas hidalguenses llegan al Congreso: Hidalgo No Regatea llama a pagar lo justo\",\"isPartOf\":{\"@id\":\"https:\\\/\\\/www.alasmedios.com\\\/#website\"},\"primaryImageOfPage\":{\"@id\":\"https:\\\/\\\/www.alasmedios.com\\\/index.php\\\/2026\\\/09\\\/01\\\/hidalgo-no-regatea-llama-a-pagar-lo-justo\\\/#primaryimage\"},\"image\":{\"@id\":\"https:\\\/\\\/www.alasmedios.com\\\/index.php\\\/2026\\\/09\\\/01\\\/hidalgo-no-regatea-llama-a-pagar-lo-justo\\\/#primaryimage\"},\"thumbnailUrl\":\"https:\\\/\\\/www.alasmedios.com\\\/wp-content\\\/uploads\\\/2026\\\/09\\\/Hidalgo-No-Regatea.jpg\",\"datePublished\":\"2026-09-01T15:59:40+00:00\",\"dateModified\":\"2026-09-01T15:59:45+00:00\",\"description\":\"Hidalgo No Regatea es la propuesta para pagar lo justo a artesanas y artesanos del estado, reconociendo su labor y trabajo.\",\"breadcrumb\":{\"@id\":\"https:\\\/\\\/www.alasmedios.com\\\/index.php\\\/2026\\\/09\\\/01\\\/hidalgo-no-regatea-llama-a-pagar-lo-justo\\\/#breadcrumb\"},\"inLanguage\":\"es\",\"potentialAction\":[{\"@type\":\"ReadAction\",\"target\":[\"https:\\\/\\\/www.alasmedios.com\\\/index.php\\\/2026\\\/09\\\/01\\\/hidalgo-no-regatea-llama-a-pagar-lo-justo\\\/\"]}]},{\"@type\":\"ImageObject\",\"inLanguage\":\"es\",\"@id\":\"https:\\\/\\\/www.alasmedios.com\\\/index.php\\\/2026\\\/09\\\/01\\\/hidalgo-no-regatea-llama-a-pagar-lo-justo\\\/#primaryimage\",\"url\":\"https:\\\/\\\/www.alasmedios.com\\\/wp-content\\\/uploads\\\/2026\\\/09\\\/Hidalgo-No-Regatea.jpg\",\"contentUrl\":\"https:\\\/\\\/www.alasmedios.com\\\/wp-content\\\/uploads\\\/2026\\\/09\\\/Hidalgo-No-Regatea.jpg\",\"width\":2048,\"height\":1366},{\"@type\":\"BreadcrumbList\",\"@id\":\"https:\\\/\\\/www.alasmedios.com\\\/index.php\\\/2026\\\/09\\\/01\\\/hidalgo-no-regatea-llama-a-pagar-lo-justo\\\/#breadcrumb\",\"itemListElement\":[{\"@type\":\"ListItem\",\"position\":1,\"name\":\"Inicio\",\"item\":\"https:\\\/\\\/www.alasmedios.com\\\/\"},{\"@type\":\"ListItem\",\"position\":2,\"name\":\"Artesan\u00edas hidalguenses llegan al Congreso: Hidalgo No Regatea llama a pagar lo justo\"}]},{\"@type\":\"WebSite\",\"@id\":\"https:\\\/\\\/www.alasmedios.com\\\/#website\",\"url\":\"https:\\\/\\\/www.alasmedios.com\\\/\",\"name\":\"Alas Medios\",\"description\":\"Alas para pensar, Alas para volar, Alas de libertad\",\"publisher\":{\"@id\":\"https:\\\/\\\/www.alasmedios.com\\\/#organization\"},\"potentialAction\":[{\"@type\":\"SearchAction\",\"target\":{\"@type\":\"EntryPoint\",\"urlTemplate\":\"https:\\\/\\\/www.alasmedios.com\\\/?s={search_term_string}\"},\"query-input\":{\"@type\":\"PropertyValueSpecification\",\"valueRequired\":true,\"valueName\":\"search_term_string\"}}],\"inLanguage\":\"es\"},{\"@type\":\"Organization\",\"@id\":\"https:\\\/\\\/www.alasmedios.com\\\/#organization\",\"name\":\"Alas Medios\",\"url\":\"https:\\\/\\\/www.alasmedios.com\\\/\",\"logo\":{\"@type\":\"ImageObject\",\"inLanguage\":\"es\",\"@id\":\"https:\\\/\\\/www.alasmedios.com\\\/#\\\/schema\\\/logo\\\/image\\\/\",\"url\":\"https:\\\/\\\/www.alasmedios.com\\\/wp-content\\\/uploads\\\/2026\\\/01\\\/cropped-cropped-GAM-1.png\",\"contentUrl\":\"https:\\\/\\\/www.alasmedios.com\\\/wp-content\\\/uploads\\\/2026\\\/01\\\/cropped-cropped-GAM-1.png\",\"width\":467,\"height\":235,\"caption\":\"Alas Medios\"},\"image\":{\"@id\":\"https:\\\/\\\/www.alasmedios.com\\\/#\\\/schema\\\/logo\\\/image\\\/\"}},{\"@type\":\"Person\",\"@id\":\"https:\\\/\\\/www.alasmedios.com\\\/#\\\/schema\\\/person\\\/4a77b9da264b9fd30e9b7bf44efa7ada\",\"name\":\"Yissel Padilla\",\"image\":{\"@type\":\"ImageObject\",\"inLanguage\":\"es\",\"@id\":\"https:\\\/\\\/secure.gravatar.com\\\/avatar\\\/98842131f4e7c39771d95c321b4e271e6d6b9aefdb1d69d099b18469d859168e?s=96&d=mm&r=g\",\"url\":\"https:\\\/\\\/secure.gravatar.com\\\/avatar\\\/98842131f4e7c39771d95c321b4e271e6d6b9aefdb1d69d099b18469d859168e?s=96&d=mm&r=g\",\"contentUrl\":\"https:\\\/\\\/secure.gravatar.com\\\/avatar\\\/98842131f4e7c39771d95c321b4e271e6d6b9aefdb1d69d099b18469d859168e?s=96&d=mm&r=g\",\"caption\":\"Yissel Padilla\"},\"url\":\"https:\\\/\\\/www.alasmedios.com\\\/index.php\\\/author\\\/yissel-padilla\\\/\"}]}<\/script>\r\n<!-- \/ Yoast SEO plugin. -->","yoast_head_json":{"title":"Artesan\u00edas hidalguenses llegan al Congreso: Hidalgo No Regatea llama a pagar lo justo","description":"Hidalgo No Regatea es la propuesta para pagar lo justo a artesanas y artesanos del estado, reconociendo su labor y trabajo.","robots":{"index":"index","follow":"follow","max-snippet":"max-snippet:-1","max-image-preview":"max-image-preview:large","max-video-preview":"max-video-preview:-1"},"canonical":"https:\/\/www.alasmedios.com\/index.php\/2026\/09\/01\/hidalgo-no-regatea-llama-a-pagar-lo-justo\/","og_locale":"es_MX","og_type":"article","og_title":"Artesan\u00edas hidalguenses llegan al Congreso: Hidalgo No Regatea llama a pagar lo justo","og_description":"Hidalgo No Regatea es la propuesta para pagar lo justo a artesanas y artesanos del estado, reconociendo su labor y trabajo.","og_url":"https:\/\/www.alasmedios.com\/index.php\/2026\/09\/01\/hidalgo-no-regatea-llama-a-pagar-lo-justo\/","og_site_name":"Alas Medios","article_published_time":"2026-09-01T15:59:40+00:00","article_modified_time":"2026-09-01T15:59:45+00:00","og_image":[{"width":2048,"height":1366,"url":"https:\/\/www.alasmedios.com\/wp-content\/uploads\/2026\/09\/Hidalgo-No-Regatea.jpg","type":"image\/jpeg"}],"author":"Yissel Padilla","twitter_card":"summary_large_image","twitter_misc":{"Escrito por":"Yissel Padilla","Tiempo de lectura":"3 minutos"},"schema":{"@context":"https:\/\/schema.org","@graph":[{"@type":"Article","@id":"https:\/\/www.alasmedios.com\/index.php\/2026\/09\/01\/hidalgo-no-regatea-llama-a-pagar-lo-justo\/#article","isPartOf":{"@id":"https:\/\/www.alasmedios.com\/index.php\/2026\/09\/01\/hidalgo-no-regatea-llama-a-pagar-lo-justo\/"},"author":{"name":"Yissel Padilla","@id":"https:\/\/www.alasmedios.com\/#\/schema\/person\/4a77b9da264b9fd30e9b7bf44efa7ada"},"headline":"Artesan\u00edas hidalguenses llegan al Congreso: Hidalgo No Regatea llama a pagar lo justo","datePublished":"2026-09-01T15:59:40+00:00","dateModified":"2026-09-01T15:59:45+00:00","mainEntityOfPage":{"@id":"https:\/\/www.alasmedios.com\/index.php\/2026\/09\/01\/hidalgo-no-regatea-llama-a-pagar-lo-justo\/"},"wordCount":359,"commentCount":0,"publisher":{"@id":"https:\/\/www.alasmedios.com\/#organization"},"image":{"@id":"https:\/\/www.alasmedios.com\/index.php\/2026\/09\/01\/hidalgo-no-regatea-llama-a-pagar-lo-justo\/#primaryimage"},"thumbnailUrl":"https:\/\/www.alasmedios.com\/wp-content\/uploads\/2026\/09\/Hidalgo-No-Regatea.jpg","keywords":["Artesanas","artesanos","Hidalgo No Regatea"],"articleSection":["Cultura y Turismo","Hidalgo"],"inLanguage":"es","potentialAction":[{"@type":"CommentAction","name":"Comment","target":["https:\/\/www.alasmedios.com\/index.php\/2026\/09\/01\/hidalgo-no-regatea-llama-a-pagar-lo-justo\/#respond"]}]},{"@type":"WebPage","@id":"https:\/\/www.alasmedios.com\/index.php\/2026\/09\/01\/hidalgo-no-regatea-llama-a-pagar-lo-justo\/","url":"https:\/\/www.alasmedios.com\/index.php\/2026\/09\/01\/hidalgo-no-regatea-llama-a-pagar-lo-justo\/","name":"Artesan\u00edas hidalguenses llegan al Congreso: Hidalgo No Regatea llama a pagar lo justo","isPartOf":{"@id":"https:\/\/www.alasmedios.com\/#website"},"primaryImageOfPage":{"@id":"https:\/\/www.alasmedios.com\/index.php\/2026\/09\/01\/hidalgo-no-regatea-llama-a-pagar-lo-justo\/#primaryimage"},"image":{"@id":"https:\/\/www.alasmedios.com\/index.php\/2026\/09\/01\/hidalgo-no-regatea-llama-a-pagar-lo-justo\/#primaryimage"},"thumbnailUrl":"https:\/\/www.alasmedios.com\/wp-content\/uploads\/2026\/09\/Hidalgo-No-Regatea.jpg","datePublished":"2026-09-01T15:59:40+00:00","dateModified":"2026-09-01T15:59:45+00:00","description":"Hidalgo No Regatea es la propuesta para pagar lo justo a artesanas y artesanos del estado, reconociendo su labor y trabajo.","breadcrumb":{"@id":"https:\/\/www.alasmedios.com\/index.php\/2026\/09\/01\/hidalgo-no-regatea-llama-a-pagar-lo-justo\/#breadcrumb"},"inLanguage":"es","potentialAction":[{"@type":"ReadAction","target":["https:\/\/www.alasmedios.com\/index.php\/2026\/09\/01\/hidalgo-no-regatea-llama-a-pagar-lo-justo\/"]}]},{"@type":"ImageObject","inLanguage":"es","@id":"https:\/\/www.alasmedios.com\/index.php\/2026\/09\/01\/hidalgo-no-regatea-llama-a-pagar-lo-justo\/#primaryimage","url":"https:\/\/www.alasmedios.com\/wp-content\/uploads\/2026\/09\/Hidalgo-No-Regatea.jpg","contentUrl":"https:\/\/www.alasmedios.com\/wp-content\/uploads\/2026\/09\/Hidalgo-No-Regatea.jpg","width":2048,"height":1366},{"@type":"BreadcrumbList","@id":"https:\/\/www.alasmedios.com\/index.php\/2026\/09\/01\/hidalgo-no-regatea-llama-a-pagar-lo-justo\/#breadcrumb","itemListElement":[{"@type":"ListItem","position":1,"name":"Inicio","item":"https:\/\/www.alasmedios.com\/"},{"@type":"ListItem","position":2,"name":"Artesan\u00edas hidalguenses llegan al Congreso: Hidalgo No Regatea llama a pagar lo justo"}]},{"@type":"WebSite","@id":"https:\/\/www.alasmedios.com\/#website","url":"https:\/\/www.alasmedios.com\/","name":"Alas Medios","description":"Alas para pensar, Alas para volar, Alas de libertad","publisher":{"@id":"https:\/\/www.alasmedios.com\/#organization"},"potentialAction":[{"@type":"SearchAction","target":{"@type":"EntryPoint","urlTemplate":"https:\/\/www.alasmedios.com\/?s={search_term_string}"},"query-input":{"@type":"PropertyValueSpecification","valueRequired":true,"valueName":"search_term_string"}}],"inLanguage":"es"},{"@type":"Organization","@id":"https:\/\/www.alasmedios.com\/#organization","name":"Alas Medios","url":"https:\/\/www.alasmedios.com\/","logo":{"@type":"ImageObject","inLanguage":"es","@id":"https:\/\/www.alasmedios.com\/#\/schema\/logo\/image\/","url":"https:\/\/www.alasmedios.com\/wp-content\/uploads\/2026\/01\/cropped-cropped-GAM-1.png","contentUrl":"https:\/\/www.alasmedios.com\/wp-content\/uploads\/2026\/01\/cropped-cropped-GAM-1.png","width":467,"height":235,"caption":"Alas Medios"},"image":{"@id":"https:\/\/www.alasmedios.com\/#\/schema\/logo\/image\/"}},{"@type":"Person","@id":"https:\/\/www.alasmedios.com\/#\/schema\/person\/4a77b9da264b9fd30e9b7bf44efa7ada","name":"Yissel Padilla","image":{"@type":"ImageObject","inLanguage":"es","@id":"https:\/\/secure.gravatar.com\/avatar\/98842131f4e7c39771d95c321b4e271e6d6b9aefdb1d69d099b18469d859168e?s=96&d=mm&r=g","url":"https:\/\/secure.gravatar.com\/avatar\/98842131f4e7c39771d95c321b4e271e6d6b9aefdb1d69d099b18469d859168e?s=96&d=mm&r=g","contentUrl":"https:\/\/secure.gravatar.com\/avatar\/98842131f4e7c39771d95c321b4e271e6d6b9aefdb1d69d099b18469d859168e?s=96&d=mm&r=g","caption":"Yissel Padilla"},"url":"https:\/\/www.alasmedios.com\/index.php\/author\/yissel-padilla\/"}]}},"_links":{"self":[{"href":"https:\/\/www.alasmedios.com\/index.php\/wp-json\/wp\/v2\/posts\/12556","targetHints":{"allow":["GET"]}}],"collection":[{"href":"https:\/\/www.alasmedios.com\/index.php\/wp-json\/wp\/v2\/posts"}],"about":[{"href":"https:\/\/www.alasmedios.com\/index.php\/wp-json\/wp\/v2\/types\/post"}],"author":[{"embeddable":true,"href":"https:\/\/www.alasmedios.com\/index.php\/wp-json\/wp\/v2\/users\/18"}],"replies":[{"embeddable":true,"href":"https:\/\/www.alasmedios.com\/index.php\/wp-json\/wp\/v2\/comments?post=12556"}],"version-history":[{"count":1,"href":"https:\/\/www.alasmedios.com\/index.php\/wp-json\/wp\/v2\/posts\/12556\/revisions"}],"predecessor-version":[{"id":12560,"href":"https:\/\/www.alasmedios.com\/index.php\/wp-json\/wp\/v2\/posts\/12556\/revisions\/12560"}],"wp:featuredmedia":[{"embeddable":true,"href":"https:\/\/www.alasmedios.com\/index.php\/wp-json\/wp\/v2\/media\/12557"}],"wp:attachment":[{"href":"https:\/\/www.alasmedios.com\/index.php\/wp-json\/wp\/v2\/media?parent=12556"}],"wp:term":[{"taxonomy":"category","embeddable":true,"href":"https:\/\/www.alasmedios.com\/index.php\/wp-json\/wp\/v2\/categories?post=12556"},{"taxonomy":"post_tag","embeddable":true,"href":"https:\/\/www.alasmedios.com\/index.php\/wp-json\/wp\/v2\/tags?post=12556"}],"curies":[{"name":"wp","href":"https:\/\/api.w.org\/{rel}","templated":true}]}}