{"id":12537,"date":"2026-09-01T06:16:00","date_gmt":"2026-09-01T12:16:00","guid":{"rendered":"https:\/\/www.alasmedios.com\/?p=12537"},"modified":"2026-09-01T08:10:11","modified_gmt":"2026-09-01T14:10:11","slug":"hasta-la-cocina","status":"publish","type":"post","link":"https:\/\/www.alasmedios.com\/index.php\/2026\/09\/01\/hasta-la-cocina\/","title":{"rendered":"Hasta la cocina"},"content":{"rendered":"\n<p class=\"wp-block-paragraph\"><strong>\u201cHasta la cocina. Un viaje de placer para todos los sentidos\u201d<\/strong>, editado por <strong>Disruptivas<\/strong> y parido por <strong>Anil\u00fa Zavala<\/strong>, que cont\u00f3 con la complicidad editorial de <strong>Sarah\u00ed Franco<\/strong> y las alianzas dise\u00f1adoras de <strong>Ang\u00e9lica Manzilla<\/strong>, m\u00e1s el gozo festivo de <strong>21 autoras<\/strong> convencidas de que tenemos esp\u00edritu de cocineras y alma de escritoras.<\/p>\n\n\n\n<p class=\"wp-block-paragraph\">Cada una nos presentamos al final de la obra y confesamos la variedad de nuestras apasionantes ocupaciones o profesiones: <strong>antrop\u00f3loga, enfermera, psic\u00f3loga, ingr\u00e1vida, aliada del viento, ciudadana del mundo, madre de cuatro hijos, de la mam\u00e1 de Ir\u00e1n, diplomada en reposter\u00eda, lectora por salvaci\u00f3n, contadora, economista, profesora, historiadora, periferizada, bailadora, arquitecta y periodista.<\/strong><\/p>\n\n\n\n<p class=\"wp-block-paragraph\">Desde nuestra trinchera decidimos aceptar la invitaci\u00f3n de ese <strong>taller<\/strong> que nos promet\u00eda encontrarle sabor a los textos y estilo discursivo relacion\u00e1ndolo al <strong>arte culinario<\/strong>. Durante varias sesiones comprendimos, gracias a las exposiciones de <strong>Anil\u00fa<\/strong> y a las lecturas de diferentes autoras, la relaci\u00f3n <strong>literatura-comida<\/strong> y escarbamos en nuestro pasado o presente para evocar un momento donde la cocina ten\u00eda que ser el eje de nuestros relatos.<\/p>\n\n\n\n<p class=\"wp-block-paragraph\">CONTIN\u00daA LEYENDO: <a href=\"https:\/\/www.alasmedios.com\/index.php\/2024\/10\/26\/carta-a-lennon\/\" data-type=\"post\" data-id=\"2384\">Carta a Lennon<\/a><\/p>\n\n\n\n<p class=\"wp-block-paragraph\">Los estilos son diversos y seguramente por ello cada relato logra atraparnos ya sea por su <strong>sabrosa sencillez<\/strong>, lo dulce de las historias, lo amargo de una mala experiencia o el delicioso homenaje a nuestras <strong>abuelas, madres, nietas e hijas<\/strong> que de alguna forma han fortalecido nuestro ayer y afianzado un mejor ma\u00f1ana.<\/p>\n\n\n\n<figure class=\"wp-block-image size-large\"><img loading=\"lazy\" decoding=\"async\" width=\"682\" height=\"1024\" src=\"https:\/\/www.alasmedios.com\/wp-content\/uploads\/2026\/09\/libro-Hasta-la-cocina.-Un-viaje-de-placer-para-todos-los-sentidos-682x1024.jpg\" alt=\"\" class=\"wp-image-12538\" srcset=\"https:\/\/www.alasmedios.com\/wp-content\/uploads\/2026\/09\/libro-Hasta-la-cocina.-Un-viaje-de-placer-para-todos-los-sentidos-682x1024.jpg 682w, https:\/\/www.alasmedios.com\/wp-content\/uploads\/2026\/09\/libro-Hasta-la-cocina.-Un-viaje-de-placer-para-todos-los-sentidos-200x300.jpg 200w, https:\/\/www.alasmedios.com\/wp-content\/uploads\/2026\/09\/libro-Hasta-la-cocina.-Un-viaje-de-placer-para-todos-los-sentidos-768x1152.jpg 768w, https:\/\/www.alasmedios.com\/wp-content\/uploads\/2026\/09\/libro-Hasta-la-cocina.-Un-viaje-de-placer-para-todos-los-sentidos-1023x1536.jpg 1023w, https:\/\/www.alasmedios.com\/wp-content\/uploads\/2026\/09\/libro-Hasta-la-cocina.-Un-viaje-de-placer-para-todos-los-sentidos.jpg 1066w\" sizes=\"auto, (max-width: 682px) 100vw, 682px\" \/><\/figure>\n\n\n\n<p class=\"wp-block-paragraph\">El libro puedo leerse en el orden que tiene el \u00edndice o al azar, no importa, siempre dejan un <strong>grato sabor de boca<\/strong>. La mayor\u00eda de textos incluyen una receta que sirve como pretexto o eje para crear el relato. Entonces, un <strong>caldo de cabezas de pescado<\/strong> puede servirse para agradecer una carta que nos motiva a <strong>\u201cescribir para no desaparecer\u201d<\/strong>. Puede surgir fortalecida la convicci\u00f3n de que <strong>lavar trastes tiene propiedades terap\u00e9uticas<\/strong> o que mientras enjabonabas un plato puede surgir la m\u00e1s \u00edntima de las conversaciones con la mejor amiga.<\/p>\n\n\n\n<p class=\"wp-block-paragraph\">En las p\u00e1ginas encontramos tambi\u00e9n instrucciones para <strong>llorar sobre la leche derramada<\/strong> o para evocar el aroma inolvidable de los <strong>guisos de la abuela<\/strong>. Nos convencemos que la <strong>c\u00farcuma, el jengibre, la canela, el comino y la pimienta<\/strong> pueden ser c\u00f3mplices del placer m\u00e1s instant\u00e1neo. Explorar el origen del <strong>mole<\/strong> o convencerse de que guisarlo tiene su chiste. Oraciones que nos encomiendan a <strong>San Pascual Bayl\u00f3n<\/strong> que bendice nuestros platillos.<\/p>\n\n\n\n<p class=\"wp-block-paragraph\">Aparecen los recuerdos de esas cocinas donde nuestras abuelas nos dictaban sus recetas y compart\u00edan sus secretos tanto culinarios como de vida. Las alianzas narrativas nos permiten sentir los m\u00e1s inolvidables <strong>abrazos maternos<\/strong> justo al entrar a la cocina o las muestras de cari\u00f1o de una <strong>hermana perruna<\/strong>. Escribir y escribir recomendaciones para mejorar el guiso que se ha elegido para ese d\u00eda. Prender una veladora en honor a nuestra m\u00e1s amada ancestra mientras se sazona una <strong>crema de zanahoria<\/strong>. Inevitablemente encari\u00f1arse con la <strong>iguana<\/strong> que se pretend\u00eda guisar en chileajo.<\/p>\n\n\n\n<p class=\"wp-block-paragraph\">TE PUEDE INTERESAR: <a href=\"https:\/\/www.alasmedios.com\/index.php\/2026\/02\/26\/la-llanera-loquitaria-de-elvira-hernandez-carballido-en-la-fil-mineria\/\" data-type=\"post\" data-id=\"7974\">\u201cLa llanera loquitaria\u201d de Elvira Hern\u00e1ndez Carballido en la FIL Miner\u00eda<\/a><\/p>\n\n\n\n<p class=\"wp-block-paragraph\">Poemas donde se le canta a la <strong>salsa de guajillo<\/strong> que chilla o que afirman con gozo que el <strong>horno es un sue\u00f1o<\/strong>. Sabores azucarados al compartir una receta de <strong>pan de muerto, un pastel de mentes y un ponche de \u00f1o\u00f1as.<\/strong><\/p>\n\n\n\n<figure class=\"wp-block-image size-large\"><img loading=\"lazy\" decoding=\"async\" width=\"1024\" height=\"576\" src=\"https:\/\/www.alasmedios.com\/wp-content\/uploads\/2026\/09\/Hasta-la-cocina.-Un-viaje-de-placer-para-todos-los-sentidos-1024x576.jpg\" alt=\"\" class=\"wp-image-12539\" srcset=\"https:\/\/www.alasmedios.com\/wp-content\/uploads\/2026\/09\/Hasta-la-cocina.-Un-viaje-de-placer-para-todos-los-sentidos-1024x576.jpg 1024w, https:\/\/www.alasmedios.com\/wp-content\/uploads\/2026\/09\/Hasta-la-cocina.-Un-viaje-de-placer-para-todos-los-sentidos-300x169.jpg 300w, https:\/\/www.alasmedios.com\/wp-content\/uploads\/2026\/09\/Hasta-la-cocina.-Un-viaje-de-placer-para-todos-los-sentidos-768x432.jpg 768w, https:\/\/www.alasmedios.com\/wp-content\/uploads\/2026\/09\/Hasta-la-cocina.-Un-viaje-de-placer-para-todos-los-sentidos-1536x864.jpg 1536w, https:\/\/www.alasmedios.com\/wp-content\/uploads\/2026\/09\/Hasta-la-cocina.-Un-viaje-de-placer-para-todos-los-sentidos.jpg 2048w\" sizes=\"auto, (max-width: 1024px) 100vw, 1024px\" \/><\/figure>\n\n\n\n<p class=\"wp-block-paragraph\"><strong>\u201cHasta la cocina. Un viaje de placer para todos los sentidos\u201d<\/strong> es un libro original que nos permite <strong>palpar recetas mientras saboreamos la sororidad.<\/strong><\/p>\n\n\n\n<p class=\"wp-block-paragraph\"><em>2026. Hasta la cocina. Un viaje de placer por todos los sentidos. M\u00e9xico. Disruptivas. Ana Karen V\u00e1zquez Hern\u00e1ndez, Ang\u00e9lica Mancilla Garc\u00eda, Anil\u00fa Zavala Alonso, Carmen Trejo, Dolores Flores Carmona, Elia Hilda Espinosa Dami\u00e1n, Elvira Hern\u00e1ndez Carballido, Frida Tuachi, Gabriela Flores, Georgina Paola Grande-Arriola, Gilda Melgar, Iris Marcela L\u00f3pez D\u00edaz, Josefa Gamboa Gonz\u00e1lez, Margarita Rosa Rivero Viana, Mar\u00eda Mart\u00ednez, Marina Vera de Fern\u00e1ndez, Miriam Roque Guti\u00e9rrez, Paulina Patricia Barbosa Malag\u00f3n, Ren\u00e9e Gabriela Hern\u00e1ndez Chavero, Sarah\u00ed Franco C\u00e9sar y Sheila Ivette Quintana Guerrero.<\/em><\/p>\n\n\n<ul class=\"wp-block-latest-posts__list is-grid columns-3 wp-block-latest-posts is-layout-grid wp-container-core-latest-posts-is-layout-cda6dc4f wp-block-latest-posts-is-layout-grid\"><li><div class=\"wp-block-latest-posts__featured-image\"><img loading=\"lazy\" decoding=\"async\" width=\"150\" height=\"150\" src=\"https:\/\/www.alasmedios.com\/wp-content\/uploads\/2026\/09\/Puebla-actividades-216-aniversario-de-la-Independencia-de-Mexico-1-150x150.jpg\" class=\"attachment-thumbnail size-thumbnail wp-post-image\" alt=\"\" style=\"\" \/><\/div><a class=\"wp-block-latest-posts__post-title\" href=\"https:\/\/www.alasmedios.com\/index.php\/2026\/09\/01\/puebla-enciende-las-fiestas-patrias-asi-arranca-la-ruta-por-216-anos-de-independencia\/\">Puebla enciende las Fiestas Patrias: as\u00ed arranca la ruta por 216 a\u00f1os de Independencia<\/a><\/li>\n<li><div class=\"wp-block-latest-posts__featured-image\"><img loading=\"lazy\" decoding=\"async\" width=\"150\" height=\"150\" src=\"https:\/\/www.alasmedios.com\/wp-content\/uploads\/2026\/09\/DIF-Hidalgo-estrena-Lokomat-150x150.jpg\" class=\"attachment-thumbnail size-thumbnail wp-post-image\" alt=\"\" style=\"\" \/><\/div><a class=\"wp-block-latest-posts__post-title\" href=\"https:\/\/www.alasmedios.com\/index.php\/2026\/09\/01\/dif-hidalgo-estrena-lokomat-18-mdp-para-recuperar-la-movilidad-de-pacientes\/\">DIF Hidalgo estrena Lokomat: 18 mdp para recuperar la movilidad de pacientes<\/a><\/li>\n<li><div class=\"wp-block-latest-posts__featured-image\"><img loading=\"lazy\" decoding=\"async\" width=\"150\" height=\"150\" src=\"https:\/\/www.alasmedios.com\/wp-content\/uploads\/2026\/09\/Dinamarca-indemnizara-a-mujeres-inuit-150x150.jpg\" class=\"attachment-thumbnail size-thumbnail wp-post-image\" alt=\"\" style=\"\" \/><\/div><a class=\"wp-block-latest-posts__post-title\" href=\"https:\/\/www.alasmedios.com\/index.php\/2026\/09\/01\/dinamarca-compensara-a-mujeres-inuit-anticoncepcion-forzada\/\">Dinamarca indemnizar\u00e1 a mujeres inuit sometidas a anticoncepci\u00f3n forzada<\/a><\/li>\n<\/ul>","protected":false},"excerpt":{"rendered":"<p>\u201cHasta la cocina. Un viaje de placer para todos los sentidos\u201d, editado por Disruptivas y parido por Anil\u00fa Zavala, que<\/p>\n","protected":false},"author":12,"featured_media":12540,"comment_status":"open","ping_status":"open","sticky":false,"template":"","format":"standard","meta":{"colormag_page_container_layout":"default_layout","colormag_page_sidebar_layout":"default_layout","rop_custom_images_group":[],"rop_custom_messages_group":[],"rop_publish_now":"yes","rop_publish_now_accounts":[],"rop_publish_now_history":[],"rop_publish_now_status":"pending","iawp_total_views":6,"footnotes":""},"categories":[4839],"tags":[84,4838,516,242],"class_list":["post-12537","post","type-post","status-publish","format-standard","has-post-thumbnail","hentry","category-bellas-y-airosas-elvira-hernandez-carballido","tag-elvira-hernandez-carballido","tag-hasta-la-cocina","tag-libro","tag-sororidad"],"magazineBlocksPostFeaturedMedia":{"thumbnail":"https:\/\/www.alasmedios.com\/wp-content\/uploads\/2026\/09\/Elvira-Hernandez-Carballido-150x150.png","medium":"https:\/\/www.alasmedios.com\/wp-content\/uploads\/2026\/09\/Elvira-Hernandez-Carballido-300x182.png","medium_large":"https:\/\/www.alasmedios.com\/wp-content\/uploads\/2026\/09\/Elvira-Hernandez-Carballido-768x466.png","large":"https:\/\/www.alasmedios.com\/wp-content\/uploads\/2026\/09\/Elvira-Hernandez-Carballido-1024x622.png","1536x1536":"https:\/\/www.alasmedios.com\/wp-content\/uploads\/2026\/09\/Elvira-Hernandez-Carballido-1536x932.png","2048x2048":"https:\/\/www.alasmedios.com\/wp-content\/uploads\/2026\/09\/Elvira-Hernandez-Carballido.png","colormag-highlighted-post":"https:\/\/www.alasmedios.com\/wp-content\/uploads\/2026\/09\/Elvira-Hernandez-Carballido-392x272.png","colormag-featured-post-medium":"https:\/\/www.alasmedios.com\/wp-content\/uploads\/2026\/09\/Elvira-Hernandez-Carballido-390x205.png","colormag-featured-post-small":"https:\/\/www.alasmedios.com\/wp-content\/uploads\/2026\/09\/Elvira-Hernandez-Carballido-130x90.png","colormag-featured-image":"https:\/\/www.alasmedios.com\/wp-content\/uploads\/2026\/09\/Elvira-Hernandez-Carballido-800x445.png","colormag-default-news":"https:\/\/www.alasmedios.com\/wp-content\/uploads\/2026\/09\/Elvira-Hernandez-Carballido-150x150.png","colormag-featured-image-large":"https:\/\/www.alasmedios.com\/wp-content\/uploads\/2026\/09\/Elvira-Hernandez-Carballido-1400x600.png"},"magazineBlocksPostAuthor":{"name":"Elvira Hernandez Carballido","avatar":"https:\/\/secure.gravatar.com\/avatar\/dcfbd4aabed7017c58d813dcfdff95aa337010cd1c9c2ce521147e76a336b772?s=96&d=mm&r=g"},"magazineBlocksPostCommentsNumber":"0","magazineBlocksPostExcerpt":"\u201cHasta la cocina. Un viaje de placer para todos los sentidos\u201d, editado por Disruptivas y parido por Anil\u00fa Zavala, que","magazineBlocksPostCategories":["Bellas y Airosas - Elvira Hern\u00e1ndez Carballido"],"magazineBlocksPostViewCount":75,"magazineBlocksPostReadTime":4,"magazine_blocks_featured_image_url":{"full":["https:\/\/www.alasmedios.com\/wp-content\/uploads\/2026\/09\/Elvira-Hernandez-Carballido.png",2000,1214,false],"medium":["https:\/\/www.alasmedios.com\/wp-content\/uploads\/2026\/09\/Elvira-Hernandez-Carballido-300x182.png",300,182,true],"thumbnail":["https:\/\/www.alasmedios.com\/wp-content\/uploads\/2026\/09\/Elvira-Hernandez-Carballido-150x150.png",150,150,true]},"magazine_blocks_author":{"display_name":"Elvira Hernandez Carballido","author_link":"https:\/\/www.alasmedios.com\/index.php\/author\/elvira-hernandez-carballido\/"},"magazine_blocks_comment":0,"magazine_blocks_author_image":"https:\/\/secure.gravatar.com\/avatar\/dcfbd4aabed7017c58d813dcfdff95aa337010cd1c9c2ce521147e76a336b772?s=96&d=mm&r=g","magazine_blocks_category":"<a href=\"#\" class=\"category-link category-link-4839\">Bellas y Airosas - Elvira Hern\u00e1ndez Carballido<\/a>","videoUrl":"","yoast_head":"<!-- This site is optimized with the Yoast SEO plugin v28.4 - https:\/\/yoast.com\/product\/yoast-seo-wordpress\/ -->\r\n<title>Hasta la cocina<\/title>\r\n<meta name=\"description\" content=\"\u201cHasta la cocina. Un viaje de placer para todos los sentidos\u201d es un libro que nos permite palpar recetas mientras saboreamos la sororidad\" \/>\r\n<meta name=\"robots\" content=\"index, follow, max-snippet:-1, max-image-preview:large, max-video-preview:-1\" \/>\r\n<link rel=\"canonical\" href=\"https:\/\/www.alasmedios.com\/index.php\/2026\/09\/01\/hasta-la-cocina\/\" \/>\r\n<meta property=\"og:locale\" content=\"es_MX\" \/>\r\n<meta property=\"og:type\" content=\"article\" \/>\r\n<meta property=\"og:title\" content=\"Hasta la cocina\" \/>\r\n<meta property=\"og:description\" content=\"\u201cHasta la cocina. Un viaje de placer para todos los sentidos\u201d es un libro que nos permite palpar recetas mientras saboreamos la sororidad\" \/>\r\n<meta property=\"og:url\" content=\"https:\/\/www.alasmedios.com\/index.php\/2026\/09\/01\/hasta-la-cocina\/\" \/>\r\n<meta property=\"og:site_name\" content=\"Alas Medios\" \/>\r\n<meta property=\"article:published_time\" content=\"2026-09-01T12:16:00+00:00\" \/>\r\n<meta property=\"article:modified_time\" content=\"2026-09-01T14:10:11+00:00\" \/>\r\n<meta property=\"og:image\" content=\"https:\/\/www.alasmedios.com\/wp-content\/uploads\/2026\/09\/Elvira-Hernandez-Carballido-1024x622.png\" \/>\r\n\t<meta property=\"og:image:width\" content=\"1024\" \/>\r\n\t<meta property=\"og:image:height\" content=\"622\" \/>\r\n\t<meta property=\"og:image:type\" content=\"image\/png\" \/>\r\n<meta name=\"author\" content=\"Elvira Hernandez Carballido\" \/>\r\n<meta name=\"twitter:card\" content=\"summary_large_image\" \/>\r\n<meta name=\"twitter:label1\" content=\"Escrito por\" \/>\n\t<meta name=\"twitter:data1\" content=\"Elvira Hernandez Carballido\" \/>\n\t<meta name=\"twitter:label2\" content=\"Tiempo de lectura\" \/>\n\t<meta name=\"twitter:data2\" content=\"4 minutos\" \/>\r\n<script type=\"application\/ld+json\" class=\"yoast-schema-graph\">{\"@context\":\"https:\\\/\\\/schema.org\",\"@graph\":[{\"@type\":\"Article\",\"@id\":\"https:\\\/\\\/www.alasmedios.com\\\/index.php\\\/2026\\\/09\\\/01\\\/hasta-la-cocina\\\/#article\",\"isPartOf\":{\"@id\":\"https:\\\/\\\/www.alasmedios.com\\\/index.php\\\/2026\\\/09\\\/01\\\/hasta-la-cocina\\\/\"},\"author\":{\"name\":\"Elvira Hernandez Carballido\",\"@id\":\"https:\\\/\\\/www.alasmedios.com\\\/#\\\/schema\\\/person\\\/61d949d6ac68f0e342fcfcaa735f4ce3\"},\"headline\":\"Hasta la cocina\",\"datePublished\":\"2026-09-01T12:16:00+00:00\",\"dateModified\":\"2026-09-01T14:10:11+00:00\",\"mainEntityOfPage\":{\"@id\":\"https:\\\/\\\/www.alasmedios.com\\\/index.php\\\/2026\\\/09\\\/01\\\/hasta-la-cocina\\\/\"},\"wordCount\":702,\"commentCount\":0,\"publisher\":{\"@id\":\"https:\\\/\\\/www.alasmedios.com\\\/#organization\"},\"image\":{\"@id\":\"https:\\\/\\\/www.alasmedios.com\\\/index.php\\\/2026\\\/09\\\/01\\\/hasta-la-cocina\\\/#primaryimage\"},\"thumbnailUrl\":\"https:\\\/\\\/www.alasmedios.com\\\/wp-content\\\/uploads\\\/2026\\\/09\\\/Elvira-Hernandez-Carballido.png\",\"keywords\":[\"Elvira Hern\u00e1ndez Carballido\",\"Hasta la cocina\",\"libro\",\"sororidad\"],\"articleSection\":[\"Bellas y Airosas - Elvira Hern\u00e1ndez Carballido\"],\"inLanguage\":\"es\",\"potentialAction\":[{\"@type\":\"CommentAction\",\"name\":\"Comment\",\"target\":[\"https:\\\/\\\/www.alasmedios.com\\\/index.php\\\/2026\\\/09\\\/01\\\/hasta-la-cocina\\\/#respond\"]}]},{\"@type\":\"WebPage\",\"@id\":\"https:\\\/\\\/www.alasmedios.com\\\/index.php\\\/2026\\\/09\\\/01\\\/hasta-la-cocina\\\/\",\"url\":\"https:\\\/\\\/www.alasmedios.com\\\/index.php\\\/2026\\\/09\\\/01\\\/hasta-la-cocina\\\/\",\"name\":\"Hasta la cocina\",\"isPartOf\":{\"@id\":\"https:\\\/\\\/www.alasmedios.com\\\/#website\"},\"primaryImageOfPage\":{\"@id\":\"https:\\\/\\\/www.alasmedios.com\\\/index.php\\\/2026\\\/09\\\/01\\\/hasta-la-cocina\\\/#primaryimage\"},\"image\":{\"@id\":\"https:\\\/\\\/www.alasmedios.com\\\/index.php\\\/2026\\\/09\\\/01\\\/hasta-la-cocina\\\/#primaryimage\"},\"thumbnailUrl\":\"https:\\\/\\\/www.alasmedios.com\\\/wp-content\\\/uploads\\\/2026\\\/09\\\/Elvira-Hernandez-Carballido.png\",\"datePublished\":\"2026-09-01T12:16:00+00:00\",\"dateModified\":\"2026-09-01T14:10:11+00:00\",\"description\":\"\u201cHasta la cocina. Un viaje de placer para todos los sentidos\u201d es un libro que nos permite palpar recetas mientras saboreamos la sororidad\",\"breadcrumb\":{\"@id\":\"https:\\\/\\\/www.alasmedios.com\\\/index.php\\\/2026\\\/09\\\/01\\\/hasta-la-cocina\\\/#breadcrumb\"},\"inLanguage\":\"es\",\"potentialAction\":[{\"@type\":\"ReadAction\",\"target\":[\"https:\\\/\\\/www.alasmedios.com\\\/index.php\\\/2026\\\/09\\\/01\\\/hasta-la-cocina\\\/\"]}]},{\"@type\":\"ImageObject\",\"inLanguage\":\"es\",\"@id\":\"https:\\\/\\\/www.alasmedios.com\\\/index.php\\\/2026\\\/09\\\/01\\\/hasta-la-cocina\\\/#primaryimage\",\"url\":\"https:\\\/\\\/www.alasmedios.com\\\/wp-content\\\/uploads\\\/2026\\\/09\\\/Elvira-Hernandez-Carballido.png\",\"contentUrl\":\"https:\\\/\\\/www.alasmedios.com\\\/wp-content\\\/uploads\\\/2026\\\/09\\\/Elvira-Hernandez-Carballido.png\",\"width\":2000,\"height\":1214},{\"@type\":\"BreadcrumbList\",\"@id\":\"https:\\\/\\\/www.alasmedios.com\\\/index.php\\\/2026\\\/09\\\/01\\\/hasta-la-cocina\\\/#breadcrumb\",\"itemListElement\":[{\"@type\":\"ListItem\",\"position\":1,\"name\":\"Inicio\",\"item\":\"https:\\\/\\\/www.alasmedios.com\\\/\"},{\"@type\":\"ListItem\",\"position\":2,\"name\":\"Hasta la cocina\"}]},{\"@type\":\"WebSite\",\"@id\":\"https:\\\/\\\/www.alasmedios.com\\\/#website\",\"url\":\"https:\\\/\\\/www.alasmedios.com\\\/\",\"name\":\"Alas Medios\",\"description\":\"Alas para pensar, Alas para volar, Alas de libertad\",\"publisher\":{\"@id\":\"https:\\\/\\\/www.alasmedios.com\\\/#organization\"},\"potentialAction\":[{\"@type\":\"SearchAction\",\"target\":{\"@type\":\"EntryPoint\",\"urlTemplate\":\"https:\\\/\\\/www.alasmedios.com\\\/?s={search_term_string}\"},\"query-input\":{\"@type\":\"PropertyValueSpecification\",\"valueRequired\":true,\"valueName\":\"search_term_string\"}}],\"inLanguage\":\"es\"},{\"@type\":\"Organization\",\"@id\":\"https:\\\/\\\/www.alasmedios.com\\\/#organization\",\"name\":\"Alas Medios\",\"url\":\"https:\\\/\\\/www.alasmedios.com\\\/\",\"logo\":{\"@type\":\"ImageObject\",\"inLanguage\":\"es\",\"@id\":\"https:\\\/\\\/www.alasmedios.com\\\/#\\\/schema\\\/logo\\\/image\\\/\",\"url\":\"https:\\\/\\\/www.alasmedios.com\\\/wp-content\\\/uploads\\\/2026\\\/01\\\/cropped-cropped-GAM-1.png\",\"contentUrl\":\"https:\\\/\\\/www.alasmedios.com\\\/wp-content\\\/uploads\\\/2026\\\/01\\\/cropped-cropped-GAM-1.png\",\"width\":467,\"height\":235,\"caption\":\"Alas Medios\"},\"image\":{\"@id\":\"https:\\\/\\\/www.alasmedios.com\\\/#\\\/schema\\\/logo\\\/image\\\/\"}},{\"@type\":\"Person\",\"@id\":\"https:\\\/\\\/www.alasmedios.com\\\/#\\\/schema\\\/person\\\/61d949d6ac68f0e342fcfcaa735f4ce3\",\"name\":\"Elvira Hernandez Carballido\",\"image\":{\"@type\":\"ImageObject\",\"inLanguage\":\"es\",\"@id\":\"https:\\\/\\\/secure.gravatar.com\\\/avatar\\\/dcfbd4aabed7017c58d813dcfdff95aa337010cd1c9c2ce521147e76a336b772?s=96&d=mm&r=g\",\"url\":\"https:\\\/\\\/secure.gravatar.com\\\/avatar\\\/dcfbd4aabed7017c58d813dcfdff95aa337010cd1c9c2ce521147e76a336b772?s=96&d=mm&r=g\",\"contentUrl\":\"https:\\\/\\\/secure.gravatar.com\\\/avatar\\\/dcfbd4aabed7017c58d813dcfdff95aa337010cd1c9c2ce521147e76a336b772?s=96&d=mm&r=g\",\"caption\":\"Elvira Hernandez Carballido\"},\"url\":\"https:\\\/\\\/www.alasmedios.com\\\/index.php\\\/author\\\/elvira-hernandez-carballido\\\/\"}]}<\/script>\r\n<!-- \/ Yoast SEO plugin. -->","yoast_head_json":{"title":"Hasta la cocina","description":"\u201cHasta la cocina. Un viaje de placer para todos los sentidos\u201d es un libro que nos permite palpar recetas mientras saboreamos la sororidad","robots":{"index":"index","follow":"follow","max-snippet":"max-snippet:-1","max-image-preview":"max-image-preview:large","max-video-preview":"max-video-preview:-1"},"canonical":"https:\/\/www.alasmedios.com\/index.php\/2026\/09\/01\/hasta-la-cocina\/","og_locale":"es_MX","og_type":"article","og_title":"Hasta la cocina","og_description":"\u201cHasta la cocina. Un viaje de placer para todos los sentidos\u201d es un libro que nos permite palpar recetas mientras saboreamos la sororidad","og_url":"https:\/\/www.alasmedios.com\/index.php\/2026\/09\/01\/hasta-la-cocina\/","og_site_name":"Alas Medios","article_published_time":"2026-09-01T12:16:00+00:00","article_modified_time":"2026-09-01T14:10:11+00:00","og_image":[{"width":1024,"height":622,"url":"https:\/\/www.alasmedios.com\/wp-content\/uploads\/2026\/09\/Elvira-Hernandez-Carballido-1024x622.png","type":"image\/png"}],"author":"Elvira Hernandez Carballido","twitter_card":"summary_large_image","twitter_misc":{"Escrito por":"Elvira Hernandez Carballido","Tiempo de lectura":"4 minutos"},"schema":{"@context":"https:\/\/schema.org","@graph":[{"@type":"Article","@id":"https:\/\/www.alasmedios.com\/index.php\/2026\/09\/01\/hasta-la-cocina\/#article","isPartOf":{"@id":"https:\/\/www.alasmedios.com\/index.php\/2026\/09\/01\/hasta-la-cocina\/"},"author":{"name":"Elvira Hernandez Carballido","@id":"https:\/\/www.alasmedios.com\/#\/schema\/person\/61d949d6ac68f0e342fcfcaa735f4ce3"},"headline":"Hasta la cocina","datePublished":"2026-09-01T12:16:00+00:00","dateModified":"2026-09-01T14:10:11+00:00","mainEntityOfPage":{"@id":"https:\/\/www.alasmedios.com\/index.php\/2026\/09\/01\/hasta-la-cocina\/"},"wordCount":702,"commentCount":0,"publisher":{"@id":"https:\/\/www.alasmedios.com\/#organization"},"image":{"@id":"https:\/\/www.alasmedios.com\/index.php\/2026\/09\/01\/hasta-la-cocina\/#primaryimage"},"thumbnailUrl":"https:\/\/www.alasmedios.com\/wp-content\/uploads\/2026\/09\/Elvira-Hernandez-Carballido.png","keywords":["Elvira Hern\u00e1ndez Carballido","Hasta la cocina","libro","sororidad"],"articleSection":["Bellas y Airosas - Elvira Hern\u00e1ndez Carballido"],"inLanguage":"es","potentialAction":[{"@type":"CommentAction","name":"Comment","target":["https:\/\/www.alasmedios.com\/index.php\/2026\/09\/01\/hasta-la-cocina\/#respond"]}]},{"@type":"WebPage","@id":"https:\/\/www.alasmedios.com\/index.php\/2026\/09\/01\/hasta-la-cocina\/","url":"https:\/\/www.alasmedios.com\/index.php\/2026\/09\/01\/hasta-la-cocina\/","name":"Hasta la cocina","isPartOf":{"@id":"https:\/\/www.alasmedios.com\/#website"},"primaryImageOfPage":{"@id":"https:\/\/www.alasmedios.com\/index.php\/2026\/09\/01\/hasta-la-cocina\/#primaryimage"},"image":{"@id":"https:\/\/www.alasmedios.com\/index.php\/2026\/09\/01\/hasta-la-cocina\/#primaryimage"},"thumbnailUrl":"https:\/\/www.alasmedios.com\/wp-content\/uploads\/2026\/09\/Elvira-Hernandez-Carballido.png","datePublished":"2026-09-01T12:16:00+00:00","dateModified":"2026-09-01T14:10:11+00:00","description":"\u201cHasta la cocina. Un viaje de placer para todos los sentidos\u201d es un libro que nos permite palpar recetas mientras saboreamos la sororidad","breadcrumb":{"@id":"https:\/\/www.alasmedios.com\/index.php\/2026\/09\/01\/hasta-la-cocina\/#breadcrumb"},"inLanguage":"es","potentialAction":[{"@type":"ReadAction","target":["https:\/\/www.alasmedios.com\/index.php\/2026\/09\/01\/hasta-la-cocina\/"]}]},{"@type":"ImageObject","inLanguage":"es","@id":"https:\/\/www.alasmedios.com\/index.php\/2026\/09\/01\/hasta-la-cocina\/#primaryimage","url":"https:\/\/www.alasmedios.com\/wp-content\/uploads\/2026\/09\/Elvira-Hernandez-Carballido.png","contentUrl":"https:\/\/www.alasmedios.com\/wp-content\/uploads\/2026\/09\/Elvira-Hernandez-Carballido.png","width":2000,"height":1214},{"@type":"BreadcrumbList","@id":"https:\/\/www.alasmedios.com\/index.php\/2026\/09\/01\/hasta-la-cocina\/#breadcrumb","itemListElement":[{"@type":"ListItem","position":1,"name":"Inicio","item":"https:\/\/www.alasmedios.com\/"},{"@type":"ListItem","position":2,"name":"Hasta la cocina"}]},{"@type":"WebSite","@id":"https:\/\/www.alasmedios.com\/#website","url":"https:\/\/www.alasmedios.com\/","name":"Alas Medios","description":"Alas para pensar, Alas para volar, Alas de libertad","publisher":{"@id":"https:\/\/www.alasmedios.com\/#organization"},"potentialAction":[{"@type":"SearchAction","target":{"@type":"EntryPoint","urlTemplate":"https:\/\/www.alasmedios.com\/?s={search_term_string}"},"query-input":{"@type":"PropertyValueSpecification","valueRequired":true,"valueName":"search_term_string"}}],"inLanguage":"es"},{"@type":"Organization","@id":"https:\/\/www.alasmedios.com\/#organization","name":"Alas Medios","url":"https:\/\/www.alasmedios.com\/","logo":{"@type":"ImageObject","inLanguage":"es","@id":"https:\/\/www.alasmedios.com\/#\/schema\/logo\/image\/","url":"https:\/\/www.alasmedios.com\/wp-content\/uploads\/2026\/01\/cropped-cropped-GAM-1.png","contentUrl":"https:\/\/www.alasmedios.com\/wp-content\/uploads\/2026\/01\/cropped-cropped-GAM-1.png","width":467,"height":235,"caption":"Alas Medios"},"image":{"@id":"https:\/\/www.alasmedios.com\/#\/schema\/logo\/image\/"}},{"@type":"Person","@id":"https:\/\/www.alasmedios.com\/#\/schema\/person\/61d949d6ac68f0e342fcfcaa735f4ce3","name":"Elvira Hernandez Carballido","image":{"@type":"ImageObject","inLanguage":"es","@id":"https:\/\/secure.gravatar.com\/avatar\/dcfbd4aabed7017c58d813dcfdff95aa337010cd1c9c2ce521147e76a336b772?s=96&d=mm&r=g","url":"https:\/\/secure.gravatar.com\/avatar\/dcfbd4aabed7017c58d813dcfdff95aa337010cd1c9c2ce521147e76a336b772?s=96&d=mm&r=g","contentUrl":"https:\/\/secure.gravatar.com\/avatar\/dcfbd4aabed7017c58d813dcfdff95aa337010cd1c9c2ce521147e76a336b772?s=96&d=mm&r=g","caption":"Elvira Hernandez Carballido"},"url":"https:\/\/www.alasmedios.com\/index.php\/author\/elvira-hernandez-carballido\/"}]}},"_links":{"self":[{"href":"https:\/\/www.alasmedios.com\/index.php\/wp-json\/wp\/v2\/posts\/12537","targetHints":{"allow":["GET"]}}],"collection":[{"href":"https:\/\/www.alasmedios.com\/index.php\/wp-json\/wp\/v2\/posts"}],"about":[{"href":"https:\/\/www.alasmedios.com\/index.php\/wp-json\/wp\/v2\/types\/post"}],"author":[{"embeddable":true,"href":"https:\/\/www.alasmedios.com\/index.php\/wp-json\/wp\/v2\/users\/12"}],"replies":[{"embeddable":true,"href":"https:\/\/www.alasmedios.com\/index.php\/wp-json\/wp\/v2\/comments?post=12537"}],"version-history":[{"count":1,"href":"https:\/\/www.alasmedios.com\/index.php\/wp-json\/wp\/v2\/posts\/12537\/revisions"}],"predecessor-version":[{"id":12541,"href":"https:\/\/www.alasmedios.com\/index.php\/wp-json\/wp\/v2\/posts\/12537\/revisions\/12541"}],"wp:featuredmedia":[{"embeddable":true,"href":"https:\/\/www.alasmedios.com\/index.php\/wp-json\/wp\/v2\/media\/12540"}],"wp:attachment":[{"href":"https:\/\/www.alasmedios.com\/index.php\/wp-json\/wp\/v2\/media?parent=12537"}],"wp:term":[{"taxonomy":"category","embeddable":true,"href":"https:\/\/www.alasmedios.com\/index.php\/wp-json\/wp\/v2\/categories?post=12537"},{"taxonomy":"post_tag","embeddable":true,"href":"https:\/\/www.alasmedios.com\/index.php\/wp-json\/wp\/v2\/tags?post=12537"}],"curies":[{"name":"wp","href":"https:\/\/api.w.org\/{rel}","templated":true}]}}