{"id":12534,"date":"2026-09-01T08:00:00","date_gmt":"2026-09-01T14:00:00","guid":{"rendered":"https:\/\/www.alasmedios.com\/?p=12534"},"modified":"2026-09-01T09:31:48","modified_gmt":"2026-09-01T15:31:48","slug":"adopta-fest-se-realizara-cada-mes-tras-concretar-19-adopciones-en-puebla","status":"publish","type":"post","link":"https:\/\/www.alasmedios.com\/index.php\/2026\/09\/01\/adopta-fest-se-realizara-cada-mes-tras-concretar-19-adopciones-en-puebla\/","title":{"rendered":"Puebla: habr\u00e1 Adopta Fest para rato"},"content":{"rendered":"\n<p class=\"wp-block-paragraph\">Ayudando a michis y lomitos, en <strong>Adopta Fest<\/strong> de <strong>Puebla <\/strong>seguir\u00e1 su labor por su cuidado y bienestar, podr\u00e1s ser parte en nuevas ediciones.<\/p>\n\n\n\n<p class=\"wp-block-paragraph\">El Gobierno de <strong>Puebla<\/strong> realizar\u00e1 el<strong> Adopta Fest<\/strong> de manera permanente el segundo domingo de cada mes, luego de que su primera edici\u00f3n concret\u00f3<strong> 19 adopciones <\/strong>y brind\u00f3 distintos servicios para el cuidado de perros y gatos.<\/p>\n\n\n\n<p class=\"wp-block-paragraph\">La primera jornada se llev\u00f3 a cabo en las inmediaciones del <strong>Ecoparque Metropolitano<\/strong>, donde familias y organizaciones dedicadas al bienestar animal participaron en actividades enfocadas en la adopci\u00f3n responsable y el cuidado de los animales de compa\u00f1\u00eda.<\/p>\n\n\n\n<p class=\"wp-block-paragraph\">En el evento se concretaron <strong>19 adopciones<\/strong>. Adem\u00e1s, quedaron <strong>ocho procesos de adopci\u00f3n en tr\u00e1mite<\/strong>, mientras que otras personas mostraron inter\u00e9s en adoptar.<\/p>\n\n\n\n<p class=\"wp-block-paragraph\">LEE: <a href=\"https:\/\/www.alasmedios.com\/index.php\/2026\/08\/29\/resguardan-a-gata-y-sus-tres-crias-para-proteger-fauna-del-parque-del-arte-en-puebla\/\">Resguardan a gata y sus tres cr\u00edas para proteger fauna del Parque del Arte en Puebla<\/a><\/p>\n\n\n\n<p class=\"wp-block-paragraph\">La directora ejecutiva de Convenciones y Parques, Michelle Talavera Herrera, inform\u00f3 que el encuentro tendr\u00e1 continuidad y se realizar\u00e1 de manera permanente.<\/p>\n\n\n\n<h2 class=\"wp-block-heading\">Un espacio para la adopci\u00f3n y el cuidado animal<\/h2>\n\n\n\n<p class=\"wp-block-paragraph\">Adem\u00e1s de las adopciones, durante la primera edici\u00f3n se aplicaron <strong>78 vacunas antirr\u00e1bicas<\/strong> y se brindaron <strong>35 consultas m\u00e9dicas gratuitas<\/strong>.<\/p>\n\n\n\n<p class=\"wp-block-paragraph\">Tambi\u00e9n fueron agendadas <strong>19 esterilizaciones<\/strong>, como parte de las acciones de prevenci\u00f3n y cuidado de los animales.<\/p>\n\n\n\n<figure class=\"wp-block-image size-large\"><img loading=\"lazy\" decoding=\"async\" width=\"1024\" height=\"682\" src=\"https:\/\/www.alasmedios.com\/wp-content\/uploads\/2026\/09\/Adopta-Fest-1024x682.jpeg\" alt=\"\" class=\"wp-image-12549\" srcset=\"https:\/\/www.alasmedios.com\/wp-content\/uploads\/2026\/09\/Adopta-Fest-1024x682.jpeg 1024w, https:\/\/www.alasmedios.com\/wp-content\/uploads\/2026\/09\/Adopta-Fest-300x200.jpeg 300w, https:\/\/www.alasmedios.com\/wp-content\/uploads\/2026\/09\/Adopta-Fest-767x511.jpeg 767w, https:\/\/www.alasmedios.com\/wp-content\/uploads\/2026\/09\/Adopta-Fest-1536x1024.jpeg 1536w, https:\/\/www.alasmedios.com\/wp-content\/uploads\/2026\/09\/Adopta-Fest-2048x1365.jpeg 2048w\" sizes=\"auto, (max-width: 1024px) 100vw, 1024px\" \/><\/figure>\n\n\n\n<p class=\"wp-block-paragraph\">La jornada cont\u00f3 con la participaci\u00f3n de organizaciones como Amor Peludo, Mestizos Sin Fronteras, Cuenta Conmigo, Corazones Peludos y En Busca de la Felicidad, as\u00ed como de la Direcci\u00f3n de Bienestar Animal.<\/p>\n\n\n\n<p class=\"wp-block-paragraph\">La secretaria de Deporte y Juventud, Gaby \u201cLa Bonita\u201d S\u00e1nchez, hizo un llamado a reflexionar sobre la responsabilidad que implica incorporar un animal de compa\u00f1\u00eda a una familia.<\/p>\n\n\n\n<p class=\"wp-block-paragraph\">TE PUEDE INTERESAR: <a href=\"https:\/\/www.alasmedios.com\/index.php\/2026\/08\/27\/puebla-se-prepara-para-llenar-de-color-el-dia-de-muertos\/\">Puebla se prepara para llenar de color el D\u00eda de Muertos<\/a><\/p>\n\n\n\n<p class=\"wp-block-paragraph\">En este sentido, el objetivo es generar conciencia sobre la <strong>adopci\u00f3n responsable<\/strong> y contribuir a reducir el abandono de perros y gatos.<\/p>\n\n\n\n<h2 class=\"wp-block-heading\">M\u00e1s que un evento de adopci\u00f3n<\/h2>\n\n\n\n<p class=\"wp-block-paragraph\">El <strong>Adopta Fest<\/strong> tambi\u00e9n reuni\u00f3 a expositores, emprendedores y comerciantes locales relacionados con productos y servicios para animales.<\/p>\n\n\n\n<p class=\"wp-block-paragraph\">De acuerdo con el Gobierno de <strong>Puebla<\/strong>, la afluencia de visitantes permiti\u00f3 impulsar el consumo local y apoyar a distintos sectores que participaron en la jornada.<\/p>\n\n\n\n<iframe loading=\"lazy\" src=\"https:\/\/www.facebook.com\/plugins\/post.php?href=https%3A%2F%2Fwww.facebook.com%2FAlasMedios%2Fposts%2Fpfbid0BB8L9koVLg19vGiYWhNWLDFM9sxf7HJsHsssgXGXRRbiiHaJqv1By1CJSuty7o99l&#038;show_text=true&#038;width=500\" width=\"500\" height=\"250\" style=\"border:none;overflow:hidden\" scrolling=\"no\" frameborder=\"0\" allowfullscreen=\"true\" allow=\"autoplay; clipboard-write; encrypted-media; picture-in-picture; web-share\"><\/iframe>\n\n\n\n<p class=\"wp-block-paragraph\">Con la decisi\u00f3n de realizar el evento cada mes, el <strong>Ecoparque Metropolitano<\/strong> se convertir\u00e1 en un punto recurrente para quienes buscan adoptar, acceder a servicios de salud animal o conocer el trabajo de colectivos y organizaciones dedicadas al bienestar animal.<\/p>\n\n\n\n<p class=\"wp-block-paragraph\">LEE: <a href=\"https:\/\/www.alasmedios.com\/index.php\/2026\/08\/31\/puebla-femenil-golea-a-necaxa-sale-de-sequia-sin-triunfo\/\" data-type=\"post\" data-id=\"12521\">Puebla Femenil golea a Necaxa, sale de sequ\u00eda sin triunfo<\/a><\/p>\n\n\n\n<p class=\"wp-block-paragraph\">Tras una primera jornada con 19 adopciones, vacunas, consultas y esterilizaciones programadas, el Adopta Fest buscar\u00e1 convertirse en un espacio permanente para conectar a los animales que buscan un hogar con familias dispuestas a darles una segunda oportunidad.<\/p>\n\n\n<ul class=\"wp-block-latest-posts__list is-grid columns-3 wp-block-latest-posts is-layout-grid wp-container-core-latest-posts-is-layout-cda6dc4f wp-block-latest-posts-is-layout-grid\"><li><div class=\"wp-block-latest-posts__featured-image\"><img loading=\"lazy\" decoding=\"async\" width=\"150\" height=\"150\" src=\"https:\/\/www.alasmedios.com\/wp-content\/uploads\/2026\/09\/Puebla-actividades-216-aniversario-de-la-Independencia-de-Mexico-1-150x150.jpg\" class=\"attachment-thumbnail size-thumbnail wp-post-image\" alt=\"\" style=\"\" \/><\/div><a class=\"wp-block-latest-posts__post-title\" href=\"https:\/\/www.alasmedios.com\/index.php\/2026\/09\/01\/puebla-enciende-las-fiestas-patrias-asi-arranca-la-ruta-por-216-anos-de-independencia\/\">Puebla enciende las Fiestas Patrias: as\u00ed arranca la ruta por 216 a\u00f1os de Independencia<\/a><\/li>\n<li><div class=\"wp-block-latest-posts__featured-image\"><img loading=\"lazy\" decoding=\"async\" width=\"150\" height=\"150\" src=\"https:\/\/www.alasmedios.com\/wp-content\/uploads\/2026\/09\/DIF-Hidalgo-estrena-Lokomat-150x150.jpg\" class=\"attachment-thumbnail size-thumbnail wp-post-image\" alt=\"\" style=\"\" \/><\/div><a class=\"wp-block-latest-posts__post-title\" href=\"https:\/\/www.alasmedios.com\/index.php\/2026\/09\/01\/dif-hidalgo-estrena-lokomat-18-mdp-para-recuperar-la-movilidad-de-pacientes\/\">DIF Hidalgo estrena Lokomat: 18 mdp para recuperar la movilidad de pacientes<\/a><\/li>\n<li><div class=\"wp-block-latest-posts__featured-image\"><img loading=\"lazy\" decoding=\"async\" width=\"150\" height=\"150\" src=\"https:\/\/www.alasmedios.com\/wp-content\/uploads\/2026\/09\/Dinamarca-indemnizara-a-mujeres-inuit-150x150.jpg\" class=\"attachment-thumbnail size-thumbnail wp-post-image\" alt=\"\" style=\"\" \/><\/div><a class=\"wp-block-latest-posts__post-title\" href=\"https:\/\/www.alasmedios.com\/index.php\/2026\/09\/01\/dinamarca-compensara-a-mujeres-inuit-anticoncepcion-forzada\/\">Dinamarca indemnizar\u00e1 a mujeres inuit sometidas a anticoncepci\u00f3n forzada<\/a><\/li>\n<\/ul>\n\n\n<p class=\"wp-block-paragraph\"><\/p>\n","protected":false},"excerpt":{"rendered":"<p>Ayudando a michis y lomitos, en Adopta Fest de Puebla seguir\u00e1 su labor por su cuidado y bienestar, podr\u00e1s ser<\/p>\n","protected":false},"author":18,"featured_media":12548,"comment_status":"open","ping_status":"open","sticky":false,"template":"","format":"standard","meta":{"colormag_page_container_layout":"default_layout","colormag_page_sidebar_layout":"default_layout","rop_custom_images_group":[],"rop_custom_messages_group":[],"rop_publish_now":"yes","rop_publish_now_accounts":[],"rop_publish_now_history":[],"rop_publish_now_status":"pending","iawp_total_views":1,"footnotes":""},"categories":[3704],"tags":[4837,4786,745,1363],"class_list":["post-12534","post","type-post","status-publish","format-standard","has-post-thumbnail","hentry","category-puebla","tag-adopciones","tag-adopta-fest","tag-derechos-animales","tag-puebla"],"magazineBlocksPostFeaturedMedia":{"thumbnail":"https:\/\/www.alasmedios.com\/wp-content\/uploads\/2026\/09\/Puebla-adopta-fest-150x150.jpeg","medium":"https:\/\/www.alasmedios.com\/wp-content\/uploads\/2026\/09\/Puebla-adopta-fest-300x200.jpeg","medium_large":"https:\/\/www.alasmedios.com\/wp-content\/uploads\/2026\/09\/Puebla-adopta-fest-768x512.jpeg","large":"https:\/\/www.alasmedios.com\/wp-content\/uploads\/2026\/09\/Puebla-adopta-fest-1024x682.jpeg","1536x1536":"https:\/\/www.alasmedios.com\/wp-content\/uploads\/2026\/09\/Puebla-adopta-fest-1536x1024.jpeg","2048x2048":"https:\/\/www.alasmedios.com\/wp-content\/uploads\/2026\/09\/Puebla-adopta-fest-2048x1365.jpeg","colormag-highlighted-post":"https:\/\/www.alasmedios.com\/wp-content\/uploads\/2026\/09\/Puebla-adopta-fest-392x272.jpeg","colormag-featured-post-medium":"https:\/\/www.alasmedios.com\/wp-content\/uploads\/2026\/09\/Puebla-adopta-fest-390x205.jpeg","colormag-featured-post-small":"https:\/\/www.alasmedios.com\/wp-content\/uploads\/2026\/09\/Puebla-adopta-fest-130x90.jpeg","colormag-featured-image":"https:\/\/www.alasmedios.com\/wp-content\/uploads\/2026\/09\/Puebla-adopta-fest-800x445.jpeg","colormag-default-news":"https:\/\/www.alasmedios.com\/wp-content\/uploads\/2026\/09\/Puebla-adopta-fest-150x150.jpeg","colormag-featured-image-large":"https:\/\/www.alasmedios.com\/wp-content\/uploads\/2026\/09\/Puebla-adopta-fest-1400x600.jpeg"},"magazineBlocksPostAuthor":{"name":"Yissel Padilla","avatar":"https:\/\/secure.gravatar.com\/avatar\/98842131f4e7c39771d95c321b4e271e6d6b9aefdb1d69d099b18469d859168e?s=96&d=mm&r=g"},"magazineBlocksPostCommentsNumber":"0","magazineBlocksPostExcerpt":"Ayudando a michis y lomitos, en Adopta Fest de Puebla seguir\u00e1 su labor por su cuidado y bienestar, podr\u00e1s ser","magazineBlocksPostCategories":["Puebla"],"magazineBlocksPostViewCount":47,"magazineBlocksPostReadTime":3,"magazine_blocks_featured_image_url":{"full":["https:\/\/www.alasmedios.com\/wp-content\/uploads\/2026\/09\/Puebla-adopta-fest.jpeg",2560,1706,false],"medium":["https:\/\/www.alasmedios.com\/wp-content\/uploads\/2026\/09\/Puebla-adopta-fest-300x200.jpeg",300,200,true],"thumbnail":["https:\/\/www.alasmedios.com\/wp-content\/uploads\/2026\/09\/Puebla-adopta-fest-150x150.jpeg",150,150,true]},"magazine_blocks_author":{"display_name":"Yissel Padilla","author_link":"https:\/\/www.alasmedios.com\/index.php\/author\/yissel-padilla\/"},"magazine_blocks_comment":0,"magazine_blocks_author_image":"https:\/\/secure.gravatar.com\/avatar\/98842131f4e7c39771d95c321b4e271e6d6b9aefdb1d69d099b18469d859168e?s=96&d=mm&r=g","magazine_blocks_category":"<a href=\"#\" class=\"category-link category-link-3704\">Puebla<\/a>","videoUrl":"","yoast_head":"<!-- This site is optimized with the Yoast SEO plugin v28.4 - https:\/\/yoast.com\/product\/yoast-seo-wordpress\/ -->\r\n<title>Puebla: habr\u00e1 Adopta Fest para rato<\/title>\r\n<meta name=\"description\" content=\"Ayudando a michis y lomitos, en Adopta Fest de Puebla seguir\u00e1 su labor por su cuidado y bienestar, podr\u00e1s ser parte en nuevas ediciones\" \/>\r\n<meta name=\"robots\" content=\"index, follow, max-snippet:-1, max-image-preview:large, max-video-preview:-1\" \/>\r\n<link rel=\"canonical\" href=\"https:\/\/www.alasmedios.com\/index.php\/2026\/09\/01\/adopta-fest-se-realizara-cada-mes-tras-concretar-19-adopciones-en-puebla\/\" \/>\r\n<meta property=\"og:locale\" content=\"es_MX\" \/>\r\n<meta property=\"og:type\" content=\"article\" \/>\r\n<meta property=\"og:title\" content=\"Puebla: habr\u00e1 Adopta Fest para rato\" \/>\r\n<meta property=\"og:description\" content=\"Ayudando a michis y lomitos, en Adopta Fest de Puebla seguir\u00e1 su labor por su cuidado y bienestar, podr\u00e1s ser parte en nuevas ediciones\" \/>\r\n<meta property=\"og:url\" content=\"https:\/\/www.alasmedios.com\/index.php\/2026\/09\/01\/adopta-fest-se-realizara-cada-mes-tras-concretar-19-adopciones-en-puebla\/\" \/>\r\n<meta property=\"og:site_name\" content=\"Alas Medios\" \/>\r\n<meta property=\"article:published_time\" content=\"2026-09-01T14:00:00+00:00\" \/>\r\n<meta property=\"article:modified_time\" content=\"2026-09-01T15:31:48+00:00\" \/>\r\n<meta property=\"og:image\" content=\"https:\/\/www.alasmedios.com\/wp-content\/uploads\/2026\/09\/Puebla-adopta-fest.jpeg\" \/>\r\n\t<meta property=\"og:image:width\" content=\"2560\" \/>\r\n\t<meta property=\"og:image:height\" content=\"1706\" \/>\r\n\t<meta property=\"og:image:type\" content=\"image\/jpeg\" \/>\r\n<meta name=\"author\" content=\"Yissel Padilla\" \/>\r\n<meta name=\"twitter:card\" content=\"summary_large_image\" \/>\r\n<meta name=\"twitter:label1\" content=\"Escrito por\" \/>\n\t<meta name=\"twitter:data1\" content=\"Yissel Padilla\" \/>\n\t<meta name=\"twitter:label2\" content=\"Tiempo de lectura\" \/>\n\t<meta name=\"twitter:data2\" content=\"3 minutos\" \/>\r\n<script type=\"application\/ld+json\" class=\"yoast-schema-graph\">{\"@context\":\"https:\\\/\\\/schema.org\",\"@graph\":[{\"@type\":\"Article\",\"@id\":\"https:\\\/\\\/www.alasmedios.com\\\/index.php\\\/2026\\\/09\\\/01\\\/adopta-fest-se-realizara-cada-mes-tras-concretar-19-adopciones-en-puebla\\\/#article\",\"isPartOf\":{\"@id\":\"https:\\\/\\\/www.alasmedios.com\\\/index.php\\\/2026\\\/09\\\/01\\\/adopta-fest-se-realizara-cada-mes-tras-concretar-19-adopciones-en-puebla\\\/\"},\"author\":{\"name\":\"Yissel Padilla\",\"@id\":\"https:\\\/\\\/www.alasmedios.com\\\/#\\\/schema\\\/person\\\/4a77b9da264b9fd30e9b7bf44efa7ada\"},\"headline\":\"Puebla: habr\u00e1 Adopta Fest para rato\",\"datePublished\":\"2026-09-01T14:00:00+00:00\",\"dateModified\":\"2026-09-01T15:31:48+00:00\",\"mainEntityOfPage\":{\"@id\":\"https:\\\/\\\/www.alasmedios.com\\\/index.php\\\/2026\\\/09\\\/01\\\/adopta-fest-se-realizara-cada-mes-tras-concretar-19-adopciones-en-puebla\\\/\"},\"wordCount\":468,\"commentCount\":0,\"publisher\":{\"@id\":\"https:\\\/\\\/www.alasmedios.com\\\/#organization\"},\"image\":{\"@id\":\"https:\\\/\\\/www.alasmedios.com\\\/index.php\\\/2026\\\/09\\\/01\\\/adopta-fest-se-realizara-cada-mes-tras-concretar-19-adopciones-en-puebla\\\/#primaryimage\"},\"thumbnailUrl\":\"https:\\\/\\\/www.alasmedios.com\\\/wp-content\\\/uploads\\\/2026\\\/09\\\/Puebla-adopta-fest.jpeg\",\"keywords\":[\"Adopciones\",\"Adopta Fest\",\"derechos animales\",\"Puebla\"],\"articleSection\":[\"Puebla\"],\"inLanguage\":\"es\",\"potentialAction\":[{\"@type\":\"CommentAction\",\"name\":\"Comment\",\"target\":[\"https:\\\/\\\/www.alasmedios.com\\\/index.php\\\/2026\\\/09\\\/01\\\/adopta-fest-se-realizara-cada-mes-tras-concretar-19-adopciones-en-puebla\\\/#respond\"]}]},{\"@type\":\"WebPage\",\"@id\":\"https:\\\/\\\/www.alasmedios.com\\\/index.php\\\/2026\\\/09\\\/01\\\/adopta-fest-se-realizara-cada-mes-tras-concretar-19-adopciones-en-puebla\\\/\",\"url\":\"https:\\\/\\\/www.alasmedios.com\\\/index.php\\\/2026\\\/09\\\/01\\\/adopta-fest-se-realizara-cada-mes-tras-concretar-19-adopciones-en-puebla\\\/\",\"name\":\"Puebla: habr\u00e1 Adopta Fest para rato\",\"isPartOf\":{\"@id\":\"https:\\\/\\\/www.alasmedios.com\\\/#website\"},\"primaryImageOfPage\":{\"@id\":\"https:\\\/\\\/www.alasmedios.com\\\/index.php\\\/2026\\\/09\\\/01\\\/adopta-fest-se-realizara-cada-mes-tras-concretar-19-adopciones-en-puebla\\\/#primaryimage\"},\"image\":{\"@id\":\"https:\\\/\\\/www.alasmedios.com\\\/index.php\\\/2026\\\/09\\\/01\\\/adopta-fest-se-realizara-cada-mes-tras-concretar-19-adopciones-en-puebla\\\/#primaryimage\"},\"thumbnailUrl\":\"https:\\\/\\\/www.alasmedios.com\\\/wp-content\\\/uploads\\\/2026\\\/09\\\/Puebla-adopta-fest.jpeg\",\"datePublished\":\"2026-09-01T14:00:00+00:00\",\"dateModified\":\"2026-09-01T15:31:48+00:00\",\"description\":\"Ayudando a michis y lomitos, en Adopta Fest de Puebla seguir\u00e1 su labor por su cuidado y bienestar, podr\u00e1s ser parte en nuevas ediciones\",\"breadcrumb\":{\"@id\":\"https:\\\/\\\/www.alasmedios.com\\\/index.php\\\/2026\\\/09\\\/01\\\/adopta-fest-se-realizara-cada-mes-tras-concretar-19-adopciones-en-puebla\\\/#breadcrumb\"},\"inLanguage\":\"es\",\"potentialAction\":[{\"@type\":\"ReadAction\",\"target\":[\"https:\\\/\\\/www.alasmedios.com\\\/index.php\\\/2026\\\/09\\\/01\\\/adopta-fest-se-realizara-cada-mes-tras-concretar-19-adopciones-en-puebla\\\/\"]}]},{\"@type\":\"ImageObject\",\"inLanguage\":\"es\",\"@id\":\"https:\\\/\\\/www.alasmedios.com\\\/index.php\\\/2026\\\/09\\\/01\\\/adopta-fest-se-realizara-cada-mes-tras-concretar-19-adopciones-en-puebla\\\/#primaryimage\",\"url\":\"https:\\\/\\\/www.alasmedios.com\\\/wp-content\\\/uploads\\\/2026\\\/09\\\/Puebla-adopta-fest.jpeg\",\"contentUrl\":\"https:\\\/\\\/www.alasmedios.com\\\/wp-content\\\/uploads\\\/2026\\\/09\\\/Puebla-adopta-fest.jpeg\",\"width\":2560,\"height\":1706},{\"@type\":\"BreadcrumbList\",\"@id\":\"https:\\\/\\\/www.alasmedios.com\\\/index.php\\\/2026\\\/09\\\/01\\\/adopta-fest-se-realizara-cada-mes-tras-concretar-19-adopciones-en-puebla\\\/#breadcrumb\",\"itemListElement\":[{\"@type\":\"ListItem\",\"position\":1,\"name\":\"Inicio\",\"item\":\"https:\\\/\\\/www.alasmedios.com\\\/\"},{\"@type\":\"ListItem\",\"position\":2,\"name\":\"Puebla: habr\u00e1 Adopta Fest para rato\"}]},{\"@type\":\"WebSite\",\"@id\":\"https:\\\/\\\/www.alasmedios.com\\\/#website\",\"url\":\"https:\\\/\\\/www.alasmedios.com\\\/\",\"name\":\"Alas Medios\",\"description\":\"Alas para pensar, Alas para volar, Alas de libertad\",\"publisher\":{\"@id\":\"https:\\\/\\\/www.alasmedios.com\\\/#organization\"},\"potentialAction\":[{\"@type\":\"SearchAction\",\"target\":{\"@type\":\"EntryPoint\",\"urlTemplate\":\"https:\\\/\\\/www.alasmedios.com\\\/?s={search_term_string}\"},\"query-input\":{\"@type\":\"PropertyValueSpecification\",\"valueRequired\":true,\"valueName\":\"search_term_string\"}}],\"inLanguage\":\"es\"},{\"@type\":\"Organization\",\"@id\":\"https:\\\/\\\/www.alasmedios.com\\\/#organization\",\"name\":\"Alas Medios\",\"url\":\"https:\\\/\\\/www.alasmedios.com\\\/\",\"logo\":{\"@type\":\"ImageObject\",\"inLanguage\":\"es\",\"@id\":\"https:\\\/\\\/www.alasmedios.com\\\/#\\\/schema\\\/logo\\\/image\\\/\",\"url\":\"https:\\\/\\\/www.alasmedios.com\\\/wp-content\\\/uploads\\\/2026\\\/01\\\/cropped-cropped-GAM-1.png\",\"contentUrl\":\"https:\\\/\\\/www.alasmedios.com\\\/wp-content\\\/uploads\\\/2026\\\/01\\\/cropped-cropped-GAM-1.png\",\"width\":467,\"height\":235,\"caption\":\"Alas Medios\"},\"image\":{\"@id\":\"https:\\\/\\\/www.alasmedios.com\\\/#\\\/schema\\\/logo\\\/image\\\/\"}},{\"@type\":\"Person\",\"@id\":\"https:\\\/\\\/www.alasmedios.com\\\/#\\\/schema\\\/person\\\/4a77b9da264b9fd30e9b7bf44efa7ada\",\"name\":\"Yissel Padilla\",\"image\":{\"@type\":\"ImageObject\",\"inLanguage\":\"es\",\"@id\":\"https:\\\/\\\/secure.gravatar.com\\\/avatar\\\/98842131f4e7c39771d95c321b4e271e6d6b9aefdb1d69d099b18469d859168e?s=96&d=mm&r=g\",\"url\":\"https:\\\/\\\/secure.gravatar.com\\\/avatar\\\/98842131f4e7c39771d95c321b4e271e6d6b9aefdb1d69d099b18469d859168e?s=96&d=mm&r=g\",\"contentUrl\":\"https:\\\/\\\/secure.gravatar.com\\\/avatar\\\/98842131f4e7c39771d95c321b4e271e6d6b9aefdb1d69d099b18469d859168e?s=96&d=mm&r=g\",\"caption\":\"Yissel Padilla\"},\"url\":\"https:\\\/\\\/www.alasmedios.com\\\/index.php\\\/author\\\/yissel-padilla\\\/\"}]}<\/script>\r\n<!-- \/ Yoast SEO plugin. -->","yoast_head_json":{"title":"Puebla: habr\u00e1 Adopta Fest para rato","description":"Ayudando a michis y lomitos, en Adopta Fest de Puebla seguir\u00e1 su labor por su cuidado y bienestar, podr\u00e1s ser parte en nuevas ediciones","robots":{"index":"index","follow":"follow","max-snippet":"max-snippet:-1","max-image-preview":"max-image-preview:large","max-video-preview":"max-video-preview:-1"},"canonical":"https:\/\/www.alasmedios.com\/index.php\/2026\/09\/01\/adopta-fest-se-realizara-cada-mes-tras-concretar-19-adopciones-en-puebla\/","og_locale":"es_MX","og_type":"article","og_title":"Puebla: habr\u00e1 Adopta Fest para rato","og_description":"Ayudando a michis y lomitos, en Adopta Fest de Puebla seguir\u00e1 su labor por su cuidado y bienestar, podr\u00e1s ser parte en nuevas ediciones","og_url":"https:\/\/www.alasmedios.com\/index.php\/2026\/09\/01\/adopta-fest-se-realizara-cada-mes-tras-concretar-19-adopciones-en-puebla\/","og_site_name":"Alas Medios","article_published_time":"2026-09-01T14:00:00+00:00","article_modified_time":"2026-09-01T15:31:48+00:00","og_image":[{"width":2560,"height":1706,"url":"https:\/\/www.alasmedios.com\/wp-content\/uploads\/2026\/09\/Puebla-adopta-fest.jpeg","type":"image\/jpeg"}],"author":"Yissel Padilla","twitter_card":"summary_large_image","twitter_misc":{"Escrito por":"Yissel Padilla","Tiempo de lectura":"3 minutos"},"schema":{"@context":"https:\/\/schema.org","@graph":[{"@type":"Article","@id":"https:\/\/www.alasmedios.com\/index.php\/2026\/09\/01\/adopta-fest-se-realizara-cada-mes-tras-concretar-19-adopciones-en-puebla\/#article","isPartOf":{"@id":"https:\/\/www.alasmedios.com\/index.php\/2026\/09\/01\/adopta-fest-se-realizara-cada-mes-tras-concretar-19-adopciones-en-puebla\/"},"author":{"name":"Yissel Padilla","@id":"https:\/\/www.alasmedios.com\/#\/schema\/person\/4a77b9da264b9fd30e9b7bf44efa7ada"},"headline":"Puebla: habr\u00e1 Adopta Fest para rato","datePublished":"2026-09-01T14:00:00+00:00","dateModified":"2026-09-01T15:31:48+00:00","mainEntityOfPage":{"@id":"https:\/\/www.alasmedios.com\/index.php\/2026\/09\/01\/adopta-fest-se-realizara-cada-mes-tras-concretar-19-adopciones-en-puebla\/"},"wordCount":468,"commentCount":0,"publisher":{"@id":"https:\/\/www.alasmedios.com\/#organization"},"image":{"@id":"https:\/\/www.alasmedios.com\/index.php\/2026\/09\/01\/adopta-fest-se-realizara-cada-mes-tras-concretar-19-adopciones-en-puebla\/#primaryimage"},"thumbnailUrl":"https:\/\/www.alasmedios.com\/wp-content\/uploads\/2026\/09\/Puebla-adopta-fest.jpeg","keywords":["Adopciones","Adopta Fest","derechos animales","Puebla"],"articleSection":["Puebla"],"inLanguage":"es","potentialAction":[{"@type":"CommentAction","name":"Comment","target":["https:\/\/www.alasmedios.com\/index.php\/2026\/09\/01\/adopta-fest-se-realizara-cada-mes-tras-concretar-19-adopciones-en-puebla\/#respond"]}]},{"@type":"WebPage","@id":"https:\/\/www.alasmedios.com\/index.php\/2026\/09\/01\/adopta-fest-se-realizara-cada-mes-tras-concretar-19-adopciones-en-puebla\/","url":"https:\/\/www.alasmedios.com\/index.php\/2026\/09\/01\/adopta-fest-se-realizara-cada-mes-tras-concretar-19-adopciones-en-puebla\/","name":"Puebla: habr\u00e1 Adopta Fest para rato","isPartOf":{"@id":"https:\/\/www.alasmedios.com\/#website"},"primaryImageOfPage":{"@id":"https:\/\/www.alasmedios.com\/index.php\/2026\/09\/01\/adopta-fest-se-realizara-cada-mes-tras-concretar-19-adopciones-en-puebla\/#primaryimage"},"image":{"@id":"https:\/\/www.alasmedios.com\/index.php\/2026\/09\/01\/adopta-fest-se-realizara-cada-mes-tras-concretar-19-adopciones-en-puebla\/#primaryimage"},"thumbnailUrl":"https:\/\/www.alasmedios.com\/wp-content\/uploads\/2026\/09\/Puebla-adopta-fest.jpeg","datePublished":"2026-09-01T14:00:00+00:00","dateModified":"2026-09-01T15:31:48+00:00","description":"Ayudando a michis y lomitos, en Adopta Fest de Puebla seguir\u00e1 su labor por su cuidado y bienestar, podr\u00e1s ser parte en nuevas ediciones","breadcrumb":{"@id":"https:\/\/www.alasmedios.com\/index.php\/2026\/09\/01\/adopta-fest-se-realizara-cada-mes-tras-concretar-19-adopciones-en-puebla\/#breadcrumb"},"inLanguage":"es","potentialAction":[{"@type":"ReadAction","target":["https:\/\/www.alasmedios.com\/index.php\/2026\/09\/01\/adopta-fest-se-realizara-cada-mes-tras-concretar-19-adopciones-en-puebla\/"]}]},{"@type":"ImageObject","inLanguage":"es","@id":"https:\/\/www.alasmedios.com\/index.php\/2026\/09\/01\/adopta-fest-se-realizara-cada-mes-tras-concretar-19-adopciones-en-puebla\/#primaryimage","url":"https:\/\/www.alasmedios.com\/wp-content\/uploads\/2026\/09\/Puebla-adopta-fest.jpeg","contentUrl":"https:\/\/www.alasmedios.com\/wp-content\/uploads\/2026\/09\/Puebla-adopta-fest.jpeg","width":2560,"height":1706},{"@type":"BreadcrumbList","@id":"https:\/\/www.alasmedios.com\/index.php\/2026\/09\/01\/adopta-fest-se-realizara-cada-mes-tras-concretar-19-adopciones-en-puebla\/#breadcrumb","itemListElement":[{"@type":"ListItem","position":1,"name":"Inicio","item":"https:\/\/www.alasmedios.com\/"},{"@type":"ListItem","position":2,"name":"Puebla: habr\u00e1 Adopta Fest para rato"}]},{"@type":"WebSite","@id":"https:\/\/www.alasmedios.com\/#website","url":"https:\/\/www.alasmedios.com\/","name":"Alas Medios","description":"Alas para pensar, Alas para volar, Alas de libertad","publisher":{"@id":"https:\/\/www.alasmedios.com\/#organization"},"potentialAction":[{"@type":"SearchAction","target":{"@type":"EntryPoint","urlTemplate":"https:\/\/www.alasmedios.com\/?s={search_term_string}"},"query-input":{"@type":"PropertyValueSpecification","valueRequired":true,"valueName":"search_term_string"}}],"inLanguage":"es"},{"@type":"Organization","@id":"https:\/\/www.alasmedios.com\/#organization","name":"Alas Medios","url":"https:\/\/www.alasmedios.com\/","logo":{"@type":"ImageObject","inLanguage":"es","@id":"https:\/\/www.alasmedios.com\/#\/schema\/logo\/image\/","url":"https:\/\/www.alasmedios.com\/wp-content\/uploads\/2026\/01\/cropped-cropped-GAM-1.png","contentUrl":"https:\/\/www.alasmedios.com\/wp-content\/uploads\/2026\/01\/cropped-cropped-GAM-1.png","width":467,"height":235,"caption":"Alas Medios"},"image":{"@id":"https:\/\/www.alasmedios.com\/#\/schema\/logo\/image\/"}},{"@type":"Person","@id":"https:\/\/www.alasmedios.com\/#\/schema\/person\/4a77b9da264b9fd30e9b7bf44efa7ada","name":"Yissel Padilla","image":{"@type":"ImageObject","inLanguage":"es","@id":"https:\/\/secure.gravatar.com\/avatar\/98842131f4e7c39771d95c321b4e271e6d6b9aefdb1d69d099b18469d859168e?s=96&d=mm&r=g","url":"https:\/\/secure.gravatar.com\/avatar\/98842131f4e7c39771d95c321b4e271e6d6b9aefdb1d69d099b18469d859168e?s=96&d=mm&r=g","contentUrl":"https:\/\/secure.gravatar.com\/avatar\/98842131f4e7c39771d95c321b4e271e6d6b9aefdb1d69d099b18469d859168e?s=96&d=mm&r=g","caption":"Yissel Padilla"},"url":"https:\/\/www.alasmedios.com\/index.php\/author\/yissel-padilla\/"}]}},"_links":{"self":[{"href":"https:\/\/www.alasmedios.com\/index.php\/wp-json\/wp\/v2\/posts\/12534","targetHints":{"allow":["GET"]}}],"collection":[{"href":"https:\/\/www.alasmedios.com\/index.php\/wp-json\/wp\/v2\/posts"}],"about":[{"href":"https:\/\/www.alasmedios.com\/index.php\/wp-json\/wp\/v2\/types\/post"}],"author":[{"embeddable":true,"href":"https:\/\/www.alasmedios.com\/index.php\/wp-json\/wp\/v2\/users\/18"}],"replies":[{"embeddable":true,"href":"https:\/\/www.alasmedios.com\/index.php\/wp-json\/wp\/v2\/comments?post=12534"}],"version-history":[{"count":3,"href":"https:\/\/www.alasmedios.com\/index.php\/wp-json\/wp\/v2\/posts\/12534\/revisions"}],"predecessor-version":[{"id":12555,"href":"https:\/\/www.alasmedios.com\/index.php\/wp-json\/wp\/v2\/posts\/12534\/revisions\/12555"}],"wp:featuredmedia":[{"embeddable":true,"href":"https:\/\/www.alasmedios.com\/index.php\/wp-json\/wp\/v2\/media\/12548"}],"wp:attachment":[{"href":"https:\/\/www.alasmedios.com\/index.php\/wp-json\/wp\/v2\/media?parent=12534"}],"wp:term":[{"taxonomy":"category","embeddable":true,"href":"https:\/\/www.alasmedios.com\/index.php\/wp-json\/wp\/v2\/categories?post=12534"},{"taxonomy":"post_tag","embeddable":true,"href":"https:\/\/www.alasmedios.com\/index.php\/wp-json\/wp\/v2\/tags?post=12534"}],"curies":[{"name":"wp","href":"https:\/\/api.w.org\/{rel}","templated":true}]}}