{"id":12520,"date":"2026-08-31T14:50:10","date_gmt":"2026-08-31T20:50:10","guid":{"rendered":"https:\/\/www.alasmedios.com\/?p=12520"},"modified":"2026-08-31T14:50:15","modified_gmt":"2026-08-31T20:50:15","slug":"170-mil-personas-salieron-de-la-pobreza-vivienda-y-obras-marcan-la-nueva-agenda-de-hidalgo","status":"publish","type":"post","link":"https:\/\/www.alasmedios.com\/index.php\/2026\/08\/31\/170-mil-personas-salieron-de-la-pobreza-vivienda-y-obras-marcan-la-nueva-agenda-de-hidalgo\/","title":{"rendered":"170 mil personas salieron de la pobreza; vivienda y obras marcan la nueva agenda de Hidalgo"},"content":{"rendered":"\n<p class=\"wp-block-paragraph\">La implementaci\u00f3n de <strong>pol\u00edticas p\u00fablicas estrat\u00e9gicas<\/strong> en Hidalgo ha comenzado a sentar las bases para un desarrollo sostenible y de combate a la <strong>brecha de desigualdad<\/strong>. <\/p>\n\n\n\n<p class=\"wp-block-paragraph\">Durante conferencia de prensa encabezada por el titular de la <strong>Unidad de Planeaci\u00f3n y Prospectiva del Gobierno del Estado de Hidalgo, Miguel \u00c1ngel Tello Vargas<\/strong>, se expusieron los pilares de la estrategia <strong>\u201cPrimero el Pueblo\u201d<\/strong>, destacando que las acciones en materia de ingreso y programas sociales permitieron <strong>sacar a 170 mil 600 hidalguenses de la pobreza<\/strong>.<\/p>\n\n\n\n<p class=\"wp-block-paragraph\">El funcionario enfatiz\u00f3 que la entidad atraviesa por una etapa decisiva de <strong>infraestructura y servicios p\u00fablicos<\/strong>, respaldada por la llegada de proyectos de movilidad como la <strong>construcci\u00f3n de dos rutas de trenes<\/strong> y la conectividad en la <strong>Huasteca<\/strong>, adem\u00e1s de intervenciones de <strong>saneamiento ambiental<\/strong> e inversi\u00f3n en <strong>digitalizaci\u00f3n<\/strong> para erradicar la burocracia en los tr\u00e1mites gubernamentales.<\/p>\n\n\n\n<p class=\"wp-block-paragraph\">CONTIN\u00daA LEYENDO: <a href=\"https:\/\/www.alasmedios.com\/index.php\/2026\/08\/31\/regresan-a-clases-500-mil-estudiantes-en-hidalgo-anuncian-120-mdp-para-educacion\/\" data-type=\"post\" data-id=\"12512\">Regresan a clases 500 mil estudiantes en Hidalgo; anuncian 120 mdp para educaci\u00f3n<\/a><\/p>\n\n\n\n<h2 class=\"wp-block-heading\">Impulso a la vivienda y programas del Bienestar<\/h2>\n\n\n\n<p class=\"wp-block-paragraph\">Uno de los ejes prioritarios presentados es el <strong>plan de infraestructura habitacional<\/strong>, el cual contempla la entrega de <strong>patrimonio y escritura propia para 60 mil familias hidalguenses<\/strong>. Actualmente, las obras ya se desarrollan en municipios como <strong>San Agust\u00edn Tlaxiaca, Tulancingo de Bravo, El Arenal, Zempoala, Tepeapulco, Tepeji del R\u00edo y Mineral de la Reforma<\/strong>, proyectando su expansi\u00f3n a <strong>13 demarcaciones m\u00e1s<\/strong> antes de que concluya el a\u00f1o escolar y operativo.<\/p>\n\n\n\n<figure class=\"wp-block-image size-large\"><img loading=\"lazy\" decoding=\"async\" width=\"1024\" height=\"768\" src=\"https:\/\/www.alasmedios.com\/wp-content\/uploads\/2026\/08\/Hidalgo-desarrollo-sostenible-1-1024x768.jpg\" alt=\"\" class=\"wp-image-12525\" srcset=\"https:\/\/www.alasmedios.com\/wp-content\/uploads\/2026\/08\/Hidalgo-desarrollo-sostenible-1-1024x768.jpg 1024w, https:\/\/www.alasmedios.com\/wp-content\/uploads\/2026\/08\/Hidalgo-desarrollo-sostenible-1-300x225.jpg 300w, https:\/\/www.alasmedios.com\/wp-content\/uploads\/2026\/08\/Hidalgo-desarrollo-sostenible-1-768x576.jpg 768w, https:\/\/www.alasmedios.com\/wp-content\/uploads\/2026\/08\/Hidalgo-desarrollo-sostenible-1-1536x1152.jpg 1536w, https:\/\/www.alasmedios.com\/wp-content\/uploads\/2026\/08\/Hidalgo-desarrollo-sostenible-1.jpg 1600w\" sizes=\"auto, (max-width: 1024px) 100vw, 1024px\" \/><\/figure>\n\n\n\n<p class=\"wp-block-paragraph\">En el \u00e1mbito social, la entidad registra un avance significativo mediante las <strong>transferencias directas de los programas federales<\/strong>, beneficiando a cerca de <strong>900 mil personas<\/strong>. Para 2026 se estima superar una <strong>inversi\u00f3n anual de 22 mil 651 millones de pesos<\/strong>, presupuesto que abarca apoyos econ\u00f3micos a <strong>322 mil 856 adultos mayores<\/strong>, <strong>27 mil 24 personas con discapacidad<\/strong> y la proyecci\u00f3n de <strong>73 mil beneficiarias<\/strong> dentro del programa <strong>Pensi\u00f3n Mujeres Bienestar<\/strong>.<\/p>\n\n\n\n<p class=\"wp-block-paragraph\">A estos esquemas se suman la cobertura de <strong>J\u00f3venes Construyendo el Futuro<\/strong>, con <strong>7 mil 602 beneficiarios<\/strong>; <strong>Sembrando Vida<\/strong>, con <strong>9 mil 589 participantes<\/strong>; el programa <strong>Leche para el Bienestar<\/strong>, que atiende a <strong>187 mil 938 familias<\/strong>; y las mejoras de infraestructura educativa mediante <strong>La Escuela es Nuestra<\/strong>, en <strong>mil 902 planteles del estado<\/strong>.<\/p>\n\n\n\n<p class=\"wp-block-paragraph\">TE PUEDE INTERESAR: <a href=\"https:\/\/www.alasmedios.com\/index.php\/2026\/08\/31\/puebla-femenil-golea-a-necaxa-sale-de-sequia-sin-triunfo\/\" data-type=\"post\" data-id=\"12521\">Puebla Femenil golea a Necaxa, sale de sequ\u00eda sin triunfo<\/a><\/p>\n\n\n\n<h2 class=\"wp-block-heading\">Saneamiento ambiental y agenda de rendici\u00f3n de cuentas<\/h2>\n\n\n\n<p class=\"wp-block-paragraph\">En el \u00e1rea ecol\u00f3gica y de agua para el campo, las autoridades destacaron la inversi\u00f3n orientada a la <strong>zona de Tula<\/strong> para la transici\u00f3n del uso de combust\u00f3leo a gas natural en la <strong>termoel\u00e9ctrica de CFE<\/strong>, el avance en la <strong>coquizadora de Pemex<\/strong> y el <strong>saneamiento del r\u00edo Tula<\/strong>, con obras de rectificaci\u00f3n de cauce en <strong>191 kil\u00f3metros<\/strong>.<\/p>\n\n\n\n<figure class=\"wp-block-image size-large\"><img loading=\"lazy\" decoding=\"async\" width=\"1024\" height=\"768\" src=\"https:\/\/www.alasmedios.com\/wp-content\/uploads\/2026\/08\/Hidalgo-desarrollo-sostenible-2-1024x768.jpg\" alt=\"\" class=\"wp-image-12526\" srcset=\"https:\/\/www.alasmedios.com\/wp-content\/uploads\/2026\/08\/Hidalgo-desarrollo-sostenible-2-1024x768.jpg 1024w, https:\/\/www.alasmedios.com\/wp-content\/uploads\/2026\/08\/Hidalgo-desarrollo-sostenible-2-300x225.jpg 300w, https:\/\/www.alasmedios.com\/wp-content\/uploads\/2026\/08\/Hidalgo-desarrollo-sostenible-2-768x576.jpg 768w, https:\/\/www.alasmedios.com\/wp-content\/uploads\/2026\/08\/Hidalgo-desarrollo-sostenible-2-1536x1152.jpg 1536w, https:\/\/www.alasmedios.com\/wp-content\/uploads\/2026\/08\/Hidalgo-desarrollo-sostenible-2.jpg 1600w\" sizes=\"auto, (max-width: 1024px) 100vw, 1024px\" \/><\/figure>\n\n\n\n<p class=\"wp-block-paragraph\">Asimismo, se avanza en la <strong>tecnificaci\u00f3n del riego en 85 mil hect\u00e1reas<\/strong> para beneficiar a <strong>65 mil productores locales<\/strong>.<\/p>\n\n\n\n<p class=\"wp-block-paragraph\">Para finalizar, se dio a conocer la <strong>agenda institucional de esta semana<\/strong> bajo la ruta de rendici\u00f3n de cuentas. El <strong>martes 1 de septiembre<\/strong> se dar\u00e1 seguimiento al <strong>Segundo Informe de la Presidenta de la Rep\u00fablica<\/strong> en Palacio Nacional, mientras que el <strong>viernes 4 de septiembre<\/strong> se llevar\u00e1 a cabo en <strong>Pachuca de Soto el Cuarto Informe del Gobernador Julio Menchaca Salazar<\/strong>, en un acto \u00fanico y abierto al p\u00fablico en la capital hidalguense.<\/p>\n\n\n<ul class=\"wp-block-latest-posts__list is-grid columns-3 wp-block-latest-posts is-layout-grid wp-container-core-latest-posts-is-layout-cda6dc4f wp-block-latest-posts-is-layout-grid\"><li><div class=\"wp-block-latest-posts__featured-image\"><img loading=\"lazy\" decoding=\"async\" width=\"150\" height=\"150\" src=\"https:\/\/www.alasmedios.com\/wp-content\/uploads\/2026\/08\/Hidalgo-desarrollo-sostenible-150x150.jpg\" class=\"attachment-thumbnail size-thumbnail wp-post-image\" alt=\"\" style=\"\" \/><\/div><a class=\"wp-block-latest-posts__post-title\" href=\"https:\/\/www.alasmedios.com\/index.php\/2026\/08\/31\/170-mil-personas-salieron-de-la-pobreza-vivienda-y-obras-marcan-la-nueva-agenda-de-hidalgo\/\">170 mil personas salieron de la pobreza; vivienda y obras marcan la nueva agenda de Hidalgo<\/a><\/li>\n<li><div class=\"wp-block-latest-posts__featured-image\"><img loading=\"lazy\" decoding=\"async\" width=\"150\" height=\"150\" src=\"https:\/\/www.alasmedios.com\/wp-content\/uploads\/2026\/08\/Puebla-Liga-MX-Femenil-Necaxa-futbol-150x150.png\" class=\"attachment-thumbnail size-thumbnail wp-post-image\" alt=\"\" style=\"\" \/><\/div><a class=\"wp-block-latest-posts__post-title\" href=\"https:\/\/www.alasmedios.com\/index.php\/2026\/08\/31\/puebla-femenil-golea-a-necaxa-sale-de-sequia-sin-triunfo\/\">Puebla Femenil golea a Necaxa, sale de sequ\u00eda sin triunfo<\/a><\/li>\n<li><div class=\"wp-block-latest-posts__featured-image\"><img loading=\"lazy\" decoding=\"async\" width=\"150\" height=\"150\" src=\"https:\/\/www.alasmedios.com\/wp-content\/uploads\/2026\/08\/Hidalgo-estudiantes-SEPH-150x150.jpg\" class=\"attachment-thumbnail size-thumbnail wp-post-image\" alt=\"\" style=\"\" \/><\/div><a class=\"wp-block-latest-posts__post-title\" href=\"https:\/\/www.alasmedios.com\/index.php\/2026\/08\/31\/regresan-a-clases-500-mil-estudiantes-en-hidalgo-anuncian-120-mdp-para-educacion\/\">Regresan a clases 500 mil estudiantes en Hidalgo; anuncian 120 mdp para educaci\u00f3n<\/a><\/li>\n<\/ul>","protected":false},"excerpt":{"rendered":"<p>La implementaci\u00f3n de pol\u00edticas p\u00fablicas estrat\u00e9gicas en Hidalgo ha comenzado a sentar las bases para un desarrollo sostenible y de<\/p>\n","protected":false},"author":19,"featured_media":12524,"comment_status":"open","ping_status":"open","sticky":false,"template":"","format":"standard","meta":{"colormag_page_container_layout":"default_layout","colormag_page_sidebar_layout":"default_layout","rop_custom_images_group":[],"rop_custom_messages_group":[],"rop_publish_now":"yes","rop_publish_now_accounts":[],"rop_publish_now_history":[],"rop_publish_now_status":"pending","iawp_total_views":3,"footnotes":""},"categories":[41],"tags":[485,99,2973,4833],"class_list":["post-12520","post","type-post","status-publish","format-standard","has-post-thumbnail","hentry","category-hidalgo","tag-cfe","tag-hidalgo","tag-infraestructura","tag-miguel-angel-tello-vargas"],"magazineBlocksPostFeaturedMedia":{"thumbnail":"https:\/\/www.alasmedios.com\/wp-content\/uploads\/2026\/08\/Hidalgo-desarrollo-sostenible-150x150.jpg","medium":"https:\/\/www.alasmedios.com\/wp-content\/uploads\/2026\/08\/Hidalgo-desarrollo-sostenible-300x225.jpg","medium_large":"https:\/\/www.alasmedios.com\/wp-content\/uploads\/2026\/08\/Hidalgo-desarrollo-sostenible-768x576.jpg","large":"https:\/\/www.alasmedios.com\/wp-content\/uploads\/2026\/08\/Hidalgo-desarrollo-sostenible-1024x768.jpg","1536x1536":"https:\/\/www.alasmedios.com\/wp-content\/uploads\/2026\/08\/Hidalgo-desarrollo-sostenible-1536x1152.jpg","2048x2048":"https:\/\/www.alasmedios.com\/wp-content\/uploads\/2026\/08\/Hidalgo-desarrollo-sostenible.jpg","colormag-highlighted-post":"https:\/\/www.alasmedios.com\/wp-content\/uploads\/2026\/08\/Hidalgo-desarrollo-sostenible-392x272.jpg","colormag-featured-post-medium":"https:\/\/www.alasmedios.com\/wp-content\/uploads\/2026\/08\/Hidalgo-desarrollo-sostenible-390x205.jpg","colormag-featured-post-small":"https:\/\/www.alasmedios.com\/wp-content\/uploads\/2026\/08\/Hidalgo-desarrollo-sostenible-130x90.jpg","colormag-featured-image":"https:\/\/www.alasmedios.com\/wp-content\/uploads\/2026\/08\/Hidalgo-desarrollo-sostenible-800x445.jpg","colormag-default-news":"https:\/\/www.alasmedios.com\/wp-content\/uploads\/2026\/08\/Hidalgo-desarrollo-sostenible-150x150.jpg","colormag-featured-image-large":"https:\/\/www.alasmedios.com\/wp-content\/uploads\/2026\/08\/Hidalgo-desarrollo-sostenible-1400x600.jpg"},"magazineBlocksPostAuthor":{"name":"Angel Mendoza","avatar":"https:\/\/secure.gravatar.com\/avatar\/ff8e027add11df9226dc0fdf09e494d036f6ae837ba63a4e3749865c21e6565b?s=96&d=mm&r=g"},"magazineBlocksPostCommentsNumber":"0","magazineBlocksPostExcerpt":"La implementaci\u00f3n de pol\u00edticas p\u00fablicas estrat\u00e9gicas en Hidalgo ha comenzado a sentar las bases para un desarrollo sostenible y de","magazineBlocksPostCategories":["Hidalgo"],"magazineBlocksPostViewCount":39,"magazineBlocksPostReadTime":3,"magazine_blocks_featured_image_url":{"full":["https:\/\/www.alasmedios.com\/wp-content\/uploads\/2026\/08\/Hidalgo-desarrollo-sostenible.jpg",1600,1200,false],"medium":["https:\/\/www.alasmedios.com\/wp-content\/uploads\/2026\/08\/Hidalgo-desarrollo-sostenible-300x225.jpg",300,225,true],"thumbnail":["https:\/\/www.alasmedios.com\/wp-content\/uploads\/2026\/08\/Hidalgo-desarrollo-sostenible-150x150.jpg",150,150,true]},"magazine_blocks_author":{"display_name":"Angel Mendoza","author_link":"https:\/\/www.alasmedios.com\/index.php\/author\/angel-mendoza\/"},"magazine_blocks_comment":0,"magazine_blocks_author_image":"https:\/\/secure.gravatar.com\/avatar\/ff8e027add11df9226dc0fdf09e494d036f6ae837ba63a4e3749865c21e6565b?s=96&d=mm&r=g","magazine_blocks_category":"<a href=\"#\" class=\"category-link category-link-41\">Hidalgo<\/a>","videoUrl":"","yoast_head":"<!-- This site is optimized with the Yoast SEO plugin v28.3 - https:\/\/yoast.com\/product\/yoast-seo-wordpress\/ -->\r\n<title>170 mil personas salieron de la pobreza; vivienda y obras marcan la nueva agenda de Hidalgo<\/title>\r\n<meta name=\"description\" content=\"La implementaci\u00f3n de pol\u00edticas p\u00fablicas estrat\u00e9gicas en Hidalgo ha comenzado a sentar las bases para un desarrollo sostenible\" \/>\r\n<meta name=\"robots\" content=\"index, follow, max-snippet:-1, max-image-preview:large, max-video-preview:-1\" \/>\r\n<link rel=\"canonical\" href=\"https:\/\/www.alasmedios.com\/index.php\/2026\/08\/31\/170-mil-personas-salieron-de-la-pobreza-vivienda-y-obras-marcan-la-nueva-agenda-de-hidalgo\/\" \/>\r\n<meta property=\"og:locale\" content=\"es_MX\" \/>\r\n<meta property=\"og:type\" content=\"article\" \/>\r\n<meta property=\"og:title\" content=\"170 mil personas salieron de la pobreza; vivienda y obras marcan la nueva agenda de Hidalgo\" \/>\r\n<meta property=\"og:description\" content=\"La implementaci\u00f3n de pol\u00edticas p\u00fablicas estrat\u00e9gicas en Hidalgo ha comenzado a sentar las bases para un desarrollo sostenible\" \/>\r\n<meta property=\"og:url\" content=\"https:\/\/www.alasmedios.com\/index.php\/2026\/08\/31\/170-mil-personas-salieron-de-la-pobreza-vivienda-y-obras-marcan-la-nueva-agenda-de-hidalgo\/\" \/>\r\n<meta property=\"og:site_name\" content=\"Alas Medios\" \/>\r\n<meta property=\"article:published_time\" content=\"2026-08-31T20:50:10+00:00\" \/>\r\n<meta property=\"article:modified_time\" content=\"2026-08-31T20:50:15+00:00\" \/>\r\n<meta property=\"og:image\" content=\"https:\/\/www.alasmedios.com\/wp-content\/uploads\/2026\/08\/Hidalgo-desarrollo-sostenible.jpg\" \/>\r\n\t<meta property=\"og:image:width\" content=\"1600\" \/>\r\n\t<meta property=\"og:image:height\" content=\"1200\" \/>\r\n\t<meta property=\"og:image:type\" content=\"image\/jpeg\" \/>\r\n<meta name=\"author\" content=\"Angel Mendoza\" \/>\r\n<meta name=\"twitter:card\" content=\"summary_large_image\" \/>\r\n<meta name=\"twitter:label1\" content=\"Escrito por\" \/>\n\t<meta name=\"twitter:data1\" content=\"Angel Mendoza\" \/>\n\t<meta name=\"twitter:label2\" content=\"Tiempo de lectura\" \/>\n\t<meta name=\"twitter:data2\" content=\"4 minutos\" \/>\r\n<script type=\"application\/ld+json\" class=\"yoast-schema-graph\">{\"@context\":\"https:\\\/\\\/schema.org\",\"@graph\":[{\"@type\":\"Article\",\"@id\":\"https:\\\/\\\/www.alasmedios.com\\\/index.php\\\/2026\\\/08\\\/31\\\/170-mil-personas-salieron-de-la-pobreza-vivienda-y-obras-marcan-la-nueva-agenda-de-hidalgo\\\/#article\",\"isPartOf\":{\"@id\":\"https:\\\/\\\/www.alasmedios.com\\\/index.php\\\/2026\\\/08\\\/31\\\/170-mil-personas-salieron-de-la-pobreza-vivienda-y-obras-marcan-la-nueva-agenda-de-hidalgo\\\/\"},\"author\":{\"name\":\"Angel Mendoza\",\"@id\":\"https:\\\/\\\/www.alasmedios.com\\\/#\\\/schema\\\/person\\\/f2b3d85cc9caf18d4ca3676f1a5af91b\"},\"headline\":\"170 mil personas salieron de la pobreza; vivienda y obras marcan la nueva agenda de Hidalgo\",\"datePublished\":\"2026-08-31T20:50:10+00:00\",\"dateModified\":\"2026-08-31T20:50:15+00:00\",\"mainEntityOfPage\":{\"@id\":\"https:\\\/\\\/www.alasmedios.com\\\/index.php\\\/2026\\\/08\\\/31\\\/170-mil-personas-salieron-de-la-pobreza-vivienda-y-obras-marcan-la-nueva-agenda-de-hidalgo\\\/\"},\"wordCount\":553,\"commentCount\":0,\"publisher\":{\"@id\":\"https:\\\/\\\/www.alasmedios.com\\\/#organization\"},\"image\":{\"@id\":\"https:\\\/\\\/www.alasmedios.com\\\/index.php\\\/2026\\\/08\\\/31\\\/170-mil-personas-salieron-de-la-pobreza-vivienda-y-obras-marcan-la-nueva-agenda-de-hidalgo\\\/#primaryimage\"},\"thumbnailUrl\":\"https:\\\/\\\/www.alasmedios.com\\\/wp-content\\\/uploads\\\/2026\\\/08\\\/Hidalgo-desarrollo-sostenible.jpg\",\"keywords\":[\"CFE\",\"Hidalgo\",\"infraestructura\",\"Miguel \u00c1ngel Tello Vargas\"],\"articleSection\":[\"Hidalgo\"],\"inLanguage\":\"es\",\"potentialAction\":[{\"@type\":\"CommentAction\",\"name\":\"Comment\",\"target\":[\"https:\\\/\\\/www.alasmedios.com\\\/index.php\\\/2026\\\/08\\\/31\\\/170-mil-personas-salieron-de-la-pobreza-vivienda-y-obras-marcan-la-nueva-agenda-de-hidalgo\\\/#respond\"]}]},{\"@type\":\"WebPage\",\"@id\":\"https:\\\/\\\/www.alasmedios.com\\\/index.php\\\/2026\\\/08\\\/31\\\/170-mil-personas-salieron-de-la-pobreza-vivienda-y-obras-marcan-la-nueva-agenda-de-hidalgo\\\/\",\"url\":\"https:\\\/\\\/www.alasmedios.com\\\/index.php\\\/2026\\\/08\\\/31\\\/170-mil-personas-salieron-de-la-pobreza-vivienda-y-obras-marcan-la-nueva-agenda-de-hidalgo\\\/\",\"name\":\"170 mil personas salieron de la pobreza; vivienda y obras marcan la nueva agenda de Hidalgo\",\"isPartOf\":{\"@id\":\"https:\\\/\\\/www.alasmedios.com\\\/#website\"},\"primaryImageOfPage\":{\"@id\":\"https:\\\/\\\/www.alasmedios.com\\\/index.php\\\/2026\\\/08\\\/31\\\/170-mil-personas-salieron-de-la-pobreza-vivienda-y-obras-marcan-la-nueva-agenda-de-hidalgo\\\/#primaryimage\"},\"image\":{\"@id\":\"https:\\\/\\\/www.alasmedios.com\\\/index.php\\\/2026\\\/08\\\/31\\\/170-mil-personas-salieron-de-la-pobreza-vivienda-y-obras-marcan-la-nueva-agenda-de-hidalgo\\\/#primaryimage\"},\"thumbnailUrl\":\"https:\\\/\\\/www.alasmedios.com\\\/wp-content\\\/uploads\\\/2026\\\/08\\\/Hidalgo-desarrollo-sostenible.jpg\",\"datePublished\":\"2026-08-31T20:50:10+00:00\",\"dateModified\":\"2026-08-31T20:50:15+00:00\",\"description\":\"La implementaci\u00f3n de pol\u00edticas p\u00fablicas estrat\u00e9gicas en Hidalgo ha comenzado a sentar las bases para un desarrollo sostenible\",\"breadcrumb\":{\"@id\":\"https:\\\/\\\/www.alasmedios.com\\\/index.php\\\/2026\\\/08\\\/31\\\/170-mil-personas-salieron-de-la-pobreza-vivienda-y-obras-marcan-la-nueva-agenda-de-hidalgo\\\/#breadcrumb\"},\"inLanguage\":\"es\",\"potentialAction\":[{\"@type\":\"ReadAction\",\"target\":[\"https:\\\/\\\/www.alasmedios.com\\\/index.php\\\/2026\\\/08\\\/31\\\/170-mil-personas-salieron-de-la-pobreza-vivienda-y-obras-marcan-la-nueva-agenda-de-hidalgo\\\/\"]}]},{\"@type\":\"ImageObject\",\"inLanguage\":\"es\",\"@id\":\"https:\\\/\\\/www.alasmedios.com\\\/index.php\\\/2026\\\/08\\\/31\\\/170-mil-personas-salieron-de-la-pobreza-vivienda-y-obras-marcan-la-nueva-agenda-de-hidalgo\\\/#primaryimage\",\"url\":\"https:\\\/\\\/www.alasmedios.com\\\/wp-content\\\/uploads\\\/2026\\\/08\\\/Hidalgo-desarrollo-sostenible.jpg\",\"contentUrl\":\"https:\\\/\\\/www.alasmedios.com\\\/wp-content\\\/uploads\\\/2026\\\/08\\\/Hidalgo-desarrollo-sostenible.jpg\",\"width\":1600,\"height\":1200},{\"@type\":\"BreadcrumbList\",\"@id\":\"https:\\\/\\\/www.alasmedios.com\\\/index.php\\\/2026\\\/08\\\/31\\\/170-mil-personas-salieron-de-la-pobreza-vivienda-y-obras-marcan-la-nueva-agenda-de-hidalgo\\\/#breadcrumb\",\"itemListElement\":[{\"@type\":\"ListItem\",\"position\":1,\"name\":\"Inicio\",\"item\":\"https:\\\/\\\/www.alasmedios.com\\\/\"},{\"@type\":\"ListItem\",\"position\":2,\"name\":\"170 mil personas salieron de la pobreza; vivienda y obras marcan la nueva agenda de Hidalgo\"}]},{\"@type\":\"WebSite\",\"@id\":\"https:\\\/\\\/www.alasmedios.com\\\/#website\",\"url\":\"https:\\\/\\\/www.alasmedios.com\\\/\",\"name\":\"Alas Medios\",\"description\":\"Alas para pensar, Alas para volar, Alas de libertad\",\"publisher\":{\"@id\":\"https:\\\/\\\/www.alasmedios.com\\\/#organization\"},\"potentialAction\":[{\"@type\":\"SearchAction\",\"target\":{\"@type\":\"EntryPoint\",\"urlTemplate\":\"https:\\\/\\\/www.alasmedios.com\\\/?s={search_term_string}\"},\"query-input\":{\"@type\":\"PropertyValueSpecification\",\"valueRequired\":true,\"valueName\":\"search_term_string\"}}],\"inLanguage\":\"es\"},{\"@type\":\"Organization\",\"@id\":\"https:\\\/\\\/www.alasmedios.com\\\/#organization\",\"name\":\"Alas Medios\",\"url\":\"https:\\\/\\\/www.alasmedios.com\\\/\",\"logo\":{\"@type\":\"ImageObject\",\"inLanguage\":\"es\",\"@id\":\"https:\\\/\\\/www.alasmedios.com\\\/#\\\/schema\\\/logo\\\/image\\\/\",\"url\":\"https:\\\/\\\/www.alasmedios.com\\\/wp-content\\\/uploads\\\/2026\\\/01\\\/cropped-cropped-GAM-1.png\",\"contentUrl\":\"https:\\\/\\\/www.alasmedios.com\\\/wp-content\\\/uploads\\\/2026\\\/01\\\/cropped-cropped-GAM-1.png\",\"width\":467,\"height\":235,\"caption\":\"Alas Medios\"},\"image\":{\"@id\":\"https:\\\/\\\/www.alasmedios.com\\\/#\\\/schema\\\/logo\\\/image\\\/\"}},{\"@type\":\"Person\",\"@id\":\"https:\\\/\\\/www.alasmedios.com\\\/#\\\/schema\\\/person\\\/f2b3d85cc9caf18d4ca3676f1a5af91b\",\"name\":\"Angel Mendoza\",\"image\":{\"@type\":\"ImageObject\",\"inLanguage\":\"es\",\"@id\":\"https:\\\/\\\/secure.gravatar.com\\\/avatar\\\/ff8e027add11df9226dc0fdf09e494d036f6ae837ba63a4e3749865c21e6565b?s=96&d=mm&r=g\",\"url\":\"https:\\\/\\\/secure.gravatar.com\\\/avatar\\\/ff8e027add11df9226dc0fdf09e494d036f6ae837ba63a4e3749865c21e6565b?s=96&d=mm&r=g\",\"contentUrl\":\"https:\\\/\\\/secure.gravatar.com\\\/avatar\\\/ff8e027add11df9226dc0fdf09e494d036f6ae837ba63a4e3749865c21e6565b?s=96&d=mm&r=g\",\"caption\":\"Angel Mendoza\"},\"url\":\"https:\\\/\\\/www.alasmedios.com\\\/index.php\\\/author\\\/angel-mendoza\\\/\"}]}<\/script>\r\n<!-- \/ Yoast SEO plugin. -->","yoast_head_json":{"title":"170 mil personas salieron de la pobreza; vivienda y obras marcan la nueva agenda de Hidalgo","description":"La implementaci\u00f3n de pol\u00edticas p\u00fablicas estrat\u00e9gicas en Hidalgo ha comenzado a sentar las bases para un desarrollo sostenible","robots":{"index":"index","follow":"follow","max-snippet":"max-snippet:-1","max-image-preview":"max-image-preview:large","max-video-preview":"max-video-preview:-1"},"canonical":"https:\/\/www.alasmedios.com\/index.php\/2026\/08\/31\/170-mil-personas-salieron-de-la-pobreza-vivienda-y-obras-marcan-la-nueva-agenda-de-hidalgo\/","og_locale":"es_MX","og_type":"article","og_title":"170 mil personas salieron de la pobreza; vivienda y obras marcan la nueva agenda de Hidalgo","og_description":"La implementaci\u00f3n de pol\u00edticas p\u00fablicas estrat\u00e9gicas en Hidalgo ha comenzado a sentar las bases para un desarrollo sostenible","og_url":"https:\/\/www.alasmedios.com\/index.php\/2026\/08\/31\/170-mil-personas-salieron-de-la-pobreza-vivienda-y-obras-marcan-la-nueva-agenda-de-hidalgo\/","og_site_name":"Alas Medios","article_published_time":"2026-08-31T20:50:10+00:00","article_modified_time":"2026-08-31T20:50:15+00:00","og_image":[{"width":1600,"height":1200,"url":"https:\/\/www.alasmedios.com\/wp-content\/uploads\/2026\/08\/Hidalgo-desarrollo-sostenible.jpg","type":"image\/jpeg"}],"author":"Angel Mendoza","twitter_card":"summary_large_image","twitter_misc":{"Escrito por":"Angel Mendoza","Tiempo de lectura":"4 minutos"},"schema":{"@context":"https:\/\/schema.org","@graph":[{"@type":"Article","@id":"https:\/\/www.alasmedios.com\/index.php\/2026\/08\/31\/170-mil-personas-salieron-de-la-pobreza-vivienda-y-obras-marcan-la-nueva-agenda-de-hidalgo\/#article","isPartOf":{"@id":"https:\/\/www.alasmedios.com\/index.php\/2026\/08\/31\/170-mil-personas-salieron-de-la-pobreza-vivienda-y-obras-marcan-la-nueva-agenda-de-hidalgo\/"},"author":{"name":"Angel Mendoza","@id":"https:\/\/www.alasmedios.com\/#\/schema\/person\/f2b3d85cc9caf18d4ca3676f1a5af91b"},"headline":"170 mil personas salieron de la pobreza; vivienda y obras marcan la nueva agenda de Hidalgo","datePublished":"2026-08-31T20:50:10+00:00","dateModified":"2026-08-31T20:50:15+00:00","mainEntityOfPage":{"@id":"https:\/\/www.alasmedios.com\/index.php\/2026\/08\/31\/170-mil-personas-salieron-de-la-pobreza-vivienda-y-obras-marcan-la-nueva-agenda-de-hidalgo\/"},"wordCount":553,"commentCount":0,"publisher":{"@id":"https:\/\/www.alasmedios.com\/#organization"},"image":{"@id":"https:\/\/www.alasmedios.com\/index.php\/2026\/08\/31\/170-mil-personas-salieron-de-la-pobreza-vivienda-y-obras-marcan-la-nueva-agenda-de-hidalgo\/#primaryimage"},"thumbnailUrl":"https:\/\/www.alasmedios.com\/wp-content\/uploads\/2026\/08\/Hidalgo-desarrollo-sostenible.jpg","keywords":["CFE","Hidalgo","infraestructura","Miguel \u00c1ngel Tello Vargas"],"articleSection":["Hidalgo"],"inLanguage":"es","potentialAction":[{"@type":"CommentAction","name":"Comment","target":["https:\/\/www.alasmedios.com\/index.php\/2026\/08\/31\/170-mil-personas-salieron-de-la-pobreza-vivienda-y-obras-marcan-la-nueva-agenda-de-hidalgo\/#respond"]}]},{"@type":"WebPage","@id":"https:\/\/www.alasmedios.com\/index.php\/2026\/08\/31\/170-mil-personas-salieron-de-la-pobreza-vivienda-y-obras-marcan-la-nueva-agenda-de-hidalgo\/","url":"https:\/\/www.alasmedios.com\/index.php\/2026\/08\/31\/170-mil-personas-salieron-de-la-pobreza-vivienda-y-obras-marcan-la-nueva-agenda-de-hidalgo\/","name":"170 mil personas salieron de la pobreza; vivienda y obras marcan la nueva agenda de Hidalgo","isPartOf":{"@id":"https:\/\/www.alasmedios.com\/#website"},"primaryImageOfPage":{"@id":"https:\/\/www.alasmedios.com\/index.php\/2026\/08\/31\/170-mil-personas-salieron-de-la-pobreza-vivienda-y-obras-marcan-la-nueva-agenda-de-hidalgo\/#primaryimage"},"image":{"@id":"https:\/\/www.alasmedios.com\/index.php\/2026\/08\/31\/170-mil-personas-salieron-de-la-pobreza-vivienda-y-obras-marcan-la-nueva-agenda-de-hidalgo\/#primaryimage"},"thumbnailUrl":"https:\/\/www.alasmedios.com\/wp-content\/uploads\/2026\/08\/Hidalgo-desarrollo-sostenible.jpg","datePublished":"2026-08-31T20:50:10+00:00","dateModified":"2026-08-31T20:50:15+00:00","description":"La implementaci\u00f3n de pol\u00edticas p\u00fablicas estrat\u00e9gicas en Hidalgo ha comenzado a sentar las bases para un desarrollo sostenible","breadcrumb":{"@id":"https:\/\/www.alasmedios.com\/index.php\/2026\/08\/31\/170-mil-personas-salieron-de-la-pobreza-vivienda-y-obras-marcan-la-nueva-agenda-de-hidalgo\/#breadcrumb"},"inLanguage":"es","potentialAction":[{"@type":"ReadAction","target":["https:\/\/www.alasmedios.com\/index.php\/2026\/08\/31\/170-mil-personas-salieron-de-la-pobreza-vivienda-y-obras-marcan-la-nueva-agenda-de-hidalgo\/"]}]},{"@type":"ImageObject","inLanguage":"es","@id":"https:\/\/www.alasmedios.com\/index.php\/2026\/08\/31\/170-mil-personas-salieron-de-la-pobreza-vivienda-y-obras-marcan-la-nueva-agenda-de-hidalgo\/#primaryimage","url":"https:\/\/www.alasmedios.com\/wp-content\/uploads\/2026\/08\/Hidalgo-desarrollo-sostenible.jpg","contentUrl":"https:\/\/www.alasmedios.com\/wp-content\/uploads\/2026\/08\/Hidalgo-desarrollo-sostenible.jpg","width":1600,"height":1200},{"@type":"BreadcrumbList","@id":"https:\/\/www.alasmedios.com\/index.php\/2026\/08\/31\/170-mil-personas-salieron-de-la-pobreza-vivienda-y-obras-marcan-la-nueva-agenda-de-hidalgo\/#breadcrumb","itemListElement":[{"@type":"ListItem","position":1,"name":"Inicio","item":"https:\/\/www.alasmedios.com\/"},{"@type":"ListItem","position":2,"name":"170 mil personas salieron de la pobreza; vivienda y obras marcan la nueva agenda de Hidalgo"}]},{"@type":"WebSite","@id":"https:\/\/www.alasmedios.com\/#website","url":"https:\/\/www.alasmedios.com\/","name":"Alas Medios","description":"Alas para pensar, Alas para volar, Alas de libertad","publisher":{"@id":"https:\/\/www.alasmedios.com\/#organization"},"potentialAction":[{"@type":"SearchAction","target":{"@type":"EntryPoint","urlTemplate":"https:\/\/www.alasmedios.com\/?s={search_term_string}"},"query-input":{"@type":"PropertyValueSpecification","valueRequired":true,"valueName":"search_term_string"}}],"inLanguage":"es"},{"@type":"Organization","@id":"https:\/\/www.alasmedios.com\/#organization","name":"Alas Medios","url":"https:\/\/www.alasmedios.com\/","logo":{"@type":"ImageObject","inLanguage":"es","@id":"https:\/\/www.alasmedios.com\/#\/schema\/logo\/image\/","url":"https:\/\/www.alasmedios.com\/wp-content\/uploads\/2026\/01\/cropped-cropped-GAM-1.png","contentUrl":"https:\/\/www.alasmedios.com\/wp-content\/uploads\/2026\/01\/cropped-cropped-GAM-1.png","width":467,"height":235,"caption":"Alas Medios"},"image":{"@id":"https:\/\/www.alasmedios.com\/#\/schema\/logo\/image\/"}},{"@type":"Person","@id":"https:\/\/www.alasmedios.com\/#\/schema\/person\/f2b3d85cc9caf18d4ca3676f1a5af91b","name":"Angel Mendoza","image":{"@type":"ImageObject","inLanguage":"es","@id":"https:\/\/secure.gravatar.com\/avatar\/ff8e027add11df9226dc0fdf09e494d036f6ae837ba63a4e3749865c21e6565b?s=96&d=mm&r=g","url":"https:\/\/secure.gravatar.com\/avatar\/ff8e027add11df9226dc0fdf09e494d036f6ae837ba63a4e3749865c21e6565b?s=96&d=mm&r=g","contentUrl":"https:\/\/secure.gravatar.com\/avatar\/ff8e027add11df9226dc0fdf09e494d036f6ae837ba63a4e3749865c21e6565b?s=96&d=mm&r=g","caption":"Angel Mendoza"},"url":"https:\/\/www.alasmedios.com\/index.php\/author\/angel-mendoza\/"}]}},"_links":{"self":[{"href":"https:\/\/www.alasmedios.com\/index.php\/wp-json\/wp\/v2\/posts\/12520","targetHints":{"allow":["GET"]}}],"collection":[{"href":"https:\/\/www.alasmedios.com\/index.php\/wp-json\/wp\/v2\/posts"}],"about":[{"href":"https:\/\/www.alasmedios.com\/index.php\/wp-json\/wp\/v2\/types\/post"}],"author":[{"embeddable":true,"href":"https:\/\/www.alasmedios.com\/index.php\/wp-json\/wp\/v2\/users\/19"}],"replies":[{"embeddable":true,"href":"https:\/\/www.alasmedios.com\/index.php\/wp-json\/wp\/v2\/comments?post=12520"}],"version-history":[{"count":1,"href":"https:\/\/www.alasmedios.com\/index.php\/wp-json\/wp\/v2\/posts\/12520\/revisions"}],"predecessor-version":[{"id":12527,"href":"https:\/\/www.alasmedios.com\/index.php\/wp-json\/wp\/v2\/posts\/12520\/revisions\/12527"}],"wp:featuredmedia":[{"embeddable":true,"href":"https:\/\/www.alasmedios.com\/index.php\/wp-json\/wp\/v2\/media\/12524"}],"wp:attachment":[{"href":"https:\/\/www.alasmedios.com\/index.php\/wp-json\/wp\/v2\/media?parent=12520"}],"wp:term":[{"taxonomy":"category","embeddable":true,"href":"https:\/\/www.alasmedios.com\/index.php\/wp-json\/wp\/v2\/categories?post=12520"},{"taxonomy":"post_tag","embeddable":true,"href":"https:\/\/www.alasmedios.com\/index.php\/wp-json\/wp\/v2\/tags?post=12520"}],"curies":[{"name":"wp","href":"https:\/\/api.w.org\/{rel}","templated":true}]}}