{"id":12512,"date":"2026-08-31T13:28:18","date_gmt":"2026-08-31T19:28:18","guid":{"rendered":"https:\/\/www.alasmedios.com\/?p=12512"},"modified":"2026-08-31T13:28:25","modified_gmt":"2026-08-31T19:28:25","slug":"regresan-a-clases-500-mil-estudiantes-en-hidalgo-anuncian-120-mdp-para-educacion","status":"publish","type":"post","link":"https:\/\/www.alasmedios.com\/index.php\/2026\/08\/31\/regresan-a-clases-500-mil-estudiantes-en-hidalgo-anuncian-120-mdp-para-educacion\/","title":{"rendered":"Regresan a clases 500 mil estudiantes en Hidalgo; anuncian 120 mdp para educaci\u00f3n"},"content":{"rendered":"\n<p class=\"wp-block-paragraph\">En <strong>Hidalgo <\/strong>se estima que <strong>500 mil estudiantes<\/strong> vuelven a las aulas, la <strong>SEPH <\/strong>se comprometi\u00f3 con la calidad y educaci\u00f3n accesible.<\/p>\n\n\n\n<p class=\"wp-block-paragraph\">La ma\u00f1ana en la entidad cobr\u00f3 una vitalidad renovada con el <strong>inicio de un nuevo periodo escolar<\/strong>. Miles de aulas abrieron sus puertas para recibir a <strong>500 mil alumnos de Hidalgo<\/strong> que retoman su formaci\u00f3n acad\u00e9mica cargados de metas y sue\u00f1os por cumplir, en una jornada donde las autoridades enfatizaron el valor fundamental de garantizar un <strong>inicio de curso s\u00f3lido, equitativo y con visi\u00f3n de futuro<\/strong>.<\/p>\n\n\n\n<p class=\"wp-block-paragraph\">Durante el evento oficial, el <strong>secretario de Educaci\u00f3n P\u00fablica de Hidalgo<\/strong>, <strong>Natividad Castrej\u00f3n Valdez,<\/strong> destac\u00f3 la relevancia de propiciar <strong>entornos \u00f3ptimos desde el primer d\u00eda de actividades<\/strong>. Subray\u00f3 el trabajo coordinado entre el gobierno estatal, encabezado por el gobernador <strong>Julio Menchaca Salazar<\/strong>, y la administraci\u00f3n municipal de Pachuca, liderada por el alcalde <strong>Jorge Reyes<\/strong>, para asegurar que la <strong>infraestructura, las escuelas y los docentes<\/strong> est\u00e9n plenamente preparados para brindar una ense\u00f1anza integral que impulse el desarrollo intelectual de la ni\u00f1ez y juventud.<\/p>\n\n\n\n<p class=\"wp-block-paragraph\">SIGUE LEYENDO: <a href=\"https:\/\/www.alasmedios.com\/index.php\/2026\/08\/31\/mujeres-al-servicio-militar-crece-el-apoyo-en-corea-del-sur\/\" data-type=\"post\" data-id=\"12511\">Mujeres al servicio militar: crece el apoyo en Corea del Sur<\/a><\/p>\n\n\n\n<figure class=\"wp-block-image size-large\"><img loading=\"lazy\" decoding=\"async\" width=\"1024\" height=\"768\" src=\"https:\/\/www.alasmedios.com\/wp-content\/uploads\/2026\/08\/Hidalgo-estudiantes-SEPH-1-1024x768.jpg\" alt=\"\" class=\"wp-image-12517\" srcset=\"https:\/\/www.alasmedios.com\/wp-content\/uploads\/2026\/08\/Hidalgo-estudiantes-SEPH-1-1024x768.jpg 1024w, https:\/\/www.alasmedios.com\/wp-content\/uploads\/2026\/08\/Hidalgo-estudiantes-SEPH-1-300x225.jpg 300w, https:\/\/www.alasmedios.com\/wp-content\/uploads\/2026\/08\/Hidalgo-estudiantes-SEPH-1-768x576.jpg 768w, https:\/\/www.alasmedios.com\/wp-content\/uploads\/2026\/08\/Hidalgo-estudiantes-SEPH-1-1536x1152.jpg 1536w, https:\/\/www.alasmedios.com\/wp-content\/uploads\/2026\/08\/Hidalgo-estudiantes-SEPH-1.jpg 1600w\" sizes=\"auto, (max-width: 1024px) 100vw, 1024px\" \/><figcaption class=\"wp-element-caption\">Foto: \u00c1ngel Mendoza<\/figcaption><\/figure>\n\n\n\n<h2 class=\"wp-block-heading\"><strong>Inversi\u00f3n hist\u00f3rica y el valor del esfuerzo conjunto<\/strong><\/h2>\n\n\n\n<p class=\"wp-block-paragraph\">En representaci\u00f3n de la comunidad estudiantil, una alumna de la <strong>Escuela Secundaria General No. 2<\/strong> expres\u00f3 el profundo significado que representa volver a las aulas. Resalt\u00f3 que la recepci\u00f3n de <strong>libros de texto gratuitos y uniformes nuevos<\/strong> no solo brinda las herramientas indispensables para su preparaci\u00f3n, sino que renueva la ilusi\u00f3n de construir un mejor futuro. Asimismo, agradeci\u00f3 la gu\u00eda constante de las y los maestros, al igual que el acompa\u00f1amiento clave de las familias en esta nueva etapa.<\/p>\n\n\n\n<p class=\"wp-block-paragraph\">Por su parte, el gobernador <strong>Julio Menchaca Salazar<\/strong> envi\u00f3 un emotivo mensaje en el que confirm\u00f3 una <strong>inversi\u00f3n de 120 millones de pesos<\/strong> destinados a fortalecer la infraestructura y los programas educativos en la entidad. <\/p>\n\n\n\n<p class=\"wp-block-paragraph\">TE PUEDE INTERESAR: <a href=\"https:\/\/www.alasmedios.com\/index.php\/2026\/08\/31\/elena-garro-como-inspiracion-y-argentina-como-escenario-reconocen-a-diana-hernandez-juarez\/\" data-type=\"post\" data-id=\"12507\">Elena Garro como inspiraci\u00f3n y Argentina como escenario: reconocen a Diana Hern\u00e1ndez Ju\u00e1rez<\/a><\/p>\n\n\n\n<p class=\"wp-block-paragraph\">Al abordar el manejo responsable de los recursos p\u00fablicos, el mandatario estatal hizo frente a las cr\u00edticas hacia los programas de apoyo, enfatizando que la <strong>entrega de becas, libros y uniformes<\/strong> es de suma importancia para que miles de estudiantes contin\u00faen su formaci\u00f3n sin que su derecho a aprender se vea limitado por factores econ\u00f3micos.<\/p>\n\n\n\n<figure class=\"wp-block-image size-large\"><img loading=\"lazy\" decoding=\"async\" width=\"1024\" height=\"768\" src=\"https:\/\/www.alasmedios.com\/wp-content\/uploads\/2026\/08\/Hidalgo-estudiantes-SEPH-2-1024x768.jpg\" alt=\"\" class=\"wp-image-12518\" srcset=\"https:\/\/www.alasmedios.com\/wp-content\/uploads\/2026\/08\/Hidalgo-estudiantes-SEPH-2-1024x768.jpg 1024w, https:\/\/www.alasmedios.com\/wp-content\/uploads\/2026\/08\/Hidalgo-estudiantes-SEPH-2-300x225.jpg 300w, https:\/\/www.alasmedios.com\/wp-content\/uploads\/2026\/08\/Hidalgo-estudiantes-SEPH-2-768x576.jpg 768w, https:\/\/www.alasmedios.com\/wp-content\/uploads\/2026\/08\/Hidalgo-estudiantes-SEPH-2-1536x1152.jpg 1536w, https:\/\/www.alasmedios.com\/wp-content\/uploads\/2026\/08\/Hidalgo-estudiantes-SEPH-2.jpg 1600w\" sizes=\"auto, (max-width: 1024px) 100vw, 1024px\" \/><figcaption class=\"wp-element-caption\">Foto: \u00c1ngel Mendoza<\/figcaption><\/figure>\n\n\n\n<p class=\"wp-block-paragraph\">Menchaca Salazar concluy\u00f3 se\u00f1alando que la <strong>educaci\u00f3n es la palanca fundamental para la transformaci\u00f3n de Hidalgo y de todo el pa\u00eds<\/strong>. Aclar\u00f3 que la meta de que las y los j\u00f3venes alcancen sus sue\u00f1os requiere el <strong>compromiso compartido de autoridades, docentes y padres de familia<\/strong>, consolidando as\u00ed un sistema donde el conocimiento est\u00e9 verdaderamente al alcance de todas y todos.<\/p>\n\n\n<ul class=\"wp-block-latest-posts__list is-grid columns-3 wp-block-latest-posts is-layout-grid wp-container-core-latest-posts-is-layout-cda6dc4f wp-block-latest-posts-is-layout-grid\"><li><div class=\"wp-block-latest-posts__featured-image\"><img loading=\"lazy\" decoding=\"async\" width=\"150\" height=\"150\" src=\"https:\/\/www.alasmedios.com\/wp-content\/uploads\/2026\/08\/Hidalgo-desarrollo-sostenible-150x150.jpg\" class=\"attachment-thumbnail size-thumbnail wp-post-image\" alt=\"\" style=\"\" \/><\/div><a class=\"wp-block-latest-posts__post-title\" href=\"https:\/\/www.alasmedios.com\/index.php\/2026\/08\/31\/170-mil-personas-salieron-de-la-pobreza-vivienda-y-obras-marcan-la-nueva-agenda-de-hidalgo\/\">170 mil personas salieron de la pobreza; vivienda y obras marcan la nueva agenda de Hidalgo<\/a><\/li>\n<li><div class=\"wp-block-latest-posts__featured-image\"><img loading=\"lazy\" decoding=\"async\" width=\"150\" height=\"150\" src=\"https:\/\/www.alasmedios.com\/wp-content\/uploads\/2026\/08\/Puebla-Liga-MX-Femenil-Necaxa-futbol-150x150.png\" class=\"attachment-thumbnail size-thumbnail wp-post-image\" alt=\"\" style=\"\" \/><\/div><a class=\"wp-block-latest-posts__post-title\" href=\"https:\/\/www.alasmedios.com\/index.php\/2026\/08\/31\/puebla-femenil-golea-a-necaxa-sale-de-sequia-sin-triunfo\/\">Puebla Femenil golea a Necaxa, sale de sequ\u00eda sin triunfo<\/a><\/li>\n<li><div class=\"wp-block-latest-posts__featured-image\"><img loading=\"lazy\" decoding=\"async\" width=\"150\" height=\"150\" src=\"https:\/\/www.alasmedios.com\/wp-content\/uploads\/2026\/08\/Hidalgo-estudiantes-SEPH-150x150.jpg\" class=\"attachment-thumbnail size-thumbnail wp-post-image\" alt=\"\" style=\"\" \/><\/div><a class=\"wp-block-latest-posts__post-title\" href=\"https:\/\/www.alasmedios.com\/index.php\/2026\/08\/31\/regresan-a-clases-500-mil-estudiantes-en-hidalgo-anuncian-120-mdp-para-educacion\/\">Regresan a clases 500 mil estudiantes en Hidalgo; anuncian 120 mdp para educaci\u00f3n<\/a><\/li>\n<\/ul>","protected":false},"excerpt":{"rendered":"<p>En Hidalgo se estima que 500 mil estudiantes vuelven a las aulas, la SEPH se comprometi\u00f3 con la calidad y<\/p>\n","protected":false},"author":19,"featured_media":12516,"comment_status":"open","ping_status":"open","sticky":false,"template":"","format":"standard","meta":{"colormag_page_container_layout":"default_layout","colormag_page_sidebar_layout":"default_layout","rop_custom_images_group":[],"rop_custom_messages_group":[],"rop_publish_now":"yes","rop_publish_now_accounts":[],"rop_publish_now_history":[],"rop_publish_now_status":"pending","iawp_total_views":1,"footnotes":""},"categories":[41],"tags":[651,99,479,4831,3734],"class_list":["post-12512","post","type-post","status-publish","format-standard","has-post-thumbnail","hentry","category-hidalgo","tag-educacion-2","tag-hidalgo","tag-julio-menchaca","tag-natividad-castrejon-valdez","tag-seph"],"magazineBlocksPostFeaturedMedia":{"thumbnail":"https:\/\/www.alasmedios.com\/wp-content\/uploads\/2026\/08\/Hidalgo-estudiantes-SEPH-150x150.jpg","medium":"https:\/\/www.alasmedios.com\/wp-content\/uploads\/2026\/08\/Hidalgo-estudiantes-SEPH-300x225.jpg","medium_large":"https:\/\/www.alasmedios.com\/wp-content\/uploads\/2026\/08\/Hidalgo-estudiantes-SEPH-768x576.jpg","large":"https:\/\/www.alasmedios.com\/wp-content\/uploads\/2026\/08\/Hidalgo-estudiantes-SEPH-1024x768.jpg","1536x1536":"https:\/\/www.alasmedios.com\/wp-content\/uploads\/2026\/08\/Hidalgo-estudiantes-SEPH-1536x1152.jpg","2048x2048":"https:\/\/www.alasmedios.com\/wp-content\/uploads\/2026\/08\/Hidalgo-estudiantes-SEPH.jpg","colormag-highlighted-post":"https:\/\/www.alasmedios.com\/wp-content\/uploads\/2026\/08\/Hidalgo-estudiantes-SEPH-392x272.jpg","colormag-featured-post-medium":"https:\/\/www.alasmedios.com\/wp-content\/uploads\/2026\/08\/Hidalgo-estudiantes-SEPH-390x205.jpg","colormag-featured-post-small":"https:\/\/www.alasmedios.com\/wp-content\/uploads\/2026\/08\/Hidalgo-estudiantes-SEPH-130x90.jpg","colormag-featured-image":"https:\/\/www.alasmedios.com\/wp-content\/uploads\/2026\/08\/Hidalgo-estudiantes-SEPH-800x445.jpg","colormag-default-news":"https:\/\/www.alasmedios.com\/wp-content\/uploads\/2026\/08\/Hidalgo-estudiantes-SEPH-150x150.jpg","colormag-featured-image-large":"https:\/\/www.alasmedios.com\/wp-content\/uploads\/2026\/08\/Hidalgo-estudiantes-SEPH-1400x600.jpg"},"magazineBlocksPostAuthor":{"name":"Angel Mendoza","avatar":"https:\/\/secure.gravatar.com\/avatar\/ff8e027add11df9226dc0fdf09e494d036f6ae837ba63a4e3749865c21e6565b?s=96&d=mm&r=g"},"magazineBlocksPostCommentsNumber":"0","magazineBlocksPostExcerpt":"En Hidalgo se estima que 500 mil estudiantes vuelven a las aulas, la SEPH se comprometi\u00f3 con la calidad y","magazineBlocksPostCategories":["Hidalgo"],"magazineBlocksPostViewCount":39,"magazineBlocksPostReadTime":3,"magazine_blocks_featured_image_url":{"full":["https:\/\/www.alasmedios.com\/wp-content\/uploads\/2026\/08\/Hidalgo-estudiantes-SEPH.jpg",1600,1200,false],"medium":["https:\/\/www.alasmedios.com\/wp-content\/uploads\/2026\/08\/Hidalgo-estudiantes-SEPH-300x225.jpg",300,225,true],"thumbnail":["https:\/\/www.alasmedios.com\/wp-content\/uploads\/2026\/08\/Hidalgo-estudiantes-SEPH-150x150.jpg",150,150,true]},"magazine_blocks_author":{"display_name":"Angel Mendoza","author_link":"https:\/\/www.alasmedios.com\/index.php\/author\/angel-mendoza\/"},"magazine_blocks_comment":0,"magazine_blocks_author_image":"https:\/\/secure.gravatar.com\/avatar\/ff8e027add11df9226dc0fdf09e494d036f6ae837ba63a4e3749865c21e6565b?s=96&d=mm&r=g","magazine_blocks_category":"<a href=\"#\" class=\"category-link category-link-41\">Hidalgo<\/a>","videoUrl":"","yoast_head":"<!-- This site is optimized with the Yoast SEO plugin v28.3 - https:\/\/yoast.com\/product\/yoast-seo-wordpress\/ -->\r\n<title>Regresan a clases 500 mil estudiantes en Hidalgo; anuncian 120 mdp para educaci\u00f3n<\/title>\r\n<meta name=\"description\" content=\"En Hidalgo se estima que 500 mil estudiantes vuelven a las aulas, la SEPH se comprometi\u00f3 con la calidad y educaci\u00f3n accesible\" \/>\r\n<meta name=\"robots\" content=\"index, follow, max-snippet:-1, max-image-preview:large, max-video-preview:-1\" \/>\r\n<link rel=\"canonical\" href=\"https:\/\/www.alasmedios.com\/index.php\/2026\/08\/31\/regresan-a-clases-500-mil-estudiantes-en-hidalgo-anuncian-120-mdp-para-educacion\/\" \/>\r\n<meta property=\"og:locale\" content=\"es_MX\" \/>\r\n<meta property=\"og:type\" content=\"article\" \/>\r\n<meta property=\"og:title\" content=\"Regresan a clases 500 mil estudiantes en Hidalgo; anuncian 120 mdp para educaci\u00f3n\" \/>\r\n<meta property=\"og:description\" content=\"En Hidalgo se estima que 500 mil estudiantes vuelven a las aulas, la SEPH se comprometi\u00f3 con la calidad y educaci\u00f3n accesible\" \/>\r\n<meta property=\"og:url\" content=\"https:\/\/www.alasmedios.com\/index.php\/2026\/08\/31\/regresan-a-clases-500-mil-estudiantes-en-hidalgo-anuncian-120-mdp-para-educacion\/\" \/>\r\n<meta property=\"og:site_name\" content=\"Alas Medios\" \/>\r\n<meta property=\"article:published_time\" content=\"2026-08-31T19:28:18+00:00\" \/>\r\n<meta property=\"article:modified_time\" content=\"2026-08-31T19:28:25+00:00\" \/>\r\n<meta property=\"og:image\" content=\"https:\/\/www.alasmedios.com\/wp-content\/uploads\/2026\/08\/Hidalgo-estudiantes-SEPH.jpg\" \/>\r\n\t<meta property=\"og:image:width\" content=\"1600\" \/>\r\n\t<meta property=\"og:image:height\" content=\"1200\" \/>\r\n\t<meta property=\"og:image:type\" content=\"image\/jpeg\" \/>\r\n<meta name=\"author\" content=\"Angel Mendoza\" \/>\r\n<meta name=\"twitter:card\" content=\"summary_large_image\" \/>\r\n<meta name=\"twitter:label1\" content=\"Escrito por\" \/>\n\t<meta name=\"twitter:data1\" content=\"Angel Mendoza\" \/>\n\t<meta name=\"twitter:label2\" content=\"Tiempo de lectura\" \/>\n\t<meta name=\"twitter:data2\" content=\"3 minutos\" \/>\r\n<script type=\"application\/ld+json\" class=\"yoast-schema-graph\">{\"@context\":\"https:\\\/\\\/schema.org\",\"@graph\":[{\"@type\":\"Article\",\"@id\":\"https:\\\/\\\/www.alasmedios.com\\\/index.php\\\/2026\\\/08\\\/31\\\/regresan-a-clases-500-mil-estudiantes-en-hidalgo-anuncian-120-mdp-para-educacion\\\/#article\",\"isPartOf\":{\"@id\":\"https:\\\/\\\/www.alasmedios.com\\\/index.php\\\/2026\\\/08\\\/31\\\/regresan-a-clases-500-mil-estudiantes-en-hidalgo-anuncian-120-mdp-para-educacion\\\/\"},\"author\":{\"name\":\"Angel Mendoza\",\"@id\":\"https:\\\/\\\/www.alasmedios.com\\\/#\\\/schema\\\/person\\\/f2b3d85cc9caf18d4ca3676f1a5af91b\"},\"headline\":\"Regresan a clases 500 mil estudiantes en Hidalgo; anuncian 120 mdp para educaci\u00f3n\",\"datePublished\":\"2026-08-31T19:28:18+00:00\",\"dateModified\":\"2026-08-31T19:28:25+00:00\",\"mainEntityOfPage\":{\"@id\":\"https:\\\/\\\/www.alasmedios.com\\\/index.php\\\/2026\\\/08\\\/31\\\/regresan-a-clases-500-mil-estudiantes-en-hidalgo-anuncian-120-mdp-para-educacion\\\/\"},\"wordCount\":488,\"commentCount\":0,\"publisher\":{\"@id\":\"https:\\\/\\\/www.alasmedios.com\\\/#organization\"},\"image\":{\"@id\":\"https:\\\/\\\/www.alasmedios.com\\\/index.php\\\/2026\\\/08\\\/31\\\/regresan-a-clases-500-mil-estudiantes-en-hidalgo-anuncian-120-mdp-para-educacion\\\/#primaryimage\"},\"thumbnailUrl\":\"https:\\\/\\\/www.alasmedios.com\\\/wp-content\\\/uploads\\\/2026\\\/08\\\/Hidalgo-estudiantes-SEPH.jpg\",\"keywords\":[\"educaci\u00f3n\",\"Hidalgo\",\"Julio Menchaca\",\"Natividad Castrej\u00f3n Valdez\",\"SEPH\"],\"articleSection\":[\"Hidalgo\"],\"inLanguage\":\"es\",\"potentialAction\":[{\"@type\":\"CommentAction\",\"name\":\"Comment\",\"target\":[\"https:\\\/\\\/www.alasmedios.com\\\/index.php\\\/2026\\\/08\\\/31\\\/regresan-a-clases-500-mil-estudiantes-en-hidalgo-anuncian-120-mdp-para-educacion\\\/#respond\"]}]},{\"@type\":\"WebPage\",\"@id\":\"https:\\\/\\\/www.alasmedios.com\\\/index.php\\\/2026\\\/08\\\/31\\\/regresan-a-clases-500-mil-estudiantes-en-hidalgo-anuncian-120-mdp-para-educacion\\\/\",\"url\":\"https:\\\/\\\/www.alasmedios.com\\\/index.php\\\/2026\\\/08\\\/31\\\/regresan-a-clases-500-mil-estudiantes-en-hidalgo-anuncian-120-mdp-para-educacion\\\/\",\"name\":\"Regresan a clases 500 mil estudiantes en Hidalgo; anuncian 120 mdp para educaci\u00f3n\",\"isPartOf\":{\"@id\":\"https:\\\/\\\/www.alasmedios.com\\\/#website\"},\"primaryImageOfPage\":{\"@id\":\"https:\\\/\\\/www.alasmedios.com\\\/index.php\\\/2026\\\/08\\\/31\\\/regresan-a-clases-500-mil-estudiantes-en-hidalgo-anuncian-120-mdp-para-educacion\\\/#primaryimage\"},\"image\":{\"@id\":\"https:\\\/\\\/www.alasmedios.com\\\/index.php\\\/2026\\\/08\\\/31\\\/regresan-a-clases-500-mil-estudiantes-en-hidalgo-anuncian-120-mdp-para-educacion\\\/#primaryimage\"},\"thumbnailUrl\":\"https:\\\/\\\/www.alasmedios.com\\\/wp-content\\\/uploads\\\/2026\\\/08\\\/Hidalgo-estudiantes-SEPH.jpg\",\"datePublished\":\"2026-08-31T19:28:18+00:00\",\"dateModified\":\"2026-08-31T19:28:25+00:00\",\"description\":\"En Hidalgo se estima que 500 mil estudiantes vuelven a las aulas, la SEPH se comprometi\u00f3 con la calidad y educaci\u00f3n accesible\",\"breadcrumb\":{\"@id\":\"https:\\\/\\\/www.alasmedios.com\\\/index.php\\\/2026\\\/08\\\/31\\\/regresan-a-clases-500-mil-estudiantes-en-hidalgo-anuncian-120-mdp-para-educacion\\\/#breadcrumb\"},\"inLanguage\":\"es\",\"potentialAction\":[{\"@type\":\"ReadAction\",\"target\":[\"https:\\\/\\\/www.alasmedios.com\\\/index.php\\\/2026\\\/08\\\/31\\\/regresan-a-clases-500-mil-estudiantes-en-hidalgo-anuncian-120-mdp-para-educacion\\\/\"]}]},{\"@type\":\"ImageObject\",\"inLanguage\":\"es\",\"@id\":\"https:\\\/\\\/www.alasmedios.com\\\/index.php\\\/2026\\\/08\\\/31\\\/regresan-a-clases-500-mil-estudiantes-en-hidalgo-anuncian-120-mdp-para-educacion\\\/#primaryimage\",\"url\":\"https:\\\/\\\/www.alasmedios.com\\\/wp-content\\\/uploads\\\/2026\\\/08\\\/Hidalgo-estudiantes-SEPH.jpg\",\"contentUrl\":\"https:\\\/\\\/www.alasmedios.com\\\/wp-content\\\/uploads\\\/2026\\\/08\\\/Hidalgo-estudiantes-SEPH.jpg\",\"width\":1600,\"height\":1200},{\"@type\":\"BreadcrumbList\",\"@id\":\"https:\\\/\\\/www.alasmedios.com\\\/index.php\\\/2026\\\/08\\\/31\\\/regresan-a-clases-500-mil-estudiantes-en-hidalgo-anuncian-120-mdp-para-educacion\\\/#breadcrumb\",\"itemListElement\":[{\"@type\":\"ListItem\",\"position\":1,\"name\":\"Inicio\",\"item\":\"https:\\\/\\\/www.alasmedios.com\\\/\"},{\"@type\":\"ListItem\",\"position\":2,\"name\":\"Regresan a clases 500 mil estudiantes en Hidalgo; anuncian 120 mdp para educaci\u00f3n\"}]},{\"@type\":\"WebSite\",\"@id\":\"https:\\\/\\\/www.alasmedios.com\\\/#website\",\"url\":\"https:\\\/\\\/www.alasmedios.com\\\/\",\"name\":\"Alas Medios\",\"description\":\"Alas para pensar, Alas para volar, Alas de libertad\",\"publisher\":{\"@id\":\"https:\\\/\\\/www.alasmedios.com\\\/#organization\"},\"potentialAction\":[{\"@type\":\"SearchAction\",\"target\":{\"@type\":\"EntryPoint\",\"urlTemplate\":\"https:\\\/\\\/www.alasmedios.com\\\/?s={search_term_string}\"},\"query-input\":{\"@type\":\"PropertyValueSpecification\",\"valueRequired\":true,\"valueName\":\"search_term_string\"}}],\"inLanguage\":\"es\"},{\"@type\":\"Organization\",\"@id\":\"https:\\\/\\\/www.alasmedios.com\\\/#organization\",\"name\":\"Alas Medios\",\"url\":\"https:\\\/\\\/www.alasmedios.com\\\/\",\"logo\":{\"@type\":\"ImageObject\",\"inLanguage\":\"es\",\"@id\":\"https:\\\/\\\/www.alasmedios.com\\\/#\\\/schema\\\/logo\\\/image\\\/\",\"url\":\"https:\\\/\\\/www.alasmedios.com\\\/wp-content\\\/uploads\\\/2026\\\/01\\\/cropped-cropped-GAM-1.png\",\"contentUrl\":\"https:\\\/\\\/www.alasmedios.com\\\/wp-content\\\/uploads\\\/2026\\\/01\\\/cropped-cropped-GAM-1.png\",\"width\":467,\"height\":235,\"caption\":\"Alas Medios\"},\"image\":{\"@id\":\"https:\\\/\\\/www.alasmedios.com\\\/#\\\/schema\\\/logo\\\/image\\\/\"}},{\"@type\":\"Person\",\"@id\":\"https:\\\/\\\/www.alasmedios.com\\\/#\\\/schema\\\/person\\\/f2b3d85cc9caf18d4ca3676f1a5af91b\",\"name\":\"Angel Mendoza\",\"image\":{\"@type\":\"ImageObject\",\"inLanguage\":\"es\",\"@id\":\"https:\\\/\\\/secure.gravatar.com\\\/avatar\\\/ff8e027add11df9226dc0fdf09e494d036f6ae837ba63a4e3749865c21e6565b?s=96&d=mm&r=g\",\"url\":\"https:\\\/\\\/secure.gravatar.com\\\/avatar\\\/ff8e027add11df9226dc0fdf09e494d036f6ae837ba63a4e3749865c21e6565b?s=96&d=mm&r=g\",\"contentUrl\":\"https:\\\/\\\/secure.gravatar.com\\\/avatar\\\/ff8e027add11df9226dc0fdf09e494d036f6ae837ba63a4e3749865c21e6565b?s=96&d=mm&r=g\",\"caption\":\"Angel Mendoza\"},\"url\":\"https:\\\/\\\/www.alasmedios.com\\\/index.php\\\/author\\\/angel-mendoza\\\/\"}]}<\/script>\r\n<!-- \/ Yoast SEO plugin. -->","yoast_head_json":{"title":"Regresan a clases 500 mil estudiantes en Hidalgo; anuncian 120 mdp para educaci\u00f3n","description":"En Hidalgo se estima que 500 mil estudiantes vuelven a las aulas, la SEPH se comprometi\u00f3 con la calidad y educaci\u00f3n accesible","robots":{"index":"index","follow":"follow","max-snippet":"max-snippet:-1","max-image-preview":"max-image-preview:large","max-video-preview":"max-video-preview:-1"},"canonical":"https:\/\/www.alasmedios.com\/index.php\/2026\/08\/31\/regresan-a-clases-500-mil-estudiantes-en-hidalgo-anuncian-120-mdp-para-educacion\/","og_locale":"es_MX","og_type":"article","og_title":"Regresan a clases 500 mil estudiantes en Hidalgo; anuncian 120 mdp para educaci\u00f3n","og_description":"En Hidalgo se estima que 500 mil estudiantes vuelven a las aulas, la SEPH se comprometi\u00f3 con la calidad y educaci\u00f3n accesible","og_url":"https:\/\/www.alasmedios.com\/index.php\/2026\/08\/31\/regresan-a-clases-500-mil-estudiantes-en-hidalgo-anuncian-120-mdp-para-educacion\/","og_site_name":"Alas Medios","article_published_time":"2026-08-31T19:28:18+00:00","article_modified_time":"2026-08-31T19:28:25+00:00","og_image":[{"width":1600,"height":1200,"url":"https:\/\/www.alasmedios.com\/wp-content\/uploads\/2026\/08\/Hidalgo-estudiantes-SEPH.jpg","type":"image\/jpeg"}],"author":"Angel Mendoza","twitter_card":"summary_large_image","twitter_misc":{"Escrito por":"Angel Mendoza","Tiempo de lectura":"3 minutos"},"schema":{"@context":"https:\/\/schema.org","@graph":[{"@type":"Article","@id":"https:\/\/www.alasmedios.com\/index.php\/2026\/08\/31\/regresan-a-clases-500-mil-estudiantes-en-hidalgo-anuncian-120-mdp-para-educacion\/#article","isPartOf":{"@id":"https:\/\/www.alasmedios.com\/index.php\/2026\/08\/31\/regresan-a-clases-500-mil-estudiantes-en-hidalgo-anuncian-120-mdp-para-educacion\/"},"author":{"name":"Angel Mendoza","@id":"https:\/\/www.alasmedios.com\/#\/schema\/person\/f2b3d85cc9caf18d4ca3676f1a5af91b"},"headline":"Regresan a clases 500 mil estudiantes en Hidalgo; anuncian 120 mdp para educaci\u00f3n","datePublished":"2026-08-31T19:28:18+00:00","dateModified":"2026-08-31T19:28:25+00:00","mainEntityOfPage":{"@id":"https:\/\/www.alasmedios.com\/index.php\/2026\/08\/31\/regresan-a-clases-500-mil-estudiantes-en-hidalgo-anuncian-120-mdp-para-educacion\/"},"wordCount":488,"commentCount":0,"publisher":{"@id":"https:\/\/www.alasmedios.com\/#organization"},"image":{"@id":"https:\/\/www.alasmedios.com\/index.php\/2026\/08\/31\/regresan-a-clases-500-mil-estudiantes-en-hidalgo-anuncian-120-mdp-para-educacion\/#primaryimage"},"thumbnailUrl":"https:\/\/www.alasmedios.com\/wp-content\/uploads\/2026\/08\/Hidalgo-estudiantes-SEPH.jpg","keywords":["educaci\u00f3n","Hidalgo","Julio Menchaca","Natividad Castrej\u00f3n Valdez","SEPH"],"articleSection":["Hidalgo"],"inLanguage":"es","potentialAction":[{"@type":"CommentAction","name":"Comment","target":["https:\/\/www.alasmedios.com\/index.php\/2026\/08\/31\/regresan-a-clases-500-mil-estudiantes-en-hidalgo-anuncian-120-mdp-para-educacion\/#respond"]}]},{"@type":"WebPage","@id":"https:\/\/www.alasmedios.com\/index.php\/2026\/08\/31\/regresan-a-clases-500-mil-estudiantes-en-hidalgo-anuncian-120-mdp-para-educacion\/","url":"https:\/\/www.alasmedios.com\/index.php\/2026\/08\/31\/regresan-a-clases-500-mil-estudiantes-en-hidalgo-anuncian-120-mdp-para-educacion\/","name":"Regresan a clases 500 mil estudiantes en Hidalgo; anuncian 120 mdp para educaci\u00f3n","isPartOf":{"@id":"https:\/\/www.alasmedios.com\/#website"},"primaryImageOfPage":{"@id":"https:\/\/www.alasmedios.com\/index.php\/2026\/08\/31\/regresan-a-clases-500-mil-estudiantes-en-hidalgo-anuncian-120-mdp-para-educacion\/#primaryimage"},"image":{"@id":"https:\/\/www.alasmedios.com\/index.php\/2026\/08\/31\/regresan-a-clases-500-mil-estudiantes-en-hidalgo-anuncian-120-mdp-para-educacion\/#primaryimage"},"thumbnailUrl":"https:\/\/www.alasmedios.com\/wp-content\/uploads\/2026\/08\/Hidalgo-estudiantes-SEPH.jpg","datePublished":"2026-08-31T19:28:18+00:00","dateModified":"2026-08-31T19:28:25+00:00","description":"En Hidalgo se estima que 500 mil estudiantes vuelven a las aulas, la SEPH se comprometi\u00f3 con la calidad y educaci\u00f3n accesible","breadcrumb":{"@id":"https:\/\/www.alasmedios.com\/index.php\/2026\/08\/31\/regresan-a-clases-500-mil-estudiantes-en-hidalgo-anuncian-120-mdp-para-educacion\/#breadcrumb"},"inLanguage":"es","potentialAction":[{"@type":"ReadAction","target":["https:\/\/www.alasmedios.com\/index.php\/2026\/08\/31\/regresan-a-clases-500-mil-estudiantes-en-hidalgo-anuncian-120-mdp-para-educacion\/"]}]},{"@type":"ImageObject","inLanguage":"es","@id":"https:\/\/www.alasmedios.com\/index.php\/2026\/08\/31\/regresan-a-clases-500-mil-estudiantes-en-hidalgo-anuncian-120-mdp-para-educacion\/#primaryimage","url":"https:\/\/www.alasmedios.com\/wp-content\/uploads\/2026\/08\/Hidalgo-estudiantes-SEPH.jpg","contentUrl":"https:\/\/www.alasmedios.com\/wp-content\/uploads\/2026\/08\/Hidalgo-estudiantes-SEPH.jpg","width":1600,"height":1200},{"@type":"BreadcrumbList","@id":"https:\/\/www.alasmedios.com\/index.php\/2026\/08\/31\/regresan-a-clases-500-mil-estudiantes-en-hidalgo-anuncian-120-mdp-para-educacion\/#breadcrumb","itemListElement":[{"@type":"ListItem","position":1,"name":"Inicio","item":"https:\/\/www.alasmedios.com\/"},{"@type":"ListItem","position":2,"name":"Regresan a clases 500 mil estudiantes en Hidalgo; anuncian 120 mdp para educaci\u00f3n"}]},{"@type":"WebSite","@id":"https:\/\/www.alasmedios.com\/#website","url":"https:\/\/www.alasmedios.com\/","name":"Alas Medios","description":"Alas para pensar, Alas para volar, Alas de libertad","publisher":{"@id":"https:\/\/www.alasmedios.com\/#organization"},"potentialAction":[{"@type":"SearchAction","target":{"@type":"EntryPoint","urlTemplate":"https:\/\/www.alasmedios.com\/?s={search_term_string}"},"query-input":{"@type":"PropertyValueSpecification","valueRequired":true,"valueName":"search_term_string"}}],"inLanguage":"es"},{"@type":"Organization","@id":"https:\/\/www.alasmedios.com\/#organization","name":"Alas Medios","url":"https:\/\/www.alasmedios.com\/","logo":{"@type":"ImageObject","inLanguage":"es","@id":"https:\/\/www.alasmedios.com\/#\/schema\/logo\/image\/","url":"https:\/\/www.alasmedios.com\/wp-content\/uploads\/2026\/01\/cropped-cropped-GAM-1.png","contentUrl":"https:\/\/www.alasmedios.com\/wp-content\/uploads\/2026\/01\/cropped-cropped-GAM-1.png","width":467,"height":235,"caption":"Alas Medios"},"image":{"@id":"https:\/\/www.alasmedios.com\/#\/schema\/logo\/image\/"}},{"@type":"Person","@id":"https:\/\/www.alasmedios.com\/#\/schema\/person\/f2b3d85cc9caf18d4ca3676f1a5af91b","name":"Angel Mendoza","image":{"@type":"ImageObject","inLanguage":"es","@id":"https:\/\/secure.gravatar.com\/avatar\/ff8e027add11df9226dc0fdf09e494d036f6ae837ba63a4e3749865c21e6565b?s=96&d=mm&r=g","url":"https:\/\/secure.gravatar.com\/avatar\/ff8e027add11df9226dc0fdf09e494d036f6ae837ba63a4e3749865c21e6565b?s=96&d=mm&r=g","contentUrl":"https:\/\/secure.gravatar.com\/avatar\/ff8e027add11df9226dc0fdf09e494d036f6ae837ba63a4e3749865c21e6565b?s=96&d=mm&r=g","caption":"Angel Mendoza"},"url":"https:\/\/www.alasmedios.com\/index.php\/author\/angel-mendoza\/"}]}},"_links":{"self":[{"href":"https:\/\/www.alasmedios.com\/index.php\/wp-json\/wp\/v2\/posts\/12512","targetHints":{"allow":["GET"]}}],"collection":[{"href":"https:\/\/www.alasmedios.com\/index.php\/wp-json\/wp\/v2\/posts"}],"about":[{"href":"https:\/\/www.alasmedios.com\/index.php\/wp-json\/wp\/v2\/types\/post"}],"author":[{"embeddable":true,"href":"https:\/\/www.alasmedios.com\/index.php\/wp-json\/wp\/v2\/users\/19"}],"replies":[{"embeddable":true,"href":"https:\/\/www.alasmedios.com\/index.php\/wp-json\/wp\/v2\/comments?post=12512"}],"version-history":[{"count":1,"href":"https:\/\/www.alasmedios.com\/index.php\/wp-json\/wp\/v2\/posts\/12512\/revisions"}],"predecessor-version":[{"id":12519,"href":"https:\/\/www.alasmedios.com\/index.php\/wp-json\/wp\/v2\/posts\/12512\/revisions\/12519"}],"wp:featuredmedia":[{"embeddable":true,"href":"https:\/\/www.alasmedios.com\/index.php\/wp-json\/wp\/v2\/media\/12516"}],"wp:attachment":[{"href":"https:\/\/www.alasmedios.com\/index.php\/wp-json\/wp\/v2\/media?parent=12512"}],"wp:term":[{"taxonomy":"category","embeddable":true,"href":"https:\/\/www.alasmedios.com\/index.php\/wp-json\/wp\/v2\/categories?post=12512"},{"taxonomy":"post_tag","embeddable":true,"href":"https:\/\/www.alasmedios.com\/index.php\/wp-json\/wp\/v2\/tags?post=12512"}],"curies":[{"name":"wp","href":"https:\/\/api.w.org\/{rel}","templated":true}]}}