{"id":12511,"date":"2026-08-31T13:22:10","date_gmt":"2026-08-31T19:22:10","guid":{"rendered":"https:\/\/www.alasmedios.com\/?p=12511"},"modified":"2026-08-31T13:22:14","modified_gmt":"2026-08-31T19:22:14","slug":"mujeres-al-servicio-militar-crece-el-apoyo-en-corea-del-sur","status":"publish","type":"post","link":"https:\/\/www.alasmedios.com\/index.php\/2026\/08\/31\/mujeres-al-servicio-militar-crece-el-apoyo-en-corea-del-sur\/","title":{"rendered":"Mujeres al servicio militar: crece el apoyo en Corea del Sur"},"content":{"rendered":"\n<p class=\"wp-block-paragraph\"><strong>Corea del Sur<\/strong> abri\u00f3 nuevamente un debate que durante d\u00e9cadas hab\u00eda sido considerado pr\u00e1cticamente un tab\u00fa: que las mujeres tambi\u00e9n est\u00e9n obligadas a realizar el <strong>servicio militar<\/strong>.<\/p>\n\n\n\n<p class=\"wp-block-paragraph\">Una encuesta reciente revela que <strong>casi 60% de los surcoreanos<\/strong> est\u00e1 a favor de modificar la legislaci\u00f3n para que las mujeres j\u00f3venes cumplan con esta obligaci\u00f3n, mientras que <strong>34% se opone<\/strong> a la propuesta.<\/p>\n\n\n\n<p class=\"wp-block-paragraph\">El sondeo, realizado por el <strong>Reform Institute<\/strong>, divisi\u00f3n de investigaci\u00f3n de pol\u00edticas del conservador Partido Reformista, fue publicado el pasado <strong>20 de agosto<\/strong> y refleja un cambio importante en la percepci\u00f3n social sobre qui\u00e9n debe asumir la responsabilidad de la defensa nacional.<\/p>\n\n\n\n<p class=\"wp-block-paragraph\">CONTIN\u00daA LEYENDO: <a href=\"https:\/\/www.alasmedios.com\/index.php\/2026\/08\/31\/elena-garro-como-inspiracion-y-argentina-como-escenario-reconocen-a-diana-hernandez-juarez\/\" data-type=\"post\" data-id=\"12507\">Elena Garro como inspiraci\u00f3n y Argentina como escenario: reconocen a Diana Hern\u00e1ndez Ju\u00e1rez<\/a><\/p>\n\n\n\n<p class=\"wp-block-paragraph\">Actualmente, <strong>todos los hombres f\u00edsicamente aptos<\/strong> deben cumplir entre <strong>18 y 21 meses de servicio militar<\/strong> y pueden ser llamados nuevamente en caso de una emergencia nacional, incluida una guerra en la pen\u00ednsula coreana.<\/p>\n\n\n\n<p class=\"wp-block-paragraph\">Miles de mujeres ya forman parte de las <strong>fuerzas armadas surcoreanas<\/strong>, aunque lo hacen de manera voluntaria.<\/p>\n\n\n\n<h2 class=\"wp-block-heading\"><strong>Los j\u00f3venes varones impulsan el debate<\/strong><\/h2>\n\n\n\n<p class=\"wp-block-paragraph\">Los resultados muestran un respaldo particularmente alto entre los hombres j\u00f3venes. <strong>Casi 65% de los hombres encuestados<\/strong> apoy\u00f3 la posibilidad de establecer el servicio obligatorio para mujeres, porcentaje que aument\u00f3 hasta <strong>71.7% entre los hombres de 20 a 39 a\u00f1os<\/strong>.<\/p>\n\n\n\n<p class=\"wp-block-paragraph\">Entre las mujeres, <strong>54.5%<\/strong> tambi\u00e9n manifest\u00f3 estar a favor de la medida.<\/p>\n\n\n\n<p class=\"wp-block-paragraph\">Para <strong>Hyobin Lee<\/strong>, profesora de la Universidad Sogang de Se\u00fal, el sistema de reclutamiento centrado exclusivamente en los hombres ha estado hist\u00f3ricamente relacionado con los <strong>roles tradicionales de g\u00e9nero<\/strong>, en los que los varones eran considerados responsables de proteger al pa\u00eds y las mujeres de asumir principalmente tareas de maternidad y cuidado familiar.<\/p>\n\n\n\n<p class=\"wp-block-paragraph\">TE PUEDE INTERESAR: <a href=\"https:\/\/www.alasmedios.com\/index.php\/2026\/08\/29\/resguardan-a-gata-y-sus-tres-crias-para-proteger-fauna-del-parque-del-arte-en-puebla\/\" data-type=\"post\" data-id=\"12467\">Resguardan a gata y sus tres cr\u00edas para proteger fauna del Parque del Arte en Puebla<\/a><\/p>\n\n\n\n<p class=\"wp-block-paragraph\">La discusi\u00f3n ha cobrado fuerza ante varios factores, entre ellos la <strong>ca\u00edda de la natalidad<\/strong>, la reducci\u00f3n del n\u00famero de j\u00f3venes disponibles para el reclutamiento y una creciente percepci\u00f3n de que la igualdad tambi\u00e9n deber\u00eda reflejarse en las obligaciones c\u00edvicas.<\/p>\n\n\n\n<figure class=\"wp-block-image size-large\"><img loading=\"lazy\" decoding=\"async\" width=\"1024\" height=\"622\" src=\"https:\/\/www.alasmedios.com\/wp-content\/uploads\/2026\/08\/Corea-del-Sur-mujeres-servicio-militar-1024x622.png\" alt=\"\" class=\"wp-image-12514\" srcset=\"https:\/\/www.alasmedios.com\/wp-content\/uploads\/2026\/08\/Corea-del-Sur-mujeres-servicio-militar-1024x622.png 1024w, https:\/\/www.alasmedios.com\/wp-content\/uploads\/2026\/08\/Corea-del-Sur-mujeres-servicio-militar-300x182.png 300w, https:\/\/www.alasmedios.com\/wp-content\/uploads\/2026\/08\/Corea-del-Sur-mujeres-servicio-militar-768x466.png 768w, https:\/\/www.alasmedios.com\/wp-content\/uploads\/2026\/08\/Corea-del-Sur-mujeres-servicio-militar-1536x932.png 1536w, https:\/\/www.alasmedios.com\/wp-content\/uploads\/2026\/08\/Corea-del-Sur-mujeres-servicio-militar.png 2000w\" sizes=\"auto, (max-width: 1024px) 100vw, 1024px\" \/><\/figure>\n\n\n\n<h2 class=\"wp-block-heading\"><strong>Cada vez hay menos hombres para reclutar<\/strong><\/h2>\n\n\n\n<p class=\"wp-block-paragraph\">Uno de los principales argumentos detr\u00e1s del debate es demogr\u00e1fico.<\/p>\n\n\n\n<p class=\"wp-block-paragraph\">En <strong>2019<\/strong>, alrededor de <strong>332 mil hombres<\/strong> cumpl\u00edan los requisitos para realizar el servicio militar obligatorio en Corea del Sur. Para <strong>2022<\/strong>, la cifra hab\u00eda descendido a <strong>257 mil<\/strong> y las proyecciones apuntan a que podr\u00eda reducirse a apenas <strong>120 mil para 2043<\/strong>.<\/p>\n\n\n\n<p class=\"wp-block-paragraph\">Esta disminuci\u00f3n est\u00e1 relacionada con la <strong>baja tasa de natalidad<\/strong> que enfrenta el pa\u00eds y plantea un desaf\u00edo para el tama\u00f1o futuro de sus fuerzas armadas.<\/p>\n\n\n\n<p class=\"wp-block-paragraph\">Al mismo tiempo, la naturaleza de la defensa tambi\u00e9n est\u00e1 cambiando. Las fuerzas militares dependen cada vez m\u00e1s de <strong>tecnolog\u00eda, drones y sistemas avanzados<\/strong>, lo que ha debilitado algunos de los argumentos tradicionales sobre la necesidad de reservar determinados roles militares exclusivamente para los hombres.<\/p>\n\n\n\n<p class=\"wp-block-paragraph\">CONTIN\u00daA LEYENDO: <a href=\"https:\/\/www.alasmedios.com\/index.php\/2026\/08\/29\/evaluan-a-379-mil-estudiantes-para-identificar-avances-y-retos-educativos-en-hidalgo\/\" data-type=\"post\" data-id=\"12470\">Eval\u00faan a 379 mil estudiantes para identificar avances y retos educativos en Hidalgo<\/a><\/p>\n\n\n\n<p class=\"wp-block-paragraph\">Sin embargo, existe otra postura: en lugar de ampliar el reclutamiento, algunos sectores consideran que <strong>Corea del Sur deber\u00eda invertir todav\u00eda m\u00e1s en tecnolog\u00eda militar<\/strong> para compensar la reducci\u00f3n de efectivos.<\/p>\n\n\n\n<h2 class=\"wp-block-heading\"><strong>La igualdad tambi\u00e9n genera dudas<\/strong><\/h2>\n\n\n\n<p class=\"wp-block-paragraph\">Aunque el respaldo a la medida crece, el debate no est\u00e1 exento de cuestionamientos.<\/p>\n\n\n\n<p class=\"wp-block-paragraph\">Lee advierte que las mujeres surcoreanas todav\u00eda enfrentan una distribuci\u00f3n desigual de las responsabilidades relacionadas con <strong>embarazo, parto y cuidado de los hijos<\/strong>.<\/p>\n\n\n\n<p class=\"wp-block-paragraph\">Una obligaci\u00f3n militar adicional podr\u00eda significar una nueva interrupci\u00f3n en sus estudios, carreras profesionales o proyectos personales, particularmente en una sociedad donde la maternidad ya puede representar una pausa o incluso el abandono del mercado laboral.<\/p>\n\n\n\n<p class=\"wp-block-paragraph\">La especialista tambi\u00e9n plantea una posible contradicci\u00f3n: en un pa\u00eds que enfrenta una <strong>tasa de natalidad extremadamente baja<\/strong>, incorporar el servicio militar obligatorio para las mujeres podr\u00eda convertirse en un factor que retrase o desincentive todav\u00eda m\u00e1s el <strong>matrimonio y la maternidad<\/strong>.<\/p>\n\n\n\n<p class=\"wp-block-paragraph\">LEE: <a href=\"https:\/\/www.alasmedios.com\/index.php\/2026\/08\/28\/conoce-a-los-tesoros-artesanales-y-gastronomicos-que-transformaran-la-feria-de-pachuca-2026\/\" data-type=\"post\" data-id=\"12454\">Conoce a los tesoros artesanales y gastron\u00f3micos que transformar\u00e1n la Feria de Pachuca 2026<\/a><\/p>\n\n\n\n<p class=\"wp-block-paragraph\">Incluso para Lee, cuya familia tiene una fuerte tradici\u00f3n militar, la idea genera reservas. Considera que <strong>18 meses durante los 20 a\u00f1os representan una etapa significativa<\/strong>, en la que muchas personas estudian, comienzan su carrera profesional y toman decisiones personales importantes.<\/p>\n\n\n\n<p class=\"wp-block-paragraph\">Corea del Sur enfrenta una combinaci\u00f3n de <strong>crisis demogr\u00e1fica, igualdad de g\u00e9nero, reducci\u00f3n de reclutas y transformaci\u00f3n tecnol\u00f3gica de sus fuerzas armadas<\/strong>, mientras se prepara para una nueva reforma de su plan de defensa nacional prevista para este oto\u00f1o.<\/p>\n\n\n<ul class=\"wp-block-latest-posts__list is-grid columns-3 wp-block-latest-posts is-layout-grid wp-container-core-latest-posts-is-layout-cda6dc4f wp-block-latest-posts-is-layout-grid\"><li><div class=\"wp-block-latest-posts__featured-image\"><img loading=\"lazy\" decoding=\"async\" width=\"150\" height=\"150\" src=\"https:\/\/www.alasmedios.com\/wp-content\/uploads\/2026\/08\/Hidalgo-desarrollo-sostenible-150x150.jpg\" class=\"attachment-thumbnail size-thumbnail wp-post-image\" alt=\"\" style=\"\" \/><\/div><a class=\"wp-block-latest-posts__post-title\" href=\"https:\/\/www.alasmedios.com\/index.php\/2026\/08\/31\/170-mil-personas-salieron-de-la-pobreza-vivienda-y-obras-marcan-la-nueva-agenda-de-hidalgo\/\">170 mil personas salieron de la pobreza; vivienda y obras marcan la nueva agenda de Hidalgo<\/a><\/li>\n<li><div class=\"wp-block-latest-posts__featured-image\"><img loading=\"lazy\" decoding=\"async\" width=\"150\" height=\"150\" src=\"https:\/\/www.alasmedios.com\/wp-content\/uploads\/2026\/08\/Puebla-Liga-MX-Femenil-Necaxa-futbol-150x150.png\" class=\"attachment-thumbnail size-thumbnail wp-post-image\" alt=\"\" style=\"\" \/><\/div><a class=\"wp-block-latest-posts__post-title\" href=\"https:\/\/www.alasmedios.com\/index.php\/2026\/08\/31\/puebla-femenil-golea-a-necaxa-sale-de-sequia-sin-triunfo\/\">Puebla Femenil golea a Necaxa, sale de sequ\u00eda sin triunfo<\/a><\/li>\n<li><div class=\"wp-block-latest-posts__featured-image\"><img loading=\"lazy\" decoding=\"async\" width=\"150\" height=\"150\" src=\"https:\/\/www.alasmedios.com\/wp-content\/uploads\/2026\/08\/Hidalgo-estudiantes-SEPH-150x150.jpg\" class=\"attachment-thumbnail size-thumbnail wp-post-image\" alt=\"\" style=\"\" \/><\/div><a class=\"wp-block-latest-posts__post-title\" href=\"https:\/\/www.alasmedios.com\/index.php\/2026\/08\/31\/regresan-a-clases-500-mil-estudiantes-en-hidalgo-anuncian-120-mdp-para-educacion\/\">Regresan a clases 500 mil estudiantes en Hidalgo; anuncian 120 mdp para educaci\u00f3n<\/a><\/li>\n<\/ul>","protected":false},"excerpt":{"rendered":"<p>Corea del Sur abri\u00f3 nuevamente un debate que durante d\u00e9cadas hab\u00eda sido considerado pr\u00e1cticamente un tab\u00fa: que las mujeres tambi\u00e9n<\/p>\n","protected":false},"author":4,"featured_media":12513,"comment_status":"open","ping_status":"open","sticky":false,"template":"","format":"standard","meta":{"colormag_page_container_layout":"default_layout","colormag_page_sidebar_layout":"default_layout","rop_custom_images_group":[],"rop_custom_messages_group":[],"rop_publish_now":"yes","rop_publish_now_accounts":[],"rop_publish_now_history":[],"rop_publish_now_status":"pending","iawp_total_views":1,"footnotes":""},"categories":[3229],"tags":[817,53,1490],"class_list":["post-12511","post","type-post","status-publish","format-standard","has-post-thumbnail","hentry","category-mundo-extranjero","tag-corea-del-sur","tag-mujeres","tag-servicio-militar"],"magazineBlocksPostFeaturedMedia":{"thumbnail":"https:\/\/www.alasmedios.com\/wp-content\/uploads\/2026\/08\/Corea-del-Sur-mujeres-servicio-militar-1-150x150.png","medium":"https:\/\/www.alasmedios.com\/wp-content\/uploads\/2026\/08\/Corea-del-Sur-mujeres-servicio-militar-1-300x182.png","medium_large":"https:\/\/www.alasmedios.com\/wp-content\/uploads\/2026\/08\/Corea-del-Sur-mujeres-servicio-militar-1-768x466.png","large":"https:\/\/www.alasmedios.com\/wp-content\/uploads\/2026\/08\/Corea-del-Sur-mujeres-servicio-militar-1-1024x622.png","1536x1536":"https:\/\/www.alasmedios.com\/wp-content\/uploads\/2026\/08\/Corea-del-Sur-mujeres-servicio-militar-1-1536x932.png","2048x2048":"https:\/\/www.alasmedios.com\/wp-content\/uploads\/2026\/08\/Corea-del-Sur-mujeres-servicio-militar-1.png","colormag-highlighted-post":"https:\/\/www.alasmedios.com\/wp-content\/uploads\/2026\/08\/Corea-del-Sur-mujeres-servicio-militar-1-392x272.png","colormag-featured-post-medium":"https:\/\/www.alasmedios.com\/wp-content\/uploads\/2026\/08\/Corea-del-Sur-mujeres-servicio-militar-1-390x205.png","colormag-featured-post-small":"https:\/\/www.alasmedios.com\/wp-content\/uploads\/2026\/08\/Corea-del-Sur-mujeres-servicio-militar-1-130x90.png","colormag-featured-image":"https:\/\/www.alasmedios.com\/wp-content\/uploads\/2026\/08\/Corea-del-Sur-mujeres-servicio-militar-1-800x445.png","colormag-default-news":"https:\/\/www.alasmedios.com\/wp-content\/uploads\/2026\/08\/Corea-del-Sur-mujeres-servicio-militar-1-150x150.png","colormag-featured-image-large":"https:\/\/www.alasmedios.com\/wp-content\/uploads\/2026\/08\/Corea-del-Sur-mujeres-servicio-militar-1-1400x600.png"},"magazineBlocksPostAuthor":{"name":"Keila Rodr\u00edguez Pe\u00f1a","avatar":"https:\/\/secure.gravatar.com\/avatar\/a2553a2bfaa601b9d539b617c8793e151bdffb60f9e48a249912f86d4c9ebeef?s=96&d=mm&r=g"},"magazineBlocksPostCommentsNumber":"0","magazineBlocksPostExcerpt":"Corea del Sur abri\u00f3 nuevamente un debate que durante d\u00e9cadas hab\u00eda sido considerado pr\u00e1cticamente un tab\u00fa: que las mujeres tambi\u00e9n","magazineBlocksPostCategories":["Mundo"],"magazineBlocksPostViewCount":36,"magazineBlocksPostReadTime":4,"magazine_blocks_featured_image_url":{"full":["https:\/\/www.alasmedios.com\/wp-content\/uploads\/2026\/08\/Corea-del-Sur-mujeres-servicio-militar-1.png",2000,1214,false],"medium":["https:\/\/www.alasmedios.com\/wp-content\/uploads\/2026\/08\/Corea-del-Sur-mujeres-servicio-militar-1-300x182.png",300,182,true],"thumbnail":["https:\/\/www.alasmedios.com\/wp-content\/uploads\/2026\/08\/Corea-del-Sur-mujeres-servicio-militar-1-150x150.png",150,150,true]},"magazine_blocks_author":{"display_name":"Keila Rodr\u00edguez Pe\u00f1a","author_link":"https:\/\/www.alasmedios.com\/index.php\/author\/keila\/"},"magazine_blocks_comment":0,"magazine_blocks_author_image":"https:\/\/secure.gravatar.com\/avatar\/a2553a2bfaa601b9d539b617c8793e151bdffb60f9e48a249912f86d4c9ebeef?s=96&d=mm&r=g","magazine_blocks_category":"<a href=\"#\" class=\"category-link category-link-3229\">Mundo<\/a>","videoUrl":"","yoast_head":"<!-- This site is optimized with the Yoast SEO plugin v28.3 - https:\/\/yoast.com\/product\/yoast-seo-wordpress\/ -->\r\n<title>Mujeres al servicio militar: crece el apoyo en Corea del Sur<\/title>\r\n<meta name=\"description\" content=\"Corea del Sur abri\u00f3 nuevamente un debate que las mujeres tambi\u00e9n est\u00e9n obligadas a realizar el servicio militar\" \/>\r\n<meta name=\"robots\" content=\"index, follow, max-snippet:-1, max-image-preview:large, max-video-preview:-1\" \/>\r\n<link rel=\"canonical\" href=\"https:\/\/www.alasmedios.com\/index.php\/2026\/08\/31\/mujeres-al-servicio-militar-crece-el-apoyo-en-corea-del-sur\/\" \/>\r\n<meta property=\"og:locale\" content=\"es_MX\" \/>\r\n<meta property=\"og:type\" content=\"article\" \/>\r\n<meta property=\"og:title\" content=\"Mujeres al servicio militar: crece el apoyo en Corea del Sur\" \/>\r\n<meta property=\"og:description\" content=\"Corea del Sur abri\u00f3 nuevamente un debate que las mujeres tambi\u00e9n est\u00e9n obligadas a realizar el servicio militar\" \/>\r\n<meta property=\"og:url\" content=\"https:\/\/www.alasmedios.com\/index.php\/2026\/08\/31\/mujeres-al-servicio-militar-crece-el-apoyo-en-corea-del-sur\/\" \/>\r\n<meta property=\"og:site_name\" content=\"Alas Medios\" \/>\r\n<meta property=\"article:published_time\" content=\"2026-08-31T19:22:10+00:00\" \/>\r\n<meta property=\"article:modified_time\" content=\"2026-08-31T19:22:14+00:00\" \/>\r\n<meta property=\"og:image\" content=\"https:\/\/www.alasmedios.com\/wp-content\/uploads\/2026\/08\/Corea-del-Sur-mujeres-servicio-militar-1-1024x622.png\" \/>\r\n\t<meta property=\"og:image:width\" content=\"1024\" \/>\r\n\t<meta property=\"og:image:height\" content=\"622\" \/>\r\n\t<meta property=\"og:image:type\" content=\"image\/png\" \/>\r\n<meta name=\"author\" content=\"Keila Rodr\u00edguez Pe\u00f1a\" \/>\r\n<meta name=\"twitter:card\" content=\"summary_large_image\" \/>\r\n<meta name=\"twitter:label1\" content=\"Escrito por\" \/>\n\t<meta name=\"twitter:data1\" content=\"Keila Rodr\u00edguez Pe\u00f1a\" \/>\n\t<meta name=\"twitter:label2\" content=\"Tiempo de lectura\" \/>\n\t<meta name=\"twitter:data2\" content=\"4 minutos\" \/>\r\n<script type=\"application\/ld+json\" class=\"yoast-schema-graph\">{\"@context\":\"https:\\\/\\\/schema.org\",\"@graph\":[{\"@type\":\"Article\",\"@id\":\"https:\\\/\\\/www.alasmedios.com\\\/index.php\\\/2026\\\/08\\\/31\\\/mujeres-al-servicio-militar-crece-el-apoyo-en-corea-del-sur\\\/#article\",\"isPartOf\":{\"@id\":\"https:\\\/\\\/www.alasmedios.com\\\/index.php\\\/2026\\\/08\\\/31\\\/mujeres-al-servicio-militar-crece-el-apoyo-en-corea-del-sur\\\/\"},\"author\":{\"name\":\"Keila Rodr\u00edguez Pe\u00f1a\",\"@id\":\"https:\\\/\\\/www.alasmedios.com\\\/#\\\/schema\\\/person\\\/0ba31bdd19a05ebf5c7fef1fedf99c34\"},\"headline\":\"Mujeres al servicio militar: crece el apoyo en Corea del Sur\",\"datePublished\":\"2026-08-31T19:22:10+00:00\",\"dateModified\":\"2026-08-31T19:22:14+00:00\",\"mainEntityOfPage\":{\"@id\":\"https:\\\/\\\/www.alasmedios.com\\\/index.php\\\/2026\\\/08\\\/31\\\/mujeres-al-servicio-militar-crece-el-apoyo-en-corea-del-sur\\\/\"},\"wordCount\":801,\"commentCount\":0,\"publisher\":{\"@id\":\"https:\\\/\\\/www.alasmedios.com\\\/#organization\"},\"image\":{\"@id\":\"https:\\\/\\\/www.alasmedios.com\\\/index.php\\\/2026\\\/08\\\/31\\\/mujeres-al-servicio-militar-crece-el-apoyo-en-corea-del-sur\\\/#primaryimage\"},\"thumbnailUrl\":\"https:\\\/\\\/www.alasmedios.com\\\/wp-content\\\/uploads\\\/2026\\\/08\\\/Corea-del-Sur-mujeres-servicio-militar-1.png\",\"keywords\":[\"Corea del Sur\",\"Mujeres\",\"servicio militar\"],\"articleSection\":[\"Mundo\"],\"inLanguage\":\"es\",\"potentialAction\":[{\"@type\":\"CommentAction\",\"name\":\"Comment\",\"target\":[\"https:\\\/\\\/www.alasmedios.com\\\/index.php\\\/2026\\\/08\\\/31\\\/mujeres-al-servicio-militar-crece-el-apoyo-en-corea-del-sur\\\/#respond\"]}]},{\"@type\":\"WebPage\",\"@id\":\"https:\\\/\\\/www.alasmedios.com\\\/index.php\\\/2026\\\/08\\\/31\\\/mujeres-al-servicio-militar-crece-el-apoyo-en-corea-del-sur\\\/\",\"url\":\"https:\\\/\\\/www.alasmedios.com\\\/index.php\\\/2026\\\/08\\\/31\\\/mujeres-al-servicio-militar-crece-el-apoyo-en-corea-del-sur\\\/\",\"name\":\"Mujeres al servicio militar: crece el apoyo en Corea del Sur\",\"isPartOf\":{\"@id\":\"https:\\\/\\\/www.alasmedios.com\\\/#website\"},\"primaryImageOfPage\":{\"@id\":\"https:\\\/\\\/www.alasmedios.com\\\/index.php\\\/2026\\\/08\\\/31\\\/mujeres-al-servicio-militar-crece-el-apoyo-en-corea-del-sur\\\/#primaryimage\"},\"image\":{\"@id\":\"https:\\\/\\\/www.alasmedios.com\\\/index.php\\\/2026\\\/08\\\/31\\\/mujeres-al-servicio-militar-crece-el-apoyo-en-corea-del-sur\\\/#primaryimage\"},\"thumbnailUrl\":\"https:\\\/\\\/www.alasmedios.com\\\/wp-content\\\/uploads\\\/2026\\\/08\\\/Corea-del-Sur-mujeres-servicio-militar-1.png\",\"datePublished\":\"2026-08-31T19:22:10+00:00\",\"dateModified\":\"2026-08-31T19:22:14+00:00\",\"description\":\"Corea del Sur abri\u00f3 nuevamente un debate que las mujeres tambi\u00e9n est\u00e9n obligadas a realizar el servicio militar\",\"breadcrumb\":{\"@id\":\"https:\\\/\\\/www.alasmedios.com\\\/index.php\\\/2026\\\/08\\\/31\\\/mujeres-al-servicio-militar-crece-el-apoyo-en-corea-del-sur\\\/#breadcrumb\"},\"inLanguage\":\"es\",\"potentialAction\":[{\"@type\":\"ReadAction\",\"target\":[\"https:\\\/\\\/www.alasmedios.com\\\/index.php\\\/2026\\\/08\\\/31\\\/mujeres-al-servicio-militar-crece-el-apoyo-en-corea-del-sur\\\/\"]}]},{\"@type\":\"ImageObject\",\"inLanguage\":\"es\",\"@id\":\"https:\\\/\\\/www.alasmedios.com\\\/index.php\\\/2026\\\/08\\\/31\\\/mujeres-al-servicio-militar-crece-el-apoyo-en-corea-del-sur\\\/#primaryimage\",\"url\":\"https:\\\/\\\/www.alasmedios.com\\\/wp-content\\\/uploads\\\/2026\\\/08\\\/Corea-del-Sur-mujeres-servicio-militar-1.png\",\"contentUrl\":\"https:\\\/\\\/www.alasmedios.com\\\/wp-content\\\/uploads\\\/2026\\\/08\\\/Corea-del-Sur-mujeres-servicio-militar-1.png\",\"width\":2000,\"height\":1214},{\"@type\":\"BreadcrumbList\",\"@id\":\"https:\\\/\\\/www.alasmedios.com\\\/index.php\\\/2026\\\/08\\\/31\\\/mujeres-al-servicio-militar-crece-el-apoyo-en-corea-del-sur\\\/#breadcrumb\",\"itemListElement\":[{\"@type\":\"ListItem\",\"position\":1,\"name\":\"Inicio\",\"item\":\"https:\\\/\\\/www.alasmedios.com\\\/\"},{\"@type\":\"ListItem\",\"position\":2,\"name\":\"Mujeres al servicio militar: crece el apoyo en Corea del Sur\"}]},{\"@type\":\"WebSite\",\"@id\":\"https:\\\/\\\/www.alasmedios.com\\\/#website\",\"url\":\"https:\\\/\\\/www.alasmedios.com\\\/\",\"name\":\"Alas Medios\",\"description\":\"Alas para pensar, Alas para volar, Alas de libertad\",\"publisher\":{\"@id\":\"https:\\\/\\\/www.alasmedios.com\\\/#organization\"},\"potentialAction\":[{\"@type\":\"SearchAction\",\"target\":{\"@type\":\"EntryPoint\",\"urlTemplate\":\"https:\\\/\\\/www.alasmedios.com\\\/?s={search_term_string}\"},\"query-input\":{\"@type\":\"PropertyValueSpecification\",\"valueRequired\":true,\"valueName\":\"search_term_string\"}}],\"inLanguage\":\"es\"},{\"@type\":\"Organization\",\"@id\":\"https:\\\/\\\/www.alasmedios.com\\\/#organization\",\"name\":\"Alas Medios\",\"url\":\"https:\\\/\\\/www.alasmedios.com\\\/\",\"logo\":{\"@type\":\"ImageObject\",\"inLanguage\":\"es\",\"@id\":\"https:\\\/\\\/www.alasmedios.com\\\/#\\\/schema\\\/logo\\\/image\\\/\",\"url\":\"https:\\\/\\\/www.alasmedios.com\\\/wp-content\\\/uploads\\\/2026\\\/01\\\/cropped-cropped-GAM-1.png\",\"contentUrl\":\"https:\\\/\\\/www.alasmedios.com\\\/wp-content\\\/uploads\\\/2026\\\/01\\\/cropped-cropped-GAM-1.png\",\"width\":467,\"height\":235,\"caption\":\"Alas Medios\"},\"image\":{\"@id\":\"https:\\\/\\\/www.alasmedios.com\\\/#\\\/schema\\\/logo\\\/image\\\/\"}},{\"@type\":\"Person\",\"@id\":\"https:\\\/\\\/www.alasmedios.com\\\/#\\\/schema\\\/person\\\/0ba31bdd19a05ebf5c7fef1fedf99c34\",\"name\":\"Keila Rodr\u00edguez Pe\u00f1a\",\"image\":{\"@type\":\"ImageObject\",\"inLanguage\":\"es\",\"@id\":\"https:\\\/\\\/secure.gravatar.com\\\/avatar\\\/a2553a2bfaa601b9d539b617c8793e151bdffb60f9e48a249912f86d4c9ebeef?s=96&d=mm&r=g\",\"url\":\"https:\\\/\\\/secure.gravatar.com\\\/avatar\\\/a2553a2bfaa601b9d539b617c8793e151bdffb60f9e48a249912f86d4c9ebeef?s=96&d=mm&r=g\",\"contentUrl\":\"https:\\\/\\\/secure.gravatar.com\\\/avatar\\\/a2553a2bfaa601b9d539b617c8793e151bdffb60f9e48a249912f86d4c9ebeef?s=96&d=mm&r=g\",\"caption\":\"Keila Rodr\u00edguez Pe\u00f1a\"},\"sameAs\":[\"http:\\\/\\\/www.alasmedios.com\"],\"url\":\"https:\\\/\\\/www.alasmedios.com\\\/index.php\\\/author\\\/keila\\\/\"}]}<\/script>\r\n<!-- \/ Yoast SEO plugin. -->","yoast_head_json":{"title":"Mujeres al servicio militar: crece el apoyo en Corea del Sur","description":"Corea del Sur abri\u00f3 nuevamente un debate que las mujeres tambi\u00e9n est\u00e9n obligadas a realizar el servicio militar","robots":{"index":"index","follow":"follow","max-snippet":"max-snippet:-1","max-image-preview":"max-image-preview:large","max-video-preview":"max-video-preview:-1"},"canonical":"https:\/\/www.alasmedios.com\/index.php\/2026\/08\/31\/mujeres-al-servicio-militar-crece-el-apoyo-en-corea-del-sur\/","og_locale":"es_MX","og_type":"article","og_title":"Mujeres al servicio militar: crece el apoyo en Corea del Sur","og_description":"Corea del Sur abri\u00f3 nuevamente un debate que las mujeres tambi\u00e9n est\u00e9n obligadas a realizar el servicio militar","og_url":"https:\/\/www.alasmedios.com\/index.php\/2026\/08\/31\/mujeres-al-servicio-militar-crece-el-apoyo-en-corea-del-sur\/","og_site_name":"Alas Medios","article_published_time":"2026-08-31T19:22:10+00:00","article_modified_time":"2026-08-31T19:22:14+00:00","og_image":[{"width":1024,"height":622,"url":"https:\/\/www.alasmedios.com\/wp-content\/uploads\/2026\/08\/Corea-del-Sur-mujeres-servicio-militar-1-1024x622.png","type":"image\/png"}],"author":"Keila Rodr\u00edguez Pe\u00f1a","twitter_card":"summary_large_image","twitter_misc":{"Escrito por":"Keila Rodr\u00edguez Pe\u00f1a","Tiempo de lectura":"4 minutos"},"schema":{"@context":"https:\/\/schema.org","@graph":[{"@type":"Article","@id":"https:\/\/www.alasmedios.com\/index.php\/2026\/08\/31\/mujeres-al-servicio-militar-crece-el-apoyo-en-corea-del-sur\/#article","isPartOf":{"@id":"https:\/\/www.alasmedios.com\/index.php\/2026\/08\/31\/mujeres-al-servicio-militar-crece-el-apoyo-en-corea-del-sur\/"},"author":{"name":"Keila Rodr\u00edguez Pe\u00f1a","@id":"https:\/\/www.alasmedios.com\/#\/schema\/person\/0ba31bdd19a05ebf5c7fef1fedf99c34"},"headline":"Mujeres al servicio militar: crece el apoyo en Corea del Sur","datePublished":"2026-08-31T19:22:10+00:00","dateModified":"2026-08-31T19:22:14+00:00","mainEntityOfPage":{"@id":"https:\/\/www.alasmedios.com\/index.php\/2026\/08\/31\/mujeres-al-servicio-militar-crece-el-apoyo-en-corea-del-sur\/"},"wordCount":801,"commentCount":0,"publisher":{"@id":"https:\/\/www.alasmedios.com\/#organization"},"image":{"@id":"https:\/\/www.alasmedios.com\/index.php\/2026\/08\/31\/mujeres-al-servicio-militar-crece-el-apoyo-en-corea-del-sur\/#primaryimage"},"thumbnailUrl":"https:\/\/www.alasmedios.com\/wp-content\/uploads\/2026\/08\/Corea-del-Sur-mujeres-servicio-militar-1.png","keywords":["Corea del Sur","Mujeres","servicio militar"],"articleSection":["Mundo"],"inLanguage":"es","potentialAction":[{"@type":"CommentAction","name":"Comment","target":["https:\/\/www.alasmedios.com\/index.php\/2026\/08\/31\/mujeres-al-servicio-militar-crece-el-apoyo-en-corea-del-sur\/#respond"]}]},{"@type":"WebPage","@id":"https:\/\/www.alasmedios.com\/index.php\/2026\/08\/31\/mujeres-al-servicio-militar-crece-el-apoyo-en-corea-del-sur\/","url":"https:\/\/www.alasmedios.com\/index.php\/2026\/08\/31\/mujeres-al-servicio-militar-crece-el-apoyo-en-corea-del-sur\/","name":"Mujeres al servicio militar: crece el apoyo en Corea del Sur","isPartOf":{"@id":"https:\/\/www.alasmedios.com\/#website"},"primaryImageOfPage":{"@id":"https:\/\/www.alasmedios.com\/index.php\/2026\/08\/31\/mujeres-al-servicio-militar-crece-el-apoyo-en-corea-del-sur\/#primaryimage"},"image":{"@id":"https:\/\/www.alasmedios.com\/index.php\/2026\/08\/31\/mujeres-al-servicio-militar-crece-el-apoyo-en-corea-del-sur\/#primaryimage"},"thumbnailUrl":"https:\/\/www.alasmedios.com\/wp-content\/uploads\/2026\/08\/Corea-del-Sur-mujeres-servicio-militar-1.png","datePublished":"2026-08-31T19:22:10+00:00","dateModified":"2026-08-31T19:22:14+00:00","description":"Corea del Sur abri\u00f3 nuevamente un debate que las mujeres tambi\u00e9n est\u00e9n obligadas a realizar el servicio militar","breadcrumb":{"@id":"https:\/\/www.alasmedios.com\/index.php\/2026\/08\/31\/mujeres-al-servicio-militar-crece-el-apoyo-en-corea-del-sur\/#breadcrumb"},"inLanguage":"es","potentialAction":[{"@type":"ReadAction","target":["https:\/\/www.alasmedios.com\/index.php\/2026\/08\/31\/mujeres-al-servicio-militar-crece-el-apoyo-en-corea-del-sur\/"]}]},{"@type":"ImageObject","inLanguage":"es","@id":"https:\/\/www.alasmedios.com\/index.php\/2026\/08\/31\/mujeres-al-servicio-militar-crece-el-apoyo-en-corea-del-sur\/#primaryimage","url":"https:\/\/www.alasmedios.com\/wp-content\/uploads\/2026\/08\/Corea-del-Sur-mujeres-servicio-militar-1.png","contentUrl":"https:\/\/www.alasmedios.com\/wp-content\/uploads\/2026\/08\/Corea-del-Sur-mujeres-servicio-militar-1.png","width":2000,"height":1214},{"@type":"BreadcrumbList","@id":"https:\/\/www.alasmedios.com\/index.php\/2026\/08\/31\/mujeres-al-servicio-militar-crece-el-apoyo-en-corea-del-sur\/#breadcrumb","itemListElement":[{"@type":"ListItem","position":1,"name":"Inicio","item":"https:\/\/www.alasmedios.com\/"},{"@type":"ListItem","position":2,"name":"Mujeres al servicio militar: crece el apoyo en Corea del Sur"}]},{"@type":"WebSite","@id":"https:\/\/www.alasmedios.com\/#website","url":"https:\/\/www.alasmedios.com\/","name":"Alas Medios","description":"Alas para pensar, Alas para volar, Alas de libertad","publisher":{"@id":"https:\/\/www.alasmedios.com\/#organization"},"potentialAction":[{"@type":"SearchAction","target":{"@type":"EntryPoint","urlTemplate":"https:\/\/www.alasmedios.com\/?s={search_term_string}"},"query-input":{"@type":"PropertyValueSpecification","valueRequired":true,"valueName":"search_term_string"}}],"inLanguage":"es"},{"@type":"Organization","@id":"https:\/\/www.alasmedios.com\/#organization","name":"Alas Medios","url":"https:\/\/www.alasmedios.com\/","logo":{"@type":"ImageObject","inLanguage":"es","@id":"https:\/\/www.alasmedios.com\/#\/schema\/logo\/image\/","url":"https:\/\/www.alasmedios.com\/wp-content\/uploads\/2026\/01\/cropped-cropped-GAM-1.png","contentUrl":"https:\/\/www.alasmedios.com\/wp-content\/uploads\/2026\/01\/cropped-cropped-GAM-1.png","width":467,"height":235,"caption":"Alas Medios"},"image":{"@id":"https:\/\/www.alasmedios.com\/#\/schema\/logo\/image\/"}},{"@type":"Person","@id":"https:\/\/www.alasmedios.com\/#\/schema\/person\/0ba31bdd19a05ebf5c7fef1fedf99c34","name":"Keila Rodr\u00edguez Pe\u00f1a","image":{"@type":"ImageObject","inLanguage":"es","@id":"https:\/\/secure.gravatar.com\/avatar\/a2553a2bfaa601b9d539b617c8793e151bdffb60f9e48a249912f86d4c9ebeef?s=96&d=mm&r=g","url":"https:\/\/secure.gravatar.com\/avatar\/a2553a2bfaa601b9d539b617c8793e151bdffb60f9e48a249912f86d4c9ebeef?s=96&d=mm&r=g","contentUrl":"https:\/\/secure.gravatar.com\/avatar\/a2553a2bfaa601b9d539b617c8793e151bdffb60f9e48a249912f86d4c9ebeef?s=96&d=mm&r=g","caption":"Keila Rodr\u00edguez Pe\u00f1a"},"sameAs":["https:\/\/www.alasmedios.com"],"url":"https:\/\/www.alasmedios.com\/index.php\/author\/keila\/"}]}},"_links":{"self":[{"href":"https:\/\/www.alasmedios.com\/index.php\/wp-json\/wp\/v2\/posts\/12511","targetHints":{"allow":["GET"]}}],"collection":[{"href":"https:\/\/www.alasmedios.com\/index.php\/wp-json\/wp\/v2\/posts"}],"about":[{"href":"https:\/\/www.alasmedios.com\/index.php\/wp-json\/wp\/v2\/types\/post"}],"author":[{"embeddable":true,"href":"https:\/\/www.alasmedios.com\/index.php\/wp-json\/wp\/v2\/users\/4"}],"replies":[{"embeddable":true,"href":"https:\/\/www.alasmedios.com\/index.php\/wp-json\/wp\/v2\/comments?post=12511"}],"version-history":[{"count":1,"href":"https:\/\/www.alasmedios.com\/index.php\/wp-json\/wp\/v2\/posts\/12511\/revisions"}],"predecessor-version":[{"id":12515,"href":"https:\/\/www.alasmedios.com\/index.php\/wp-json\/wp\/v2\/posts\/12511\/revisions\/12515"}],"wp:featuredmedia":[{"embeddable":true,"href":"https:\/\/www.alasmedios.com\/index.php\/wp-json\/wp\/v2\/media\/12513"}],"wp:attachment":[{"href":"https:\/\/www.alasmedios.com\/index.php\/wp-json\/wp\/v2\/media?parent=12511"}],"wp:term":[{"taxonomy":"category","embeddable":true,"href":"https:\/\/www.alasmedios.com\/index.php\/wp-json\/wp\/v2\/categories?post=12511"},{"taxonomy":"post_tag","embeddable":true,"href":"https:\/\/www.alasmedios.com\/index.php\/wp-json\/wp\/v2\/tags?post=12511"}],"curies":[{"name":"wp","href":"https:\/\/api.w.org\/{rel}","templated":true}]}}