{"id":12507,"date":"2026-08-31T10:51:57","date_gmt":"2026-08-31T16:51:57","guid":{"rendered":"https:\/\/www.alasmedios.com\/?p=12507"},"modified":"2026-08-31T10:52:05","modified_gmt":"2026-08-31T16:52:05","slug":"elena-garro-como-inspiracion-y-argentina-como-escenario-reconocen-a-diana-hernandez-juarez","status":"publish","type":"post","link":"https:\/\/www.alasmedios.com\/index.php\/2026\/08\/31\/elena-garro-como-inspiracion-y-argentina-como-escenario-reconocen-a-diana-hernandez-juarez\/","title":{"rendered":"Elena Garro como inspiraci\u00f3n y Argentina como escenario: reconocen a Diana Hern\u00e1ndez Ju\u00e1rez"},"content":{"rendered":"\n<p class=\"wp-block-paragraph\"><strong>Diana Hern\u00e1ndez Ju\u00e1rez,<\/strong> acad\u00e9mica de la <strong>BUAP<\/strong> y fundadora de <strong>Elenistas Puebla<\/strong>, recibi\u00f3 en Argentina el Doctorado Honoris Causa por su trayectoria en feminismo y periodismo.<\/p>\n\n\n\n<p class=\"wp-block-paragraph\">La trayectoria de <strong>Diana Isabel Hern\u00e1ndez Ju\u00e1rez<\/strong>, acad\u00e9mica, investigadora y periodista, fue reconocida en <strong>Buenos Aires, Argentina<\/strong>, donde recibi\u00f3 el <strong>Doctorado Honoris Causa<\/strong> y el <strong>Galard\u00f3n Orden Dorada Magisterial<\/strong> otorgados por la <strong>Organizaci\u00f3n Internacional para la Inclusi\u00f3n y Calidad Educativa (OIICE)<\/strong>.<\/p>\n\n\n\n<p class=\"wp-block-paragraph\">Las distinciones reconocen sus <strong>33 a\u00f1os de labor docente y de investigaci\u00f3n<\/strong>, particularmente en el estudio de la <strong>literatura escrita por mujeres y la diversidad sexual<\/strong>, as\u00ed como en las narrativas de comunicaci\u00f3n y el <strong>periodismo con perspectiva de g\u00e9nero<\/strong>.<\/p>\n\n\n\n<p class=\"wp-block-paragraph\">CONTIN\u00daA LEYENDO: <a href=\"https:\/\/www.alasmedios.com\/index.php\/2026\/08\/31\/solo-algunas-reglas-basicas-de-etiqueta-y-protocolo\/\" data-type=\"post\" data-id=\"12504\">S\u00f3lo algunas reglas b\u00e1sicas de etiqueta y protocolo<\/a><\/p>\n\n\n\n<p class=\"wp-block-paragraph\">Hern\u00e1ndez Ju\u00e1rez es <strong>doctora en Literatura Hispanoamericana<\/strong> y profesora investigadora de la <strong>Facultad de Filosof\u00eda y Letras (FFyL) de la BUAP<\/strong>. Tambi\u00e9n forma parte del Cuerpo Acad\u00e9mico <strong>\u201cM\u00e1rgenes al Canon Literario Hispanoamericano\u201d<\/strong> y cuenta con <strong>nivel 1 del Sistema Nacional de Investigadoras e Investigadores (SNII)<\/strong>.<\/p>\n\n\n\n<p class=\"wp-block-paragraph\">Durante la ceremonia realizada en Argentina, la acad\u00e9mica destac\u00f3 el respaldo de su <strong>alma mater, la BUAP<\/strong>, instituci\u00f3n en la que realiz\u00f3 sus estudios desde la preparatoria hasta el doctorado y donde ha desarrollado parte de su trayectoria en los \u00e1mbitos acad\u00e9mico y administrativo.<\/p>\n\n\n\n<figure class=\"wp-block-image size-large\"><img loading=\"lazy\" decoding=\"async\" width=\"1024\" height=\"683\" src=\"https:\/\/www.alasmedios.com\/wp-content\/uploads\/2026\/08\/B-Dra-Diana-Hernandez-1024x683.jpg\" alt=\"\" class=\"wp-image-12509\" srcset=\"https:\/\/www.alasmedios.com\/wp-content\/uploads\/2026\/08\/B-Dra-Diana-Hernandez-1024x683.jpg 1024w, https:\/\/www.alasmedios.com\/wp-content\/uploads\/2026\/08\/B-Dra-Diana-Hernandez-300x200.jpg 300w, https:\/\/www.alasmedios.com\/wp-content\/uploads\/2026\/08\/B-Dra-Diana-Hernandez-768x512.jpg 768w, https:\/\/www.alasmedios.com\/wp-content\/uploads\/2026\/08\/B-Dra-Diana-Hernandez-2048x1365.jpg 2048w, https:\/\/www.alasmedios.com\/wp-content\/uploads\/2026\/08\/B-Dra-Diana-Hernandez-1536x1024.jpg 1536w\" sizes=\"auto, (max-width: 1024px) 100vw, 1024px\" \/><\/figure>\n\n\n\n<p class=\"wp-block-paragraph\">\u201cPara m\u00ed fue gratificante recibir tal distinci\u00f3n y me motiva a trabajar m\u00e1s como docente. Al momento de recibirlo cit\u00e9 a <strong>Sor Juana In\u00e9s de la Cruz<\/strong>: No estudio para saber m\u00e1s, sino para ignorar menos. Como docentes estamos obligados a siempre estar aprendiendo, incluso en colaboraci\u00f3n con nuestros estudiantes\u201d, expres\u00f3.<\/p>\n\n\n\n<h2 class=\"wp-block-heading\"><strong>Una trayectoria ligada a las escritoras que quedaron fuera del canon<\/strong><\/h2>\n\n\n\n<p class=\"wp-block-paragraph\">La labor de <strong>Diana Hern\u00e1ndez Ju\u00e1rez<\/strong> tambi\u00e9n se ha concentrado en recuperar y analizar la obra de escritoras que han quedado fuera de los principales espacios del canon literario.<\/p>\n\n\n\n<p class=\"wp-block-paragraph\">TE PUEDE INTERESAR: <a href=\"https:\/\/www.alasmedios.com\/index.php\/2026\/08\/29\/laura-itzel-castillo-llega-a-secretaria-de-las-mujeres\/\" data-type=\"post\" data-id=\"12478\">Laura Itzel Castillo llega a Secretar\u00eda de las Mujeres con pendientes en violencia, cuidados y justicia<\/a><\/p>\n\n\n\n<p class=\"wp-block-paragraph\">Es autora del libro <strong>\u201cEscritora feminista, periodista n\u00f3made, revisi\u00f3n a la obra de Elena Poniatowska\u201d<\/strong>, trabajo que fue calificado por la propia escritora como el mejor an\u00e1lisis de su obra y vida.<\/p>\n\n\n\n<p class=\"wp-block-paragraph\">Adem\u00e1s, ha coordinado <strong>cinco publicaciones especializadas<\/strong> dedicadas a la literatura de mujeres mexicanas invisibilizadas por el canon literario.<\/p>\n\n\n\n<p class=\"wp-block-paragraph\">Su producci\u00f3n acad\u00e9mica incluye <strong>35 publicaciones de art\u00edculos arbitrados<\/strong> y su participaci\u00f3n en <strong>38 congresos de literatura, comunicaci\u00f3n y periodismo<\/strong>.<\/p>\n\n\n\n<h2 class=\"wp-block-heading\"><strong>Elenistas Puebla, otro de sus proyectos<\/strong><\/h2>\n\n\n\n<p class=\"wp-block-paragraph\">A su trabajo acad\u00e9mico se suma la direcci\u00f3n del colectivo <strong>\u201cElenistas Puebla\u201d<\/strong>, un movimiento cultural y acad\u00e9mico integrado por estudiantes y maestras de la FFyL que trabaja en el <strong>rescate y difusi\u00f3n de la vida y obra de Elena Garro<\/strong>, adem\u00e1s de otras escritoras mexicanas.<\/p>\n\n\n\n<p class=\"wp-block-paragraph\">LEE: <a href=\"https:\/\/www.alasmedios.com\/index.php\/2026\/08\/29\/cesarea-por-necesidad-o-por-costumbre\/\" data-type=\"post\" data-id=\"12464\">\u00bfCes\u00e1rea por necesidad o por costumbre? M\u00e9xico alcanza 55% de nacimientos por cirug\u00eda<\/a><\/p>\n\n\n\n<p class=\"wp-block-paragraph\">El colectivo surgi\u00f3 como un espacio dedicado a mantener vigente el legado de la escritora y periodista poblana <strong>Elena Garro<\/strong>, mediante actividades de an\u00e1lisis, difusi\u00f3n y reconocimiento de su obra.<\/p>\n\n\n\n<p class=\"wp-block-paragraph\">Con este reconocimiento internacional, la trayectoria de <strong>Diana Isabel Hern\u00e1ndez Ju\u00e1rez<\/strong> suma una nueva distinci\u00f3n a una carrera marcada por la <strong>docencia, la investigaci\u00f3n, el feminismo, la literatura de mujeres y el periodismo con perspectiva de g\u00e9nero<\/strong>.<\/p>\n\n\n<ul class=\"wp-block-latest-posts__list is-grid columns-3 wp-block-latest-posts is-layout-grid wp-container-core-latest-posts-is-layout-cda6dc4f wp-block-latest-posts-is-layout-grid\"><li><div class=\"wp-block-latest-posts__featured-image\"><img loading=\"lazy\" decoding=\"async\" width=\"150\" height=\"150\" src=\"https:\/\/www.alasmedios.com\/wp-content\/uploads\/2026\/08\/Hidalgo-desarrollo-sostenible-150x150.jpg\" class=\"attachment-thumbnail size-thumbnail wp-post-image\" alt=\"\" style=\"\" \/><\/div><a class=\"wp-block-latest-posts__post-title\" href=\"https:\/\/www.alasmedios.com\/index.php\/2026\/08\/31\/170-mil-personas-salieron-de-la-pobreza-vivienda-y-obras-marcan-la-nueva-agenda-de-hidalgo\/\">170 mil personas salieron de la pobreza; vivienda y obras marcan la nueva agenda de Hidalgo<\/a><\/li>\n<li><div class=\"wp-block-latest-posts__featured-image\"><img loading=\"lazy\" decoding=\"async\" width=\"150\" height=\"150\" src=\"https:\/\/www.alasmedios.com\/wp-content\/uploads\/2026\/08\/Puebla-Liga-MX-Femenil-Necaxa-futbol-150x150.png\" class=\"attachment-thumbnail size-thumbnail wp-post-image\" alt=\"\" style=\"\" \/><\/div><a class=\"wp-block-latest-posts__post-title\" href=\"https:\/\/www.alasmedios.com\/index.php\/2026\/08\/31\/puebla-femenil-golea-a-necaxa-sale-de-sequia-sin-triunfo\/\">Puebla Femenil golea a Necaxa, sale de sequ\u00eda sin triunfo<\/a><\/li>\n<li><div class=\"wp-block-latest-posts__featured-image\"><img loading=\"lazy\" decoding=\"async\" width=\"150\" height=\"150\" src=\"https:\/\/www.alasmedios.com\/wp-content\/uploads\/2026\/08\/Hidalgo-estudiantes-SEPH-150x150.jpg\" class=\"attachment-thumbnail size-thumbnail wp-post-image\" alt=\"\" style=\"\" \/><\/div><a class=\"wp-block-latest-posts__post-title\" href=\"https:\/\/www.alasmedios.com\/index.php\/2026\/08\/31\/regresan-a-clases-500-mil-estudiantes-en-hidalgo-anuncian-120-mdp-para-educacion\/\">Regresan a clases 500 mil estudiantes en Hidalgo; anuncian 120 mdp para educaci\u00f3n<\/a><\/li>\n<\/ul>","protected":false},"excerpt":{"rendered":"<p>Diana Hern\u00e1ndez Ju\u00e1rez, acad\u00e9mica de la BUAP y fundadora de Elenistas Puebla, recibi\u00f3 en Argentina el Doctorado Honoris Causa por<\/p>\n","protected":false},"author":4,"featured_media":12508,"comment_status":"open","ping_status":"open","sticky":false,"template":"","format":"standard","meta":{"colormag_page_container_layout":"default_layout","colormag_page_sidebar_layout":"default_layout","rop_custom_images_group":[],"rop_custom_messages_group":[],"rop_publish_now":"yes","rop_publish_now_accounts":[],"rop_publish_now_history":[],"rop_publish_now_status":"pending","iawp_total_views":2,"footnotes":""},"categories":[3527,3229,3704],"tags":[729,2523,4829,4830,4828],"class_list":["post-12507","post","type-post","status-publish","format-standard","has-post-thumbnail","hentry","category-cultura-y-turismo","category-mundo-extranjero","category-puebla","tag-argentina","tag-buap","tag-diana-hernandez-juarez","tag-doctorado-honoris-causa","tag-elenistas-puebla"],"magazineBlocksPostFeaturedMedia":{"thumbnail":"https:\/\/www.alasmedios.com\/wp-content\/uploads\/2026\/08\/A-Dra-Diana-Hernandez_0-150x150.jpg","medium":"https:\/\/www.alasmedios.com\/wp-content\/uploads\/2026\/08\/A-Dra-Diana-Hernandez_0-300x200.jpg","medium_large":"https:\/\/www.alasmedios.com\/wp-content\/uploads\/2026\/08\/A-Dra-Diana-Hernandez_0-768x512.jpg","large":"https:\/\/www.alasmedios.com\/wp-content\/uploads\/2026\/08\/A-Dra-Diana-Hernandez_0-1024x683.jpg","1536x1536":"https:\/\/www.alasmedios.com\/wp-content\/uploads\/2026\/08\/A-Dra-Diana-Hernandez_0-1536x1024.jpg","2048x2048":"https:\/\/www.alasmedios.com\/wp-content\/uploads\/2026\/08\/A-Dra-Diana-Hernandez_0-2048x1365.jpg","colormag-highlighted-post":"https:\/\/www.alasmedios.com\/wp-content\/uploads\/2026\/08\/A-Dra-Diana-Hernandez_0-392x272.jpg","colormag-featured-post-medium":"https:\/\/www.alasmedios.com\/wp-content\/uploads\/2026\/08\/A-Dra-Diana-Hernandez_0-390x205.jpg","colormag-featured-post-small":"https:\/\/www.alasmedios.com\/wp-content\/uploads\/2026\/08\/A-Dra-Diana-Hernandez_0-130x90.jpg","colormag-featured-image":"https:\/\/www.alasmedios.com\/wp-content\/uploads\/2026\/08\/A-Dra-Diana-Hernandez_0-800x445.jpg","colormag-default-news":"https:\/\/www.alasmedios.com\/wp-content\/uploads\/2026\/08\/A-Dra-Diana-Hernandez_0-150x150.jpg","colormag-featured-image-large":"https:\/\/www.alasmedios.com\/wp-content\/uploads\/2026\/08\/A-Dra-Diana-Hernandez_0-1400x600.jpg"},"magazineBlocksPostAuthor":{"name":"Keila Rodr\u00edguez Pe\u00f1a","avatar":"https:\/\/secure.gravatar.com\/avatar\/a2553a2bfaa601b9d539b617c8793e151bdffb60f9e48a249912f86d4c9ebeef?s=96&d=mm&r=g"},"magazineBlocksPostCommentsNumber":"0","magazineBlocksPostExcerpt":"Diana Hern\u00e1ndez Ju\u00e1rez, acad\u00e9mica de la BUAP y fundadora de Elenistas Puebla, recibi\u00f3 en Argentina el Doctorado Honoris Causa por","magazineBlocksPostCategories":["Cultura y Turismo","Mundo","Puebla"],"magazineBlocksPostViewCount":70,"magazineBlocksPostReadTime":3,"magazine_blocks_featured_image_url":{"full":["https:\/\/www.alasmedios.com\/wp-content\/uploads\/2026\/08\/A-Dra-Diana-Hernandez_0-scaled.jpg",2560,1707,false],"medium":["https:\/\/www.alasmedios.com\/wp-content\/uploads\/2026\/08\/A-Dra-Diana-Hernandez_0-300x200.jpg",300,200,true],"thumbnail":["https:\/\/www.alasmedios.com\/wp-content\/uploads\/2026\/08\/A-Dra-Diana-Hernandez_0-150x150.jpg",150,150,true]},"magazine_blocks_author":{"display_name":"Keila Rodr\u00edguez Pe\u00f1a","author_link":"https:\/\/www.alasmedios.com\/index.php\/author\/keila\/"},"magazine_blocks_comment":0,"magazine_blocks_author_image":"https:\/\/secure.gravatar.com\/avatar\/a2553a2bfaa601b9d539b617c8793e151bdffb60f9e48a249912f86d4c9ebeef?s=96&d=mm&r=g","magazine_blocks_category":"<a href=\"#\" class=\"category-link category-link-3527\">Cultura y Turismo<\/a> <a href=\"#\" class=\"category-link category-link-3229\">Mundo<\/a> <a href=\"#\" class=\"category-link category-link-3704\">Puebla<\/a>","videoUrl":"","yoast_head":"<!-- This site is optimized with the Yoast SEO plugin v28.3 - https:\/\/yoast.com\/product\/yoast-seo-wordpress\/ -->\r\n<title>Elena Garro como inspiraci\u00f3n y Argentina como escenario: reconocen a Diana Hern\u00e1ndez Ju\u00e1rez<\/title>\r\n<meta name=\"description\" content=\"Diana Hern\u00e1ndez Ju\u00e1rez, acad\u00e9mica de la BUAP y fundadora de Elenistas Puebla, recibi\u00f3 en Argentina el Doctorado Honoris Causa\" \/>\r\n<meta name=\"robots\" content=\"index, follow, max-snippet:-1, max-image-preview:large, max-video-preview:-1\" \/>\r\n<link rel=\"canonical\" href=\"https:\/\/www.alasmedios.com\/index.php\/2026\/08\/31\/elena-garro-como-inspiracion-y-argentina-como-escenario-reconocen-a-diana-hernandez-juarez\/\" \/>\r\n<meta property=\"og:locale\" content=\"es_MX\" \/>\r\n<meta property=\"og:type\" content=\"article\" \/>\r\n<meta property=\"og:title\" content=\"Elena Garro como inspiraci\u00f3n y Argentina como escenario: reconocen a Diana Hern\u00e1ndez Ju\u00e1rez\" \/>\r\n<meta property=\"og:description\" content=\"Diana Hern\u00e1ndez Ju\u00e1rez, acad\u00e9mica de la BUAP y fundadora de Elenistas Puebla, recibi\u00f3 en Argentina el Doctorado Honoris Causa\" \/>\r\n<meta property=\"og:url\" content=\"https:\/\/www.alasmedios.com\/index.php\/2026\/08\/31\/elena-garro-como-inspiracion-y-argentina-como-escenario-reconocen-a-diana-hernandez-juarez\/\" \/>\r\n<meta property=\"og:site_name\" content=\"Alas Medios\" \/>\r\n<meta property=\"article:published_time\" content=\"2026-08-31T16:51:57+00:00\" \/>\r\n<meta property=\"article:modified_time\" content=\"2026-08-31T16:52:05+00:00\" \/>\r\n<meta property=\"og:image\" content=\"https:\/\/www.alasmedios.com\/wp-content\/uploads\/2026\/08\/A-Dra-Diana-Hernandez_0-scaled.jpg\" \/>\r\n\t<meta property=\"og:image:width\" content=\"2560\" \/>\r\n\t<meta property=\"og:image:height\" content=\"1707\" \/>\r\n\t<meta property=\"og:image:type\" content=\"image\/jpeg\" \/>\r\n<meta name=\"author\" content=\"Keila Rodr\u00edguez Pe\u00f1a\" \/>\r\n<meta name=\"twitter:card\" content=\"summary_large_image\" \/>\r\n<meta name=\"twitter:label1\" content=\"Escrito por\" \/>\n\t<meta name=\"twitter:data1\" content=\"Keila Rodr\u00edguez Pe\u00f1a\" \/>\n\t<meta name=\"twitter:label2\" content=\"Tiempo de lectura\" \/>\n\t<meta name=\"twitter:data2\" content=\"3 minutos\" \/>\r\n<script type=\"application\/ld+json\" class=\"yoast-schema-graph\">{\"@context\":\"https:\\\/\\\/schema.org\",\"@graph\":[{\"@type\":\"Article\",\"@id\":\"https:\\\/\\\/www.alasmedios.com\\\/index.php\\\/2026\\\/08\\\/31\\\/elena-garro-como-inspiracion-y-argentina-como-escenario-reconocen-a-diana-hernandez-juarez\\\/#article\",\"isPartOf\":{\"@id\":\"https:\\\/\\\/www.alasmedios.com\\\/index.php\\\/2026\\\/08\\\/31\\\/elena-garro-como-inspiracion-y-argentina-como-escenario-reconocen-a-diana-hernandez-juarez\\\/\"},\"author\":{\"name\":\"Keila Rodr\u00edguez Pe\u00f1a\",\"@id\":\"https:\\\/\\\/www.alasmedios.com\\\/#\\\/schema\\\/person\\\/0ba31bdd19a05ebf5c7fef1fedf99c34\"},\"headline\":\"Elena Garro como inspiraci\u00f3n y Argentina como escenario: reconocen a Diana Hern\u00e1ndez Ju\u00e1rez\",\"datePublished\":\"2026-08-31T16:51:57+00:00\",\"dateModified\":\"2026-08-31T16:52:05+00:00\",\"mainEntityOfPage\":{\"@id\":\"https:\\\/\\\/www.alasmedios.com\\\/index.php\\\/2026\\\/08\\\/31\\\/elena-garro-como-inspiracion-y-argentina-como-escenario-reconocen-a-diana-hernandez-juarez\\\/\"},\"wordCount\":587,\"commentCount\":0,\"publisher\":{\"@id\":\"https:\\\/\\\/www.alasmedios.com\\\/#organization\"},\"image\":{\"@id\":\"https:\\\/\\\/www.alasmedios.com\\\/index.php\\\/2026\\\/08\\\/31\\\/elena-garro-como-inspiracion-y-argentina-como-escenario-reconocen-a-diana-hernandez-juarez\\\/#primaryimage\"},\"thumbnailUrl\":\"https:\\\/\\\/www.alasmedios.com\\\/wp-content\\\/uploads\\\/2026\\\/08\\\/A-Dra-Diana-Hernandez_0-scaled.jpg\",\"keywords\":[\"Argentina\",\"BUAP\",\"Diana Hern\u00e1ndez Ju\u00e1rez\",\"Doctorado Honoris Causa\",\"Elenistas Puebla\"],\"articleSection\":[\"Cultura y Turismo\",\"Mundo\",\"Puebla\"],\"inLanguage\":\"es\",\"potentialAction\":[{\"@type\":\"CommentAction\",\"name\":\"Comment\",\"target\":[\"https:\\\/\\\/www.alasmedios.com\\\/index.php\\\/2026\\\/08\\\/31\\\/elena-garro-como-inspiracion-y-argentina-como-escenario-reconocen-a-diana-hernandez-juarez\\\/#respond\"]}]},{\"@type\":\"WebPage\",\"@id\":\"https:\\\/\\\/www.alasmedios.com\\\/index.php\\\/2026\\\/08\\\/31\\\/elena-garro-como-inspiracion-y-argentina-como-escenario-reconocen-a-diana-hernandez-juarez\\\/\",\"url\":\"https:\\\/\\\/www.alasmedios.com\\\/index.php\\\/2026\\\/08\\\/31\\\/elena-garro-como-inspiracion-y-argentina-como-escenario-reconocen-a-diana-hernandez-juarez\\\/\",\"name\":\"Elena Garro como inspiraci\u00f3n y Argentina como escenario: reconocen a Diana Hern\u00e1ndez Ju\u00e1rez\",\"isPartOf\":{\"@id\":\"https:\\\/\\\/www.alasmedios.com\\\/#website\"},\"primaryImageOfPage\":{\"@id\":\"https:\\\/\\\/www.alasmedios.com\\\/index.php\\\/2026\\\/08\\\/31\\\/elena-garro-como-inspiracion-y-argentina-como-escenario-reconocen-a-diana-hernandez-juarez\\\/#primaryimage\"},\"image\":{\"@id\":\"https:\\\/\\\/www.alasmedios.com\\\/index.php\\\/2026\\\/08\\\/31\\\/elena-garro-como-inspiracion-y-argentina-como-escenario-reconocen-a-diana-hernandez-juarez\\\/#primaryimage\"},\"thumbnailUrl\":\"https:\\\/\\\/www.alasmedios.com\\\/wp-content\\\/uploads\\\/2026\\\/08\\\/A-Dra-Diana-Hernandez_0-scaled.jpg\",\"datePublished\":\"2026-08-31T16:51:57+00:00\",\"dateModified\":\"2026-08-31T16:52:05+00:00\",\"description\":\"Diana Hern\u00e1ndez Ju\u00e1rez, acad\u00e9mica de la BUAP y fundadora de Elenistas Puebla, recibi\u00f3 en Argentina el Doctorado Honoris Causa\",\"breadcrumb\":{\"@id\":\"https:\\\/\\\/www.alasmedios.com\\\/index.php\\\/2026\\\/08\\\/31\\\/elena-garro-como-inspiracion-y-argentina-como-escenario-reconocen-a-diana-hernandez-juarez\\\/#breadcrumb\"},\"inLanguage\":\"es\",\"potentialAction\":[{\"@type\":\"ReadAction\",\"target\":[\"https:\\\/\\\/www.alasmedios.com\\\/index.php\\\/2026\\\/08\\\/31\\\/elena-garro-como-inspiracion-y-argentina-como-escenario-reconocen-a-diana-hernandez-juarez\\\/\"]}]},{\"@type\":\"ImageObject\",\"inLanguage\":\"es\",\"@id\":\"https:\\\/\\\/www.alasmedios.com\\\/index.php\\\/2026\\\/08\\\/31\\\/elena-garro-como-inspiracion-y-argentina-como-escenario-reconocen-a-diana-hernandez-juarez\\\/#primaryimage\",\"url\":\"https:\\\/\\\/www.alasmedios.com\\\/wp-content\\\/uploads\\\/2026\\\/08\\\/A-Dra-Diana-Hernandez_0-scaled.jpg\",\"contentUrl\":\"https:\\\/\\\/www.alasmedios.com\\\/wp-content\\\/uploads\\\/2026\\\/08\\\/A-Dra-Diana-Hernandez_0-scaled.jpg\",\"width\":2560,\"height\":1707},{\"@type\":\"BreadcrumbList\",\"@id\":\"https:\\\/\\\/www.alasmedios.com\\\/index.php\\\/2026\\\/08\\\/31\\\/elena-garro-como-inspiracion-y-argentina-como-escenario-reconocen-a-diana-hernandez-juarez\\\/#breadcrumb\",\"itemListElement\":[{\"@type\":\"ListItem\",\"position\":1,\"name\":\"Inicio\",\"item\":\"https:\\\/\\\/www.alasmedios.com\\\/\"},{\"@type\":\"ListItem\",\"position\":2,\"name\":\"Elena Garro como inspiraci\u00f3n y Argentina como escenario: reconocen a Diana Hern\u00e1ndez Ju\u00e1rez\"}]},{\"@type\":\"WebSite\",\"@id\":\"https:\\\/\\\/www.alasmedios.com\\\/#website\",\"url\":\"https:\\\/\\\/www.alasmedios.com\\\/\",\"name\":\"Alas Medios\",\"description\":\"Alas para pensar, Alas para volar, Alas de libertad\",\"publisher\":{\"@id\":\"https:\\\/\\\/www.alasmedios.com\\\/#organization\"},\"potentialAction\":[{\"@type\":\"SearchAction\",\"target\":{\"@type\":\"EntryPoint\",\"urlTemplate\":\"https:\\\/\\\/www.alasmedios.com\\\/?s={search_term_string}\"},\"query-input\":{\"@type\":\"PropertyValueSpecification\",\"valueRequired\":true,\"valueName\":\"search_term_string\"}}],\"inLanguage\":\"es\"},{\"@type\":\"Organization\",\"@id\":\"https:\\\/\\\/www.alasmedios.com\\\/#organization\",\"name\":\"Alas Medios\",\"url\":\"https:\\\/\\\/www.alasmedios.com\\\/\",\"logo\":{\"@type\":\"ImageObject\",\"inLanguage\":\"es\",\"@id\":\"https:\\\/\\\/www.alasmedios.com\\\/#\\\/schema\\\/logo\\\/image\\\/\",\"url\":\"https:\\\/\\\/www.alasmedios.com\\\/wp-content\\\/uploads\\\/2026\\\/01\\\/cropped-cropped-GAM-1.png\",\"contentUrl\":\"https:\\\/\\\/www.alasmedios.com\\\/wp-content\\\/uploads\\\/2026\\\/01\\\/cropped-cropped-GAM-1.png\",\"width\":467,\"height\":235,\"caption\":\"Alas Medios\"},\"image\":{\"@id\":\"https:\\\/\\\/www.alasmedios.com\\\/#\\\/schema\\\/logo\\\/image\\\/\"}},{\"@type\":\"Person\",\"@id\":\"https:\\\/\\\/www.alasmedios.com\\\/#\\\/schema\\\/person\\\/0ba31bdd19a05ebf5c7fef1fedf99c34\",\"name\":\"Keila Rodr\u00edguez Pe\u00f1a\",\"image\":{\"@type\":\"ImageObject\",\"inLanguage\":\"es\",\"@id\":\"https:\\\/\\\/secure.gravatar.com\\\/avatar\\\/a2553a2bfaa601b9d539b617c8793e151bdffb60f9e48a249912f86d4c9ebeef?s=96&d=mm&r=g\",\"url\":\"https:\\\/\\\/secure.gravatar.com\\\/avatar\\\/a2553a2bfaa601b9d539b617c8793e151bdffb60f9e48a249912f86d4c9ebeef?s=96&d=mm&r=g\",\"contentUrl\":\"https:\\\/\\\/secure.gravatar.com\\\/avatar\\\/a2553a2bfaa601b9d539b617c8793e151bdffb60f9e48a249912f86d4c9ebeef?s=96&d=mm&r=g\",\"caption\":\"Keila Rodr\u00edguez Pe\u00f1a\"},\"sameAs\":[\"http:\\\/\\\/www.alasmedios.com\"],\"url\":\"https:\\\/\\\/www.alasmedios.com\\\/index.php\\\/author\\\/keila\\\/\"}]}<\/script>\r\n<!-- \/ Yoast SEO plugin. -->","yoast_head_json":{"title":"Elena Garro como inspiraci\u00f3n y Argentina como escenario: reconocen a Diana Hern\u00e1ndez Ju\u00e1rez","description":"Diana Hern\u00e1ndez Ju\u00e1rez, acad\u00e9mica de la BUAP y fundadora de Elenistas Puebla, recibi\u00f3 en Argentina el Doctorado Honoris Causa","robots":{"index":"index","follow":"follow","max-snippet":"max-snippet:-1","max-image-preview":"max-image-preview:large","max-video-preview":"max-video-preview:-1"},"canonical":"https:\/\/www.alasmedios.com\/index.php\/2026\/08\/31\/elena-garro-como-inspiracion-y-argentina-como-escenario-reconocen-a-diana-hernandez-juarez\/","og_locale":"es_MX","og_type":"article","og_title":"Elena Garro como inspiraci\u00f3n y Argentina como escenario: reconocen a Diana Hern\u00e1ndez Ju\u00e1rez","og_description":"Diana Hern\u00e1ndez Ju\u00e1rez, acad\u00e9mica de la BUAP y fundadora de Elenistas Puebla, recibi\u00f3 en Argentina el Doctorado Honoris Causa","og_url":"https:\/\/www.alasmedios.com\/index.php\/2026\/08\/31\/elena-garro-como-inspiracion-y-argentina-como-escenario-reconocen-a-diana-hernandez-juarez\/","og_site_name":"Alas Medios","article_published_time":"2026-08-31T16:51:57+00:00","article_modified_time":"2026-08-31T16:52:05+00:00","og_image":[{"width":2560,"height":1707,"url":"https:\/\/www.alasmedios.com\/wp-content\/uploads\/2026\/08\/A-Dra-Diana-Hernandez_0-scaled.jpg","type":"image\/jpeg"}],"author":"Keila Rodr\u00edguez Pe\u00f1a","twitter_card":"summary_large_image","twitter_misc":{"Escrito por":"Keila Rodr\u00edguez Pe\u00f1a","Tiempo de lectura":"3 minutos"},"schema":{"@context":"https:\/\/schema.org","@graph":[{"@type":"Article","@id":"https:\/\/www.alasmedios.com\/index.php\/2026\/08\/31\/elena-garro-como-inspiracion-y-argentina-como-escenario-reconocen-a-diana-hernandez-juarez\/#article","isPartOf":{"@id":"https:\/\/www.alasmedios.com\/index.php\/2026\/08\/31\/elena-garro-como-inspiracion-y-argentina-como-escenario-reconocen-a-diana-hernandez-juarez\/"},"author":{"name":"Keila Rodr\u00edguez Pe\u00f1a","@id":"https:\/\/www.alasmedios.com\/#\/schema\/person\/0ba31bdd19a05ebf5c7fef1fedf99c34"},"headline":"Elena Garro como inspiraci\u00f3n y Argentina como escenario: reconocen a Diana Hern\u00e1ndez Ju\u00e1rez","datePublished":"2026-08-31T16:51:57+00:00","dateModified":"2026-08-31T16:52:05+00:00","mainEntityOfPage":{"@id":"https:\/\/www.alasmedios.com\/index.php\/2026\/08\/31\/elena-garro-como-inspiracion-y-argentina-como-escenario-reconocen-a-diana-hernandez-juarez\/"},"wordCount":587,"commentCount":0,"publisher":{"@id":"https:\/\/www.alasmedios.com\/#organization"},"image":{"@id":"https:\/\/www.alasmedios.com\/index.php\/2026\/08\/31\/elena-garro-como-inspiracion-y-argentina-como-escenario-reconocen-a-diana-hernandez-juarez\/#primaryimage"},"thumbnailUrl":"https:\/\/www.alasmedios.com\/wp-content\/uploads\/2026\/08\/A-Dra-Diana-Hernandez_0-scaled.jpg","keywords":["Argentina","BUAP","Diana Hern\u00e1ndez Ju\u00e1rez","Doctorado Honoris Causa","Elenistas Puebla"],"articleSection":["Cultura y Turismo","Mundo","Puebla"],"inLanguage":"es","potentialAction":[{"@type":"CommentAction","name":"Comment","target":["https:\/\/www.alasmedios.com\/index.php\/2026\/08\/31\/elena-garro-como-inspiracion-y-argentina-como-escenario-reconocen-a-diana-hernandez-juarez\/#respond"]}]},{"@type":"WebPage","@id":"https:\/\/www.alasmedios.com\/index.php\/2026\/08\/31\/elena-garro-como-inspiracion-y-argentina-como-escenario-reconocen-a-diana-hernandez-juarez\/","url":"https:\/\/www.alasmedios.com\/index.php\/2026\/08\/31\/elena-garro-como-inspiracion-y-argentina-como-escenario-reconocen-a-diana-hernandez-juarez\/","name":"Elena Garro como inspiraci\u00f3n y Argentina como escenario: reconocen a Diana Hern\u00e1ndez Ju\u00e1rez","isPartOf":{"@id":"https:\/\/www.alasmedios.com\/#website"},"primaryImageOfPage":{"@id":"https:\/\/www.alasmedios.com\/index.php\/2026\/08\/31\/elena-garro-como-inspiracion-y-argentina-como-escenario-reconocen-a-diana-hernandez-juarez\/#primaryimage"},"image":{"@id":"https:\/\/www.alasmedios.com\/index.php\/2026\/08\/31\/elena-garro-como-inspiracion-y-argentina-como-escenario-reconocen-a-diana-hernandez-juarez\/#primaryimage"},"thumbnailUrl":"https:\/\/www.alasmedios.com\/wp-content\/uploads\/2026\/08\/A-Dra-Diana-Hernandez_0-scaled.jpg","datePublished":"2026-08-31T16:51:57+00:00","dateModified":"2026-08-31T16:52:05+00:00","description":"Diana Hern\u00e1ndez Ju\u00e1rez, acad\u00e9mica de la BUAP y fundadora de Elenistas Puebla, recibi\u00f3 en Argentina el Doctorado Honoris Causa","breadcrumb":{"@id":"https:\/\/www.alasmedios.com\/index.php\/2026\/08\/31\/elena-garro-como-inspiracion-y-argentina-como-escenario-reconocen-a-diana-hernandez-juarez\/#breadcrumb"},"inLanguage":"es","potentialAction":[{"@type":"ReadAction","target":["https:\/\/www.alasmedios.com\/index.php\/2026\/08\/31\/elena-garro-como-inspiracion-y-argentina-como-escenario-reconocen-a-diana-hernandez-juarez\/"]}]},{"@type":"ImageObject","inLanguage":"es","@id":"https:\/\/www.alasmedios.com\/index.php\/2026\/08\/31\/elena-garro-como-inspiracion-y-argentina-como-escenario-reconocen-a-diana-hernandez-juarez\/#primaryimage","url":"https:\/\/www.alasmedios.com\/wp-content\/uploads\/2026\/08\/A-Dra-Diana-Hernandez_0-scaled.jpg","contentUrl":"https:\/\/www.alasmedios.com\/wp-content\/uploads\/2026\/08\/A-Dra-Diana-Hernandez_0-scaled.jpg","width":2560,"height":1707},{"@type":"BreadcrumbList","@id":"https:\/\/www.alasmedios.com\/index.php\/2026\/08\/31\/elena-garro-como-inspiracion-y-argentina-como-escenario-reconocen-a-diana-hernandez-juarez\/#breadcrumb","itemListElement":[{"@type":"ListItem","position":1,"name":"Inicio","item":"https:\/\/www.alasmedios.com\/"},{"@type":"ListItem","position":2,"name":"Elena Garro como inspiraci\u00f3n y Argentina como escenario: reconocen a Diana Hern\u00e1ndez Ju\u00e1rez"}]},{"@type":"WebSite","@id":"https:\/\/www.alasmedios.com\/#website","url":"https:\/\/www.alasmedios.com\/","name":"Alas Medios","description":"Alas para pensar, Alas para volar, Alas de libertad","publisher":{"@id":"https:\/\/www.alasmedios.com\/#organization"},"potentialAction":[{"@type":"SearchAction","target":{"@type":"EntryPoint","urlTemplate":"https:\/\/www.alasmedios.com\/?s={search_term_string}"},"query-input":{"@type":"PropertyValueSpecification","valueRequired":true,"valueName":"search_term_string"}}],"inLanguage":"es"},{"@type":"Organization","@id":"https:\/\/www.alasmedios.com\/#organization","name":"Alas Medios","url":"https:\/\/www.alasmedios.com\/","logo":{"@type":"ImageObject","inLanguage":"es","@id":"https:\/\/www.alasmedios.com\/#\/schema\/logo\/image\/","url":"https:\/\/www.alasmedios.com\/wp-content\/uploads\/2026\/01\/cropped-cropped-GAM-1.png","contentUrl":"https:\/\/www.alasmedios.com\/wp-content\/uploads\/2026\/01\/cropped-cropped-GAM-1.png","width":467,"height":235,"caption":"Alas Medios"},"image":{"@id":"https:\/\/www.alasmedios.com\/#\/schema\/logo\/image\/"}},{"@type":"Person","@id":"https:\/\/www.alasmedios.com\/#\/schema\/person\/0ba31bdd19a05ebf5c7fef1fedf99c34","name":"Keila Rodr\u00edguez Pe\u00f1a","image":{"@type":"ImageObject","inLanguage":"es","@id":"https:\/\/secure.gravatar.com\/avatar\/a2553a2bfaa601b9d539b617c8793e151bdffb60f9e48a249912f86d4c9ebeef?s=96&d=mm&r=g","url":"https:\/\/secure.gravatar.com\/avatar\/a2553a2bfaa601b9d539b617c8793e151bdffb60f9e48a249912f86d4c9ebeef?s=96&d=mm&r=g","contentUrl":"https:\/\/secure.gravatar.com\/avatar\/a2553a2bfaa601b9d539b617c8793e151bdffb60f9e48a249912f86d4c9ebeef?s=96&d=mm&r=g","caption":"Keila Rodr\u00edguez Pe\u00f1a"},"sameAs":["https:\/\/www.alasmedios.com"],"url":"https:\/\/www.alasmedios.com\/index.php\/author\/keila\/"}]}},"_links":{"self":[{"href":"https:\/\/www.alasmedios.com\/index.php\/wp-json\/wp\/v2\/posts\/12507","targetHints":{"allow":["GET"]}}],"collection":[{"href":"https:\/\/www.alasmedios.com\/index.php\/wp-json\/wp\/v2\/posts"}],"about":[{"href":"https:\/\/www.alasmedios.com\/index.php\/wp-json\/wp\/v2\/types\/post"}],"author":[{"embeddable":true,"href":"https:\/\/www.alasmedios.com\/index.php\/wp-json\/wp\/v2\/users\/4"}],"replies":[{"embeddable":true,"href":"https:\/\/www.alasmedios.com\/index.php\/wp-json\/wp\/v2\/comments?post=12507"}],"version-history":[{"count":1,"href":"https:\/\/www.alasmedios.com\/index.php\/wp-json\/wp\/v2\/posts\/12507\/revisions"}],"predecessor-version":[{"id":12510,"href":"https:\/\/www.alasmedios.com\/index.php\/wp-json\/wp\/v2\/posts\/12507\/revisions\/12510"}],"wp:featuredmedia":[{"embeddable":true,"href":"https:\/\/www.alasmedios.com\/index.php\/wp-json\/wp\/v2\/media\/12508"}],"wp:attachment":[{"href":"https:\/\/www.alasmedios.com\/index.php\/wp-json\/wp\/v2\/media?parent=12507"}],"wp:term":[{"taxonomy":"category","embeddable":true,"href":"https:\/\/www.alasmedios.com\/index.php\/wp-json\/wp\/v2\/categories?post=12507"},{"taxonomy":"post_tag","embeddable":true,"href":"https:\/\/www.alasmedios.com\/index.php\/wp-json\/wp\/v2\/tags?post=12507"}],"curies":[{"name":"wp","href":"https:\/\/api.w.org\/{rel}","templated":true}]}}